{"id":85796,"date":"2020-07-12T08:00:39","date_gmt":"2020-07-12T13:00:39","guid":{"rendered":"https:\/\/www.uv.mx\/prensa\/?p=85796"},"modified":"2020-07-13T10:03:47","modified_gmt":"2020-07-13T15:03:47","slug":"si-tienen-alguna-idea-desarrollenla-hoy-no-esperen-estudiante-uv","status":"publish","type":"post","link":"https:\/\/www.uv.mx\/prensa\/general\/si-tienen-alguna-idea-desarrollenla-hoy-no-esperen-estudiante-uv\/","title":{"rendered":"Si tienen alguna idea, desarr\u00f3llenla hoy, no esperen: estudiante UV\u00a0"},"content":{"rendered":"<style type=\"text\/css\">\n  blockquote p { color: #28519b; font-family: helvetica; font-size: 1.6em; }<br \/><\/style>\n<ul>\n<li data-leveltext=\"\uf0b7\" data-font=\"Symbol\" data-listid=\"1\" data-aria-posinset=\"1\" data-aria-level=\"1\"><i><span data-contrast=\"auto\">Diego Sebasti\u00e1n P\u00e9rez S\u00e1nchez es<\/span><\/i><i><span data-contrast=\"auto\"> uno de los creadores de la platafo<\/span><\/i><i><span data-contrast=\"auto\">rma <\/span><\/i><a href=\"https:\/\/consumexalapa.com\"><i><span data-contrast=\"none\">https:\/\/cons<\/span><\/i><i><span data-contrast=\"none\">u<\/span><\/i><i><span data-contrast=\"none\">mexalapa.com<\/span><\/i><\/a><span data-ccp-props=\"{&quot;134233279&quot;:true}\"><br \/>\n<\/span><\/li>\n<\/ul>\n<div id=\"attachment_85797\" style=\"width: 732px\" class=\"wp-caption aligncenter\"><a href=\"https:\/\/www.uv.mx\/prensa\/files\/2020\/07\/10072020-KARINA-Diego.jpg\"><img aria-describedby=\"caption-attachment-85797\" decoding=\"async\" loading=\"lazy\" class=\"size-full wp-image-85797\" src=\"https:\/\/www.uv.mx\/prensa\/files\/2020\/07\/10072020-KARINA-Diego.jpg\" alt=\"\" width=\"722\" height=\"377\" srcset=\"https:\/\/www.uv.mx\/prensa\/files\/2020\/07\/10072020-KARINA-Diego.jpg 722w, https:\/\/www.uv.mx\/prensa\/files\/2020\/07\/10072020-KARINA-Diego-300x157.jpg 300w\" sizes=\"(max-width: 722px) 100vw, 722px\" \/><\/a><p id=\"caption-attachment-85797\" class=\"wp-caption-text\">\u201cSiempre aspirar a m\u00e1s, no te acostumbres ni dejes de exigi<em>rte\u201d: <\/em><i><span data-contrast=\"auto\"><em>Diego Sebasti\u00e1n P\u00e9rez S\u00e1nchez<\/em> <\/span><\/i><\/p><\/div>\n<blockquote><p><span data-contrast=\"auto\">\u201cSi tienen una idea o un proyecto empiecen hoy, la mejora viene despu\u00e9s, no esperen a que los dem\u00e1s hagan las cosas por ustedes, no esperen a terminar la carrera, no esperen hasta que alguien los contrate, inicien hoy\u201d<\/span><span data-ccp-props=\"{}\">\u00a0<\/span><\/p><\/blockquote>\n<p><span data-ccp-props=\"{}\">\u00a0<\/span><b><i><span data-contrast=\"auto\">Karina de la Paz Reyes D\u00edaz<\/span><\/i><\/b><span data-ccp-props=\"{}\">\u00a0<\/span><\/p>\n<p><b><i><span data-contrast=\"auto\">1<\/span><\/i><\/b><b><i><span data-contrast=\"auto\">2<\/span><\/i><\/b><b><i><span data-contrast=\"auto\">\/<\/span><\/i><\/b><b><i><span data-contrast=\"auto\">07\/2020, Xalapa, <\/span><\/i><\/b><b><i><span data-contrast=\"auto\">Ver.-<\/span><\/i><\/b> <span data-contrast=\"auto\">Diego Sebasti\u00e1n P\u00e9rez S\u00e1nchez del Villar<\/span><span data-contrast=\"auto\">, <\/span><span data-contrast=\"auto\">estudiante d<\/span><span data-contrast=\"auto\">el<\/span><span data-contrast=\"auto\"> segundo semestre <\/span><span data-contrast=\"auto\">del programa <\/span><span data-contrast=\"auto\">educativo (PE)<\/span> <span data-contrast=\"auto\">Gesti\u00f3n y Direcci\u00f3n de Negocios<\/span><span data-contrast=\"auto\">, <\/span><span data-contrast=\"auto\">adscrito a la <\/span><a href=\"https:\/\/www.uv.mx\/fca\/\" target=\"_blank\" rel=\"noopener noreferrer\"><span data-contrast=\"auto\">Facultad de Contadur\u00eda y Administraci\u00f3n <\/span><\/a><span data-contrast=\"auto\">(FCA) <\/span><span data-contrast=\"auto\">de la Universidad Veracruzana (UV)<\/span><span data-contrast=\"auto\">, es uno de los creadores de <\/span><a href=\"https:\/\/consumexalapa.com\"><span data-contrast=\"none\">https:\/\/consumexalapa.com<\/span><\/a><span data-contrast=\"auto\">, <\/span><span data-contrast=\"auto\">una plataforma en l\u00ednea<\/span><span data-contrast=\"auto\"> cuya finalidad es conectar a <\/span><span data-contrast=\"auto\">restaurantes locales <\/span><span data-contrast=\"auto\">que siguen medidas de higiene y hacen entregas en toda la ciuda<\/span><span data-contrast=\"auto\">d<\/span><span data-contrast=\"auto\">.<\/span><span data-ccp-props=\"{}\">\u00a0<\/span><\/p>\n<p><span data-contrast=\"auto\">La iniciativa <\/span><span data-contrast=\"auto\">surgi\u00f3 como apoyo a peque\u00f1as y medianas empresas<\/span><span data-contrast=\"auto\"> (<\/span><i><span data-contrast=\"auto\">P<\/span><\/i><i><span data-contrast=\"auto\">ymes<\/span><\/i><span data-contrast=\"auto\">)<\/span><span data-contrast=\"auto\"> afectadas <\/span><span data-contrast=\"auto\">por el resguardo domiciliario <\/span><span data-contrast=\"auto\">implementado para<\/span> <span data-contrast=\"auto\">enfrentar<\/span> <span data-contrast=\"auto\">a<\/span><span data-contrast=\"auto\"> la pandemia Covid-19.<\/span><span data-ccp-props=\"{&quot;335559731&quot;:708}\">\u00a0<\/span><\/p>\n<p><span data-contrast=\"auto\">Diego Sebasti\u00e1n, <\/span><span data-contrast=\"auto\">de <\/span><span data-contrast=\"auto\">19 a\u00f1os, <\/span><span data-contrast=\"auto\">es<\/span><span data-contrast=\"auto\"> de la Ciudad de M\u00e9xico pero <\/span><span data-contrast=\"auto\">desde hace<\/span><span data-contrast=\"auto\"> aproximadamente <\/span><span data-contrast=\"auto\">tres <\/span><span data-contrast=\"auto\">a\u00f1os viv<\/span><span data-contrast=\"auto\">e<\/span><span data-contrast=\"auto\"> en<\/span> <span data-contrast=\"auto\">Xalapa<\/span><span data-contrast=\"auto\">. <\/span><span data-contrast=\"auto\">Decidi\u00f3 <\/span><span data-contrast=\"auto\">estudiar <\/span><span data-contrast=\"auto\">Gesti\u00f3n y Direcci\u00f3n de Negocios<\/span><span data-contrast=\"auto\"> para tener una mejor visi\u00f3n empresarial, <\/span><span data-contrast=\"auto\">lo cual combina<\/span><span data-contrast=\"auto\"> con diferentes campos de <\/span><span data-contrast=\"auto\">su<\/span><span data-contrast=\"auto\"> gusto como <\/span><span data-contrast=\"auto\">el<\/span> <i><span data-contrast=\"auto\">marketing<\/span><\/i><span data-contrast=\"auto\"> digital, redes sociales<\/span><span data-contrast=\"auto\"> y la <\/span><span data-contrast=\"auto\">programaci\u00f3n<\/span><span data-contrast=\"auto\"> computacional.<\/span><span data-ccp-props=\"{&quot;335559731&quot;:708}\">\u00a0<\/span><\/p>\n<p><span data-contrast=\"auto\">Esta <\/span><span data-contrast=\"auto\">proyect<\/span><span data-contrast=\"auto\">o<\/span><span data-contrast=\"auto\"> fue un<\/span><span data-contrast=\"auto\">o<\/span><span data-contrast=\"auto\"> de l<\/span><span data-contrast=\"auto\">o<\/span><span data-contrast=\"auto\">s siete que desde la UV <\/span><span data-contrast=\"auto\">particip\u00f3 en la convocatoria al<\/span><span data-contrast=\"auto\"> \u201cPremio COV-AID al Compromiso Estudiantil\u201d que <\/span><span data-contrast=\"auto\">entreg\u00f3 <\/span><span data-contrast=\"auto\">por primera ocasi\u00f3n a nivel internacional la Red <\/span><span data-contrast=\"auto\">Talloires<\/span><span data-contrast=\"auto\">.<\/span><span data-ccp-props=\"{&quot;335559731&quot;:708}\">\u00a0<\/span><\/p>\n<p><span data-contrast=\"auto\">Cabe recordar que el <\/span><span data-contrast=\"auto\">Departamento de Vinculaci\u00f3n Social de la Direcci\u00f3n General de Vinculaci\u00f3n (DGV), en coordinaci\u00f3n con la Direcci\u00f3n General de Relaciones Internacionales (DGRI)<\/span><span data-contrast=\"auto\">, se dio a la tarea de desarrollar <\/span><span data-contrast=\"auto\">una estrategia de promoci\u00f3n para hacer extensiva la convocatoria en las cinco regiones universitarias<\/span><span data-contrast=\"auto\"> y de las 28 propuestas recibidas, siete fueron las elegidas para participar en tal convocatoria.<\/span><span data-ccp-props=\"{&quot;335559731&quot;:708}\">\u00a0<\/span><\/p>\n<p><span data-contrast=\"auto\">\u201c<\/span><span data-contrast=\"auto\">Decid\u00ed inscribir el proyecto a<\/span><span data-contrast=\"auto\"> la<\/span><span data-contrast=\"auto\"> Red <\/span><span data-contrast=\"auto\">Talloires<\/span><span data-contrast=\"auto\"> porque ten\u00eda todos los requisitos para ser pa<\/span><span data-contrast=\"auto\">rte del concurso; aparte, con suerte<\/span><span data-contrast=\"auto\"> podr\u00edamos haber llegado a un nivel no s\u00f3lo local, sino nacional y hasta internacional, ser m\u00e1s conocidos y llevar el proyecto a lo grande en menor tiempo<\/span><span data-contrast=\"auto\">\u201d, expres\u00f3 entusiasta el universitario.<\/span><span data-ccp-props=\"{&quot;335559731&quot;:708}\">\u00a0<\/span><\/p>\n<p><span data-contrast=\"auto\">Comparti\u00f3 que <\/span><span data-contrast=\"auto\">la<\/span><span data-contrast=\"auto\"> idea surgi\u00f3 al ver <\/span><span data-contrast=\"auto\">la situaci\u00f3n que diferentes pa\u00edses comenzaron a vivir debido a la cuarentena<\/span><span data-contrast=\"auto\"> por<\/span> <span data-contrast=\"auto\">la<\/span> <span data-contrast=\"auto\">Covid-19<\/span><span data-contrast=\"auto\">; fue as\u00ed que<\/span> <span data-contrast=\"auto\">\u201c<\/span><span data-contrast=\"auto\">tomamos la decisi\u00f3n de crear algo que ayude a las empresas locales a tener una<\/span> <span data-contrast=\"auto\">presencia en l\u00ednea y facilitar la forma <\/span><span data-contrast=\"auto\">de<\/span> <span data-contrast=\"auto\">comunicarse <\/span><span data-contrast=\"auto\">con sus clientes<\/span><span data-contrast=\"auto\">,<\/span><span data-contrast=\"auto\"> para que puedan continuar ofreciendo<\/span> <span data-contrast=\"auto\">sus servicios<\/span><span data-contrast=\"auto\">\u201d<\/span><span data-contrast=\"auto\">.\u00a0<\/span><span data-ccp-props=\"{&quot;335559731&quot;:708}\">\u00a0<\/span><\/p>\n<p><span data-contrast=\"auto\">La<\/span><span data-contrast=\"auto\"> iniciativa es realizada con las mejores intenciones <\/span><span data-contrast=\"auto\">de<\/span> <span data-contrast=\"auto\">ayudar<\/span><span data-contrast=\"auto\"> y<\/span><span data-contrast=\"auto\"> es completamente altruista<\/span><span data-contrast=\"auto\">,<\/span> <span data-contrast=\"auto\">\u201c<\/span><span data-contrast=\"auto\">sin ninguna intenci\u00f3n para sacarle provecho<\/span><span data-contrast=\"auto\">\u201d<\/span><span data-contrast=\"auto\">.\u00a0<\/span><span data-ccp-props=\"{&quot;335559731&quot;:708}\">\u00a0<\/span><\/p>\n<p><span data-contrast=\"auto\">Explic\u00f3 que en <\/span><span data-contrast=\"auto\">la plataforma hay diferentes <\/span><i><span data-contrast=\"auto\">P<\/span><\/i><i><span data-contrast=\"auto\">ymes<\/span><\/i><span data-contrast=\"auto\"> y <\/span><span data-contrast=\"auto\">el objetivo es ayudarl<\/span><span data-contrast=\"auto\">es<\/span> <span data-contrast=\"auto\">p<\/span><span data-contrast=\"auto\">ues<\/span><span data-contrast=\"auto\"> varios <\/span><span data-contrast=\"auto\">de esos <\/span><span data-contrast=\"auto\">negocios son familiares y <\/span><span data-contrast=\"auto\">es la \u00fanica fuente de empleo e ingreso<\/span><span data-contrast=\"auto\">,<\/span> <span data-contrast=\"auto\">y al no tener <\/span><span data-contrast=\"auto\">presencia en I<\/span><span data-contrast=\"auto\">nternet la gente no<\/span><span data-contrast=\"auto\"> les<\/span><span data-contrast=\"auto\"> consum\u00eda como antes de la pandemia.<\/span><span data-ccp-props=\"{&quot;335559731&quot;:708}\">\u00a0<\/span><\/p>\n<p><span data-contrast=\"auto\">\u201cHoy<\/span><span data-contrast=\"auto\"> en d\u00eda contamos con m\u00e1s de 40 negocios en la plataforma. Esto no termina aqu\u00ed, se piensa redise\u00f1ar la p\u00e1gina y<\/span><span data-contrast=\"auto\">\/o<\/span><span data-contrast=\"auto\"> hacer otra<\/span><span data-contrast=\"auto\"> para diferentes negocios, no s\u00f3<\/span><span data-contrast=\"auto\">lo servicios de comida<\/span><span data-contrast=\"auto\">\u201d, a\u00f1adi\u00f3.\u00a0<\/span><span data-ccp-props=\"{&quot;335559731&quot;:708}\">\u00a0<\/span><\/p>\n<p><span data-contrast=\"auto\">Diego <\/span><span data-contrast=\"auto\">expres\u00f3, a manera de mensaje para la comunidad universitaria<\/span><span data-contrast=\"auto\">: <\/span><span data-contrast=\"auto\">\u201cSi <\/span><span data-contrast=\"auto\">tienen una idea o<\/span><span data-contrast=\"auto\"> un proyecto<\/span> <span data-contrast=\"auto\">empiecen hoy, la mejora viene despu\u00e9s, no esperen a que los dem\u00e1s hagan las cosas por ustedes, no esperen a terminar la carrera, no esperen hasta que alguien los contrate, <\/span><span data-contrast=\"auto\">inicien<\/span><span data-contrast=\"auto\"> hoy<\/span><span data-contrast=\"auto\">\u201d<\/span><span data-contrast=\"auto\">.<\/span><span data-ccp-props=\"{&quot;335559731&quot;:708}\">\u00a0<\/span><\/p>\n<p><span data-contrast=\"auto\">Para \u00e9l<\/span><span data-contrast=\"auto\">,<\/span><span data-contrast=\"auto\"> tal propuesta es<\/span><span data-contrast=\"auto\"> como tirar un dardo<\/span><span data-contrast=\"auto\"> y en<\/span><span data-contrast=\"auto\"> alg\u00fan momento le <\/span><span data-contrast=\"auto\">atinar\u00e1s. En ese <\/span><span data-contrast=\"auto\">sentido<\/span><span data-contrast=\"auto\">, insisti\u00f3: \u201c<\/span><span data-contrast=\"auto\">F<\/span><span data-contrast=\"auto\">\u00edj<\/span><span data-contrast=\"auto\">ense <\/span><span data-contrast=\"auto\">objetivos razonables en un tiempo determinado y s<\/span><span data-contrast=\"auto\">ean<\/span><span data-contrast=\"auto\"> constante<\/span><span data-contrast=\"auto\">s<\/span><span data-contrast=\"auto\"> hasta cumplirlos<\/span><span data-contrast=\"auto\">\u201d.<\/span><span data-ccp-props=\"{&quot;335559731&quot;:708}\">\u00a0<\/span><\/p>\n<p><span data-contrast=\"auto\">En su opini\u00f3n,<\/span><span data-contrast=\"auto\"> el tiempo siempre es un recurso importante y las personas deciden en qu\u00e9 <\/span><span data-contrast=\"auto\">emplearlo<\/span><span data-contrast=\"auto\">, <\/span><span data-contrast=\"auto\">de ah\u00ed la sugerencia para <\/span><span data-contrast=\"auto\">aprende<\/span><span data-contrast=\"auto\">r<\/span><span data-contrast=\"auto\"> habilidades, inscr<\/span><span data-contrast=\"auto\">ibirse<\/span><span data-contrast=\"auto\"> en cursos, <\/span><span data-contrast=\"auto\">asistir a <\/span><span data-contrast=\"auto\">pl\u00e1ticas o foros de<\/span><span data-contrast=\"auto\"> los temas que sean de su inter\u00e9s<\/span><span data-contrast=\"auto\">, escucha<\/span><span data-contrast=\"auto\">r<\/span> <i><span data-contrast=\"auto\">podcasts<\/span><\/i> <span data-contrast=\"auto\">relacionados con sus gustos.<\/span><span data-ccp-props=\"{&quot;335559731&quot;:708}\">\u00a0<\/span><\/p>\n<p><span data-contrast=\"auto\">\u201cNo<\/span> <span data-contrast=\"auto\">se debe <\/span><span data-contrast=\"auto\">ser necesariamente creativo, pienso que la originalidad no existe, es una mezcla de todas las influencias que <\/span><span data-contrast=\"auto\">se <\/span><span data-contrast=\"auto\">consum<\/span><span data-contrast=\"auto\">en y<\/span><span data-contrast=\"auto\"> mientras m\u00e1s absorbes, mejor ser\u00e1 tu trabajo. <\/span><span data-contrast=\"auto\">T<\/span><span data-contrast=\"auto\">odos s<\/span><span data-contrast=\"auto\">o\u00f1amos con <\/span><span data-contrast=\"auto\">trabajar para alguien<\/span><span data-contrast=\"auto\">, pero <\/span><span data-contrast=\"auto\">uno se <\/span><span data-contrast=\"auto\">debe comprometer<\/span> <span data-contrast=\"auto\">a trabajar en la mejor empresa de su sector (tecnolog\u00eda, alimentos, serv<\/span><span data-contrast=\"auto\">icios) y siempre aspirar a m\u00e1s<\/span><span data-contrast=\"auto\">.<\/span><span data-contrast=\"auto\">\u201d<\/span><span data-ccp-props=\"{&quot;335559731&quot;:708}\">\u00a0<\/span><\/p>\n","protected":false},"excerpt":{"rendered":"<p>\u201cUno se debe comprometer a trabajar en la mejor empresa de su sector y siempre aspirar a m\u00e1s\u201d: Diego P\u00e9rez S\u00e1nchez, de Gesti\u00f3n y Direcci\u00f3n de Negocios\u00a0<\/p>\n","protected":false},"author":1869,"featured_media":85797,"comment_status":"closed","ping_status":"closed","sticky":false,"template":"","format":"standard","meta":[],"categories":[1],"tags":[],"_links":{"self":[{"href":"https:\/\/www.uv.mx\/prensa\/wp-json\/wp\/v2\/posts\/85796"}],"collection":[{"href":"https:\/\/www.uv.mx\/prensa\/wp-json\/wp\/v2\/posts"}],"about":[{"href":"https:\/\/www.uv.mx\/prensa\/wp-json\/wp\/v2\/types\/post"}],"author":[{"embeddable":true,"href":"https:\/\/www.uv.mx\/prensa\/wp-json\/wp\/v2\/users\/1869"}],"replies":[{"embeddable":true,"href":"https:\/\/www.uv.mx\/prensa\/wp-json\/wp\/v2\/comments?post=85796"}],"version-history":[{"count":0,"href":"https:\/\/www.uv.mx\/prensa\/wp-json\/wp\/v2\/posts\/85796\/revisions"}],"wp:featuredmedia":[{"embeddable":true,"href":"https:\/\/www.uv.mx\/prensa\/wp-json\/wp\/v2\/media\/85797"}],"wp:attachment":[{"href":"https:\/\/www.uv.mx\/prensa\/wp-json\/wp\/v2\/media?parent=85796"}],"wp:term":[{"taxonomy":"category","embeddable":true,"href":"https:\/\/www.uv.mx\/prensa\/wp-json\/wp\/v2\/categories?post=85796"},{"taxonomy":"post_tag","embeddable":true,"href":"https:\/\/www.uv.mx\/prensa\/wp-json\/wp\/v2\/tags?post=85796"}],"curies":[{"name":"wp","href":"https:\/\/api.w.org\/{rel}","templated":true}]}}