{"id":85818,"date":"2020-07-13T08:00:38","date_gmt":"2020-07-13T13:00:38","guid":{"rendered":"https:\/\/www.uv.mx\/prensa\/?p=85818"},"modified":"2020-07-13T09:56:13","modified_gmt":"2020-07-13T14:56:13","slug":"egresado-de-ingenieria-de-software-presento-examen-profesional-virtual","status":"publish","type":"post","link":"https:\/\/www.uv.mx\/prensa\/banner\/egresado-de-ingenieria-de-software-presento-examen-profesional-virtual\/","title":{"rendered":"Egresado de Ingenier\u00eda de <em>Software<\/em> present\u00f3 examen profesional virtual\u00a0"},"content":{"rendered":"<ul>\n<li data-leveltext=\"\uf0b7\" data-font=\"Symbol\" data-listid=\"1\" data-aria-posinset=\"1\" data-aria-level=\"1\"><i><span data-contrast=\"auto\">Renato Vargas G\u00f3mez defendi\u00f3 la <\/span><\/i><i><span data-contrast=\"auto\">investigaci\u00f3n <\/span><\/i><i><span data-contrast=\"auto\">\u201c<\/span><\/i><i><span data-contrast=\"auto\">An\u00e1lisis de mecanismos de consenso en registros distribuidos para la protecci\u00f3n de informaci\u00f3n confidencial<\/span><\/i><i><span data-contrast=\"auto\">\u201d<\/span><\/i><span data-ccp-props=\"{&quot;134233279&quot;:true}\">\u00a0<\/span><\/li>\n<\/ul>\n<p><span data-ccp-props=\"{&quot;335559731&quot;:709}\">\u00a0<\/span><b><i><\/i><\/b><\/p>\n<div id=\"attachment_85819\" style=\"width: 732px\" class=\"wp-caption aligncenter\"><a href=\"https:\/\/www.uv.mx\/prensa\/files\/2020\/07\/070720-PAOLA-Examen-FEI-1.jpg\"><img aria-describedby=\"caption-attachment-85819\" decoding=\"async\" loading=\"lazy\" class=\"size-full wp-image-85819\" src=\"https:\/\/www.uv.mx\/prensa\/files\/2020\/07\/070720-PAOLA-Examen-FEI-1.jpg\" alt=\"\" width=\"722\" height=\"476\" srcset=\"https:\/\/www.uv.mx\/prensa\/files\/2020\/07\/070720-PAOLA-Examen-FEI-1.jpg 722w, https:\/\/www.uv.mx\/prensa\/files\/2020\/07\/070720-PAOLA-Examen-FEI-1-300x198.jpg 300w\" sizes=\"(max-width: 722px) 100vw, 722px\" \/><\/a><p id=\"caption-attachment-85819\" class=\"wp-caption-text\">Renato Vargas fue el primer alumno de la Licenciatura en Ingenier\u00eda de Software en presentar su examen profesional de manera virtual<\/p><\/div>\n<p><span data-ccp-props=\"{&quot;335559731&quot;:709}\">\u00a0<\/span><\/p>\n<p><span data-ccp-props=\"{&quot;335559731&quot;:709}\">\u00a0<\/span><\/p>\n<p><b><i><span data-contrast=\"auto\">Paola Cort\u00e9s P\u00e9rez<\/span><\/i><\/b><span data-ccp-props=\"{&quot;335559731&quot;:709}\">\u00a0<\/span><\/p>\n<p><b><i><span data-contrast=\"auto\">13<\/span><\/i><\/b><b><i><span data-contrast=\"auto\">\/07\/2020, Xalapa, <\/span><\/i><\/b><b><i><span data-contrast=\"auto\">Ver.-<\/span><\/i><\/b> <span data-contrast=\"auto\">La Licenciatura en Ingenier\u00eda <\/span><span data-contrast=\"auto\">de<\/span> <i><span data-contrast=\"auto\">Software<\/span><\/i><span data-contrast=\"auto\"> (LIS) <\/span><span data-contrast=\"auto\">que imparte<\/span><span data-contrast=\"auto\"> la<a href=\"https:\/\/www.uv.mx\/fei\/\" target=\"_blank\" rel=\"noopener noreferrer\"> Facultad de Estad\u00edstica e Inform\u00e1tica<\/a> (FEI)<\/span><span data-contrast=\"auto\"> de la Universidad Veracruzana (UV), realiz\u00f3 <\/span><span data-contrast=\"auto\">el<\/span><span data-contrast=\"auto\"> lunes 6 de julio su primer examen profesional en modalidad a distancia<\/span><span data-contrast=\"auto\">.<\/span><span data-ccp-props=\"{&quot;335559731&quot;:709}\">\u00a0<\/span><\/p>\n<p><span data-contrast=\"auto\">Renato Vargas G\u00f3mez<\/span><span data-contrast=\"auto\">, egresado del programa educativo LIS, <\/span><span data-contrast=\"auto\">aprob\u00f3 por unanimidad con <\/span><span data-contrast=\"auto\">el trabajo <\/span><span data-contrast=\"auto\">recepcional<\/span> <span data-contrast=\"auto\">\u201c<\/span><span data-contrast=\"auto\">An\u00e1lisis de mecanismos de consenso en registros distribuidos para la protecci\u00f3n de informaci\u00f3n confidencial<\/span><span data-contrast=\"auto\">\u201d<\/span><span data-contrast=\"auto\">,<\/span><span data-contrast=\"auto\"> en la modalidad de monograf\u00eda.<\/span><span data-ccp-props=\"{&quot;335559731&quot;:708}\">\u00a0<\/span><\/p>\n<p><span data-contrast=\"auto\">Su trabajo fue dirigido por Juan Carlos P\u00e9rez Arriaga, <\/span><span data-contrast=\"auto\">como codirector Jorge Octavio <\/span><span data-contrast=\"auto\">Ochar\u00e1n<\/span><span data-contrast=\"auto\"> Hern\u00e1nde<\/span><span data-contrast=\"auto\">z,<\/span><span data-contrast=\"auto\"> y <\/span><span data-contrast=\"auto\">de<\/span><span data-contrast=\"auto\"> sinodal \u00c1ngel Juan S\u00e1nchez Garc\u00eda, todos profesores en la FEI.<\/span><span data-ccp-props=\"{&quot;335559731&quot;:708}\">\u00a0<\/span><\/p>\n<p><span data-contrast=\"auto\">Renato Vargas dijo que el objetivo es que el trabajo presentado sirva como compendio de los mecanismo<\/span><span data-contrast=\"auto\">s<\/span><span data-contrast=\"auto\"> de consenso aplicados a plataformas, programas y servicios de <\/span><i><span data-contrast=\"auto\">software<\/span><\/i><span data-contrast=\"auto\">, relacionados con la protecci\u00f3n de informaci\u00f3n confidencial, siempre y cuando implemente un registro distribuido para tomar la mejor decisi\u00f3n sobre cu\u00e1l mecanismo utilizar.<\/span><span data-ccp-props=\"{&quot;335559731&quot;:708}\">\u00a0<\/span><\/p>\n<p><span data-contrast=\"auto\">\u201cEl m\u00e9todo usado fue la revisi\u00f3n <\/span><span data-contrast=\"auto\">multivocal<\/span><span data-contrast=\"auto\">;<\/span><span data-contrast=\"auto\"> es decir, no s\u00f3lo se trata de buscar en la literatura acad\u00e9mica, sino en art\u00edculos publicados <\/span><span data-contrast=\"auto\">sobre las plataformas existentes.\u201d<\/span><span data-ccp-props=\"{&quot;335559731&quot;:708}\">\u00a0<\/span><\/p>\n<p><span data-contrast=\"auto\">Mencion\u00f3 que el resultado fue la elaboraci\u00f3n de un <\/span><span data-contrast=\"auto\">art\u00edculo<\/span><span data-contrast=\"auto\"> enviad<\/span><span data-contrast=\"auto\">o <\/span><span data-contrast=\"auto\">a revisi\u00f3n para participar en el 8\u00aa Conferencia Internacional de Investigaci\u00f3n e Innovaci\u00f3n en Ingenier\u00eda de <\/span><i><span data-contrast=\"auto\">Software<\/span><\/i><span data-contrast=\"auto\"> 2020, as\u00ed como la elaboraci\u00f3n de esta monograf\u00eda, donde se hace un an\u00e1lisis comparativo de los mecanismos de consenso.<\/span><span data-ccp-props=\"{&quot;335559731&quot;:708}\">\u00a0<\/span><\/p>\n<p><span data-contrast=\"auto\">\u201c<\/span><span data-contrast=\"auto\">Se espera que este trabajo pueda ayudar al dise\u00f1o de nuevas aplicaciones que hagan uso de registros distribuidos en contextos similares.<\/span><span data-contrast=\"auto\">\u201d<\/span><span data-ccp-props=\"{&quot;335559731&quot;:708}\">\u00a0<\/span><\/p>\n<p><span data-contrast=\"auto\">Como trabajos a futuro, plante\u00f3 que algunas \u00e1rea<\/span><span data-contrast=\"auto\">s<\/span><span data-contrast=\"auto\"> a explorar a partir de este trabajo son: <\/span><span data-contrast=\"auto\">mecanismos de cifrado en registros <\/span><span data-contrast=\"auto\">distribuidos<\/span><span data-contrast=\"auto\">,<\/span><span data-contrast=\"auto\"> escalabilidad y rendimiento de registros distribuidos<\/span><span data-contrast=\"auto\">,<\/span><span data-contrast=\"auto\"> modelos de seguridad en registros distribuidos<\/span><span data-contrast=\"auto\">,<\/span><span data-contrast=\"auto\"> prueba de sistemas con registro<\/span><span data-contrast=\"auto\">s<\/span><span data-contrast=\"auto\"> distribuidos<\/span><span data-contrast=\"auto\">,<\/span><span data-contrast=\"auto\"> y marcos \u00e9ticos, legales, econ\u00f3micos, sociales y ambientales de la aplicaci\u00f3n de registros distribuidos.<\/span><span data-ccp-props=\"{&quot;335559731&quot;:708}\">\u00a0<\/span><\/p>\n<p><span data-contrast=\"auto\">Al <\/span><span data-contrast=\"auto\">t\u00e9rmino<\/span><span data-contrast=\"auto\"> de la expo<\/span><span data-contrast=\"auto\">sici\u00f3n de su trabajo <\/span><span data-contrast=\"auto\">recepcional<\/span><span data-contrast=\"auto\">, el jurado dio paso a un<\/span><span data-contrast=\"auto\">a<\/span><span data-contrast=\"auto\"> reuni\u00f3n en privado para deliberar, siendo el resulta<\/span><span data-contrast=\"auto\">do la aprobaci\u00f3n por unanimidad<\/span><span data-contrast=\"auto\">.<\/span><span data-ccp-props=\"{&quot;335559731&quot;:708}\">\u00a0<\/span><\/p>\n","protected":false},"excerpt":{"rendered":"<p>Renato Vargas G\u00f3mez defendi\u00f3 la investigaci\u00f3n \u201cAn\u00e1lisis de mecanismos de consenso en registros distribuidos para la protecci\u00f3n de informaci\u00f3n confidencial\u201d\u00a0<\/p>\n","protected":false},"author":1869,"featured_media":85820,"comment_status":"closed","ping_status":"closed","sticky":false,"template":"","format":"standard","meta":[],"categories":[61],"tags":[],"_links":{"self":[{"href":"https:\/\/www.uv.mx\/prensa\/wp-json\/wp\/v2\/posts\/85818"}],"collection":[{"href":"https:\/\/www.uv.mx\/prensa\/wp-json\/wp\/v2\/posts"}],"about":[{"href":"https:\/\/www.uv.mx\/prensa\/wp-json\/wp\/v2\/types\/post"}],"author":[{"embeddable":true,"href":"https:\/\/www.uv.mx\/prensa\/wp-json\/wp\/v2\/users\/1869"}],"replies":[{"embeddable":true,"href":"https:\/\/www.uv.mx\/prensa\/wp-json\/wp\/v2\/comments?post=85818"}],"version-history":[{"count":0,"href":"https:\/\/www.uv.mx\/prensa\/wp-json\/wp\/v2\/posts\/85818\/revisions"}],"wp:featuredmedia":[{"embeddable":true,"href":"https:\/\/www.uv.mx\/prensa\/wp-json\/wp\/v2\/media\/85820"}],"wp:attachment":[{"href":"https:\/\/www.uv.mx\/prensa\/wp-json\/wp\/v2\/media?parent=85818"}],"wp:term":[{"taxonomy":"category","embeddable":true,"href":"https:\/\/www.uv.mx\/prensa\/wp-json\/wp\/v2\/categories?post=85818"},{"taxonomy":"post_tag","embeddable":true,"href":"https:\/\/www.uv.mx\/prensa\/wp-json\/wp\/v2\/tags?post=85818"}],"curies":[{"name":"wp","href":"https:\/\/api.w.org\/{rel}","templated":true}]}}