{"id":85826,"date":"2020-07-13T10:11:02","date_gmt":"2020-07-13T15:11:02","guid":{"rendered":"https:\/\/www.uv.mx\/prensa\/?p=85826"},"modified":"2020-07-13T10:30:18","modified_gmt":"2020-07-13T15:30:18","slug":"cientificos-trabajan-en-derivados-de-toxinas-tetanicas-para-tratar-la-depresion","status":"publish","type":"post","link":"https:\/\/www.uv.mx\/prensa\/ciencia\/cientificos-trabajan-en-derivados-de-toxinas-tetanicas-para-tratar-la-depresion\/","title":{"rendered":"Cient\u00edficos trabajan en derivados de toxinas tet\u00e1nicas para tratar la depresi\u00f3n"},"content":{"rendered":"<ul>\n<li data-leveltext=\"\uf0b7\" data-font=\"Symbol\" data-listid=\"3\" data-aria-posinset=\"1\" data-aria-level=\"1\"><i><span data-contrast=\"auto\">Los resultados sugieren un uso potencial del fragmento<\/span><\/i> <i><span data-contrast=\"auto\">Hc-TeTx<\/span><\/i><i><span data-contrast=\"auto\"> como f\u00e1rmaco para la enfermedad de Parkinson<\/span><\/i> <i><span data-contrast=\"auto\">y la depresi\u00f3n subyacente<\/span><\/i><span data-ccp-props=\"{&quot;201341983&quot;:0,&quot;335559739&quot;:0,&quot;335559740&quot;:240}\">\u00a0<\/span><\/li>\n<\/ul>\n<div id=\"attachment_85831\" style=\"width: 796px\" class=\"wp-caption aligncenter\"><a href=\"https:\/\/www.uv.mx\/prensa\/files\/2020\/07\/09072020-Conferencia-nuevos-antidepresivos-1.jpg\"><img aria-describedby=\"caption-attachment-85831\" decoding=\"async\" loading=\"lazy\" class=\"size-full wp-image-85831\" src=\"https:\/\/www.uv.mx\/prensa\/files\/2020\/07\/09072020-Conferencia-nuevos-antidepresivos-1.jpg\" alt=\"\" width=\"786\" height=\"481\" srcset=\"https:\/\/www.uv.mx\/prensa\/files\/2020\/07\/09072020-Conferencia-nuevos-antidepresivos-1.jpg 786w, https:\/\/www.uv.mx\/prensa\/files\/2020\/07\/09072020-Conferencia-nuevos-antidepresivos-1-300x184.jpg 300w, https:\/\/www.uv.mx\/prensa\/files\/2020\/07\/09072020-Conferencia-nuevos-antidepresivos-1-768x470.jpg 768w\" sizes=\"(max-width: 786px) 100vw, 786px\" \/><\/a><p id=\"caption-attachment-85831\" class=\"wp-caption-text\">El vicerrector de la UAB, Jos\u00e9 Aguilera \u00c1vila ofreci\u00f3 la conferencia \u201cNuevos antidepresivos terap\u00e9uticos inmediatos: justificaci\u00f3n fisiol\u00f3gica y molecular\u201d<\/p><\/div>\n<blockquote><p><span class=\"TextRun Highlight SCXW256324288 BCX2\" lang=\"ES-ES\" xml:lang=\"ES-ES\" data-contrast=\"auto\"><span class=\"NormalTextRun SCXW256324288 BCX2\" data-ccp-charstyle=\"normaltextrun1\">El tambi\u00e9n profesor titular del Departamento de Bioqu\u00edmica y Biolog\u00eda Molecular de la UAB, explic\u00f3 que la toxina tet\u00e1nica es producida por la bacteria anaer\u00f3bica que genera una<\/span><\/span> <span class=\"TextRun Highlight SCXW256324288 BCX2\" lang=\"ES-ES\" xml:lang=\"ES-ES\" data-contrast=\"auto\"><span class=\"NormalTextRun SCXW256324288 BCX2\" data-ccp-charstyle=\"normaltextrun1\">prote\u00edna <\/span><\/span><span class=\"TextRun Highlight SCXW256324288 BCX2\" lang=\"ES-ES\" xml:lang=\"ES-ES\" data-contrast=\"auto\"><span class=\"NormalTextRun SCXW256324288 BCX2\" data-ccp-charstyle=\"normaltextrun1\">de elevado peso molecular en laceraciones provocadas en la piel o mucosa, que al viajar v\u00eda hemat\u00f3gena y una vez<\/span><\/span> <span class=\"TextRun Highlight SCXW256324288 BCX2\" lang=\"ES-ES\" xml:lang=\"ES-ES\" data-contrast=\"auto\"><span class=\"NormalTextRun SCXW256324288 BCX2\" data-ccp-charstyle=\"normaltextrun1\">hidrolizada produce el t\u00e9tano, \u201cenfermedad antigua de la que ya estamos protegidos gracias a las campa\u00f1as de prevenci\u00f3n y vacunas\u201d<\/span><\/span><\/p><\/blockquote>\n<p><b><i><span data-contrast=\"auto\">Jos\u00e9 Luis <\/span><\/i><\/b><b><i><span data-contrast=\"auto\">Couttolenc<\/span><\/i><\/b><b><i><span data-contrast=\"auto\"> Soto<\/span><\/i><\/b><span data-ccp-props=\"{&quot;201341983&quot;:0,&quot;335559739&quot;:0,&quot;335559740&quot;:240}\">\u00a0<\/span><\/p>\n<p><b><i><span data-contrast=\"auto\">1<\/span><\/i><\/b><b><i><span data-contrast=\"auto\">3<\/span><\/i><\/b><b><i><span data-contrast=\"auto\">\/<\/span><\/i><\/b><b><i><span data-contrast=\"auto\">07<\/span><\/i><\/b><b><i><span data-contrast=\"auto\">\/2020<\/span><\/i><\/b><b><i><span data-contrast=\"auto\">, Xalapa, Ver.-<\/span><\/i><\/b><span data-contrast=\"auto\"> Un grupo de cient\u00edficos espa\u00f1oles encabezados por Jos\u00e9 Aguilera \u00c1vila, vicerrector de la Universidad Aut\u00f3noma de Barcelona (UAB), <\/span><span data-contrast=\"auto\">trabaja en derivados de toxinas tet\u00e1nicas<\/span><span data-contrast=\"auto\"> (<\/span><span data-contrast=\"auto\">TeTx<\/span><span data-contrast=\"auto\">)<\/span><span data-contrast=\"auto\"> como f\u00f3rmula para su potencial uso en f\u00e1rmacos para el tratamiento de la depresi\u00f3n y Parkinson<\/span><span data-contrast=\"auto\">.<\/span><span data-ccp-props=\"{&quot;201341983&quot;:0,&quot;335559739&quot;:0,&quot;335559740&quot;:240}\">\u00a0<\/span><\/p>\n<p><span data-contrast=\"auto\">As\u00ed <\/span><span data-contrast=\"auto\">fue dado a conocer por el propio investigador el jueves <\/span><span data-contrast=\"auto\">9<\/span><span data-contrast=\"auto\"> de julio, en el marco de la conferencia<\/span><span data-contrast=\"auto\"> en l\u00ednea<\/span><span data-contrast=\"auto\"> \u201cNuevos antidepresivos terap\u00e9uticos inmediatos: justificaci\u00f3n fisiol\u00f3gica y molecular\u201d, con la que particip\u00f3 en la Sema<\/span><span data-contrast=\"auto\">na<\/span><span data-contrast=\"auto\"> del <\/span><span data-contrast=\"auto\">C<\/span><span data-contrast=\"auto\">erebro que lleva a cabo la <a href=\"https:\/\/www.uv.mx\/\" target=\"_blank\" rel=\"noopener noreferrer\">Universidad Veracruzana<\/a> (UV).<\/span><span data-ccp-props=\"{&quot;201341983&quot;:0,&quot;335559731&quot;:708,&quot;335559739&quot;:0,&quot;335559740&quot;:240}\">\u00a0<\/span><\/p>\n<p><span data-contrast=\"auto\">Dijo que este hallazgo es parte de los resultados<\/span><span data-contrast=\"auto\"> recientes obtenidos de un fragmento de toxina tet\u00e1nica con caracter\u00edsticas antidepresivas, en donde se utilizaron modelos <\/span><span data-contrast=\"auto\">murinos<\/span><span data-contrast=\"auto\">.<\/span><span data-ccp-props=\"{&quot;201341983&quot;:0,&quot;335559739&quot;:0,&quot;335559740&quot;:240}\">\u00a0<\/span><\/p>\n<p><span data-contrast=\"auto\">Durante su exposici\u00f3n, <\/span><span data-contrast=\"auto\">el tambi\u00e9n profesor titular del Departamento de Bioqu\u00edmica y Biolog\u00eda Molecular en la misma UAB, explic\u00f3 que la toxina tet\u00e1nica es producida por la bacteria anaer\u00f3bica que genera una<\/span> <span data-contrast=\"auto\">prote\u00edna <\/span><span data-contrast=\"auto\">de elevado peso molecular en laceraciones provocadas en la piel o mucosa, que al viajar v\u00eda hemat\u00f3gena y una vez<\/span> <span data-contrast=\"auto\">hidrolizada produce el t\u00e9tano, \u201cenfermedad antigua de la que ya estamos protegidos gracias a las campa\u00f1as de prevenci\u00f3n y vacunas\u201d.<\/span><span data-ccp-props=\"{&quot;201341983&quot;:0,&quot;335559739&quot;:0,&quot;335559740&quot;:240}\">\u00a0<\/span><\/p>\n<p><span data-contrast=\"auto\">De manera sucinta, plante\u00f3 que adem\u00e1s de la toxicidad que t<\/span><span data-contrast=\"auto\">odos conocen, la <\/span><span data-contrast=\"auto\">TeTx<\/span> <span data-contrast=\"auto\">contiene un fragmento separado del resto de esa toxina al que se le puede considerar como \u201cel caballo de Troya\u201d, y es \u00e9sta el \u00e1rea de la prote\u00edna que tiene la capacidad de llegar al sistema nervioso reconociendo las neuronas<\/span><span data-contrast=\"auto\">,<\/span><span data-contrast=\"auto\"> haciendo posible que la mol\u00e9cula llegue a producir un efecto <\/span><span data-contrast=\"auto\">neurot\u00f3xico<\/span><span data-contrast=\"auto\">.<\/span><span data-ccp-props=\"{&quot;201341983&quot;:0,&quot;335559739&quot;:0,&quot;335559740&quot;:240}\">\u00a0<\/span><\/p>\n<p><span data-contrast=\"auto\">\u201c<\/span><span data-contrast=\"auto\">H<\/span><span data-contrast=\"auto\">emos descubierto que si separamos esta prote\u00edna y se elimina la parte t\u00f3xica, se encontrar\u00e1 una prote\u00edna que sabe llegar al sistema sin toxicidad produciendo endocitosis (mecanismo clave por el cual las <\/span><span data-contrast=\"auto\">c\u00e9lulas<\/span> <span data-contrast=\"auto\">introducen mol\u00e9culas grandes, part\u00edculas extracelulares, e incluso peque\u00f1as c\u00e9lulas).<\/span><span data-contrast=\"auto\">\u201d<\/span><span data-ccp-props=\"{&quot;201341983&quot;:0,&quot;335559731&quot;:708,&quot;335559739&quot;:0,&quot;335559740&quot;:240}\">\u00a0<\/span><\/p>\n<p><span data-contrast=\"auto\">Antes de concluir su conferencia transmitida <\/span><span data-contrast=\"auto\">por la<\/span><span data-contrast=\"auto\"> plataforma <\/span><i><span data-contrast=\"auto\">Zoom<\/span><\/i><span data-contrast=\"auto\">, Aguilera \u00c1vila refiri\u00f3 que los resultados obtenidos sugieren un uso potencial del fragmento <\/span><span data-contrast=\"auto\">Hc-TeTx<\/span><span data-contrast=\"auto\"> como f\u00e1rmaco para la enfermedad de Parkinson y para la depresi\u00f3n subyacente<\/span><span data-contrast=\"auto\">;<\/span><span data-contrast=\"auto\"> mencion\u00f3 tambi\u00e9n que en comparaci\u00f3n con otros tratamientos, este fragmento es m\u00e1s efectivo en la prevenci\u00f3n de la progresi\u00f3n de la enfermedad de Parkinson con la simple aplicaci\u00f3n perif\u00e9rica.<\/span><span data-ccp-props=\"{&quot;201341983&quot;:0,&quot;335559739&quot;:0,&quot;335559740&quot;:240}\">\u00a0<\/span><\/p>\n<p><span data-contrast=\"auto\">La administraci\u00f3n, dijo, se puede limitar a una dosis o dos al mes<\/span><span data-contrast=\"auto\">, confiere protecci\u00f3n neuronal en los sistemas <\/span><span data-contrast=\"auto\">serotonin\u00e9rgico<\/span><span data-contrast=\"auto\">, colin\u00e9rgico y <\/span><span data-contrast=\"auto\">catecolamin\u00e9rgico<\/span><span data-contrast=\"auto\">, entre otros; \u201ccomo idea novedosa, est\u00e1 el uso en la depresi\u00f3n asociada, o no asociada, a la enfermedad de Parkinson<\/span><span data-contrast=\"auto\">\u201d<\/span><span data-contrast=\"auto\">.<\/span><span data-ccp-props=\"{&quot;201341983&quot;:0,&quot;335559739&quot;:0,&quot;335559740&quot;:240}\">\u00a0<\/span><\/p>\n<p><span data-contrast=\"auto\">El grupo de estudio de<\/span><span data-contrast=\"auto\"> las <\/span><span data-contrast=\"auto\">neurotoxinas<\/span> <span data-contrast=\"auto\">clostridiales<\/span><span data-contrast=\"auto\"> est\u00e1 integrado <\/span><span data-contrast=\"auto\">adem\u00e1s <\/span><span data-contrast=\"auto\">por<\/span><span data-contrast=\"auto\">:<\/span><span data-contrast=\"auto\"> Carles Gil, <\/span><span data-contrast=\"auto\">Mireira<\/span><span data-contrast=\"auto\"> Herrando, Roger <\/span><span data-contrast=\"auto\">Cubi<\/span><span data-contrast=\"auto\">, Natalia Moreno<\/span><span data-contrast=\"auto\">, Ana <\/span><span data-contrast=\"auto\">Candalija<\/span><span data-contrast=\"auto\">, Victoria Palafox y Laura Ortega, quienes han trabajado sobre otras enfermedades como <\/span><span data-contrast=\"auto\">Alzheimer, atrofia muscular espinal, esclerosis lateral <\/span><span data-contrast=\"auto\">amiotr\u00f3fica<\/span><span data-contrast=\"auto\">, par\u00e1lisis facial e inconti<\/span><span data-contrast=\"auto\">nencia, y tienen proyectado continuar con<\/span><span data-contrast=\"auto\"> la enfermedad de<\/span><span data-contrast=\"auto\"> Huntington y la esquizofrenia.<\/span><span data-ccp-props=\"{&quot;201341983&quot;:0,&quot;335559739&quot;:0,&quot;335559740&quot;:240}\">\u00a0<\/span><\/p>\n","protected":false},"excerpt":{"rendered":"<p>Jos\u00e9 Aguilera \u00c1vila, vicerrector  de la UAB, imparti\u00f3 la conferencia en l\u00ednea \u201cNuevos antidepresivos terap\u00e9uticos inmediatos: justificaci\u00f3n fisiol\u00f3gica y molecular\u201d<\/p>\n","protected":false},"author":1508,"featured_media":85831,"comment_status":"closed","ping_status":"closed","sticky":false,"template":"","format":"standard","meta":[],"categories":[45],"tags":[],"_links":{"self":[{"href":"https:\/\/www.uv.mx\/prensa\/wp-json\/wp\/v2\/posts\/85826"}],"collection":[{"href":"https:\/\/www.uv.mx\/prensa\/wp-json\/wp\/v2\/posts"}],"about":[{"href":"https:\/\/www.uv.mx\/prensa\/wp-json\/wp\/v2\/types\/post"}],"author":[{"embeddable":true,"href":"https:\/\/www.uv.mx\/prensa\/wp-json\/wp\/v2\/users\/1508"}],"replies":[{"embeddable":true,"href":"https:\/\/www.uv.mx\/prensa\/wp-json\/wp\/v2\/comments?post=85826"}],"version-history":[{"count":0,"href":"https:\/\/www.uv.mx\/prensa\/wp-json\/wp\/v2\/posts\/85826\/revisions"}],"wp:featuredmedia":[{"embeddable":true,"href":"https:\/\/www.uv.mx\/prensa\/wp-json\/wp\/v2\/media\/85831"}],"wp:attachment":[{"href":"https:\/\/www.uv.mx\/prensa\/wp-json\/wp\/v2\/media?parent=85826"}],"wp:term":[{"taxonomy":"category","embeddable":true,"href":"https:\/\/www.uv.mx\/prensa\/wp-json\/wp\/v2\/categories?post=85826"},{"taxonomy":"post_tag","embeddable":true,"href":"https:\/\/www.uv.mx\/prensa\/wp-json\/wp\/v2\/tags?post=85826"}],"curies":[{"name":"wp","href":"https:\/\/api.w.org\/{rel}","templated":true}]}}