{"id":85866,"date":"2020-07-14T15:00:19","date_gmt":"2020-07-14T20:00:19","guid":{"rendered":"https:\/\/www.uv.mx\/prensa\/?p=85866"},"modified":"2020-07-14T15:01:44","modified_gmt":"2020-07-14T20:01:44","slug":"fcq-coatzacoalcos-tiene-egresados-de-excelencia","status":"publish","type":"post","link":"https:\/\/www.uv.mx\/prensa\/regiones\/fcq-coatzacoalcos-tiene-egresados-de-excelencia\/","title":{"rendered":"FCQ-Coatzacoalcos tiene egresados de excelencia\u00a0"},"content":{"rendered":"<ul>\n<li data-leveltext=\"\uf0b7\" data-font=\"Symbol\" data-listid=\"2\" data-aria-posinset=\"1\" data-aria-level=\"1\"><i><span data-contrast=\"auto\">Claudio Antonio Reyes Antonio, de la Licenciatura en Ingenier\u00eda Qu\u00edmica, obtuvo dos becas y una publicaci\u00f3n internacional<\/span><\/i><span data-ccp-props=\"{&quot;134233279&quot;:true,&quot;201341983&quot;:0,&quot;335559739&quot;:160,&quot;335559740&quot;:240}\">\u00a0<\/span><\/li>\n<\/ul>\n<p><span data-ccp-props=\"{&quot;201341983&quot;:0,&quot;335559739&quot;:160,&quot;335559740&quot;:240}\">\u00a0<\/span><b><i><\/i><\/b><\/p>\n<div id=\"attachment_85871\" style=\"width: 552px\" class=\"wp-caption aligncenter\"><a href=\"https:\/\/www.uv.mx\/prensa\/files\/2020\/07\/13072020-CECILIA-CQ1.jpg\"><img aria-describedby=\"caption-attachment-85871\" decoding=\"async\" loading=\"lazy\" class=\"size-full wp-image-85871\" src=\"https:\/\/www.uv.mx\/prensa\/files\/2020\/07\/13072020-CECILIA-CQ1.jpg\" alt=\"\" width=\"542\" height=\"722\" srcset=\"https:\/\/www.uv.mx\/prensa\/files\/2020\/07\/13072020-CECILIA-CQ1.jpg 542w, https:\/\/www.uv.mx\/prensa\/files\/2020\/07\/13072020-CECILIA-CQ1-225x300.jpg 225w\" sizes=\"(max-width: 542px) 100vw, 542px\" \/><\/a><p id=\"caption-attachment-85871\" class=\"wp-caption-text\">Claudio Antonio Reyes Antonio<\/p><\/div>\n<p><span data-ccp-props=\"{&quot;201341983&quot;:0,&quot;335559739&quot;:160,&quot;335559740&quot;:240}\">\u00a0<\/span><\/p>\n<p><span data-ccp-props=\"{&quot;201341983&quot;:0,&quot;335559739&quot;:160,&quot;335559740&quot;:240}\">\u00a0<\/span><\/p>\n<p><b><i><span data-contrast=\"auto\">Cecilia Escriban<\/span><\/i><\/b><b><i><span data-contrast=\"auto\">o Reyes<\/span><\/i><\/b><span data-ccp-props=\"{&quot;201341983&quot;:0,&quot;335559739&quot;:160,&quot;335559740&quot;:240}\">\u00a0<\/span><\/p>\n<p><b><i><span data-contrast=\"auto\">1<\/span><\/i><\/b><b><i><span data-contrast=\"auto\">4<\/span><\/i><\/b><b><i><span data-contrast=\"auto\">\/07<\/span><\/i><\/b><b><i><span data-contrast=\"auto\">\/2020, <\/span><\/i><\/b><b><i><span data-contrast=\"auto\">Coatzacoalcos<\/span><\/i><\/b><b><i><span data-contrast=\"auto\">, <\/span><\/i><\/b><b><i><span data-contrast=\"auto\">Ver.<\/span><\/i><\/b><b><i><span data-contrast=\"auto\">&#8211;<\/span><\/i><\/b> <span data-contrast=\"auto\">La <\/span><span data-contrast=\"auto\">Facultad de Ciencias Qu\u00edmicas de la <\/span><span data-contrast=\"auto\">Universidad Veracruzana<\/span><span data-contrast=\"auto\"> (UV)<\/span><span data-contrast=\"auto\">, regi\u00f3n Coatzacoalcos-Minatitl\u00e1n, <\/span><span data-contrast=\"auto\">tiene <\/span><span data-contrast=\"auto\">egresado<\/span><span data-contrast=\"auto\">s<\/span><span data-contrast=\"auto\"> de excelen<\/span><span data-contrast=\"auto\">cia <\/span><span data-contrast=\"auto\">como Claudio Antonio Reyes Antonio, quien ha obtenido dos becas y una publicaci\u00f3n internacional <\/span><span data-contrast=\"auto\">de su proyecto de investigaci\u00f3n para titula<\/span><span data-contrast=\"auto\">rse <\/span><span data-contrast=\"auto\">de la <\/span><span data-contrast=\"auto\">L<\/span><span data-contrast=\"auto\">icenciatura en Ingenier\u00eda Qu\u00edmica.<\/span><span data-ccp-props=\"{&quot;201341983&quot;:0,&quot;335559739&quot;:160,&quot;335559740&quot;:240}\">\u00a0<\/span><\/p>\n<p><span data-contrast=\"auto\">E<\/span><span data-contrast=\"auto\">l universitario<\/span><span data-contrast=\"auto\"> realiz\u00f3 la tesis <\/span><span data-contrast=\"auto\">\u201c<\/span><span data-contrast=\"auto\">Analysis<\/span> <span data-contrast=\"auto\">of<\/span> <span data-contrast=\"auto\">the<\/span> <span data-contrast=\"auto\">Effect<\/span> <span data-contrast=\"auto\">of<\/span> <span data-contrast=\"auto\">Hydrodynamics<\/span> <span data-contrast=\"auto\">over<\/span> <span data-contrast=\"auto\">the<\/span> <span data-contrast=\"auto\">Activity<\/span><span data-contrast=\"auto\"> and <\/span><span data-contrast=\"auto\">Selectivity<\/span> <span data-contrast=\"auto\">of<\/span> <span data-contrast=\"auto\">the<\/span> <span data-contrast=\"auto\">Oxidative<\/span> <span data-contrast=\"auto\">Dehydrogenation<\/span> <span data-contrast=\"auto\">of<\/span> <span data-contrast=\"auto\">Propane<\/span> <span data-contrast=\"auto\">Process<\/span><span data-contrast=\"auto\"> in a <\/span><span data-contrast=\"auto\">Packed<\/span> <span data-contrast=\"auto\">Bed<\/span><span data-contrast=\"auto\"> React<\/span><span data-contrast=\"auto\">or <\/span><span data-contrast=\"auto\">through<\/span><span data-contrast=\"auto\"> CFD <\/span><span data-contrast=\"auto\">Techniques<\/span><span data-contrast=\"auto\">\u201d <\/span><span data-contrast=\"auto\">(<\/span><span data-contrast=\"auto\">An\u00e1lisis del efecto de la hidrodin\u00e1mica\u00a0 sobre la actividad y selectividad de la <\/span><span data-contrast=\"auto\">deshidrogenaci\u00f3n<\/span><span data-contrast=\"auto\"> oxidativa del propano en un reactor de lecho empaca<\/span><span data-contrast=\"auto\">do a trav\u00e9s de t\u00e9cnicas de<\/span><span data-contrast=\"auto\"> d<\/span><span data-contrast=\"auto\">in\u00e1mica de fluidos computacional <\/span><span data-contrast=\"auto\">(<\/span><span data-contrast=\"auto\">CFD<\/span><span data-contrast=\"auto\">)<\/span><span data-contrast=\"auto\">, <\/span><span data-contrast=\"auto\">en<\/span><span data-contrast=\"auto\"> espa\u00f1ol<\/span><span data-contrast=\"auto\">)<\/span><span data-contrast=\"auto\">, para la cual<\/span><span data-contrast=\"auto\"> fue <\/span><span data-contrast=\"auto\">asesorado por el a<\/span><span data-contrast=\"auto\">cad\u00e9mico <\/span><span data-contrast=\"auto\">Hugo P\u00e9rez <\/span><span data-contrast=\"auto\">Pastenes<\/span><span data-contrast=\"auto\">.<\/span><span data-ccp-props=\"{&quot;201341983&quot;:0,&quot;335559731&quot;:708,&quot;335559739&quot;:160,&quot;335559740&quot;:240}\">\u00a0<\/span><\/p>\n<p><span data-contrast=\"auto\">La <\/span><span data-contrast=\"auto\">investigaci\u00f3n se <\/span><span data-contrast=\"auto\">efectu\u00f3<\/span><span data-contrast=\"auto\"> con la finalidad de <\/span><span data-contrast=\"auto\">desarrollar un <\/span><span data-contrast=\"auto\">an\u00e1lisis<\/span><span data-contrast=\"auto\"> acerca del efect<\/span><span data-contrast=\"auto\">o de la hidrodin\u00e1mica sobre un reactor de l<\/span><span data-contrast=\"auto\">echo empacado con el acoplamiento del transporte de masa, energ\u00eda y <\/span><span data-contrast=\"auto\">momentum<\/span><span data-contrast=\"auto\"> mediante simulaci\u00f3n CFD (COMSOL <\/span><span data-contrast=\"auto\">Multiphys<\/span><span data-contrast=\"auto\">ics<\/span><span data-contrast=\"auto\">).<\/span><span data-ccp-props=\"{&quot;201341983&quot;:0,&quot;335559731&quot;:708,&quot;335559739&quot;:160,&quot;335559740&quot;:240}\">\u00a0<\/span><\/p>\n<p><span data-contrast=\"auto\">Reyes Antonio se\u00f1al\u00f3 <\/span><span data-contrast=\"auto\">que<\/span><span data-contrast=\"auto\">,<\/span><span data-contrast=\"auto\"> d<\/span><span data-contrast=\"auto\">ebido al alcance <\/span><span data-contrast=\"auto\">de la investigaci\u00f3n<\/span><span data-contrast=\"auto\">, <\/span><span data-contrast=\"auto\">P\u00e9rez <\/span><span data-contrast=\"auto\">Pastenes<\/span> <span data-contrast=\"auto\">organiz\u00f3 una estancia <\/span><span data-contrast=\"auto\">que<\/span><span data-contrast=\"auto\"> realiz\u00f3 de<\/span><span data-contrast=\"auto\"> septiembre a diciembre de 2019<\/span> <span data-contrast=\"auto\">en la Universidad Popular Aut\u00f3noma del Est<\/span><span data-contrast=\"auto\">ado de Puebla (UPAEP)<\/span><span data-contrast=\"auto\">,<\/span><span data-contrast=\"auto\"> donde fue <\/span><span data-contrast=\"auto\">recibido por<\/span> <span data-contrast=\"auto\">el <\/span><span data-contrast=\"auto\">investigador <\/span><span data-contrast=\"auto\">Mario Edgar Cordero S\u00e1nchez<\/span><span data-contrast=\"auto\">.<\/span><span data-ccp-props=\"{&quot;201341983&quot;:0,&quot;335559731&quot;:708,&quot;335559739&quot;:160,&quot;335559740&quot;:240}\">\u00a0<\/span><\/p>\n<p><span data-contrast=\"auto\">En enero de 2020, la investigaci\u00f3n se postul\u00f3 para participar en el<\/span><span data-contrast=\"auto\"> International <\/span><span data-contrast=\"auto\">Mexican<\/span> <span data-contrast=\"auto\">Congress<\/span> <span data-contrast=\"auto\">on<\/span> <span data-contrast=\"auto\">Chemical<\/span> <span data-contrast=\"auto\">Reaction<\/span> <span data-contrast=\"auto\">Engineering<\/span><span data-contrast=\"auto\"> (IMCCRE)<\/span><span data-contrast=\"auto\">,<\/span><span data-contrast=\"auto\"> donde <\/span><span data-contrast=\"auto\">fue aceptada para una presentaci\u00f3n oral que se llevar\u00e1 a cabo del 27 al <\/span><span data-contrast=\"auto\">30 de septiembre del presente a\u00f1<\/span><span data-contrast=\"auto\">o en Zacatecas<\/span><span data-contrast=\"auto\">.<\/span><span data-ccp-props=\"{&quot;201341983&quot;:0,&quot;335559731&quot;:708,&quot;335559739&quot;:160,&quot;335559740&quot;:240}\">\u00a0<\/span><\/p>\n<p><b><span data-contrast=\"auto\">Publi<\/span><\/b><b><span data-contrast=\"auto\">caci\u00f3n en revista internacional<\/span><\/b><span data-ccp-props=\"{&quot;201341983&quot;:0,&quot;335559739&quot;:160,&quot;335559740&quot;:240}\">\u00a0<\/span><\/p>\n<p><span data-contrast=\"auto\">Claudio Antonio Reyes agreg\u00f3 que su investigaci\u00f3n tambi\u00e9n fue postulada para ser publicada en <\/span><span data-contrast=\"auto\">un n\u00famero especial de <\/span><i><span data-contrast=\"auto\">FUEL<\/span><\/i><span data-contrast=\"auto\">,<\/span> <span data-contrast=\"auto\">una revista cient\u00edfica mensual revisada por pares<\/span><span data-contrast=\"auto\"> y<\/span><span data-contrast=\"auto\"> que cubre la inv<\/span><span data-contrast=\"auto\">e<\/span><span data-contrast=\"auto\">stigaci\u00f3n sobre el combustible.<\/span><span data-ccp-props=\"{&quot;201341983&quot;:0,&quot;335559739&quot;:160,&quot;335559740&quot;:240}\">\u00a0<\/span><\/p>\n<p><span data-contrast=\"auto\">\u201cP<\/span><span data-contrast=\"auto\">ara ello, mi asesor y yo <\/span><span data-contrast=\"auto\">nos coordinamos <\/span><span data-contrast=\"auto\">para pulir el trabajo, <\/span><span data-contrast=\"auto\">con los investigadores:<\/span><span data-contrast=\"auto\"> Sebasti<\/span><span data-contrast=\"auto\">\u00e1n Uribe (candidato a PhD) y<\/span> <span data-contrast=\"auto\">Muthanna<\/span><span data-contrast=\"auto\"> Al-<\/span><span data-contrast=\"auto\">Dahhan<\/span><span data-contrast=\"auto\">, de la U<\/span><span data-contrast=\"auto\">niversidad de <\/span><span data-contrast=\"auto\">Ciencia y Tecnolog\u00eda de <\/span><span data-contrast=\"auto\">Missouri<\/span><span data-contrast=\"auto\">. <\/span><span data-contrast=\"auto\">Despu\u00e9s de correcciones y observaciones realizadas por los revisores <\/span><span data-contrast=\"auto\">fue enviado el manuscrito; <\/span><span data-contrast=\"auto\">el <\/span><span data-contrast=\"auto\">21 de junio <\/span><span data-contrast=\"auto\">nos notificaron<\/span><span data-contrast=\"auto\"> que el trabajo hab\u00eda sido aceptado pa<\/span><span data-contrast=\"auto\">ra su <\/span><span data-contrast=\"auto\">publicaci\u00f3n en la revista, <\/span><span data-contrast=\"auto\">y <\/span><span data-contrast=\"auto\">a partir del 10 de julio est\u00e1 disponible en <\/span><span data-contrast=\"auto\">su<\/span> <span data-contrast=\"auto\">sitio oficial:<\/span> <a href=\"https:\/\/doi.org\/10.1016\/j.fuel.2020.118510\"><span data-contrast=\"none\">https:\/\/doi.org\/10.1016\/j.fuel.<\/span><span data-contrast=\"none\">2<\/span><span data-contrast=\"none\">020.118510<\/span><\/a><span data-contrast=\"auto\">\u201d<\/span><span data-ccp-props=\"{&quot;201341983&quot;:0,&quot;335559731&quot;:708,&quot;335559739&quot;:160,&quot;335559740&quot;:240}\">\u00a0<\/span><\/p>\n<p><span data-contrast=\"auto\">Agreg\u00f3 que la publicaci\u00f3n de este documento le abre puert<\/span><span data-contrast=\"auto\">as al mundo de la investigaci\u00f3n;<\/span><span data-contrast=\"auto\"> \u201cme sirve como antecedente y como crecimiento profesional, expandir las fronteras y sobre todo demostrar que la UV tiene excelentes estudiantes<\/span><span data-contrast=\"auto\">,<\/span><span data-contrast=\"auto\"> capaces de realizar investigaci\u00f3n de calidad a nivel nacional e internacional\u201d.<\/span><span data-ccp-props=\"{&quot;201341983&quot;:0,&quot;335559731&quot;:708,&quot;335559739&quot;:160,&quot;335559740&quot;:240}\">\u00a0<\/span><\/p>\n<p><span data-ccp-props=\"{&quot;201341983&quot;:0,&quot;335559739&quot;:160,&quot;335559740&quot;:240}\">\u00a0<\/span><\/p>\n<div id=\"attachment_85872\" style=\"width: 562px\" class=\"wp-caption aligncenter\"><a href=\"https:\/\/www.uv.mx\/prensa\/files\/2020\/07\/13072020-CECILIA-CQ2.jpg\"><img aria-describedby=\"caption-attachment-85872\" decoding=\"async\" loading=\"lazy\" class=\"size-full wp-image-85872\" src=\"https:\/\/www.uv.mx\/prensa\/files\/2020\/07\/13072020-CECILIA-CQ2.jpg\" alt=\"\" width=\"552\" height=\"722\" srcset=\"https:\/\/www.uv.mx\/prensa\/files\/2020\/07\/13072020-CECILIA-CQ2.jpg 552w, https:\/\/www.uv.mx\/prensa\/files\/2020\/07\/13072020-CECILIA-CQ2-229x300.jpg 229w\" sizes=\"(max-width: 552px) 100vw, 552px\" \/><\/a><p id=\"caption-attachment-85872\" class=\"wp-caption-text\">Resultado <em>Ceneval<\/em><\/p><\/div>\n<p>&nbsp;<\/p>\n<p><b><span data-contrast=\"auto\">Beca<\/span><\/b><b><span data-contrast=\"auto\"> Santander for MIT Leading Digital <\/span><\/b><b><span data-contrast=\"auto\">Transformation<\/span><\/b><span data-ccp-props=\"{&quot;201341983&quot;:0,&quot;335559739&quot;:160,&quot;335559740&quot;:240}\">\u00a0<\/span><\/p>\n<p><span data-contrast=\"auto\">Claudio Antonio Reyes Antonio<\/span> <span data-contrast=\"auto\">explic\u00f3 que fue<\/span><span data-contrast=\"auto\"> seleccionado como ganador de una de las <\/span><span data-contrast=\"auto\">dos mil <\/span><span data-contrast=\"auto\">500 becas de entre 15 pa\u00edses al programa <\/span><i><span data-contrast=\"auto\">online<\/span><\/i> <span data-contrast=\"auto\">Leading<\/span><span data-contrast=\"auto\"> Digital <\/span><span data-contrast=\"auto\">Transformation<\/span><span data-contrast=\"auto\">,<\/span><span data-contrast=\"auto\"> de <\/span><span data-contrast=\"auto\">Professional<\/span> <span data-contrast=\"auto\">Education<\/span> <span data-contrast=\"auto\">de<\/span><span data-contrast=\"auto\">l<\/span> <span data-contrast=\"auto\">Institut<\/span><span data-contrast=\"auto\">o<\/span><span data-contrast=\"auto\"> Tecnol<\/span><span data-contrast=\"auto\">\u00f3gico de <\/span><span data-contrast=\"auto\">Massachusetts<\/span><span data-contrast=\"auto\">,<\/span><span data-contrast=\"auto\"> cuya duraci\u00f3n fue del 5 de mayo al 9 de junio de 2020.<\/span><span data-ccp-props=\"{&quot;201341983&quot;:0,&quot;335559739&quot;:160,&quot;335559740&quot;:240}\">\u00a0<\/span><\/p>\n<p><span data-contrast=\"auto\">Este programa forma parte de Becas Santander Digital <\/span><span data-contrast=\"auto\">Skills<\/span><span data-contrast=\"auto\"> en colaboraci\u00f3n con <\/span><span data-contrast=\"auto\">Professional <\/span><span data-contrast=\"auto\">Education<\/span><span data-contrast=\"auto\">.<\/span><span data-ccp-props=\"{&quot;201341983&quot;:0,&quot;335559731&quot;:708,&quot;335559739&quot;:160,&quot;335559740&quot;:240}\">\u00a0<\/span><\/p>\n<p><span data-contrast=\"auto\">\u201c<\/span><span data-contrast=\"auto\">Durante el programa se vio contenido puntero<\/span><span data-contrast=\"auto\"> en inteligencia artificial<\/span><span data-contrast=\"auto\">, <\/span><i><span data-contrast=\"auto\">b<\/span><\/i><i><span data-contrast=\"auto\">lockchain<\/span><\/i><span data-contrast=\"auto\">, <\/span><i><span data-contrast=\"auto\">c<\/span><\/i><i><span data-contrast=\"auto\">loud<\/span><\/i> <i><span data-contrast=\"auto\">c<\/span><\/i><i><span data-contrast=\"auto\">omputing<\/span><\/i><span data-contrast=\"auto\">, <\/span><span data-contrast=\"auto\">c<\/span><span data-contrast=\"auto\">ibersegurid<\/span><span data-contrast=\"auto\">ad<\/span><span data-contrast=\"auto\"> e Internet de las cosas<\/span><span data-contrast=\"auto\">. Tambi\u00e9n se <\/span><span data-contrast=\"auto\">perfeccionaron<\/span><span data-contrast=\"auto\"> las habilidades interpersonales necesarias para implementar estas tecnolog\u00edas<\/span><span data-contrast=\"auto\">\u201d<\/span><span data-contrast=\"auto\">, <\/span><span data-contrast=\"auto\">e<\/span><span data-contrast=\"auto\">xpres\u00f3 Cl<\/span><span data-contrast=\"auto\">a<\/span><span data-contrast=\"auto\">udio Antonio.<\/span><span data-ccp-props=\"{&quot;201341983&quot;:0,&quot;335559731&quot;:708,&quot;335559739&quot;:160,&quot;335559740&quot;:240}\">\u00a0<\/span><\/p>\n<p><span data-contrast=\"auto\">El alumno agreg\u00f3 que <\/span><span data-contrast=\"auto\">gracias a un desempe\u00f1o sobresaliente fue acreedor a<\/span><span data-contrast=\"auto\"> una de las 300 becas adicionales para cursar uno de los siguientes Open <\/span><span data-contrast=\"auto\">Programs<\/span><span data-contrast=\"auto\"> de Professional <\/span><span data-contrast=\"auto\">Education<\/span><span data-contrast=\"auto\">,<\/span><span data-contrast=\"auto\"> que comprende de<\/span><span data-contrast=\"auto\"> ocho<\/span><span data-contrast=\"auto\"> semanas de duraci\u00f3n <\/span><span data-contrast=\"auto\">(del 23<\/span> <span data-contrast=\"auto\">de junio al 18 de agosto<\/span><span data-contrast=\"auto\">), concretamente <\/span><span data-contrast=\"auto\">en <\/span><span data-contrast=\"auto\">los temas de <\/span><i><span data-contrast=\"auto\">m<\/span><\/i><i><span data-contrast=\"auto\">achine <\/span><\/i><i><span data-contrast=\"auto\">l<\/span><\/i><i><span data-contrast=\"auto\">earning<\/span><\/i><span data-contrast=\"auto\">: <\/span><span data-contrast=\"auto\">t<\/span><span data-contrast=\"auto\">ecnolog\u00eda en la toma de decisiones.<\/span><span data-ccp-props=\"{&quot;201341983&quot;:0,&quot;335559731&quot;:708,&quot;335559739&quot;:160,&quot;335559740&quot;:240}\">\u00a0<\/span><\/p>\n<p><span data-ccp-props=\"{&quot;201341983&quot;:0,&quot;335559739&quot;:160,&quot;335559740&quot;:240}\">\u00a0<\/span><\/p>\n<p><b><span data-contrast=\"auto\">J\u00f3venes de Excelencia <\/span><\/b><b><i><span data-contrast=\"auto\">Citibanamex<\/span><\/i><\/b><span data-ccp-props=\"{&quot;201341983&quot;:0,&quot;335559739&quot;:160,&quot;335559740&quot;:240}\">\u00a0<\/span><\/p>\n<p><span data-contrast=\"auto\">El alumno tambi\u00e9n particip\u00f3 y fue b<\/span><span data-contrast=\"auto\">enefi<\/span><span data-contrast=\"auto\">ciario de la quinta<\/span><span data-contrast=\"auto\"> convocatoria<\/span><span data-contrast=\"auto\"> de <\/span><i><span data-contrast=\"auto\">Citibanamex<\/span><\/i> <span data-contrast=\"auto\">\u201c<\/span><span data-contrast=\"auto\">7\u00b0<\/span> <span data-contrast=\"auto\">generaci\u00f3n <\/span><span data-contrast=\"auto\">del <\/span><span data-contrast=\"auto\">programa j\u00f3venes de excelencia <\/span><span data-contrast=\"auto\">edici\u00f3n 2020\/21<\/span><span data-contrast=\"auto\">\u201d<\/span><span data-contrast=\"auto\">, <\/span><span data-contrast=\"auto\">con <\/span><span data-contrast=\"auto\">cursos <\/span><span data-contrast=\"auto\">de prepar<\/span><span data-contrast=\"auto\">aci\u00f3n para ingreso a posgrados del<\/span><span data-contrast=\"auto\"> extranjero que incluye<\/span><span data-contrast=\"auto\">:<\/span><span data-contrast=\"auto\"> cursos de ingl\u00e9s, <\/span><span data-contrast=\"auto\">asesor\u00edas, <\/span><span data-contrast=\"auto\">rembolsos de certificaciones<\/span><span data-contrast=\"auto\">, <\/span><span data-contrast=\"auto\">apoyo econ\u00f3mico directo y <\/span><span data-contrast=\"auto\">cursos de <\/span><span data-contrast=\"auto\">preparaci\u00f3n para <\/span><span data-contrast=\"auto\">el <\/span><span data-contrast=\"auto\">Graduate<\/span><span data-contrast=\"auto\"> Record <\/span><span data-contrast=\"auto\">Examinations<\/span><span data-contrast=\"auto\">, el cual es un examen <\/span><span data-contrast=\"auto\">en ingl\u00e9s<\/span> <span data-contrast=\"auto\">estandarizado a nivel internacional<\/span><span data-contrast=\"auto\"> que mide <\/span><span data-contrast=\"auto\">el razonamiento verbal, razonamiento cuantitativo, la escritura anal\u00edtica y habilidades de pensamiento cr\u00edt<\/span><span data-contrast=\"auto\">ico.<\/span><span data-ccp-props=\"{&quot;201341983&quot;:0,&quot;335559739&quot;:160,&quot;335559740&quot;:240}\">\u00a0<\/span><\/p>\n<p><span data-ccp-props=\"{&quot;201341983&quot;:0,&quot;335559739&quot;:160,&quot;335559740&quot;:240}\">\u00a0<\/span><\/p>\n<p><b><span data-contrast=\"auto\">Resultados en <\/span><\/b><b><i><span data-contrast=\"auto\">Ceneval<\/span><\/i><\/b><span data-ccp-props=\"{&quot;201341983&quot;:0,&quot;335559739&quot;:160,&quot;335559740&quot;:240}\">\u00a0<\/span><\/p>\n<p><span data-contrast=\"auto\">El <\/span><span data-contrast=\"auto\">alumno<\/span><span data-contrast=\"auto\"> realiz\u00f3 el <\/span><span data-contrast=\"auto\">Examen General para el Egreso de Licenciatura<\/span><span data-contrast=\"auto\"> en Ingenier\u00eda Qu\u00edmica, aplicado por el <\/span><span data-contrast=\"auto\">Centro Nacional de Evaluaci\u00f3n para la educaci\u00f3n superior, A.C (<\/span><i><span data-contrast=\"auto\">Ceneval<\/span><\/i><span data-contrast=\"auto\">)<\/span><span data-contrast=\"auto\">, donde obtuvo el <\/span><span data-contrast=\"auto\">t<\/span><span data-contrast=\"auto\">estimonio de desempe\u00f1o sobresaliente<\/span><span data-contrast=\"auto\">.<\/span><span data-ccp-props=\"{&quot;201341983&quot;:0,&quot;335559739&quot;:160,&quot;335559740&quot;:240}\">\u00a0<\/span><\/p>\n<p><span data-contrast=\"auto\">\u201c<\/span><span data-contrast=\"auto\">Estoy muy agradecido con la UV porque nos da todas las herramientas para que podamos crecer, <\/span><span data-contrast=\"auto\">nunca<\/span><span data-contrast=\"auto\"> nos lim<\/span><span data-contrast=\"auto\">ita, nos impulsa a<\/span><span data-contrast=\"auto\"> tener una<\/span><span data-contrast=\"auto\"> formaci\u00f3n amplia y especializada, agradezco a todos mis profesores y a mi ase<\/span><span data-contrast=\"auto\">sor <\/span><span data-contrast=\"auto\">Hugo P\u00e9rez <\/span><span data-contrast=\"auto\">Pastenes<\/span> <span data-contrast=\"auto\">por todos los conocimientos<\/span><span data-contrast=\"auto\"> brindados<\/span><span data-contrast=\"auto\"> e<\/span><span data-contrast=\"auto\">n cada una de las experiencias educativas<\/span><span data-contrast=\"auto\">.<\/span><span data-contrast=\"auto\">\u201d<\/span><span data-ccp-props=\"{&quot;201341983&quot;:0,&quot;335559731&quot;:708,&quot;335559739&quot;:160,&quot;335559740&quot;:240}\">\u00a0<\/span><\/p>\n<p>&nbsp;<\/p>\n<div id=\"attachment_85873\" style=\"width: 732px\" class=\"wp-caption aligncenter\"><a href=\"https:\/\/www.uv.mx\/prensa\/files\/2020\/07\/13072020-CECILIA-CQ3.jpg\"><img aria-describedby=\"caption-attachment-85873\" decoding=\"async\" loading=\"lazy\" class=\"size-full wp-image-85873\" src=\"https:\/\/www.uv.mx\/prensa\/files\/2020\/07\/13072020-CECILIA-CQ3.jpg\" alt=\"\" width=\"722\" height=\"511\" srcset=\"https:\/\/www.uv.mx\/prensa\/files\/2020\/07\/13072020-CECILIA-CQ3.jpg 722w, https:\/\/www.uv.mx\/prensa\/files\/2020\/07\/13072020-CECILIA-CQ3-300x212.jpg 300w\" sizes=\"(max-width: 722px) 100vw, 722px\" \/><\/a><p id=\"caption-attachment-85873\" class=\"wp-caption-text\">Certificado Santander<\/p><\/div>\n","protected":false},"excerpt":{"rendered":"<p>Uno de ellos es Claudio Antonio Reyes Antonio, quien ha obtenido dos becas y una publicaci\u00f3n internacional de su proyecto de titulaci\u00f3n de la Licenciatura en Ingenier\u00eda Qu\u00edmica\u00a0<\/p>\n","protected":false},"author":1869,"featured_media":85875,"comment_status":"closed","ping_status":"closed","sticky":false,"template":"","format":"standard","meta":[],"categories":[52,61,32],"tags":[],"_links":{"self":[{"href":"https:\/\/www.uv.mx\/prensa\/wp-json\/wp\/v2\/posts\/85866"}],"collection":[{"href":"https:\/\/www.uv.mx\/prensa\/wp-json\/wp\/v2\/posts"}],"about":[{"href":"https:\/\/www.uv.mx\/prensa\/wp-json\/wp\/v2\/types\/post"}],"author":[{"embeddable":true,"href":"https:\/\/www.uv.mx\/prensa\/wp-json\/wp\/v2\/users\/1869"}],"replies":[{"embeddable":true,"href":"https:\/\/www.uv.mx\/prensa\/wp-json\/wp\/v2\/comments?post=85866"}],"version-history":[{"count":0,"href":"https:\/\/www.uv.mx\/prensa\/wp-json\/wp\/v2\/posts\/85866\/revisions"}],"wp:featuredmedia":[{"embeddable":true,"href":"https:\/\/www.uv.mx\/prensa\/wp-json\/wp\/v2\/media\/85875"}],"wp:attachment":[{"href":"https:\/\/www.uv.mx\/prensa\/wp-json\/wp\/v2\/media?parent=85866"}],"wp:term":[{"taxonomy":"category","embeddable":true,"href":"https:\/\/www.uv.mx\/prensa\/wp-json\/wp\/v2\/categories?post=85866"},{"taxonomy":"post_tag","embeddable":true,"href":"https:\/\/www.uv.mx\/prensa\/wp-json\/wp\/v2\/tags?post=85866"}],"curies":[{"name":"wp","href":"https:\/\/api.w.org\/{rel}","templated":true}]}}