{"id":85972,"date":"2020-07-17T10:15:49","date_gmt":"2020-07-17T15:15:49","guid":{"rendered":"https:\/\/www.uv.mx\/prensa\/?p=85972"},"modified":"2020-07-20T09:41:01","modified_gmt":"2020-07-20T14:41:01","slug":"preparate-muestra-como-la-uv-incorpora-con-exito-enfoque-de-gobierno-abierto","status":"publish","type":"post","link":"https:\/\/www.uv.mx\/prensa\/entrevista\/preparate-muestra-como-la-uv-incorpora-con-exito-enfoque-de-gobierno-abierto\/","title":{"rendered":"PREPArate muestra c\u00f3mo la UV incorpora con \u00e9xito enfoque de gobierno abierto"},"content":{"rendered":"<style type=\"text\/css\">\n  blockquote p { color: #28519b; font-family: helvetica; font-size: 1.4em; }<br \/><\/style>\n<ul>\n<li data-leveltext=\"\uf0b7\" data-font=\"Symbol\" data-listid=\"1\" data-aria-posinset=\"1\" data-aria-level=\"1\"><i><span data-contrast=\"auto\">\u201c<\/span><\/i><i><span data-contrast=\"auto\">Los principios que rigen <\/span><\/i><i><span data-contrast=\"auto\">este modelo de gesti\u00f3n <\/span><\/i><i><span data-contrast=\"auto\">encuentran una armon\u00eda con la misi\u00f3n de la Universidad<\/span><\/i><i><span data-contrast=\"auto\">\u201d<\/span><\/i><i><span data-contrast=\"auto\">: Yadira Rosales, jefa del Departamento de Transparencia de la CUTAI<\/span><\/i><span data-ccp-props=\"{&quot;134233279&quot;:true,&quot;201341983&quot;:0,&quot;335559739&quot;:160,&quot;335559740&quot;:240}\">\u00a0<\/span><\/li>\n<li data-leveltext=\"\uf0b7\" data-font=\"Symbol\" data-listid=\"1\" data-aria-posinset=\"2\" data-aria-level=\"1\"><i><span data-contrast=\"auto\">La instituci\u00f3n es pionera, a nivel nacional, en incursionar <\/span><\/i><i><span data-contrast=\"auto\">en estos ejercicios, <\/span><\/i><i><span data-contrast=\"auto\">al participar en los planes de acci\u00f3n local de <\/span><\/i><i><span data-contrast=\"auto\">g<\/span><\/i><i><span data-contrast=\"auto\">obierno <\/span><\/i><i><span data-contrast=\"auto\">a<\/span><\/i><i><span data-contrast=\"auto\">bierto en Veracruz<\/span><\/i><span data-ccp-props=\"{&quot;134233279&quot;:true,&quot;201341983&quot;:0,&quot;335559739&quot;:160,&quot;335559740&quot;:240}\">\u00a0<\/span><\/li>\n<li data-leveltext=\"\uf0b7\" data-font=\"Symbol\" data-listid=\"1\" data-aria-posinset=\"3\" data-aria-level=\"1\"><i><span data-contrast=\"auto\">Desarrollado por investigadores del CIIES, <\/span><\/i><i><span data-contrast=\"auto\">PREPArate<\/span><\/i><i><span data-contrast=\"auto\"> re\u00fane los resultados obtenidos por egresados de <\/span><\/i><i><span data-contrast=\"auto\">preparatoria<\/span><\/i> <i><span data-contrast=\"auto\">en el examen de ingreso a la UV<\/span><\/i><\/li>\n<\/ul>\n<div id=\"attachment_85974\" style=\"width: 732px\" class=\"wp-caption aligncenter\"><a href=\"https:\/\/www.uv.mx\/prensa\/files\/2020\/07\/Entrevista-CUTAI-PREPArate-1-100k.jpg\"><img aria-describedby=\"caption-attachment-85974\" decoding=\"async\" loading=\"lazy\" class=\"size-full wp-image-85974\" src=\"https:\/\/www.uv.mx\/prensa\/files\/2020\/07\/Entrevista-CUTAI-PREPArate-1-100k.jpg\" alt=\" Los datos pueden orientar sobre las necesidades de mejora que se vean reflejadas en la aplicaci\u00f3n de pol\u00edticas p\u00fablicas eficaces \" width=\"722\" height=\"451\" srcset=\"https:\/\/www.uv.mx\/prensa\/files\/2020\/07\/Entrevista-CUTAI-PREPArate-1-100k.jpg 722w, https:\/\/www.uv.mx\/prensa\/files\/2020\/07\/Entrevista-CUTAI-PREPArate-1-100k-300x187.jpg 300w, https:\/\/www.uv.mx\/prensa\/files\/2020\/07\/Entrevista-CUTAI-PREPArate-1-100k-200x125.jpg 200w\" sizes=\"(max-width: 722px) 100vw, 722px\" \/><\/a><p id=\"caption-attachment-85974\" class=\"wp-caption-text\">Los datos pueden orientar sobre las necesidades de mejora que se vean reflejadas en la aplicaci\u00f3n de pol\u00edticas p\u00fablicas eficaces<\/p><\/div>\n<p>&nbsp;<\/p>\n<blockquote><p><span data-contrast=\"auto\">Su objetivo es promover un modelo de gobernanza m\u00e1s abierta y horizontal que implique una nueva l\u00f3gica de colaboraci\u00f3n entre ciudadanos y autoridades a trav\u00e9s de cuatro principios: transparencia, rendici\u00f3n de cuentas, participaci\u00f3n ciudadana e innovaci\u00f3n<\/span><span data-ccp-props=\"{&quot;201341983&quot;:0,&quot;335559739&quot;:160,&quot;335559740&quot;:240}\">\u00a0<\/span><\/p><\/blockquote>\n<p><span data-ccp-props=\"{&quot;201341983&quot;:0,&quot;335559739&quot;:160,&quot;335559740&quot;:240}\">\u00a0<\/span><\/p>\n<p><b><i><span data-contrast=\"auto\">Susana Castillo Lagos<\/span><\/i><\/b><span data-ccp-props=\"{&quot;201341983&quot;:0,&quot;335559739&quot;:160,&quot;335559740&quot;:240}\">\u00a0<\/span><\/p>\n<p><b><i><span data-contrast=\"auto\">1<\/span><\/i><\/b><b><i><span data-contrast=\"auto\">7<\/span><\/i><\/b><b><i><span data-contrast=\"auto\">\/07\/2020, <\/span><\/i><\/b><b><i><span data-contrast=\"auto\">Xalapa, Ver.- <\/span><\/i><\/b><span data-contrast=\"auto\">La <\/span><span data-contrast=\"auto\">Universidad Veracruzana (UV) inc<\/span><span data-contrast=\"auto\">orpora con \u00e9xito el enfoque de g<\/span><span data-contrast=\"auto\">obierno <\/span><span data-contrast=\"auto\">a<\/span><span data-contrast=\"auto\">bierto, muestra de ello es la <\/span><span data-contrast=\"auto\">plataforma <\/span><a href=\"http:\/\/148.226.12.43\/preparate\/\"><span data-contrast=\"auto\">PREPArate<\/span><\/a> <span data-contrast=\"auto\">realizada<\/span><span data-contrast=\"auto\"> a trav\u00e9s del <\/span><span data-contrast=\"auto\"><a href=\"https:\/\/www.uv.mx\/ciies\/\" target=\"_blank\" rel=\"noopener noreferrer\">Centro de Investigaci\u00f3n e Innovaci\u00f3n en Educaci\u00f3n Superior<\/a> (CIIES)<\/span><span data-contrast=\"auto\"> para informar sobre los resultados <\/span><span data-contrast=\"auto\">que<\/span><span data-contrast=\"auto\"> egresados de <\/span><span data-contrast=\"auto\">bachilleratos <\/span><span data-contrast=\"auto\">de Veracruz<\/span><span data-contrast=\"auto\"> obtuvieron en el <\/span><span data-contrast=\"auto\">e<\/span><span data-contrast=\"auto\">xamen de <\/span><span data-contrast=\"auto\">i<\/span><span data-contrast=\"auto\">ngreso a <\/span><span data-contrast=\"auto\">esta casa de estudios.<\/span><span data-ccp-props=\"{&quot;201341983&quot;:0,&quot;335559739&quot;:160,&quot;335559740&quot;:240}\">\u00a0<\/span><\/p>\n<p><span data-contrast=\"auto\">As\u00ed lo explic\u00f3 en entrevista con <\/span><i><span data-contrast=\"auto\">Universo<\/span><\/i> <a href=\"https:\/\/www.uv.mx\/transparencia\/semblaza\/responsable-transparencia\/\"><span data-contrast=\"auto\">Yadira Rosales Ruiz<\/span><\/a><span data-contrast=\"auto\">, <\/span><span data-contrast=\"auto\">jefa del Departamento de Transparencia de la <\/span><a href=\"https:\/\/www.uv.mx\/transparencia\/\"><span data-contrast=\"auto\">Coordinaci\u00f3n Universitaria de Transparencia, Acceso a la Informaci\u00f3n y Protecci\u00f3n de Datos Personales<\/span><\/a><span data-contrast=\"auto\"> (<\/span><span data-contrast=\"auto\">CUTAI)<\/span><span data-contrast=\"auto\">, <\/span><span data-contrast=\"auto\">encabezad<\/span><span data-contrast=\"auto\">a<\/span><span data-contrast=\"auto\"> por<\/span> <span data-contrast=\"auto\">Gerardo Garc\u00eda Ricardo.<\/span><span data-ccp-props=\"{&quot;201341983&quot;:0,&quot;335559731&quot;:708,&quot;335559739&quot;:160,&quot;335559740&quot;:240}\">\u00a0<\/span><\/p>\n<p><span data-contrast=\"auto\">La especialista en temas de transparencia, acceso a la informaci\u00f3n y rendici\u00f3n de cuentas, habl\u00f3 sobre el <\/span><span data-contrast=\"auto\">enfoque <\/span><span data-contrast=\"auto\">de <\/span><span data-contrast=\"auto\">g<\/span><span data-contrast=\"auto\">obierno <\/span><span data-contrast=\"auto\">a<\/span><span data-contrast=\"auto\">bierto, c\u00f3mo \u00e9ste se implementa en la UV y cu\u00e1les son las ba<\/span><span data-contrast=\"auto\">ses del mismo<\/span><span data-contrast=\"auto\">. Para ella<\/span><span data-contrast=\"auto\">,<\/span><span data-contrast=\"auto\"> se trata de una herramienta que resulta id\u00f3nea para vincular a<\/span><span data-contrast=\"auto\"> las<\/span><span data-contrast=\"auto\"> autoridades con <\/span><span data-contrast=\"auto\">la <\/span><span data-contrast=\"auto\">sociedad y que \u00e9<\/span><span data-contrast=\"auto\">sta<\/span><span data-contrast=\"auto\"> se involucre<\/span> <span data-contrast=\"auto\">en la toma de decisiones.<\/span><\/p>\n<p><b><i><span data-contrast=\"auto\">\u00bf<\/span><\/i><\/b><b><i><span data-contrast=\"auto\">Qu\u00e9 es <\/span><\/i><\/b><b><i><span data-contrast=\"auto\">el <\/span><\/i><\/b><b><i><span data-contrast=\"auto\">g<\/span><\/i><\/b><b><i><span data-contrast=\"auto\">obierno<\/span><\/i><\/b> <b><i><span data-contrast=\"auto\">a<\/span><\/i><\/b><b><i><span data-contrast=\"auto\">bierto?<\/span><\/i><\/b><span data-ccp-props=\"{&quot;201341983&quot;:0,&quot;335559739&quot;:160,&quot;335559740&quot;:240}\"><br \/>\n<\/span><span data-contrast=\"auto\">E<\/span><span data-contrast=\"auto\">s un modelo de gesti\u00f3n que incorpora principios, pol\u00edticas o acciones de transparencia, acceso a la informaci\u00f3n, rendici\u00f3n de cuentas, participaci\u00f3n ciudadana y <\/span><span data-contrast=\"auto\">co<\/span><span data-contrast=\"auto\">-creaci\u00f3n gubernamental, apoyados en las <\/span><span data-contrast=\"auto\">t<\/span><span data-contrast=\"auto\">ecnolog\u00edas de <\/span><span data-contrast=\"auto\">i<\/span><span data-contrast=\"auto\">nformaci\u00f3n y <\/span><span data-contrast=\"auto\">c<\/span><span data-contrast=\"auto\">omun<\/span><span data-contrast=\"auto\">icaci\u00f3n <\/span><span data-contrast=\"auto\">y <\/span><span data-contrast=\"auto\">orientad<\/span><span data-contrast=\"auto\">o<\/span><span data-contrast=\"auto\">s a lograr niveles de apertura y colaboraci\u00f3n que permitan generar beneficios colectivos.<\/span><span data-ccp-props=\"{&quot;201341983&quot;:0,&quot;335559739&quot;:160,&quot;335559740&quot;:240}\">\u00a0<\/span><\/p>\n<p><span data-contrast=\"auto\">En otras palabras, <\/span><span data-contrast=\"auto\">g<\/span><span data-contrast=\"auto\">obierno <\/span><span data-contrast=\"auto\">a<\/span><span data-contrast=\"auto\">bierto implica la colaboraci\u00f3n con la sociedad para resolver un problema. Sin sociedad civil no hay <\/span><span data-contrast=\"auto\">g<\/span><span data-contrast=\"auto\">obierno <\/span><span data-contrast=\"auto\">a<\/span><span data-contrast=\"auto\">bierto.<\/span><span data-ccp-props=\"{&quot;201341983&quot;:0,&quot;335559731&quot;:708,&quot;335559739&quot;:160,&quot;335559740&quot;:240}\">\u00a0<\/span><\/p>\n<p><span data-contrast=\"auto\">En nuestro pa\u00eds, con la entrada en vigor de la Ley General de Transparencia y Acceso a la Informaci\u00f3n P\u00fablica, ya son obligatorios estos ejercicios para todos los sujetos obligados a los que les aplica dicha norma, como es el caso de las <\/span><span data-contrast=\"auto\">i<\/span><span data-contrast=\"auto\">nstituciones de <\/span><span data-contrast=\"auto\">e<\/span><span data-contrast=\"auto\">ducaci\u00f3n <\/span><span data-contrast=\"auto\">s<\/span><span data-contrast=\"auto\">uperior.<\/span><\/p>\n<p><b><i><span data-contrast=\"auto\">\u00bfCu\u00e1l es la filosof\u00eda de gobierno abierto de la UV?<\/span><\/i><\/b><span data-ccp-props=\"{&quot;201341983&quot;:0,&quot;335559739&quot;:160,&quot;335559740&quot;:240}\"><br \/>\n<\/span><span data-contrast=\"auto\">Los principios que rigen el <\/span><span data-contrast=\"auto\">g<\/span><span data-contrast=\"auto\">obierno <\/span><span data-contrast=\"auto\">a<\/span><span data-contrast=\"auto\">bierto encuentran una armon\u00eda con la misi\u00f3n de la Universidad Veracruzana; de este modo, todos los proyectos que se realizan son con<\/span> <span data-contrast=\"auto\">responsabilidad social y con pol\u00edticas de desarrollo sostenible que incidan en un beneficio para la sociedad.<\/span><span data-ccp-props=\"{&quot;201341983&quot;:0,&quot;335559739&quot;:160,&quot;335559740&quot;:240}\">\u00a0<\/span><\/p>\n<p><span data-contrast=\"auto\">En este caso, <\/span><span data-contrast=\"auto\">PREPArate<\/span><span data-contrast=\"auto\"> se dirige no s\u00f3lo a los padres de familia, sino a los estudiantes, profesores y todo aquel interesado en el sector educativo.<\/span><span data-ccp-props=\"{&quot;201341983&quot;:0,&quot;335559731&quot;:708,&quot;335559739&quot;:160,&quot;335559740&quot;:240}\">\u00a0<\/span><\/p>\n<p><span data-contrast=\"auto\">Adem\u00e1s, es<\/span><span data-contrast=\"auto\">te proyecto est\u00e1 alineado a la A<\/span><span data-contrast=\"auto\">genda 2030<\/span><span data-contrast=\"auto\">,<\/span><span data-contrast=\"auto\"> as\u00ed como las metas y <\/span><span data-contrast=\"auto\">O<\/span><span data-contrast=\"auto\">bjetivos de <\/span><span data-contrast=\"auto\">D<\/span><span data-contrast=\"auto\">esarrollo <\/span><span data-contrast=\"auto\">S<\/span><span data-contrast=\"auto\">ostenible (ODS), teniendo como eje principal el impulso del ODS 4<\/span><span data-contrast=\"auto\">,<\/span> <span data-contrast=\"auto\">e<\/span><span data-contrast=\"auto\">ducaci\u00f3n de <\/span><span data-contrast=\"auto\">calidad;<\/span><span data-contrast=\"auto\"> el ODS 16<\/span><span data-contrast=\"auto\">,<\/span> <span data-contrast=\"auto\">p<\/span><span data-contrast=\"auto\">az<\/span><span data-contrast=\"auto\">,<\/span> <span data-contrast=\"auto\">j<\/span><span data-contrast=\"auto\">usticia e <\/span><span data-contrast=\"auto\">i<\/span><span data-contrast=\"auto\">nstituciones <\/span><span data-contrast=\"auto\">s<\/span><span data-contrast=\"auto\">\u00f3lidas<\/span><span data-contrast=\"auto\">,<\/span><span data-contrast=\"auto\"> y el ODS 17<\/span><span data-contrast=\"auto\">,<\/span> <span data-contrast=\"auto\">a<\/span><span data-contrast=\"auto\">lia<\/span><span data-contrast=\"auto\">nzas para lograr los <\/span><span data-contrast=\"auto\">o<\/span><span data-contrast=\"auto\">bjetivos.<\/span><span data-ccp-props=\"{&quot;201341983&quot;:0,&quot;335559731&quot;:708,&quot;335559739&quot;:160,&quot;335559740&quot;:240}\">\u00a0<\/span><\/p>\n<p><b><i><span data-contrast=\"auto\">\u00bfCu\u00e1les son <\/span><\/i><\/b><b><i><span data-contrast=\"auto\">sus<\/span><\/i><\/b><b><i><span data-contrast=\"auto\"> bases?<\/span><\/i><\/b><span data-ccp-props=\"{&quot;201341983&quot;:0,&quot;335559739&quot;:160,&quot;335559740&quot;:240}\"><br \/>\n<\/span><span data-contrast=\"auto\">Su objetivo es promover un modelo de gobernanza m\u00e1s abierta y horizontal que implique una nueva l\u00f3gica de colaboraci\u00f3n entre ciudadanos y autoridades<\/span><span data-contrast=\"auto\"> a trav<\/span><span data-contrast=\"auto\">\u00e9<\/span><span data-contrast=\"auto\">s de cuatro principios:<\/span><span data-contrast=\"auto\"> t<\/span><span data-contrast=\"auto\">ransparencia, <\/span><span data-contrast=\"auto\">r<\/span><span data-contrast=\"auto\">endici\u00f3n de cuentas, <\/span><span data-contrast=\"auto\">p<\/span><span data-contrast=\"auto\">articipaci\u00f3n ciudadana e <\/span><span data-contrast=\"auto\">i<\/span><span data-contrast=\"auto\">nnovaci\u00f3n.<\/span><span data-ccp-props=\"{&quot;201341983&quot;:0,&quot;335559739&quot;:160,&quot;335559740&quot;:240}\">\u00a0<\/span><\/p>\n<p><span data-contrast=\"auto\">Adem\u00e1s, la Universidad <\/span><span data-contrast=\"auto\">Veracruzana <\/span><span data-contrast=\"auto\">es integrante permanente del Secretariado T\u00e9cnico Local de Veracruz, instancia en la que los sujetos obligados que efectivamente realizan ejercicios de <\/span><span data-contrast=\"auto\">g<\/span><span data-contrast=\"auto\">obierno <\/span><span data-contrast=\"auto\">a<\/span><span data-contrast=\"auto\">bierto en la entidad<\/span> <span data-contrast=\"auto\">comparten experiencias de \u00e9xito y colaboraci\u00f3n, coordinados por el Instituto Veracruzano de Acceso a la Informaci\u00f3n y Protecci\u00f3n de Datos Personales (IVAI).<\/span><\/p>\n<div id=\"attachment_85975\" style=\"width: 430px\" class=\"wp-caption aligncenter\"><a href=\"https:\/\/www.uv.mx\/prensa\/files\/2020\/07\/Entrevista-CUTAI-PREPArate-2-100k.jpg\"><img aria-describedby=\"caption-attachment-85975\" decoding=\"async\" loading=\"lazy\" class=\"size-full wp-image-85975\" src=\"https:\/\/www.uv.mx\/prensa\/files\/2020\/07\/Entrevista-CUTAI-PREPArate-2-100k.jpg\" alt=\"Yadira Rosales, jefa del Departamento de Transparencia de la CUTAI \" width=\"420\" height=\"557\" srcset=\"https:\/\/www.uv.mx\/prensa\/files\/2020\/07\/Entrevista-CUTAI-PREPArate-2-100k.jpg 420w, https:\/\/www.uv.mx\/prensa\/files\/2020\/07\/Entrevista-CUTAI-PREPArate-2-100k-226x300.jpg 226w\" sizes=\"(max-width: 420px) 100vw, 420px\" \/><\/a><p id=\"caption-attachment-85975\" class=\"wp-caption-text\">Yadira Rosales, jefa del Departamento de Transparencia de la CUTAI<\/p><\/div>\n<p><b><i><span data-contrast=\"auto\">\u00bfDesde cu\u00e1ndo comenz\u00f3 a implementarse y por qu\u00e9 se considera que la UV es pionera en el rubro?<\/span><\/i><\/b><span data-ccp-props=\"{&quot;201341983&quot;:0,&quot;335559739&quot;:160,&quot;335559740&quot;:240}\"><br \/>\n<\/span><span data-contrast=\"auto\">En M\u00e9xico, fue en 2015 cuando el Instituto Nacional de Transparencia, Acceso a la Informaci\u00f3n y Protecci\u00f3n de Datos Personales (INAI) acord\u00f3 impulsar ejercicios de gobierno abierto en las entidades federativas que de manera voluntaria aceptaran participar, siendo Veracruz uno de los 13 estados que <\/span><span data-contrast=\"auto\">accedieron<\/span><span data-contrast=\"auto\">.<\/span><span data-ccp-props=\"{&quot;201341983&quot;:0,&quot;335559739&quot;:160,&quot;335559740&quot;:240}\">\u00a0<\/span><\/p>\n<p><span data-contrast=\"auto\">La Universidad Veracruzana<\/span> <span data-contrast=\"auto\">adopt\u00f3 estas buenas p<\/span><span data-contrast=\"auto\">r\u00e1cticas y con el apoyo de los i<\/span><span data-contrast=\"auto\">nvestigadores del Centro de Investigaci\u00f3n e Innovaci\u00f3n en Educaci\u00f3n Superior (CIIES), tomando en cuenta el gran inter\u00e9s que existe para ingresar a esta m\u00e1xima casa de estudios, desarroll\u00f3 la <\/span><span data-contrast=\"auto\">plataforma <\/span><span data-contrast=\"auto\">PREPArate<\/span><span data-contrast=\"auto\">, la cual informa sobre <\/span><span data-contrast=\"auto\">los resultados obtenidos en el e<\/span><span data-contrast=\"auto\">xamen de <\/span><span data-contrast=\"auto\">i<\/span><span data-contrast=\"auto\">ngreso a la U<\/span><span data-contrast=\"auto\">V <\/span><span data-contrast=\"auto\">por los egresados de escuelas preparatorias de Veracruz.<\/span><span data-ccp-props=\"{&quot;201341983&quot;:0,&quot;335559731&quot;:708,&quot;335559739&quot;:160,&quot;335559740&quot;:240}\">\u00a0<\/span><\/p>\n<p><span data-contrast=\"auto\">De este modo<\/span><span data-contrast=\"auto\">,<\/span> <span data-contrast=\"auto\">particip\u00f3 con este proyecto en el Primer Plan de Acci\u00f3n Local de Gobierno Abierto del Estado de Veracruz<\/span><span data-contrast=\"auto\">,<\/span><span data-contrast=\"auto\"> en el periodo 2016-2017, siendo pionera a nivel nacional en incursionar en estos ejercicios.<\/span><\/p>\n<p><b><i><span data-contrast=\"auto\">\u00bfCu\u00e1les son los v\u00ednculos entre este enfoque y la plataforma <\/span><\/i><\/b><b><i><span data-contrast=\"auto\">PREPArate<\/span><\/i><\/b><b><i><span data-contrast=\"auto\">?<\/span><\/i><\/b><span data-ccp-props=\"{&quot;201341983&quot;:0,&quot;335559739&quot;:160,&quot;335559740&quot;:240}\"><br \/>\n<\/span><span data-contrast=\"auto\">La plataforma <\/span><span data-contrast=\"auto\">PREPArate<\/span><span data-contrast=\"auto\"> es un sitio que da a conocer al p\u00fablico en general los resultados obtenidos en el examen de ingreso de la UV en los a\u00f1os 2016, 2017, 2018 y 2019 por los egresados de escuelas preparatorias de Veracruz. En dicho sitio se despliega la lista de las escuelas ordenadas por municipio, localidad, tipo de sostenimiento y turno.<\/span><span data-ccp-props=\"{&quot;201341983&quot;:0,&quot;335559739&quot;:160,&quot;335559740&quot;:240}\">\u00a0<\/span><\/p>\n<p><span data-contrast=\"auto\">Es importante manifestar que si bien los resultados no indican la calidad de una u otra escuela<\/span><span data-contrast=\"auto\">,<\/span><span data-contrast=\"auto\"> s\u00ed pueden orientar sobre las necesidades de mejora que se vean reflejadas en la aplicaci\u00f3n de pol\u00edticas p\u00fablicas eficaces y servir com<\/span><span data-contrast=\"auto\">o referente para medir avances.<\/span><span data-ccp-props=\"{&quot;201341983&quot;:0,&quot;335559731&quot;:708,&quot;335559739&quot;:160,&quot;335559740&quot;:240}\">\u00a0<\/span><\/p>\n<p><span data-contrast=\"auto\">PREPArate<\/span><span data-contrast=\"auto\"> tambi\u00e9n es un repositorio de datos que pueden descargar para realizar an\u00e1lisis por municipio, tipo de carrera o alguna escuela en particula<\/span><span data-contrast=\"auto\">r.<\/span> <span data-contrast=\"auto\">I<\/span><span data-contrast=\"auto\">ncluso la informaci\u00f3n publicada puede transformarse en alg\u00fan trabajo de tesis de alg\u00fan es<\/span><span data-contrast=\"auto\">tudiante interesado en el tema.<\/span><span data-ccp-props=\"{&quot;201341983&quot;:0,&quot;335559731&quot;:708,&quot;335559739&quot;:160,&quot;335559740&quot;:240}\">\u00a0<\/span><\/p>\n<p><span data-contrast=\"auto\">PREPArate<\/span><span data-contrast=\"auto\"> representa la colaboraci\u00f3n entre sociedad civil y autoridades educativas <\/span><span data-contrast=\"auto\">a fin de<\/span><span data-contrast=\"auto\"> dar a conocer informaci\u00f3n de utilidad para padres de familia, aspirantes, estudiantes, profesores, inves<\/span><span data-contrast=\"auto\">tigadores y p\u00fablico en general.<\/span><span data-ccp-props=\"{&quot;201341983&quot;:0,&quot;335559731&quot;:708,&quot;335559739&quot;:160,&quot;335559740&quot;:240}\">\u00a0<\/span><\/p>\n<p><span data-contrast=\"auto\">Para el II Plan de Acci\u00f3n Local de Gobierno Abierto 2018-2020, en la Universidad Veracruzana nos comprometimos a incorporar de manera adicional<\/span><span data-contrast=\"auto\">, <\/span><span data-contrast=\"auto\">en la plataforma <\/span><span data-contrast=\"auto\">PREPArate<\/span><span data-contrast=\"auto\">, los resultados de ingreso a bachil<\/span><span data-contrast=\"auto\">lerato, correspondientes al Centro de Estudios Cient\u00edficos y Tecnol\u00f3gicos del Estado de Veracruz (CECY<\/span><span data-contrast=\"auto\">TEV<\/span><span data-contrast=\"auto\">)<\/span><span data-contrast=\"auto\">, <\/span><span data-contrast=\"auto\">Colegio de Bachilleres del Estado de Veracruz (<\/span><i><span data-contrast=\"auto\">Cobaev<\/span><\/i><span data-contrast=\"auto\">) <\/span><span data-contrast=\"auto\">y <\/span><span data-contrast=\"auto\">Colegio Nacional de Educaci\u00f3n Profesional T\u00e9cnica (<\/span><i><span data-contrast=\"auto\">Conalep<\/span><\/i><span data-contrast=\"auto\">) <\/span><span data-contrast=\"auto\">Veracruz.<\/span><span data-ccp-props=\"{&quot;201341983&quot;:0,&quot;335559731&quot;:708,&quot;335559739&quot;:160,&quot;335559740&quot;:240}\">\u00a0<\/span><\/p>\n<p><span data-contrast=\"auto\">Este esfuerzo representa una alianza \u00fanica del sistema de educaci\u00f3n media superior con el sistema de educaci\u00f3n superior en Veracruz, en beneficio de la sociedad.<\/span><span data-ccp-props=\"{&quot;201341983&quot;:0,&quot;335559731&quot;:708,&quot;335559739&quot;:160,&quot;335559740&quot;:240}\">\u00a0<\/span><\/p>\n<p><span data-contrast=\"auto\">De este modo, los interesados tendr\u00e1n elementos certeros para la toma de decisiones en el proceso de ingreso a estos subsistemas educativos, as\u00ed como del ingreso a la Universidad.<\/span><\/p>\n<p><b><i><span data-contrast=\"auto\">\u00bfD\u00f3nde se puede conocer m\u00e1s acerca de esta plataforma y las acciones que en materia de <\/span><\/i><\/b><b><i><span data-contrast=\"auto\">g<\/span><\/i><\/b><b><i><span data-contrast=\"auto\">obierno <\/span><\/i><\/b><b><i><span data-contrast=\"auto\">a<\/span><\/i><\/b><b><i><span data-contrast=\"auto\">bierto realiza la UV?<\/span><\/i><\/b><span data-ccp-props=\"{&quot;201341983&quot;:0,&quot;335559739&quot;:160,&quot;335559740&quot;:240}\"><br \/>\n<\/span><span data-contrast=\"auto\">Invito a la comunidad universitaria a que visite el sitio de gobierno abierto de la UV<\/span> <a href=\"https:\/\/www.uv.mx\/transparencia\/gobierno-abierto\/inicio\/\"><span data-contrast=\"auto\">https:\/\/www.uv.mx\/transparencia\/gobierno-abierto\/inicio\/<\/span><\/a><span data-contrast=\"auto\">,<\/span><span data-contrast=\"auto\"> en donde puede conocer no s<\/span><span data-contrast=\"auto\">\u00f3<\/span><span data-contrast=\"auto\">lo el ejercicio de <\/span><span data-contrast=\"auto\">PREPArate<\/span><span data-contrast=\"auto\">, sino sitios de inter\u00e9s respecto a todos los ejercicios de <\/span><span data-contrast=\"auto\">g<\/span><span data-contrast=\"auto\">obierno <\/span><span data-contrast=\"auto\">a<\/span><span data-contrast=\"auto\">bierto que se est\u00e1n desarrollando en el pa\u00eds.<\/span><span data-ccp-props=\"{&quot;201341983&quot;:0,&quot;335559739&quot;:160,&quot;335559740&quot;:240}\">\u00a0<\/span><\/p>\n<p><span data-contrast=\"auto\">Adem\u00e1s, los invito a explorar la plataforma<\/span> <span data-contrast=\"auto\">PREPArate<\/span><span data-contrast=\"auto\">: <\/span><a href=\"http:\/\/148.226.12.43\/preparate\/\"><span data-contrast=\"auto\">http:\/\/148.226.12.43\/preparate\/<\/span><\/a><span data-contrast=\"auto\">, en donde todos los comentarios que puedan mejora<\/span><span data-contrast=\"auto\">rla <\/span><span data-contrast=\"auto\">ser\u00e1n recibidos, pues el <\/span><span data-contrast=\"auto\">g<\/span><span data-contrast=\"auto\">obierno <\/span><span data-contrast=\"auto\">a<\/span><span data-contrast=\"auto\">bierto nace de la colaboraci\u00f3n y las ideas de todos.<\/span><span data-ccp-props=\"{&quot;201341983&quot;:0,&quot;335559731&quot;:708,&quot;335559739&quot;:160,&quot;335559740&quot;:240}\">\u00a0<\/span><\/p>\n","protected":false},"excerpt":{"rendered":"<p>Los principios que rigen el gobierno abierto encuentran una armon\u00eda con la misi\u00f3n de la UV; de este modo, todos los proyectos se realizan con responsabilidad social y pol\u00edticas de desarrollo sostenible que incidan en un beneficio para la sociedad <\/p>\n","protected":false},"author":1775,"featured_media":85973,"comment_status":"closed","ping_status":"closed","sticky":false,"template":"","format":"standard","meta":[],"categories":[13,61],"tags":[],"_links":{"self":[{"href":"https:\/\/www.uv.mx\/prensa\/wp-json\/wp\/v2\/posts\/85972"}],"collection":[{"href":"https:\/\/www.uv.mx\/prensa\/wp-json\/wp\/v2\/posts"}],"about":[{"href":"https:\/\/www.uv.mx\/prensa\/wp-json\/wp\/v2\/types\/post"}],"author":[{"embeddable":true,"href":"https:\/\/www.uv.mx\/prensa\/wp-json\/wp\/v2\/users\/1775"}],"replies":[{"embeddable":true,"href":"https:\/\/www.uv.mx\/prensa\/wp-json\/wp\/v2\/comments?post=85972"}],"version-history":[{"count":0,"href":"https:\/\/www.uv.mx\/prensa\/wp-json\/wp\/v2\/posts\/85972\/revisions"}],"wp:featuredmedia":[{"embeddable":true,"href":"https:\/\/www.uv.mx\/prensa\/wp-json\/wp\/v2\/media\/85973"}],"wp:attachment":[{"href":"https:\/\/www.uv.mx\/prensa\/wp-json\/wp\/v2\/media?parent=85972"}],"wp:term":[{"taxonomy":"category","embeddable":true,"href":"https:\/\/www.uv.mx\/prensa\/wp-json\/wp\/v2\/categories?post=85972"},{"taxonomy":"post_tag","embeddable":true,"href":"https:\/\/www.uv.mx\/prensa\/wp-json\/wp\/v2\/tags?post=85972"}],"curies":[{"name":"wp","href":"https:\/\/api.w.org\/{rel}","templated":true}]}}