{"id":86088,"date":"2020-07-21T14:27:34","date_gmt":"2020-07-21T19:27:34","guid":{"rendered":"https:\/\/www.uv.mx\/prensa\/?p=86088"},"modified":"2020-07-22T10:00:22","modified_gmt":"2020-07-22T15:00:22","slug":"osx-comparte-en-facebook-el-video-veracruz","status":"publish","type":"post","link":"https:\/\/www.uv.mx\/prensa\/banner\/osx-comparte-en-facebook-el-video-veracruz\/","title":{"rendered":"OSX comparte en <em>Facebook<\/em> el video <em>Veracruz<\/em>"},"content":{"rendered":"<ul>\n<li><em>Con m\u00fasica de Agust\u00edn Lara, arreglo del maestro Mateo Oliva e interpretado de manera virtual por los integrantes del organismo sinf\u00f3nico, desde sus hogares<\/em><\/li>\n<li><em>La orquesta se mantiene unida a trav\u00e9s de la m\u00fasica, como una familia: Martin Lebel, director titular<\/em><\/li>\n<\/ul>\n<p>&nbsp;<\/p>\n<div class=\"fb-video\" data-href=\"https:\/\/www.facebook.com\/watch\/?v=565520364115537\" data-show-text=\"false\" data-width=\"\">\n<blockquote class=\"fb-xfbml-parse-ignore\" cite=\"https:\/\/developers.facebook.com\/OSXUV\/videos\/565520364115537\/\"><p><a href=\"https:\/\/developers.facebook.com\/OSXUV\/videos\/565520364115537\/\">Veracruz &#8211; Orquesta Sinf\u00f3nica de Xalapa<\/a><\/p>\n<p>La belleza de Veracruz es su gente, su cultura\u2026 su arte.<br \/>\nEn estos tiempos de incertidumbre y distanciamiento, en la Orquesta Sinf\u00f3nica de Xalapa nos mantenemos unidos como una sola familia bajo el estandarte y lenguaje m\u00e1s noble que tenemos: la m\u00fasica.<\/p>\n<p>Bajo la interpretaci\u00f3n de \u201cVeracruz\u201d de Agust\u00edn Lara, hoy m\u00e1s que nunca recordemos y difundamos juntos lo bello que es vivir en estas tierras veracruzanas.<\/p>\n<p>S\u00e9 parte de este mensaje y comp\u00e1rtelo con tus seres queridos.<\/p>\n<p>Publicado por <a href=\"https:\/\/www.facebook.com\/OSXUV\/\">Orquesta Sinf\u00f3nica de Xalapa<\/a> en Lunes, 20 de julio de 2020<\/p><\/blockquote>\n<\/div>\n<p>&nbsp;<\/p>\n<p>OSX realiz\u00f3 el video <em>Veracruz,<\/em> para animar los corazones de los veracruzanos<\/p>\n<p>&nbsp;<\/p>\n<p><strong><em>Paola Cort\u00e9s P\u00e9rez<\/em><\/strong><\/p>\n<p><strong><em>21\/07\/2020, Xalapa, Ver.-<\/em><\/strong> La <a href=\"https:\/\/www.orquestasinfonicadexalapa.com\/\" target=\"_blank\" rel=\"noopener noreferrer\">Orquesta Sinf\u00f3nica de Xalapa<\/a> (OSX) de la Universidad Veracruzana (UV), comparte el video <em>Veracruz OSX 2020<\/em>, con m\u00fasica de Agust\u00edn Lara y el arreglo del maestro Mateo Oliva, que puede ser visto por la comunidad universitaria y p\u00fablico en su <em>Facebook<\/em>.<\/p>\n<p>Ante estos momentos dif\u00edciles para todos, la OSX cree firmemente en que la m\u00fasica puede elevar el esp\u00edritu de las personas; por esta raz\u00f3n la OSX realiz\u00f3 el video <em>Veracruz<\/em>, de manera virtual desde sus casas.<\/p>\n<p>\u201cConsideramos que compartir nuestra m\u00fasica puede servir por unos momentos para animar nuestros corazones\u201d, por ello se invita a la comunidad universitaria y sociedad veracruzana a compartir este trabajo y contenido cultural en las redes sociales.<\/p>\n<p>El video puede ser consultado en <a href=\"https:\/\/www.facebook.com\/OSXUV\/videos\/565520364115537\/\">https:\/\/www.facebook.com\/OSXUV\/videos\/565520364115537\/.<\/a><\/p>\n","protected":false},"excerpt":{"rendered":"<p>Sus integrantes interpretaron la pieza de Agust\u00edn Lara, con arreglos de Mateo Oliva, de manera virtual desde sus casas<\/p>\n","protected":false},"author":1869,"featured_media":86091,"comment_status":"closed","ping_status":"closed","sticky":false,"template":"","format":"standard","meta":[],"categories":[61],"tags":[],"_links":{"self":[{"href":"https:\/\/www.uv.mx\/prensa\/wp-json\/wp\/v2\/posts\/86088"}],"collection":[{"href":"https:\/\/www.uv.mx\/prensa\/wp-json\/wp\/v2\/posts"}],"about":[{"href":"https:\/\/www.uv.mx\/prensa\/wp-json\/wp\/v2\/types\/post"}],"author":[{"embeddable":true,"href":"https:\/\/www.uv.mx\/prensa\/wp-json\/wp\/v2\/users\/1869"}],"replies":[{"embeddable":true,"href":"https:\/\/www.uv.mx\/prensa\/wp-json\/wp\/v2\/comments?post=86088"}],"version-history":[{"count":0,"href":"https:\/\/www.uv.mx\/prensa\/wp-json\/wp\/v2\/posts\/86088\/revisions"}],"wp:featuredmedia":[{"embeddable":true,"href":"https:\/\/www.uv.mx\/prensa\/wp-json\/wp\/v2\/media\/86091"}],"wp:attachment":[{"href":"https:\/\/www.uv.mx\/prensa\/wp-json\/wp\/v2\/media?parent=86088"}],"wp:term":[{"taxonomy":"category","embeddable":true,"href":"https:\/\/www.uv.mx\/prensa\/wp-json\/wp\/v2\/categories?post=86088"},{"taxonomy":"post_tag","embeddable":true,"href":"https:\/\/www.uv.mx\/prensa\/wp-json\/wp\/v2\/tags?post=86088"}],"curies":[{"name":"wp","href":"https:\/\/api.w.org\/{rel}","templated":true}]}}