{"id":86475,"date":"2020-08-18T14:46:03","date_gmt":"2020-08-18T19:46:03","guid":{"rendered":"https:\/\/www.uv.mx\/prensa\/?p=86475"},"modified":"2020-08-19T12:50:15","modified_gmt":"2020-08-19T17:50:15","slug":"unam-reconoce-aporte-de-uv-a-la-renies","status":"publish","type":"post","link":"https:\/\/www.uv.mx\/prensa\/banner\/unam-reconoce-aporte-de-uv-a-la-renies\/","title":{"rendered":"UNAM reconoce aporte de UV a la <em>Renies<\/em>\u00a0"},"content":{"rendered":"<ul>\n<li data-leveltext=\"\u25cf\" data-font=\"\" data-listid=\"1\" data-aria-posinset=\"1\" data-aria-level=\"1\"><i><span data-contrast=\"auto\">Inici\u00f3 este 17 de agosto la X Reuni\u00f3n Nacional de la Red Nacional de Inst<\/span><\/i><i><span data-contrast=\"auto\">ituciones de Educaci\u00f3n Superior<\/span><\/i><span data-ccp-props=\"{&quot;201341983&quot;:0,&quot;335559740&quot;:240}\">\u00a0<\/span><\/li>\n<li data-leveltext=\"\u25cf\" data-font=\"\" data-listid=\"1\" data-aria-posinset=\"2\" data-aria-level=\"1\"><i><span data-contrast=\"auto\">El rector Enrique <\/span><\/i><i><span data-contrast=\"auto\">Graue<\/span><\/i><i><span data-contrast=\"auto\"> y Lourdes Pacheco, coordinadora de la Red, destacaron el respaldo de la Universidad Veracruzana y su rectora Sara Ladr\u00f3n de Guevara<\/span><\/i><span data-ccp-props=\"{&quot;201341983&quot;:0,&quot;335559740&quot;:240}\">\u00a0<\/span><\/li>\n<\/ul>\n<p><span data-ccp-props=\"{&quot;201341983&quot;:0,&quot;335559740&quot;:240}\">\u00a0<\/span><\/p>\n<div id=\"attachment_86477\" style=\"width: 732px\" class=\"wp-caption aligncenter\"><a href=\"https:\/\/www.uv.mx\/prensa\/files\/2020\/08\/170820-DAVID-Reconoce-UNAM-aporte-UV-RENIES-1.jpg\"><img aria-describedby=\"caption-attachment-86477\" decoding=\"async\" loading=\"lazy\" class=\"size-full wp-image-86477\" src=\"https:\/\/www.uv.mx\/prensa\/files\/2020\/08\/170820-DAVID-Reconoce-UNAM-aporte-UV-RENIES-1.jpg\" alt=\"\" width=\"722\" height=\"465\" srcset=\"https:\/\/www.uv.mx\/prensa\/files\/2020\/08\/170820-DAVID-Reconoce-UNAM-aporte-UV-RENIES-1.jpg 722w, https:\/\/www.uv.mx\/prensa\/files\/2020\/08\/170820-DAVID-Reconoce-UNAM-aporte-UV-RENIES-1-300x193.jpg 300w\" sizes=\"(max-width: 722px) 100vw, 722px\" \/><\/a><p id=\"caption-attachment-86477\" class=\"wp-caption-text\">Ana Buquet, Lourdes Pacheco, Tamara Mart\u00ednez, Sara Ladr\u00f3n de Guevara y Enrique Graue inauguraron la X Reuni\u00f3n Nacional de la <em>Renies<\/em><\/p><\/div>\n<p><span data-ccp-props=\"{&quot;201341983&quot;:0,&quot;335559740&quot;:240}\">\u00a0<\/span><\/p>\n<p><span data-ccp-props=\"{&quot;201341983&quot;:0,&quot;335559740&quot;:240}\">\u00a0<\/span><\/p>\n<p><b><i><span data-contrast=\"auto\">David Sandoval Rodr\u00edguez<\/span><\/i><\/b><span data-ccp-props=\"{&quot;201341983&quot;:0,&quot;335559740&quot;:240}\">\u00a0<\/span><\/p>\n<p><b><i><span data-contrast=\"auto\">1<\/span><\/i><\/b><b><i><span data-contrast=\"auto\">8<\/span><\/i><\/b><b><i><span data-contrast=\"auto\">\/08\/20<\/span><\/i><\/b><b><i><span data-contrast=\"auto\">20,<\/span><\/i><\/b><b><i><span data-contrast=\"auto\"> Xalapa, Ver.-<\/span><\/i><\/b><span data-contrast=\"auto\"> El rector de la Universidad Nacional Aut\u00f3noma de M<\/span><span data-contrast=\"auto\">\u00e9xico (UNAM), Enrique <\/span><span data-contrast=\"auto\">Graue<\/span> <span data-contrast=\"auto\">Wiechers<\/span><span data-contrast=\"auto\">,<\/span><span data-contrast=\"auto\"> y Lourdes Pacheco Ladr\u00f3n de Guevara, coordinadora nacional de la Red Nacional de Instituciones de Educaci\u00f3n Superior (<\/span><i><span data-contrast=\"auto\">Renies<\/span><\/i><span data-contrast=\"auto\">), <\/span><span data-contrast=\"auto\">destacaron el respaldo de la <a href=\"https:\/\/www.uv.mx\/\" target=\"_blank\" rel=\"noopener noreferrer\">Universidad Veracruzana<\/a> (UV) y su rectora, Sara Ladr\u00f3n de Guevar<\/span><span data-contrast=\"auto\">a, para la consolidaci\u00f3n de la red.<\/span><span data-ccp-props=\"{&quot;201341983&quot;:0,&quot;335559740&quot;:240}\">\u00a0<\/span><\/p>\n<p><span data-contrast=\"auto\">As\u00ed lo expresaron al participar en la inauguraci\u00f3n de la X Reuni\u00f3n Nacional de la <\/span><i><span data-contrast=\"auto\">Renies<\/span><\/i><span data-contrast=\"auto\">, que se celebr\u00f3 por videoconferencia el lunes 17 de agosto y se transmiti\u00f3 por <\/span><i><span data-contrast=\"auto\">YouTube<\/span><\/i><span data-contrast=\"auto\"> y el sitio de <\/span><i><span data-contrast=\"auto\">Facebook<\/span><\/i><span data-contrast=\"auto\"> del Centro de Invest<\/span><span data-contrast=\"auto\">igaciones y Estudios de G\u00e9nero (CIEG) de la UNAM.<\/span><span data-ccp-props=\"{&quot;201341983&quot;:0,&quot;335559740&quot;:240}\">\u00a0<\/span><\/p>\n<p><span data-contrast=\"auto\">En su mensaje formal de inauguraci\u00f3n, <\/span><span data-contrast=\"auto\">Graue<\/span> <span data-contrast=\"auto\">Wiechers<\/span> <span data-contrast=\"auto\">se refiri\u00f3 <\/span><span data-contrast=\"auto\">a la Rectora de la UV como \u201cmujer valiente y distinguida, rectora magn\u00edfica y mujer admirable\u201d<\/span><span data-contrast=\"auto\">,<\/span><span data-contrast=\"auto\"> a la que <\/span><span data-contrast=\"auto\">envi\u00f3<\/span><span data-contrast=\"auto\"> un saludo inicial.<\/span><span data-ccp-props=\"{&quot;201341983&quot;:0,&quot;335559740&quot;:240}\">\u00a0<\/span><\/p>\n<p><span data-contrast=\"auto\">Puntualiz\u00f3 que<\/span><span data-contrast=\"auto\"> \u201cla igualdad es un derecho universitario que debemos hacer respetar todas y todos nosotros, indudablemente ser\u00e1 un espacio donde se podr\u00e1n compartir las experiencias de todas las instituciones de educaci\u00f3n <\/span><span data-contrast=\"auto\">superior y enriquecernos todos\u201d.<\/span><span data-ccp-props=\"{&quot;201341983&quot;:0,&quot;335559731&quot;:720,&quot;335559740&quot;:240}\">\u00a0<\/span><\/p>\n<p><span data-contrast=\"auto\">Al dirigir su me<\/span><span data-contrast=\"auto\">nsaje inaugural a los participantes, Lourdes Pacheco recalc\u00f3 la labor institucional<\/span><span data-contrast=\"auto\">,<\/span><span data-contrast=\"auto\"> as\u00ed como \u201clas acciones solidarias y <\/span><span data-contrast=\"auto\">sororas<\/span><span data-contrast=\"auto\"> (de sororidad) como las de la rectora Sara Ladr\u00f3n de Guevara, que ha sido un agente sumamente importante para que la red pudiese<\/span><span data-contrast=\"auto\"> ser consolidada y tuviese reconocimiento a nivel nacional, muchas gracias por ello\u201d.<\/span><span data-ccp-props=\"{&quot;201341983&quot;:0,&quot;335559731&quot;:720,&quot;335559740&quot;:240}\">\u00a0<\/span><\/p>\n<p><span data-contrast=\"auto\">De la misma forma, Tamara Mart\u00ednez Ruiz, titular de la Coordinaci\u00f3n de Igualdad de G\u00e9nero de la UNAM, e<\/span><span data-contrast=\"auto\">xpres\u00f3: \u201cBuena parte de las i<\/span><span data-contrast=\"auto\">nstituciones de <\/span><span data-contrast=\"auto\">e<\/span><span data-contrast=\"auto\">ducaci\u00f3n <\/span><span data-contrast=\"auto\">s<\/span><span data-contrast=\"auto\">uperior (IES) que hoy nos reunimos<\/span><span data-contrast=\"auto\"> tenemos logros significativos que compartir, como la creaci\u00f3n de estructuras, lo cierto es que los procesos de cambio en que nos encontramos han ocurrido en un complejo escenario pol\u00edtico que pone en tensi\u00f3n, por una parte, la<\/span><span data-contrast=\"auto\"> persistencia de pr\u00e1cticas patriarcales donde no se comprende la necesidad de construir sociedades igualitarias, y por otro, <\/span><span data-contrast=\"auto\">el crecimiento de una fuerza revitalizadora que nos muestra el <\/span><span data-contrast=\"auto\">pulso, la rabia y la capacidad de organizaci\u00f3n de las nuevas generaci<\/span><span data-contrast=\"auto\">ones, en especial de las estudiantes y de las mujeres j\u00f3venes\u201d.<\/span><span data-ccp-props=\"{&quot;201341983&quot;:0,&quot;335559731&quot;:720,&quot;335559740&quot;:240}\">\u00a0<\/span><\/p>\n<p><span data-contrast=\"auto\">Ana <\/span><span data-contrast=\"auto\">Buquet<\/span> <span data-contrast=\"auto\">Corleto<\/span><span data-contrast=\"auto\">, d<\/span><span data-contrast=\"auto\">irectora del CIEG, dio<\/span><span data-contrast=\"auto\"> la bienvenida al evento<\/span><span data-contrast=\"auto\"> y<\/span><span data-contrast=\"auto\"> se\u00f1al\u00f3 que los movimientos recientes de las estudiantes universitarias han hecho visibles los rez<\/span><span data-contrast=\"auto\">agos en las instituciones y en la sociedad en general, pero tambi\u00e9n han inyectado energ\u00eda a las pol\u00edticas de cambio en contra de la violencia.<\/span><span data-ccp-props=\"{&quot;201341983&quot;:0,&quot;335559731&quot;:720,&quot;335559740&quot;:240}\">\u00a0<\/span><\/p>\n<p><span data-contrast=\"auto\">Los eventos de la X Reuni\u00f3n Nacional de la <\/span><i><span data-contrast=\"auto\">Renies<\/span><\/i> <span data-contrast=\"auto\">se podr\u00e1n seguir virtualmente desde el sitio de <\/span><i><span data-contrast=\"auto\">Facebook<\/span><\/i><span data-contrast=\"auto\">: <\/span><a href=\"http:\/\/www.facebook.com\/CIEGUNAM\/\"><span data-contrast=\"none\">www.facebook.com<\/span><span data-contrast=\"none\">\/<\/span><span data-contrast=\"none\">CIEGUNAM\/<\/span><\/a><span data-contrast=\"auto\">.<\/span><span data-ccp-props=\"{&quot;201341983&quot;:0,&quot;335559731&quot;:720,&quot;335559740&quot;:240}\">\u00a0<\/span><\/p>\n<p>&nbsp;<\/p>\n<div id=\"attachment_86478\" style=\"width: 732px\" class=\"wp-caption aligncenter\"><a href=\"https:\/\/www.uv.mx\/prensa\/files\/2020\/08\/170820-DAVID-Reconoce-UNAM-aporte-UV-RENIES-2.jpg\"><img aria-describedby=\"caption-attachment-86478\" decoding=\"async\" loading=\"lazy\" class=\"size-full wp-image-86478\" src=\"https:\/\/www.uv.mx\/prensa\/files\/2020\/08\/170820-DAVID-Reconoce-UNAM-aporte-UV-RENIES-2.jpg\" alt=\"\" width=\"722\" height=\"406\" srcset=\"https:\/\/www.uv.mx\/prensa\/files\/2020\/08\/170820-DAVID-Reconoce-UNAM-aporte-UV-RENIES-2.jpg 722w, https:\/\/www.uv.mx\/prensa\/files\/2020\/08\/170820-DAVID-Reconoce-UNAM-aporte-UV-RENIES-2-300x169.jpg 300w\" sizes=\"(max-width: 722px) 100vw, 722px\" \/><\/a><p id=\"caption-attachment-86478\" class=\"wp-caption-text\">Lourdes Pacheco, coordinadora de la Red Nacional de Instituciones de Educaci\u00f3n Superior, expres\u00f3 su reconocimiento a la Rectora de la UV<\/p><\/div>\n","protected":false},"excerpt":{"rendered":"<p>El rector unamita Enrique Graue y Lourdes Pacheco, coordinadora de la Red, destacaron el respaldo de la Universidad Veracruzana y su rectora Sara Ladr\u00f3n de Guevara\u00a0<\/p>\n","protected":false},"author":1869,"featured_media":86476,"comment_status":"closed","ping_status":"closed","sticky":false,"template":"","format":"standard","meta":[],"categories":[61],"tags":[],"_links":{"self":[{"href":"https:\/\/www.uv.mx\/prensa\/wp-json\/wp\/v2\/posts\/86475"}],"collection":[{"href":"https:\/\/www.uv.mx\/prensa\/wp-json\/wp\/v2\/posts"}],"about":[{"href":"https:\/\/www.uv.mx\/prensa\/wp-json\/wp\/v2\/types\/post"}],"author":[{"embeddable":true,"href":"https:\/\/www.uv.mx\/prensa\/wp-json\/wp\/v2\/users\/1869"}],"replies":[{"embeddable":true,"href":"https:\/\/www.uv.mx\/prensa\/wp-json\/wp\/v2\/comments?post=86475"}],"version-history":[{"count":0,"href":"https:\/\/www.uv.mx\/prensa\/wp-json\/wp\/v2\/posts\/86475\/revisions"}],"wp:featuredmedia":[{"embeddable":true,"href":"https:\/\/www.uv.mx\/prensa\/wp-json\/wp\/v2\/media\/86476"}],"wp:attachment":[{"href":"https:\/\/www.uv.mx\/prensa\/wp-json\/wp\/v2\/media?parent=86475"}],"wp:term":[{"taxonomy":"category","embeddable":true,"href":"https:\/\/www.uv.mx\/prensa\/wp-json\/wp\/v2\/categories?post=86475"},{"taxonomy":"post_tag","embeddable":true,"href":"https:\/\/www.uv.mx\/prensa\/wp-json\/wp\/v2\/tags?post=86475"}],"curies":[{"name":"wp","href":"https:\/\/api.w.org\/{rel}","templated":true}]}}