{"id":86512,"date":"2020-08-19T08:00:53","date_gmt":"2020-08-19T13:00:53","guid":{"rendered":"https:\/\/www.uv.mx\/prensa\/?p=86512"},"modified":"2020-08-19T13:01:08","modified_gmt":"2020-08-19T18:01:08","slug":"vicerrector-de-orizaba-miembro-de-la-comision-de-evaluacion-de-la-pucpr","status":"publish","type":"post","link":"https:\/\/www.uv.mx\/prensa\/regiones\/orizaba\/vicerrector-de-orizaba-miembro-de-la-comision-de-evaluacion-de-la-pucpr\/","title":{"rendered":"Vicerrector de Orizaba, miembro de la Comisi\u00f3n de Evaluaci\u00f3n de la PUCPR"},"content":{"rendered":"<ul>\n<li data-leveltext=\"\uf0b7\" data-font=\"Symbol\" data-listid=\"1\" data-aria-posinset=\"1\" data-aria-level=\"1\"><span data-contrast=\"none\">Se dijo orgulloso de la oportunidad de participar en un \u00f3rgano extranjero que trabaja por la educaci\u00f3n superior y su mejora continua, \u201cas\u00ed como lo hacemos en la Universidad Veracruzana\u201d.<\/span><\/li>\n<\/ul>\n<div id=\"attachment_86513\" style=\"width: 732px\" class=\"wp-caption aligncenter\"><a href=\"https:\/\/www.uv.mx\/prensa\/files\/2020\/08\/170820-EDUARDO-Vicerrector-PUCPR-100k.jpg\"><img aria-describedby=\"caption-attachment-86513\" decoding=\"async\" loading=\"lazy\" class=\"size-full wp-image-86513\" src=\"https:\/\/www.uv.mx\/prensa\/files\/2020\/08\/170820-EDUARDO-Vicerrector-PUCPR-100k.jpg\" alt=\"Jos\u00e9 Eduardo Mart\u00ednez Canales, vicerrector de la regi\u00f3n Orizaba-C\u00f3rdoba de la Universidad Veracruzana \" width=\"722\" height=\"481\" srcset=\"https:\/\/www.uv.mx\/prensa\/files\/2020\/08\/170820-EDUARDO-Vicerrector-PUCPR-100k.jpg 722w, https:\/\/www.uv.mx\/prensa\/files\/2020\/08\/170820-EDUARDO-Vicerrector-PUCPR-100k-300x200.jpg 300w\" sizes=\"(max-width: 722px) 100vw, 722px\" \/><\/a><p id=\"caption-attachment-86513\" class=\"wp-caption-text\">Jos\u00e9 Eduardo Mart\u00ednez Canales, vicerrector de la regi\u00f3n Orizaba-C\u00f3rdoba de la Universidad Veracruzana<\/p><\/div>\n<p><b><i><span data-contrast=\"none\">Eduardo Ca\u00f1edo <\/span><\/i><\/b><b><i><span data-contrast=\"none\">Lom\u00e1n<\/span><\/i><\/b><span data-ccp-props=\"{&quot;201341983&quot;:0,&quot;335559739&quot;:160,&quot;335559740&quot;:240}\">\u00a0<\/span><\/p>\n<p><b><i><span data-contrast=\"none\">1<\/span><\/i><\/b><b><i><span data-contrast=\"none\">9<\/span><\/i><\/b><b><i><span data-contrast=\"none\">\/08\/2020, <\/span><\/i><\/b><b><i><span data-contrast=\"none\">Orizaba, <\/span><\/i><\/b><b><i><span data-contrast=\"none\">Ver.-<\/span><\/i><\/b> <span data-contrast=\"none\">Jos\u00e9 Eduardo Mart\u00ednez Canales, <\/span><a href=\"https:\/\/www.uv.mx\/orizaba\/\" target=\"_blank\" rel=\"noopener noreferrer\"><span data-contrast=\"none\">v<\/span><span data-contrast=\"none\">icerrector de la <\/span><span data-contrast=\"none\">regi\u00f3n Orizaba-C\u00f3rdoba<\/span><\/a> <span data-contrast=\"none\">de la <\/span><span data-contrast=\"none\">Universidad Veracruzana (UV), fue elegido como uno de los <\/span><span data-contrast=\"none\">10<\/span><span data-contrast=\"none\"> miembros de la Comi<\/span><span data-contrast=\"none\">si\u00f3n de Evaluaci\u00f3n (CPA) de la P<\/span><span data-contrast=\"none\">ontificia Universidad Cat\u00f3lica de Paran\u00e1 (PUCPR) de Brasil.<\/span><span data-ccp-props=\"{&quot;201341983&quot;:0,&quot;335559739&quot;:160,&quot;335559740&quot;:240}\">\u00a0<\/span><\/p>\n<p><span data-contrast=\"none\">Entre los objetivos de este \u00f3rgano interno destaca la elaboraci\u00f3n de un <\/span><span data-contrast=\"none\">p<\/span><span data-contrast=\"none\">lan de <\/span><span data-contrast=\"none\">e<\/span><span data-contrast=\"none\">valuaci\u00f3n <\/span><span data-contrast=\"none\">i<\/span><span data-contrast=\"none\">nstitucional, el an\u00e1lisis del proceso y los instrumentos de evaluaci\u00f3n interna para la mejora continua institucional, as\u00ed como dise\u00f1ar y coordinar estrategias y acciones para la consolidaci\u00f3n de la calidad.<\/span><span data-ccp-props=\"{&quot;201341983&quot;:0,&quot;335559731&quot;:708,&quot;335559739&quot;:160,&quot;335559740&quot;:240}\">\u00a0<\/span><\/p>\n<p><span data-contrast=\"none\">Cabe <\/span><span data-contrast=\"none\">mencionar<\/span><span data-contrast=\"none\"> que este nombramiento fue emitido por el <\/span><span data-contrast=\"none\">r<\/span><span data-contrast=\"none\">ector de dicha instituci\u00f3n, <\/span><span data-contrast=\"none\">Waldemi<\/span><span data-contrast=\"none\">ro<\/span> <span data-contrast=\"none\">Gremski<\/span><span data-contrast=\"none\">, quien design\u00f3 a <\/span><span data-contrast=\"none\">10<\/span><span data-contrast=\"none\"> miemb<\/span><span data-contrast=\"none\">ros que formar\u00edan la CPA, ocho de los cuales son integrantes de la PUCPR entre directivos, acad\u00e9micos y estudiantes, mientras que dos m\u00e1s son acad\u00e9micos externos<\/span><span data-contrast=\"none\">: <\/span><span data-contrast=\"none\">Jos\u00e9 Eduardo Mart\u00ednez <\/span><span data-contrast=\"none\">y <\/span><span data-contrast=\"none\">Rony <\/span><span data-contrast=\"none\">Ahlfeldt<\/span><span data-contrast=\"none\">, <\/span><span data-contrast=\"none\">d<\/span><span data-contrast=\"none\">irector de los Colegios Maristas de Brasilia.<\/span><span data-ccp-props=\"{&quot;201341983&quot;:0,&quot;335559731&quot;:708,&quot;335559739&quot;:160,&quot;335559740&quot;:240}\">\u00a0<\/span><\/p>\n<p><span data-contrast=\"none\">El Vicerrector de la UV declar\u00f3: \u201cEn 2019 realic\u00e9 una p<\/span><span data-contrast=\"none\">asant\u00eda por diferentes <\/span><span data-contrast=\"none\">u<\/span><span data-contrast=\"none\">niversidades de Chile, en el marco del curso <\/span><span data-contrast=\"none\">Gesti\u00f3n y Liderazgo Universitario<\/span><span data-contrast=\"none\">,<\/span><span data-contrast=\"none\"> de la Organizaci\u00f3n Universitaria Interamericana (OUI), tuve la oportunidad de colaborar con pares directivos y acad\u00e9micos de Colombia, Panam\u00e1, Costa Rica, Rep\u00fablica Dominicana, Brasil y Chile, por mencionar algunos<\/span><span data-contrast=\"none\">;<\/span><span data-contrast=\"none\"> de <\/span><span data-contrast=\"none\">ah\u00ed surgieron redes de colaboraci\u00f3n<\/span><span data-contrast=\"none\"> y es como reci<\/span><span data-contrast=\"none\">bo esta invitaci\u00f3n de la PUCPR.\u201d<\/span><span data-ccp-props=\"{&quot;201341983&quot;:0,&quot;335559731&quot;:708,&quot;335559739&quot;:160,&quot;335559740&quot;:240}\">\u00a0<\/span><\/p>\n<p><span data-contrast=\"none\">Asi<\/span><span data-contrast=\"none\">mismo<\/span><span data-contrast=\"none\">,<\/span><span data-contrast=\"none\"> se dijo orgulloso de la oportunidad de participar en un \u00f3rgano extranjero que trabaja por la educaci\u00f3n superior y su mejora continua, <\/span><span data-contrast=\"none\">\u201c<\/span><span data-contrast=\"none\">as\u00ed como lo hacemos en la Un<\/span><span data-contrast=\"none\">iversidad Veracruzana\u201d.<\/span><span data-ccp-props=\"{&quot;201341983&quot;:0,&quot;335559731&quot;:708,&quot;335559739&quot;:160,&quot;335559740&quot;:240}\">\u00a0<\/span><\/p>\n<p><span data-contrast=\"none\">Respecto <\/span><span data-contrast=\"none\">a esta experiencia que tendr\u00e1 lugar a partir de este periodo y hasta 2022<\/span><span data-contrast=\"none\">,<\/span><span data-contrast=\"none\"> se mostr\u00f3 convencido que ser\u00e1 una <\/span><span data-contrast=\"none\">gra<\/span><span data-contrast=\"none\">ta y enriquecedora experiencia<\/span><span data-contrast=\"none\">;<\/span><span data-contrast=\"none\"> destac<\/span><span data-contrast=\"none\">\u00f3 <\/span><span data-contrast=\"none\">que l<\/span><span data-contrast=\"none\">a evaluaci\u00f3n es una actividad necesaria y \u00fatil para consolidar la<\/span><span data-contrast=\"none\"> calidad con la que operan las i<\/span><span data-contrast=\"none\">nstituciones de <\/span><span data-contrast=\"none\">e<\/span><span data-contrast=\"none\">ducaci\u00f3n <\/span><span data-contrast=\"none\">s<\/span><span data-contrast=\"none\">uperior<\/span><span data-contrast=\"none\"> (IES)<\/span><span data-contrast=\"none\"> y <\/span><span data-contrast=\"none\">las organizaciones en general, adem\u00e1s de <\/span><span data-contrast=\"none\">verlo como una oportunidad para <\/span><span data-contrast=\"none\">aportar las mejores experiencias de la UV en beneficio de la PUCPR<\/span><span data-contrast=\"none\">.<\/span><span data-ccp-props=\"{&quot;201341983&quot;:0,&quot;335559731&quot;:708,&quot;335559739&quot;:160,&quot;335559740&quot;:240}\">\u00a0<\/span><\/p>\n<p><span data-contrast=\"none\">\u201c<\/span><span data-contrast=\"none\">C<\/span><span data-contrast=\"none\">ompartir <\/span><span data-contrast=\"none\">estrategias exitosas<\/span><span data-contrast=\"none\"> y<\/span><span data-contrast=\"none\"> contribuir con los dem\u00e1s <\/span><span data-contrast=\"none\">miembros sumar\u00e1 al trabajo que realizamos diariamente en UV<\/span><span data-contrast=\"none\">,<\/span><span data-contrast=\"none\"> pues conocer otros contextos y escenarios de la educaci\u00f3n superior siempre es otra<\/span> <span data-contrast=\"none\">forma de enriquecer el nuestro.\u201d<\/span><span data-ccp-props=\"{&quot;201341983&quot;:0,&quot;335559731&quot;:708,&quot;335559739&quot;:160,&quot;335559740&quot;:240}\">\u00a0<\/span><\/p>\n<p><span data-contrast=\"none\">De igual manera<\/span><span data-contrast=\"none\">,<\/span><span data-contrast=\"none\"> menci<\/span><span data-contrast=\"none\">on<\/span><span data-contrast=\"none\">\u00f3 los puntos de encuentro entre la educaci\u00f3n en M\u00e9xico y Brasil<\/span><span data-contrast=\"none\">,<\/span><span data-contrast=\"none\"> destac\u00f3 que las dimensiones contempladas por el Mi<\/span><span data-contrast=\"none\">nisterio de Educaci\u00f3n de<\/span><span data-contrast=\"none\">l pa\u00eds sudamericano <\/span><span data-contrast=\"none\">son coincid<\/span><span data-contrast=\"none\">entes con las que establece el g<\/span><span data-contrast=\"none\">obierno de M\u00e9xico, la Asociaci\u00f3n Nacional de Universidades e Instituciones de Educaci\u00f3n Superior (ANUIES) y por supuesto la U<\/span><span data-contrast=\"none\">V <\/span><span data-contrast=\"none\">a trav\u00e9s del Programa de Trabajo Estrat\u00e9gico 2017-2021 <\/span><span data-contrast=\"none\">\u201c<\/span><span data-contrast=\"none\">Pertenencia y <\/span><span data-contrast=\"none\">p<\/span><span data-contrast=\"none\">ertinencia<\/span><span data-contrast=\"none\">\u201d<\/span><span data-contrast=\"none\"> y del Plan General de Desarrollo 2030<\/span><span data-contrast=\"none\">.<\/span><span data-ccp-props=\"{&quot;201341983&quot;:0,&quot;335559731&quot;:708,&quot;335559739&quot;:160,&quot;335559740&quot;:240}\">\u00a0<\/span><\/p>\n<p><span data-contrast=\"none\">\u201c<\/span><span data-contrast=\"none\">L<\/span><span data-contrast=\"none\">a pertinencia de la oferta educativa y su actualizaci\u00f3n, la evaluaci\u00f3n y reconocimiento de la misma, la atenci\u00f3n oportuna y de calidad a los estudiantes, el desarrollo de nuestros acad\u00e9micos, la generaci\u00f3n y aplicaci\u00f3n del conocimiento, la responsabilidad social, la infraestructura f\u00edsica, tecnol\u00f3gica bibliotecaria y de comunicaci\u00f3n, la sostenibilidad financiera, la gobernanza, son temas prioritarios y comunes tanto para M\u00e9xico como para Brasil<\/span><span data-contrast=\"none\">;<\/span><span data-contrast=\"none\"> por supuesto la responsabilidad social abarca muchos otros como inclusi\u00f3n, sustentabilidad, el cuidado de la memoria y patrimonio cultural, el desarrollo econ\u00f3mico, etc<\/span><span data-contrast=\"none\">\u00e9tera<\/span><span data-contrast=\"none\">.<\/span><span data-contrast=\"none\">\u201d<\/span><span data-ccp-props=\"{&quot;201341983&quot;:0,&quot;335559731&quot;:708,&quot;335559739&quot;:160,&quot;335559740&quot;:240}\">\u00a0<\/span><\/p>\n<p><span data-contrast=\"none\">Consider\u00f3 adem\u00e1s que este nombramiento es resultado del trabajo desarrollado desde la <\/span><span data-contrast=\"none\">U<\/span><span data-contrast=\"none\">V, \u201cse trata de una muestra m\u00e1s del reconocimiento que la Universidad Veracruzana tiene en el extranjero, la visi\u00f3n de la Rectora para impulsar proyectos acad\u00e9micos estrat\u00e9gicos que adem\u00e1s de contribuir a<\/span><span data-contrast=\"none\"> nuestro desarrollo profesional<\/span><span data-contrast=\"none\"> detonar<\/span><span data-contrast=\"none\">\u00e1n tambi\u00e9n colaboraciones como \u00e9sta<\/span><span data-contrast=\"none\">\u201d.<\/span><span data-ccp-props=\"{&quot;201341983&quot;:0,&quot;335559731&quot;:708,&quot;335559739&quot;:160,&quot;335559740&quot;:240}\">\u00a0<\/span><\/p>\n<p><span data-contrast=\"none\">Para finalizar<\/span><span data-contrast=\"none\">,<\/span><span data-contrast=\"none\"> Mart\u00ednez Canales acot\u00f3 que el 6 de agosto se llev\u00f3 a cabo la primera reuni\u00f3n de la CPA, presidida por su <\/span><span data-contrast=\"none\">p<\/span><span data-contrast=\"none\">residen<\/span><span data-contrast=\"none\">te, Paulo Sergio <\/span><span data-contrast=\"none\">Macuchen<\/span> <span data-contrast=\"none\">Nogas<\/span><span data-contrast=\"none\">,<\/span><span data-contrast=\"none\"> a trav\u00e9s de la plataforma <\/span><i><span data-contrast=\"none\">Microsoft <\/span><\/i><i><span data-contrast=\"none\">Teams<\/span><\/i><span data-contrast=\"none\">;<\/span><span data-contrast=\"none\"> se celebr\u00f3 en su totalidad en lengua portuguesa<\/span><span data-contrast=\"none\"> y dijo:<\/span><span data-contrast=\"none\"> \u201c<\/span><span data-contrast=\"none\">E<\/span><span data-contrast=\"none\">stoy aprendiendo gracias a Jos\u00e9 Carlos P\u00e9rez Estrada, acad\u00e9mico del Centro de Idiomas C\u00f3rdoba con <\/span><span data-contrast=\"none\">certificaci\u00f3n en dicha lengua\u201d.<\/span><span data-ccp-props=\"{&quot;201341983&quot;:0,&quot;335559731&quot;:708,&quot;335559739&quot;:160,&quot;335559740&quot;:240}\">\u00a0<\/span><\/p>\n<p><span data-contrast=\"none\">El <\/span><span data-contrast=\"none\">trabajo se realizar\u00e1 de forma virtual <\/span><span data-contrast=\"none\">por<\/span><span data-contrast=\"none\"> la pandemia <\/span><span data-contrast=\"none\">Covid<\/span><span data-contrast=\"none\">-19<\/span><span data-contrast=\"none\">;<\/span><span data-contrast=\"none\"> no obstante, se tiene contemplado un trabajo <\/span><i><span data-contrast=\"none\">in situ<\/span><\/i><span data-contrast=\"none\"> para el <\/span><span data-contrast=\"none\">26 de agosto<\/span> <span data-contrast=\"none\">del <\/span><span data-contrast=\"none\">pr\u00f3ximo a\u00f1o, <\/span><span data-contrast=\"none\">cuando se lleve a cabo <\/span><span data-contrast=\"none\">la segunda reuni\u00f3n de la CPA.<\/span><span data-ccp-props=\"{&quot;201341983&quot;:0,&quot;335559731&quot;:708,&quot;335559739&quot;:160,&quot;335559740&quot;:240}\">\u00a0<\/span><\/p>\n","protected":false},"excerpt":{"rendered":"<p>Jos\u00e9 Eduardo Mart\u00ednez Canales fue elegido como uno de los 10 miembros de la Comisi\u00f3n de Evaluaci\u00f3n de la Pontificia Universidad Cat\u00f3lica de Paran\u00e1 de Brasil <\/p>\n","protected":false},"author":1775,"featured_media":86514,"comment_status":"closed","ping_status":"closed","sticky":false,"template":"","format":"standard","meta":[],"categories":[53,61],"tags":[],"_links":{"self":[{"href":"https:\/\/www.uv.mx\/prensa\/wp-json\/wp\/v2\/posts\/86512"}],"collection":[{"href":"https:\/\/www.uv.mx\/prensa\/wp-json\/wp\/v2\/posts"}],"about":[{"href":"https:\/\/www.uv.mx\/prensa\/wp-json\/wp\/v2\/types\/post"}],"author":[{"embeddable":true,"href":"https:\/\/www.uv.mx\/prensa\/wp-json\/wp\/v2\/users\/1775"}],"replies":[{"embeddable":true,"href":"https:\/\/www.uv.mx\/prensa\/wp-json\/wp\/v2\/comments?post=86512"}],"version-history":[{"count":0,"href":"https:\/\/www.uv.mx\/prensa\/wp-json\/wp\/v2\/posts\/86512\/revisions"}],"wp:featuredmedia":[{"embeddable":true,"href":"https:\/\/www.uv.mx\/prensa\/wp-json\/wp\/v2\/media\/86514"}],"wp:attachment":[{"href":"https:\/\/www.uv.mx\/prensa\/wp-json\/wp\/v2\/media?parent=86512"}],"wp:term":[{"taxonomy":"category","embeddable":true,"href":"https:\/\/www.uv.mx\/prensa\/wp-json\/wp\/v2\/categories?post=86512"},{"taxonomy":"post_tag","embeddable":true,"href":"https:\/\/www.uv.mx\/prensa\/wp-json\/wp\/v2\/tags?post=86512"}],"curies":[{"name":"wp","href":"https:\/\/api.w.org\/{rel}","templated":true}]}}