{"id":86571,"date":"2020-08-22T08:00:44","date_gmt":"2020-08-22T13:00:44","guid":{"rendered":"https:\/\/www.uv.mx\/prensa\/?p=86571"},"modified":"2020-08-24T14:11:56","modified_gmt":"2020-08-24T19:11:56","slug":"doctorado-en-ciencias-administrativas-refrendo-permanencia-en-el-pnpc-del-conacyt","status":"publish","type":"post","link":"https:\/\/www.uv.mx\/prensa\/banner\/doctorado-en-ciencias-administrativas-refrendo-permanencia-en-el-pnpc-del-conacyt\/","title":{"rendered":"Doctorado en Ciencias Administrativas refrend\u00f3 permanencia en el PNPC del <em>Conacyt<\/em>"},"content":{"rendered":"<ul>\n<li data-leveltext=\"\u25cf\" data-font=\"\" data-listid=\"1\" data-aria-posinset=\"1\" data-aria-level=\"1\"><i><span data-contrast=\"auto\">Por tercera ocasi\u00f3n, el Doctorado en Ciencias Administrativas y Gesti\u00f3n para el Desarrollo<\/span><\/i><i><span data-contrast=\"auto\">, adscrito a la Facultad de Contadur\u00eda y Administraci\u00f3n, logr\u00f3 su permanencia en el padr\u00f3n de calidad<\/span><\/i><span data-ccp-props=\"{&quot;201341983&quot;:0,&quot;335559740&quot;:240}\">\u00a0<\/span><\/li>\n<li data-leveltext=\"\u25cf\" data-font=\"\" data-listid=\"1\" data-aria-posinset=\"2\" data-aria-level=\"1\"><i><span data-contrast=\"auto\">Representa un logro de todos los colaboradores, los estu<\/span><\/i><i><span data-contrast=\"auto\">diantes y el n\u00facleo acad\u00e9mico, manifest\u00f3 C\u00e9sar Vega, coordinador del posgrado<\/span><\/i><span data-ccp-props=\"{&quot;201341983&quot;:0,&quot;335559740&quot;:240}\">\u00a0<\/span><\/li>\n<\/ul>\n<div id=\"attachment_86572\" style=\"width: 732px\" class=\"wp-caption aligncenter\"><a href=\"https:\/\/www.uv.mx\/prensa\/files\/2020\/08\/200820-DAVID-Refrenda-doctorado-FCA-permanencia-PNPC-1-100k.jpg\"><img aria-describedby=\"caption-attachment-86572\" decoding=\"async\" loading=\"lazy\" class=\"size-full wp-image-86572\" src=\"https:\/\/www.uv.mx\/prensa\/files\/2020\/08\/200820-DAVID-Refrenda-doctorado-FCA-permanencia-PNPC-1-100k.jpg\" alt=\"C\u00e9sar Vega, \u00c9dgar Juan Saucedo y la doctorante Iris Ariadna Landa, durante su participaci\u00f3n en un foro organizado en la Facultad de Econom\u00eda \" width=\"722\" height=\"542\" srcset=\"https:\/\/www.uv.mx\/prensa\/files\/2020\/08\/200820-DAVID-Refrenda-doctorado-FCA-permanencia-PNPC-1-100k.jpg 722w, https:\/\/www.uv.mx\/prensa\/files\/2020\/08\/200820-DAVID-Refrenda-doctorado-FCA-permanencia-PNPC-1-100k-300x225.jpg 300w\" sizes=\"(max-width: 722px) 100vw, 722px\" \/><\/a><p id=\"caption-attachment-86572\" class=\"wp-caption-text\">C\u00e9sar Vega, \u00c9dgar Juan Saucedo y la doctorante Iris Ariadna Landa, durante su participaci\u00f3n en un foro organizado en la Facultad de Econom\u00eda<\/p><\/div>\n<p><b><i><span data-contrast=\"auto\">David Sandoval Rodr\u00edguez<\/span><\/i><\/b><span data-ccp-props=\"{&quot;201341983&quot;:0,&quot;335559740&quot;:240}\">\u00a0<\/span><\/p>\n<p><b><i><span data-contrast=\"auto\">2<\/span><\/i><\/b><b><i><span data-contrast=\"auto\">2<\/span><\/i><\/b><b><i><span data-contrast=\"auto\">\/08\/20<\/span><\/i><\/b><b><i><span data-contrast=\"auto\">20,<\/span><\/i><\/b><b><i><span data-contrast=\"auto\"> Xalapa, Ver.-<\/span><\/i><\/b><span data-contrast=\"auto\"> El Doctorado en Ciencias Administrativas y Gesti\u00f3n para el Desarrollo (DOCAG), con sede en la <a href=\"https:\/\/www.uv.mx\/fca\/\" target=\"_blank\" rel=\"noopener noreferrer\">Facultad de Contadur\u00eda y Administr<\/a><\/span><span data-contrast=\"auto\">aci\u00f3n (FCA) de la Universidad Veracruzana (UV), refrend\u00f3 su permanencia en el Padr\u00f3n Nacional de Posgrados de Calidad (PNPC) del Consejo Nacional de Ciencia y Tecnolog\u00eda (<\/span><i><span data-contrast=\"auto\">Conacyt<\/span><\/i><span data-contrast=\"auto\">).<\/span><span data-ccp-props=\"{&quot;201341983&quot;:0,&quot;335559740&quot;:240}\">\u00a0<\/span><\/p>\n<p><span data-contrast=\"auto\">C\u00e9sar Vega Z\u00e1rate, acad\u00e9mico<\/span><span data-contrast=\"auto\"> y coordinador de<\/span><span data-contrast=\"auto\">l posgrado<\/span><span data-contrast=\"auto\">, calific\u00f3 este re<\/span><span data-contrast=\"auto\">sultado como un logro institucional, porque desde su creaci\u00f3n en 2011 y desde el inicio de clases en 2012 ingres\u00f3 en el PNPC.<\/span><span data-ccp-props=\"{&quot;201341983&quot;:0,&quot;335559731&quot;:720,&quot;335559740&quot;:240}\">\u00a0<\/span><\/p>\n<p><span data-contrast=\"auto\">\u201cLo destacable es la permanencia, porque es el tercer refrendo que tenemos sin haber salido del programa, representa un logro de t<\/span><span data-contrast=\"auto\">odos los colaboradores, los estudiantes y el n\u00facleo acad\u00e9mico, que nos permite posicionarnos como un doctorado en el \u00e1rea de investigaci\u00f3n de las ciencias administrativas con reconocimiento <\/span><span data-contrast=\"auto\">en nuestra regi\u00f3n\u201d, puntualiz\u00f3.<\/span><span data-ccp-props=\"{&quot;201341983&quot;:0,&quot;335559731&quot;:720,&quot;335559740&quot;:240}\">\u00a0<\/span><\/p>\n<p><span data-contrast=\"auto\">Los resultados obtenidos respecto<\/span><span data-contrast=\"auto\"> a la inserci\u00f3n laboral formaron parte de los indicadores evaluados y<\/span><span data-contrast=\"auto\">,<\/span><span data-contrast=\"auto\"> dado que el perfil del doctorado es <\/span><span data-contrast=\"auto\">100<\/span><span data-contrast=\"auto\"> por ciento orientado a la investigaci\u00f3n, se pudo constatar que gran parte de los egresados est\u00e1n dedicados a la investigaci\u00f3n tanto en el sector<\/span><span data-contrast=\"auto\"> p\u00fablico<\/span> <span data-contrast=\"auto\">\u2013<\/span><span data-contrast=\"auto\">ocupando cargos a nivel estatal y regional<\/span><span data-contrast=\"auto\">\u2013<\/span><span data-contrast=\"auto\"> como en el sector privado, lo que se convierte en un referente del impacto social.<\/span><span data-ccp-props=\"{&quot;201341983&quot;:0,&quot;335559731&quot;:720,&quot;335559740&quot;:240}\">\u00a0<\/span><\/p>\n<p><span data-contrast=\"auto\">\u201cA la fecha son tres generaciones de egresados que han cumplido con los<\/span><span data-contrast=\"auto\"> \u00edndices de eficiencia terminal<\/span><span data-contrast=\"auto\">\u201d<\/span><span data-contrast=\"auto\">;<\/span><span data-contrast=\"auto\"> agreg\u00f3 el coordinador, \u201c<\/span><span data-contrast=\"auto\">el doctorado tiene su n\u00facleo b\u00e1sico, pero <\/span><span data-contrast=\"auto\">hemos hecho invitaci\u00f3n a otros profesores para que den asesor\u00edas o participen de los talleres, algunos son directores de tesis y e<\/span><span data-contrast=\"auto\">stamos abriendo opciones a nuevas formas de investigaci\u00f3n\u201d.<\/span><span data-ccp-props=\"{&quot;201341983&quot;:0,&quot;335559731&quot;:720,&quot;335559740&quot;:240}\">\u00a0<\/span><\/p>\n<p><span data-contrast=\"auto\">Asimismo, en actividades como la presentaci\u00f3n de avances de investigaciones doctorales se invita a los alumnos de licenciatura<\/span><span data-contrast=\"auto\">, con el<\/span> <span data-contrast=\"auto\">fin de mostrarles y motivarlos para continuar su formaci\u00f3n.<\/span> <span data-contrast=\"auto\">De igua<\/span><span data-contrast=\"auto\">l forma<\/span><span data-contrast=\"auto\">,<\/span><span data-contrast=\"auto\"> algunos estudiantes de doctorado han impartido c\u00e1tedra en la <\/span><span data-contrast=\"auto\">F<\/span><span data-contrast=\"auto\">acultad, fomentando as\u00ed la vinculaci\u00f3n.<\/span><span data-ccp-props=\"{&quot;201341983&quot;:0,&quot;335559731&quot;:720,&quot;335559740&quot;:240}\">\u00a0<\/span><\/p>\n<p><span data-contrast=\"auto\">Vega Z\u00e1rate consider\u00f3 que una de las fortalezas para el refrendo fue la modificaci\u00f3n al plan de estudios en 2018, con una nueva estructura que<\/span><span data-contrast=\"auto\"> fortaleci\u00f3 aspectos como las l\u00edneas de investigaci\u00f3n, con seminarios; tambi\u00e9n se fortaleci\u00f3 la movilidad que ya tiene valor crediticio pero se ven\u00eda realizando con anterioridad.<\/span><span data-ccp-props=\"{&quot;201341983&quot;:0,&quot;335559731&quot;:720,&quot;335559740&quot;:240}\">\u00a0<\/span><\/p>\n<p><span data-contrast=\"auto\">Adem\u00e1s hubo una mejora en los procesos internos en cuanto a la selecci\u00f3n de a<\/span><span data-contrast=\"auto\">spirantes, los ex\u00e1menes de competencias y la c<\/span><span data-contrast=\"auto\">ertificaci\u00f3n de lengua inglesa.<\/span><\/p>\n<div id=\"attachment_86573\" style=\"width: 732px\" class=\"wp-caption aligncenter\"><a href=\"https:\/\/www.uv.mx\/prensa\/files\/2020\/08\/200820-DAVID-Refrenda-doctorado-FCA-permanencia-PNPC-2-100k.jpg\"><img aria-describedby=\"caption-attachment-86573\" decoding=\"async\" loading=\"lazy\" class=\"size-full wp-image-86573\" src=\"https:\/\/www.uv.mx\/prensa\/files\/2020\/08\/200820-DAVID-Refrenda-doctorado-FCA-permanencia-PNPC-2-100k.jpg\" alt=\"Acad\u00e9micos del doctorado: Giovanna Mazzotti, Alejandro Salda\u00f1a, Silvia M\u00e9ndez, Jer\u00f3nimo Ric\u00e1rdez, director de la FCA, Mar\u00eda Teresa Montalvo\" width=\"722\" height=\"542\" srcset=\"https:\/\/www.uv.mx\/prensa\/files\/2020\/08\/200820-DAVID-Refrenda-doctorado-FCA-permanencia-PNPC-2-100k.jpg 722w, https:\/\/www.uv.mx\/prensa\/files\/2020\/08\/200820-DAVID-Refrenda-doctorado-FCA-permanencia-PNPC-2-100k-300x225.jpg 300w\" sizes=\"(max-width: 722px) 100vw, 722px\" \/><\/a><p id=\"caption-attachment-86573\" class=\"wp-caption-text\">Acad\u00e9micos del doctorado: Giovanna Mazzotti, Alejandro Salda\u00f1a, Silvia M\u00e9ndez, Jer\u00f3nimo Ric\u00e1rdez, director de la FCA, Mar\u00eda Teresa Montalvo<\/p><\/div>\n<p><span data-contrast=\"auto\">Por otro lado, <\/span><span data-contrast=\"auto\">reconoci\u00f3<\/span><span data-contrast=\"auto\">:<\/span> <span data-contrast=\"auto\">\u201c<\/span><span data-contrast=\"auto\">U<\/span><span data-contrast=\"auto\">n reto que tenemos, no s\u00f3lo en el programa sino planteado por el <\/span><i><span data-contrast=\"auto\">Conacyt<\/span><\/i><span data-contrast=\"auto\">, es<\/span><span data-contrast=\"auto\"> orientar a los futuros investigadores para generar impacto so<\/span><span data-contrast=\"auto\">cial, proyectando sus resultados a trav\u00e9s de participaci\u00f3n en cap\u00edtulos de libro y en revistas indexadas a nivel internacional\u201d.<\/span><span data-ccp-props=\"{&quot;201341983&quot;:0,&quot;335559731&quot;:720,&quot;335559740&quot;:240}\">\u00a0<\/span><\/p>\n<p><span data-contrast=\"auto\">Hace dos a\u00f1os, en el refrendo anterior, pasaron del nivel \u201cde nueva creaci\u00f3n\u201d a \u201cen desarrollo\u201d dentro del PNPC, categor\u00eda que <\/span><span data-contrast=\"auto\">se ha mantenido en esta ocasi\u00f3n.<\/span><span data-ccp-props=\"{&quot;201341983&quot;:0,&quot;335559731&quot;:720,&quot;335559740&quot;:240}\">\u00a0<\/span><\/p>\n<p><span data-contrast=\"auto\">\u201cE<\/span><span data-contrast=\"auto\">s muy grato <\/span><span data-contrast=\"auto\">p<\/span><span data-contrast=\"auto\">ermanecer<\/span><span data-contrast=\"auto\"> pues<\/span> <span data-contrast=\"auto\">confirma que estamos trabajando y <\/span><span data-contrast=\"auto\">esperamos que <\/span><span data-contrast=\"auto\">los resultados <\/span><span data-contrast=\"auto\">sean de impacto para la sociedad.<\/span><span data-contrast=\"auto\"> E<\/span><span data-contrast=\"auto\">s un reto que <\/span><i><span data-contrast=\"auto\">Conacyt<\/span><\/i><span data-contrast=\"auto\"> nos marca y<\/span><span data-contrast=\"auto\"> que nosotros <\/span><span data-contrast=\"auto\">estamos esperando<\/span><span data-contrast=\"auto\">\u201d, afirm\u00f3 el docente.<\/span><span data-ccp-props=\"{&quot;201341983&quot;:0,&quot;335559731&quot;:720,&quot;335559740&quot;:240}\">\u00a0<\/span><\/p>\n<p><span data-contrast=\"auto\">Con miras a fortalecer la vinculaci\u00f3n, a partir de planes estrat\u00e9gicos se impulsa que los proyectos de investigaci\u00f3n faciliten la realizaci\u00f3n de convenios con los<\/span><span data-contrast=\"auto\"> sectores<\/span><span data-contrast=\"auto\"> privado y <\/span><span data-contrast=\"auto\">gubernamental, definido como el inter\u00e9s princ<\/span><span data-contrast=\"auto\">ipal hoy en d\u00eda del doctorado.<\/span><span data-ccp-props=\"{&quot;201341983&quot;:0,&quot;335559731&quot;:720,&quot;335559740&quot;:240}\">\u00a0<\/span><\/p>\n<p><span data-contrast=\"auto\">En este rubro se trabaja en formalizar un convenio con la Universidad de La Habana,<\/span><span data-contrast=\"auto\"> en Cuba,<\/span><span data-contrast=\"auto\"> y otras acciones que fortalecer\u00e1n al posgrado.<\/span><span data-ccp-props=\"{&quot;201341983&quot;:0,&quot;335559731&quot;:720,&quot;335559740&quot;:240}\">\u00a0<\/span><\/p>\n<p><span data-contrast=\"auto\">C\u00e9sar <\/span><span data-contrast=\"auto\">Vega <\/span><span data-contrast=\"auto\">reconoci\u00f3 que la permanencia <\/span><span data-contrast=\"auto\">del doctorado <\/span><span data-contrast=\"auto\">dentro del PNPC <\/span><span data-contrast=\"auto\">significa \u201cun orgullo porque <\/span><span data-contrast=\"auto\">adem\u00e1s de que nos brinda un valor adicional, se trabaja con par\u00e1metros directamente vinculados con el desarrollo\u201d.<\/span><span data-ccp-props=\"{&quot;201341983&quot;:0,&quot;335559731&quot;:720,&quot;335559740&quot;:240}\">\u00a0<\/span><\/p>\n<p><span data-contrast=\"auto\">Tambi\u00e9n <\/span><span data-contrast=\"auto\">significa \u201cun compromiso porque implica trabajar directamente con los <\/span><span data-contrast=\"auto\">tesistas<\/span><span data-contrast=\"auto\">, lo que conllev<\/span><span data-contrast=\"auto\">a un trabajo continuo;<\/span> <span data-contrast=\"auto\">a nivel F<\/span><span data-contrast=\"auto\">acultad<\/span><span data-contrast=\"auto\"> tambi\u00e9n hay un orgullo porque tres de los cuatro posgrados adscritos a la misma est\u00e1n dentro del PNPC, esto porque uno es de reciente creaci\u00f3n y seguramente ingresar\u00e1 tambi\u00e9n\u201d.<\/span><span data-ccp-props=\"{&quot;201341983&quot;:0,&quot;335559731&quot;:720,&quot;335559740&quot;:240}\">\u00a0<\/span><\/p>\n<p><span data-contrast=\"auto\">Finalmente,<\/span><span data-contrast=\"auto\"> recalc\u00f3 que a la UV le otorga un reconocimiento no s\u00f3<\/span><span data-contrast=\"auto\">lo regional sino nacional,<\/span><span data-contrast=\"auto\"> es <\/span><span data-contrast=\"auto\">un referente que atrae <\/span><span data-contrast=\"auto\">capital humano y genera as\u00ed mayor investigaci\u00f3n a nivel doctorado.<\/span><span data-ccp-props=\"{&quot;201341983&quot;:0,&quot;335559731&quot;:720,&quot;335559740&quot;:240}\">\u00a0<\/span><\/p>\n","protected":false},"excerpt":{"rendered":"<p>Desde su creaci\u00f3n en 2011 y desde el inicio de clases en 2012, ingres\u00f3 al Padr\u00f3n Nacional de Posgrados de Calidad, destac\u00f3 el coordinador C\u00e9sar Vega Z\u00e1rate <\/p>\n","protected":false},"author":1775,"featured_media":86574,"comment_status":"closed","ping_status":"closed","sticky":false,"template":"","format":"standard","meta":[],"categories":[61],"tags":[],"_links":{"self":[{"href":"https:\/\/www.uv.mx\/prensa\/wp-json\/wp\/v2\/posts\/86571"}],"collection":[{"href":"https:\/\/www.uv.mx\/prensa\/wp-json\/wp\/v2\/posts"}],"about":[{"href":"https:\/\/www.uv.mx\/prensa\/wp-json\/wp\/v2\/types\/post"}],"author":[{"embeddable":true,"href":"https:\/\/www.uv.mx\/prensa\/wp-json\/wp\/v2\/users\/1775"}],"replies":[{"embeddable":true,"href":"https:\/\/www.uv.mx\/prensa\/wp-json\/wp\/v2\/comments?post=86571"}],"version-history":[{"count":0,"href":"https:\/\/www.uv.mx\/prensa\/wp-json\/wp\/v2\/posts\/86571\/revisions"}],"wp:featuredmedia":[{"embeddable":true,"href":"https:\/\/www.uv.mx\/prensa\/wp-json\/wp\/v2\/media\/86574"}],"wp:attachment":[{"href":"https:\/\/www.uv.mx\/prensa\/wp-json\/wp\/v2\/media?parent=86571"}],"wp:term":[{"taxonomy":"category","embeddable":true,"href":"https:\/\/www.uv.mx\/prensa\/wp-json\/wp\/v2\/categories?post=86571"},{"taxonomy":"post_tag","embeddable":true,"href":"https:\/\/www.uv.mx\/prensa\/wp-json\/wp\/v2\/tags?post=86571"}],"curies":[{"name":"wp","href":"https:\/\/api.w.org\/{rel}","templated":true}]}}