{"id":86712,"date":"2020-08-26T08:00:24","date_gmt":"2020-08-26T13:00:24","guid":{"rendered":"https:\/\/www.uv.mx\/prensa\/?p=86712"},"modified":"2020-08-27T13:01:44","modified_gmt":"2020-08-27T18:01:44","slug":"difusion-cultural-reforzara-formacion-artistica-con-tres-diplomados","status":"publish","type":"post","link":"https:\/\/www.uv.mx\/prensa\/general\/difusion-cultural-reforzara-formacion-artistica-con-tres-diplomados\/","title":{"rendered":"Difusi\u00f3n Cultural reforzar\u00e1 formaci\u00f3n art\u00edstica con tres diplomados"},"content":{"rendered":"<ul>\n<li data-leveltext=\"\uf0b7\" data-font=\"Symbol\" data-listid=\"5\" data-aria-posinset=\"1\" data-aria-level=\"1\"><i><span data-contrast=\"none\">Ser\u00e1n impartidos de septiembre a diciembre por m\u00fasicos, bailarines y directivos adscritos a esta dependencia universitaria<\/span><\/i><i><span data-contrast=\"none\">\u00a0<\/span><\/i><span data-ccp-props=\"{}\">\u00a0<\/span><\/li>\n<li data-leveltext=\"\uf0b7\" data-font=\"Symbol\" data-listid=\"5\" data-aria-posinset=\"2\" data-aria-level=\"1\"><i><span data-contrast=\"none\">Las convocatorias y requisitos de cada uno de ellos se encuentran disponibles en la <\/span><\/i><a href=\"https:\/\/www.uv.mx\/difusioncultural\/general\/difusion-cultural-uv-fortalece-la-formacion-academica-a-traves-de-diplomados\/\"><i><span data-contrast=\"none\">p\u00e1gina <\/span><\/i><span data-contrast=\"none\">web <\/span><i><span data-contrast=\"none\">de la DGDG<\/span><\/i><\/a><span data-ccp-props=\"{}\">\u00a0<\/span><\/li>\n<\/ul>\n<div id=\"attachment_86713\" style=\"width: 732px\" class=\"wp-caption aligncenter\"><a href=\"https:\/\/www.uv.mx\/prensa\/files\/2020\/08\/260820-DGDC-1-100k.jpg\"><img aria-describedby=\"caption-attachment-86713\" decoding=\"async\" loading=\"lazy\" class=\"size-full wp-image-86713\" src=\"https:\/\/www.uv.mx\/prensa\/files\/2020\/08\/260820-DGDC-1-100k.jpg\" alt=\"El Diplomado en Danza Folkl\u00f3rica est\u00e1 dirigido a m\u00fasicos y p\u00fablico en general con conocimientos, habilidades y experiencia en la ejecuci\u00f3n musical \" width=\"722\" height=\"509\" srcset=\"https:\/\/www.uv.mx\/prensa\/files\/2020\/08\/260820-DGDC-1-100k.jpg 722w, https:\/\/www.uv.mx\/prensa\/files\/2020\/08\/260820-DGDC-1-100k-300x211.jpg 300w\" sizes=\"(max-width: 722px) 100vw, 722px\" \/><\/a><p id=\"caption-attachment-86713\" class=\"wp-caption-text\">El Diplomado en Danza Folkl\u00f3rica est\u00e1 dirigido a m\u00fasicos y p\u00fablico en general con conocimientos, habilidades y experiencia en la ejecuci\u00f3n musical<\/p><\/div>\n<p><b><i><span data-contrast=\"none\">Carlos Hugo Hermida Rosales<\/span><\/i><\/b><span data-ccp-props=\"{}\">\u00a0<\/span><\/p>\n<p><b><i><span data-contrast=\"none\">2<\/span><\/i><\/b><b><i><span data-contrast=\"none\">6<\/span><\/i><\/b><b><i><span data-contrast=\"none\">\/08\/<\/span><\/i><\/b><b><i><span data-contrast=\"none\">2020<\/span><\/i><\/b><b><i><span data-contrast=\"none\">,<\/span><\/i><\/b> <b><i><span data-contrast=\"none\">Xalapa, <\/span><\/i><\/b><b><i><span data-contrast=\"none\">Ver.<\/span><\/i><\/b><b><i><span data-contrast=\"none\">&#8211;<\/span><\/i><\/b> <span data-contrast=\"none\">La <a href=\"https:\/\/www.uv.mx\/difusioncultural\/\" target=\"_blank\" rel=\"noopener noreferrer\">Direcci\u00f3n General de Difusi\u00f3n Cultural <\/a><\/span><span data-contrast=\"none\">(DGDC) <\/span><span data-contrast=\"none\">de <\/span><span data-contrast=\"none\">la Universidad Veracruzana (UV)<\/span> <span data-contrast=\"none\">realizar\u00e1 en jornadas sabatina<\/span><span data-contrast=\"none\">s<\/span><span data-contrast=\"none\">,<\/span> <span data-contrast=\"none\">durante los meses de septiembre a diciembre<\/span><span data-contrast=\"none\">,<\/span><span data-contrast=\"none\"> los diplomados en Danza Folkl\u00f3rica Mexicana, <\/span><span data-contrast=\"none\">Gesti\u00f3n y Administraci\u00f3n de Proyectos Culturales<\/span><span data-contrast=\"none\">,<\/span><span data-contrast=\"none\"> y en M\u00fasica Folkl\u00f3rica en Son Jarocho, Huasteco y Mariachi.<\/span><span data-ccp-props=\"{}\">\u00a0<\/span><\/p>\n<p><span data-contrast=\"none\">Estas capacitaciones<\/span><span data-contrast=\"none\">,<\/span> <span data-contrast=\"none\">cuyo cupo es limitado a 15 asistentes, <\/span><span data-contrast=\"none\">se impartir\u00e1n <\/span><span data-contrast=\"none\">de manera <\/span><span data-contrast=\"none\">semi<\/span><span data-contrast=\"none\">presencial y virtual <\/span><span data-contrast=\"none\">y tendr\u00e1n una duraci\u00f3n de 120 horas; contar\u00e1n con valor curricular con <\/span><span data-contrast=\"none\">registro ante el <\/span><span data-contrast=\"none\">D<\/span><span data-contrast=\"none\">epartamento de Educaci\u00f3n Continua de la Direcci\u00f3n General de Desarrollo Acad\u00e9mico e Innovaci\u00f3n Educativa de la UV.\u00a0<\/span><span data-ccp-props=\"{&quot;335559731&quot;:708}\">\u00a0<\/span><\/p>\n<p><span data-contrast=\"none\">El <\/span><span data-contrast=\"none\">D<\/span><span data-contrast=\"none\">iplo<\/span><span data-contrast=\"none\">mado <\/span><span data-contrast=\"none\">en <\/span><span data-contrast=\"none\">M\u00fasica Folkl\u00f3rica est\u00e1 dirigido a m\u00fasicos y p\u00fablico en general con conocimientos, habilidades y experiencia en la ejecuci\u00f3n <\/span><span data-contrast=\"none\">musical<\/span><span data-contrast=\"none\"> aplicable a<\/span> <span data-contrast=\"none\">viol\u00edn, arpa, jarana<\/span><span data-contrast=\"none\">s jarocha y <\/span><span data-contrast=\"none\">huasteca, <\/span><span data-contrast=\"none\">huapanguer<\/span><span data-contrast=\"none\">a<\/span><span data-contrast=\"none\">, requinto jarocho, vihuela<\/span><span data-contrast=\"none\">, guitarra, guitarr\u00f3n, contrabajo, <\/span><span data-contrast=\"none\">y <\/span><span data-contrast=\"none\">bajo<\/span><span data-contrast=\"none\">s<\/span><span data-contrast=\"none\"> ac\u00fastico<\/span><span data-contrast=\"none\"> y el\u00e9ctrico.<\/span><span data-ccp-props=\"{&quot;335559731&quot;:708}\">\u00a0<\/span><\/p>\n<p><span data-contrast=\"none\">Tiene por objetivo actualizar al <\/span><span data-contrast=\"none\">m\u00fasico con herramientas te\u00f3rico-<\/span><span data-contrast=\"none\">pr\u00e1cticas que le permitan preservar y difundir las costumbres y tradiciones a trav\u00e9s de la m\u00fasica folkl\u00f3rica mexicana, adem\u00e1s de brindarle una experiencia que potencie y sistematice su desempe\u00f1o art\u00edstico en la ejecuci\u00f3n.<\/span><\/p>\n<div id=\"attachment_86714\" style=\"width: 732px\" class=\"wp-caption aligncenter\"><a href=\"https:\/\/www.uv.mx\/prensa\/files\/2020\/08\/260820-DGDC-2-100k.jpg\"><img aria-describedby=\"caption-attachment-86714\" decoding=\"async\" loading=\"lazy\" class=\"size-full wp-image-86714\" src=\"https:\/\/www.uv.mx\/prensa\/files\/2020\/08\/260820-DGDC-2-100k.jpg\" alt=\"El Diplomado en M\u00fasica Folkl\u00f3rica busca difundir costumbres y tradiciones mexicanas \" width=\"722\" height=\"509\" srcset=\"https:\/\/www.uv.mx\/prensa\/files\/2020\/08\/260820-DGDC-2-100k.jpg 722w, https:\/\/www.uv.mx\/prensa\/files\/2020\/08\/260820-DGDC-2-100k-300x211.jpg 300w\" sizes=\"(max-width: 722px) 100vw, 722px\" \/><\/a><p id=\"caption-attachment-86714\" class=\"wp-caption-text\">El Diplomado en M\u00fasica Folkl\u00f3rica busca difundir costumbres y tradiciones mexicanas<\/p><\/div>\n<p><span data-contrast=\"none\">Por su parte<\/span><span data-contrast=\"none\">,<\/span><span data-contrast=\"none\"> el <\/span><span data-contrast=\"none\">D<\/span><span data-contrast=\"none\">iplomado <\/span><span data-contrast=\"none\">en <\/span><span data-contrast=\"none\">Gesti\u00f3n y Administraci\u00f3n de <\/span><span data-contrast=\"none\">Proyectos C<\/span><span data-contrast=\"none\">ulturales est\u00e1 pensado para artistas, gestores, administradores y p\u00fablico en general que desarrolle<\/span><span data-contrast=\"none\">n<\/span><span data-contrast=\"none\"> una actividad profesional y deseen ampliar su formaci\u00f3n en \u00e1reas clave de la <\/span><span data-contrast=\"none\">direcci\u00f3n <\/span><span data-contrast=\"none\">cultural.<\/span><span data-ccp-props=\"{&quot;335559731&quot;:708}\">\u00a0<\/span><\/p>\n<p><span data-contrast=\"none\">Su finalidad es brindar las competencias necesarias en las diversas \u00e1reas de la gesti\u00f3n y administraci\u00f3n de proyectos culturales desde su incubaci\u00f3n, planeaci\u00f3n, desarrollo, seguimiento y evaluaci\u00f3n, con una perspectiva de sustentabilidad, creatividad art\u00edstica e impacto social.<\/span><span data-ccp-props=\"{&quot;335559731&quot;:708}\">\u00a0<\/span><\/p>\n<p><span data-contrast=\"none\">A su vez<\/span><span data-contrast=\"none\">,<\/span><span data-contrast=\"none\"> el <\/span><span data-contrast=\"none\">D<\/span><span data-contrast=\"none\">iplomado en Danza Folkl\u00f3rica Mexicana se dirige a bailarines y p\u00fablico en general con habilidades en la ejecuci\u00f3n de esta manifestaci\u00f3n art\u00edstica, y busca capacitar y actualizar al estudiante con herramientas te\u00f3rico-pr\u00e1cticas que les permita difundir y preservar las costumbres y tradiciones nacionales a trav\u00e9s de ella.\u00a0<\/span><span data-ccp-props=\"{&quot;335559731&quot;:708}\">\u00a0<\/span><\/p>\n<p><span data-contrast=\"none\">Alba Lorena Herrera Huerta, j<\/span><span data-contrast=\"none\">efa de Oficina de Promoci\u00f3n y Difusi\u00f3n en Medios<\/span><span data-contrast=\"none\"> de la DGDC, <\/span><span data-contrast=\"none\">comparti\u00f3 que<\/span> <span data-contrast=\"none\">los<\/span><span data-contrast=\"none\"> diplomados ser\u00e1n <\/span><span data-contrast=\"none\">dictados <\/span><span data-contrast=\"none\">por directivos, bailarines y m\u00fasicos adscritos a esta dependencia univer<\/span><span data-contrast=\"none\">sitaria, que cuentan con amplia<\/span><span data-contrast=\"none\"> trayectoria y experiencia.\u00a0<\/span><\/p>\n<div id=\"attachment_86715\" style=\"width: 732px\" class=\"wp-caption aligncenter\"><a href=\"https:\/\/www.uv.mx\/prensa\/files\/2020\/08\/260820-DGDC-3-100k.jpg\"><img aria-describedby=\"caption-attachment-86715\" decoding=\"async\" loading=\"lazy\" class=\"size-full wp-image-86715\" src=\"https:\/\/www.uv.mx\/prensa\/files\/2020\/08\/260820-DGDC-3-100k.jpg\" alt=\"el Diplomado en Gesti\u00f3n y Administraci\u00f3n de Proyectos Culturales est\u00e1 pensado para artistas, gestores, administradores y p\u00fablico en general \" width=\"722\" height=\"509\" srcset=\"https:\/\/www.uv.mx\/prensa\/files\/2020\/08\/260820-DGDC-3-100k.jpg 722w, https:\/\/www.uv.mx\/prensa\/files\/2020\/08\/260820-DGDC-3-100k-300x211.jpg 300w\" sizes=\"(max-width: 722px) 100vw, 722px\" \/><\/a><p id=\"caption-attachment-86715\" class=\"wp-caption-text\">El Diplomado en Gesti\u00f3n y Administraci\u00f3n de Proyectos Culturales est\u00e1 pensado para artistas, gestores, administradores y p\u00fablico en general<\/p><\/div>\n<p><span data-contrast=\"none\">Explic\u00f3 que la decisi\u00f3n de impart<\/span><span data-contrast=\"none\">ir las clases de una forma semi<\/span><span data-contrast=\"none\">presencial o virtual se tomar\u00e1 con base en el sem\u00e1foro epidemiol\u00f3gico emitido por las autoridades sanitarias en medio de la pandemia de Covid-19.\u00a0<\/span><span data-ccp-props=\"{&quot;335559731&quot;:708}\">\u00a0<\/span><\/p>\n<p><span data-contrast=\"none\">Destac\u00f3 que los maestros de los diplomados <\/span><span data-contrast=\"none\">en<\/span><span data-contrast=\"none\"> Danza y M\u00fasica Folkl\u00f3rica <\/span><span data-contrast=\"none\">asumieron el reto de adaptar s<\/span><span data-contrast=\"none\">u c\u00e1tedra a una modalidad virtual, ya que gran parte de la ense\u00f1anza requiere de tener contacto con sus alumnos.<\/span><span data-ccp-props=\"{&quot;335559731&quot;:708}\">\u00a0<\/span><\/p>\n<p><span data-contrast=\"none\">Comparti\u00f3 que si las circunstancias lo permiten estos catedr\u00e1ticos tienen planeado llevar a cabo reuniones con un m\u00e1ximo de cinco<\/span><span data-contrast=\"none\"> alumnos, para ayudarles a mejorar y pulir<\/span><span data-contrast=\"none\"> sus t\u00e9cnicas.<\/span><span data-ccp-props=\"{&quot;335559731&quot;:708}\">\u00a0<\/span><\/p>\n<p><span data-contrast=\"none\">La fecha l\u00edmite de preinscripci\u00f3n en l\u00ednea para los aspirantes a los tres diplomados estaba programada <\/span><span data-contrast=\"none\">al<\/span><span data-contrast=\"none\"> 28 de agosto, pero se extender\u00e1 un par de d\u00edas m\u00e1s.<\/span><span data-contrast=\"none\"> Las convocatorias y requisitos <\/span><span data-contrast=\"none\">de <\/span><span data-contrast=\"none\">cada uno de ellos se encuentran disponibles en la <\/span><a href=\"https:\/\/www.uv.mx\/difusioncultural\/general\/difusion-cultural-uv-fortalece-la-formacion-academica-a-traves-de-diplomados\/\"><span data-contrast=\"none\">p\u00e1gina <\/span><i><span data-contrast=\"none\">we<\/span><\/i><i><span data-contrast=\"none\">b<\/span><\/i> <span data-contrast=\"none\">de la DGDG<\/span><\/a><span data-contrast=\"none\">.<\/span><span data-ccp-props=\"{&quot;335559731&quot;:708}\">\u00a0<\/span><\/p>\n","protected":false},"excerpt":{"rendered":"<p>Las convocatorias y requisitos de cada uno de ellos se encuentran disponibles en la p\u00e1gina web de la DGDG <\/p>\n","protected":false},"author":1775,"featured_media":86716,"comment_status":"closed","ping_status":"closed","sticky":false,"template":"","format":"standard","meta":[],"categories":[1],"tags":[],"_links":{"self":[{"href":"https:\/\/www.uv.mx\/prensa\/wp-json\/wp\/v2\/posts\/86712"}],"collection":[{"href":"https:\/\/www.uv.mx\/prensa\/wp-json\/wp\/v2\/posts"}],"about":[{"href":"https:\/\/www.uv.mx\/prensa\/wp-json\/wp\/v2\/types\/post"}],"author":[{"embeddable":true,"href":"https:\/\/www.uv.mx\/prensa\/wp-json\/wp\/v2\/users\/1775"}],"replies":[{"embeddable":true,"href":"https:\/\/www.uv.mx\/prensa\/wp-json\/wp\/v2\/comments?post=86712"}],"version-history":[{"count":0,"href":"https:\/\/www.uv.mx\/prensa\/wp-json\/wp\/v2\/posts\/86712\/revisions"}],"wp:featuredmedia":[{"embeddable":true,"href":"https:\/\/www.uv.mx\/prensa\/wp-json\/wp\/v2\/media\/86716"}],"wp:attachment":[{"href":"https:\/\/www.uv.mx\/prensa\/wp-json\/wp\/v2\/media?parent=86712"}],"wp:term":[{"taxonomy":"category","embeddable":true,"href":"https:\/\/www.uv.mx\/prensa\/wp-json\/wp\/v2\/categories?post=86712"},{"taxonomy":"post_tag","embeddable":true,"href":"https:\/\/www.uv.mx\/prensa\/wp-json\/wp\/v2\/tags?post=86712"}],"curies":[{"name":"wp","href":"https:\/\/api.w.org\/{rel}","templated":true}]}}