{"id":86724,"date":"2020-08-26T08:02:19","date_gmt":"2020-08-26T13:02:19","guid":{"rendered":"https:\/\/www.uv.mx\/prensa\/?p=86724"},"modified":"2020-08-27T13:07:23","modified_gmt":"2020-08-27T18:07:23","slug":"ruben-lopez-cano-presento-su-libro-la-musica-cuenta","status":"publish","type":"post","link":"https:\/\/www.uv.mx\/prensa\/cultura\/ruben-lopez-cano-presento-su-libro-la-musica-cuenta\/","title":{"rendered":"Rub\u00e9n L\u00f3pez-Cano present\u00f3 su libro <em>La m\u00fasica cuenta<\/em>"},"content":{"rendered":"<ul>\n<li data-leveltext=\"\uf0b7\" data-font=\"Symbol\" data-listid=\"1\" data-aria-posinset=\"1\" data-aria-level=\"1\"><span data-contrast=\"auto\">La m\u00fasica cuenta. Ret\u00f3rica, narratividad, dramaturgia, cuerpo y afectos<\/span> <i><span data-contrast=\"auto\">puede descargarse gratuitamente <\/span><\/i><i><span data-contrast=\"auto\">en<\/span><\/i> <a href=\"https:\/\/rlopezcano.blogspot.com\/2020\"><i><span data-contrast=\"none\">https:\/\/rlopezcano.blogspot.com\/2020<\/span><\/i><\/a><span data-ccp-props=\"{&quot;134233279&quot;:true,&quot;201341983&quot;:0,&quot;335559739&quot;:0,&quot;335559740&quot;:240}\">\u00a0<\/span><\/li>\n<\/ul>\n<div id=\"attachment_86725\" style=\"width: 524px\" class=\"wp-caption aligncenter\"><a href=\"https:\/\/www.uv.mx\/prensa\/files\/2020\/08\/260820-libro-lopez-cano-1-100k.jpg\"><img aria-describedby=\"caption-attachment-86725\" decoding=\"async\" loading=\"lazy\" class=\"size-full wp-image-86725\" src=\"https:\/\/www.uv.mx\/prensa\/files\/2020\/08\/260820-libro-lopez-cano-1-100k.jpg\" alt=\"Portada de La m\u00fasica cuenta. Ret\u00f3rica, narratividad, dramaturgia, cuerpos y afectos \" width=\"514\" height=\"722\" srcset=\"https:\/\/www.uv.mx\/prensa\/files\/2020\/08\/260820-libro-lopez-cano-1-100k.jpg 514w, https:\/\/www.uv.mx\/prensa\/files\/2020\/08\/260820-libro-lopez-cano-1-100k-214x300.jpg 214w\" sizes=\"(max-width: 514px) 100vw, 514px\" \/><\/a><p id=\"caption-attachment-86725\" class=\"wp-caption-text\">Portada de <em>La m\u00fasica cuenta. Ret\u00f3rica, narratividad, dramaturgia, cuerpo y afectos<\/em><\/p><\/div>\n<p><b><i><span data-contrast=\"auto\">Jorge V\u00e1zquez Pacheco<\/span><\/i><\/b><span data-ccp-props=\"{&quot;134233279&quot;:true,&quot;201341983&quot;:0,&quot;335559685&quot;:720,&quot;335559739&quot;:0,&quot;335559740&quot;:240}\">\u00a0<\/span><\/p>\n<p><b><i><span data-contrast=\"auto\">2<\/span><\/i><\/b><b><i><span data-contrast=\"auto\">6<\/span><\/i><\/b><b><i><span data-contrast=\"auto\">\/08\/2020, Xalapa, <\/span><\/i><\/b><b><i><span data-contrast=\"auto\">Ver.-<\/span><\/i><\/b> <span data-contrast=\"auto\">Rub\u00e9n L\u00f3pez-Cano,<\/span> <span data-contrast=\"auto\">profesor de tiempo completo en la <\/span><span data-contrast=\"auto\">Esc<\/span><span data-contrast=\"auto\">ue<\/span><span data-contrast=\"auto\">l<\/span><span data-contrast=\"auto\">a Superior de M\u00fasica de Catalu\u00f1<\/span><span data-contrast=\"auto\">a<\/span><span data-contrast=\"auto\">,<\/span><span data-contrast=\"auto\"> present\u00f3 el <\/span><span data-contrast=\"auto\">pasado 20 de agosto <\/span><span data-contrast=\"auto\">su <\/span><span data-contrast=\"auto\">libro <\/span><i><span data-contrast=\"auto\">La m\u00fasica cuenta<\/span><\/i><i><span data-contrast=\"auto\">.<\/span><\/i> <i><span data-contrast=\"auto\">Ret\u00f3rica, <\/span><\/i><i><span data-contrast=\"auto\">narratividad<\/span><\/i><i><span data-contrast=\"auto\">, dramaturgia, cuerpo<\/span><\/i><i><span data-contrast=\"auto\"> y afecto<\/span><\/i><i><span data-contrast=\"auto\">s<\/span><\/i><span data-contrast=\"auto\">, <\/span><span data-contrast=\"auto\">edici\u00f3n financiada por <\/span><span data-contrast=\"auto\">la <\/span><span data-contrast=\"auto\">instituci\u00f3n catalana <\/span><span data-contrast=\"auto\">y el Fondo<\/span> <span data-contrast=\"auto\">Nacional para la Cultura y las Artes de M\u00e9xico.<\/span><span data-ccp-props=\"{&quot;134233279&quot;:true,&quot;201341983&quot;:0,&quot;335559685&quot;:720,&quot;335559739&quot;:0,&quot;335559740&quot;:240}\">\u00a0<\/span><\/p>\n<p><span data-contrast=\"auto\">L\u00f3pez<\/span><span data-contrast=\"auto\">&#8211;<\/span><span data-contrast=\"auto\">Cano es <\/span><span data-contrast=\"auto\">especiali<\/span><span data-contrast=\"auto\">sta <\/span><span data-contrast=\"auto\">en ret\u00f3rica y semi\u00f3tica musicales, filosof\u00eda de la cognici\u00f3n corporizada de la m\u00fasica, m\u00fasica popular urbana<\/span><span data-contrast=\"auto\"> y <\/span><span data-contrast=\"auto\">reciclaje musical desde la <\/span><span data-contrast=\"auto\">E<\/span><span data-contrast=\"auto\">dad <\/span><span data-contrast=\"auto\">M<\/span><span data-contrast=\"auto\">edia<\/span><span data-contrast=\"auto\">. Tambi\u00e9n ejerce la <\/span><span data-contrast=\"auto\">investigaci\u00f3n art\u00edstica y epistemolog\u00eda de la investigaci\u00f3n musical.<\/span><span data-ccp-props=\"{&quot;134233279&quot;:true,&quot;201341983&quot;:0,&quot;335559685&quot;:720,&quot;335559731&quot;:708,&quot;335559739&quot;:0,&quot;335559740&quot;:240}\">\u00a0<\/span><\/p>\n<p><span data-contrast=\"auto\">A trav\u00e9s de la plataforma <\/span><i><span data-contrast=\"auto\">Z<\/span><\/i><i><span data-contrast=\"auto\">oom<\/span><\/i><span data-contrast=\"auto\">, <\/span><span data-contrast=\"auto\">con moderaci\u00f3n de Julieta Varanasi Gonz\u00e1lez<\/span> <span data-contrast=\"auto\">y palabras de bienvenida \u00c1lvaro Hern\u00e1ndez Jarqu\u00edn, <\/span><span data-contrast=\"auto\">a<\/span><span data-contrast=\"auto\">cad\u00e9mica <\/span><span data-contrast=\"auto\">y <\/span><span data-contrast=\"auto\">director <\/span><span data-contrast=\"auto\">de la <a href=\"https:\/\/www.uv.mx\/musica\/\" target=\"_blank\" rel=\"noopener noreferrer\">Facultad de M\u00fasica <\/a><\/span><span data-contrast=\"auto\">de la Universidad Veracruzana (UV), respectivamente, <\/span><span data-contrast=\"auto\">L\u00f3pez-Cano <\/span><span data-contrast=\"auto\">expres\u00f3 algunos de los muchos puntos importantes sobre la actividad musical analizada y registrada en el <\/span><span data-contrast=\"auto\">libro<\/span><span data-contrast=\"auto\">.<\/span><span data-ccp-props=\"{&quot;134233279&quot;:true,&quot;201341983&quot;:0,&quot;335559685&quot;:720,&quot;335559731&quot;:708,&quot;335559739&quot;:0,&quot;335559740&quot;:240}\">\u00a0<\/span><\/p>\n<p><span data-contrast=\"auto\">Reiter\u00f3 que la m\u00fasica \u201c<\/span><span data-contrast=\"auto\">no es una colecci\u00f3n de objetos sonoros inertes y pasivos<\/span><span data-contrast=\"auto\">; es una <\/span><span data-contrast=\"auto\">manera de navegar por el tiempo a trav\u00e9s de tensiones y distensiones, retenciones y propulsiones, cambios de velocidad y aceleraciones, dudas, golpes y arrebatos, exclamaciones aterradoras o gritos de j\u00fabilo que emergen de su superficie siempre en movimiento.<\/span> <span data-contrast=\"auto\">Toda m\u00fasica parece querer ir hacia alg\u00fan lugar cruzando diferentes zonas emocionales. Con frecuencia crea en nuestras mentes y corazones la sensaci\u00f3n de que escucharla es como atravesar estados intensos similares a los de los dramas<\/span><span data-contrast=\"auto\"> teatrales o relatos literarios<\/span><span data-contrast=\"auto\">\u201d<\/span><span data-contrast=\"auto\">.<\/span><\/p>\n<div id=\"attachment_86726\" style=\"width: 732px\" class=\"wp-caption aligncenter\"><a href=\"https:\/\/www.uv.mx\/prensa\/files\/2020\/08\/260820-libro-lopez-cano-2-100k.jpg\"><img aria-describedby=\"caption-attachment-86726\" decoding=\"async\" loading=\"lazy\" class=\"size-full wp-image-86726\" src=\"https:\/\/www.uv.mx\/prensa\/files\/2020\/08\/260820-libro-lopez-cano-2-100k.jpg\" alt=\"Julieta Varanasi Gonz\u00e1lez y Rub\u00e9n L\u00f3pez-Cano \" width=\"722\" height=\"232\" srcset=\"https:\/\/www.uv.mx\/prensa\/files\/2020\/08\/260820-libro-lopez-cano-2-100k.jpg 722w, https:\/\/www.uv.mx\/prensa\/files\/2020\/08\/260820-libro-lopez-cano-2-100k-300x96.jpg 300w\" sizes=\"(max-width: 722px) 100vw, 722px\" \/><\/a><p id=\"caption-attachment-86726\" class=\"wp-caption-text\">Julieta Varanasi Gonz\u00e1lez y Rub\u00e9n L\u00f3pez-Cano<\/p><\/div>\n<p><span data-contrast=\"auto\">E<\/span><span data-contrast=\"auto\">l autor coment\u00f3 a grandes rasgos acerca del contenido<\/span><span data-contrast=\"auto\"> del volumen en consideraci\u00f3n<\/span><span data-contrast=\"auto\">,<\/span> <span data-contrast=\"auto\">como el s<\/span><span data-contrast=\"auto\">ignificado expresivo<\/span><span data-contrast=\"auto\"> o la f<\/span><span data-contrast=\"auto\">acultad de la m\u00fasica para sugerir<\/span> <span data-contrast=\"auto\">el m<\/span><span data-contrast=\"auto\">ovimiento<\/span> <span data-contrast=\"auto\">\u2013<\/span><span data-contrast=\"auto\">drama o acciones significativas en la experiencia emotiva viva<\/span><span data-contrast=\"auto\">\u2013<\/span><span data-contrast=\"auto\">, los c<\/span><span data-contrast=\"auto\">ambios de estados cin\u00e9ticos o emotivos<\/span><span data-contrast=\"auto\"> y las propiedades relacionadas con <\/span><span data-contrast=\"auto\">dinamismo<\/span><span data-contrast=\"auto\">, intencionalidad<\/span><span data-contrast=\"auto\"> y <\/span><span data-contrast=\"auto\">factualidad<\/span><span data-contrast=\"auto\">.<\/span><span data-ccp-props=\"{&quot;134233279&quot;:true,&quot;201341983&quot;:0,&quot;335559685&quot;:720,&quot;335559731&quot;:708,&quot;335559739&quot;:0,&quot;335559740&quot;:240}\">\u00a0<\/span><\/p>\n<p><span data-contrast=\"auto\">Posteriormente repas\u00f3<\/span><span data-contrast=\"auto\"> de los niveles <\/span><span data-contrast=\"auto\">de expresividad emotiva<\/span><span data-contrast=\"auto\">: vocal, c<\/span><span data-contrast=\"auto\">orporal<\/span><span data-contrast=\"auto\">, a<\/span><span data-contrast=\"auto\">bstracta o general<\/span><span data-contrast=\"auto\"> con alusiones directas hacia el Cuarteto 11 opus 95 de Beethoven y el Concierto 20 para piano y orquesta de Mozart,<\/span><span data-contrast=\"auto\"> partituras que relacion\u00f3 con<\/span> <span data-contrast=\"auto\">l<\/span><span data-contrast=\"auto\">a <\/span><span data-contrast=\"auto\">\u201c<\/span><span data-contrast=\"auto\">teor\u00eda t\u00f3pica en su laberinto<\/span><span data-contrast=\"auto\">\u201d y un estudio sobre el terror, <\/span><span data-contrast=\"auto\">as\u00ed como <\/span><span data-contrast=\"auto\">la tragedia presente en la Sonata <\/span><span data-contrast=\"auto\">D. 960 <\/span><span data-contrast=\"auto\">de Schubert y <\/span><span data-contrast=\"auto\">un <\/span><span data-contrast=\"auto\">an\u00e1lisis comparativo de grabaciones<\/span><span data-contrast=\"auto\"> en torno de estas partituras<\/span><span data-contrast=\"auto\">.<\/span><span data-ccp-props=\"{&quot;134233279&quot;:true,&quot;201341983&quot;:0,&quot;335559685&quot;:720,&quot;335559731&quot;:708,&quot;335559739&quot;:0,&quot;335559740&quot;:240}\">\u00a0<\/span><\/p>\n<p><span data-contrast=\"auto\">Despu\u00e9s de <\/span><span data-contrast=\"auto\">exponer <\/span><span data-contrast=\"auto\">que <\/span><span data-contrast=\"auto\">el <\/span><span data-contrast=\"auto\">libro <\/span><span data-contrast=\"auto\">apunta espec\u00edficamente a quien se dedica <\/span><span data-contrast=\"auto\">a la interpretaci\u00f3n musical<\/span><span data-contrast=\"auto\">, <\/span><span data-contrast=\"auto\">y <\/span><span data-contrast=\"auto\">que <\/span><span data-contrast=\"auto\">busca ofrecer instrumentos para imaginar interpretaciones musicales intensas, emocionantes y llenas de intencionalidad expresiva personalizada<\/span><span data-contrast=\"auto\">, Rub\u00e9n L\u00f3pez<\/span><span data-contrast=\"auto\">&#8211;<\/span><span data-contrast=\"auto\">Cano <\/span><span data-contrast=\"auto\">concluy\u00f3 <\/span><span data-contrast=\"auto\">con un reconocimiento a la U<\/span><span data-contrast=\"auto\">V <\/span><span data-contrast=\"auto\">y <\/span><span data-contrast=\"auto\">a la <\/span><span data-contrast=\"auto\">Facultad de M\u00fasica por la destacada labor en la promoci\u00f3n y difusi\u00f3n de documentos anal\u00edticos.<\/span><span data-ccp-props=\"{&quot;134233279&quot;:true,&quot;201341983&quot;:0,&quot;335559685&quot;:720,&quot;335559731&quot;:708,&quot;335559739&quot;:0,&quot;335559740&quot;:240}\">\u00a0<\/span><\/p>\n<p><i><span data-contrast=\"auto\">La m\u00fasica cuenta<\/span><\/i><i><span data-contrast=\"auto\">.<\/span><\/i> <i><span data-contrast=\"auto\">Ret\u00f3rica, <\/span><\/i><i><span data-contrast=\"auto\">narratividad<\/span><\/i><i><span data-contrast=\"auto\">, dramaturgia<\/span><\/i><i><span data-contrast=\"auto\">,<\/span><\/i><i><span data-contrast=\"auto\"> cuerpo<\/span><\/i><i><span data-contrast=\"auto\"> y afecto<\/span><\/i><i><span data-contrast=\"auto\">s<\/span><\/i><span data-contrast=\"auto\">,<\/span><span data-contrast=\"auto\"> de Rub\u00e9n L\u00f3pez Cano puede descargarse gratuitamente desde: <\/span><a href=\"https:\/\/rlopezcano.blogspot.com\/2020\"><span data-contrast=\"none\">https:\/\/rlopezcano.blogsp<\/span><span data-contrast=\"none\">o<\/span><span data-contrast=\"none\">t.com\/2020<\/span><\/a><span data-ccp-props=\"{&quot;134233279&quot;:true,&quot;201341983&quot;:0,&quot;335559685&quot;:720,&quot;335559731&quot;:708,&quot;335559739&quot;:0,&quot;335559740&quot;:240}\">\u00a0<\/span><\/p>\n","protected":false},"excerpt":{"rendered":"<p>En videoconferencia, el autor explic\u00f3 su obra, con moderaci\u00f3n de Julieta Varanasi Gonz\u00e1lez y palabras de bienvenida \u00c1lvaro Hern\u00e1ndez Jarqu\u00edn, acad\u00e9mica y director de la Facultad de M\u00fasica, respectivamente <\/p>\n","protected":false},"author":1775,"featured_media":86725,"comment_status":"closed","ping_status":"closed","sticky":false,"template":"","format":"standard","meta":[],"categories":[11],"tags":[],"_links":{"self":[{"href":"https:\/\/www.uv.mx\/prensa\/wp-json\/wp\/v2\/posts\/86724"}],"collection":[{"href":"https:\/\/www.uv.mx\/prensa\/wp-json\/wp\/v2\/posts"}],"about":[{"href":"https:\/\/www.uv.mx\/prensa\/wp-json\/wp\/v2\/types\/post"}],"author":[{"embeddable":true,"href":"https:\/\/www.uv.mx\/prensa\/wp-json\/wp\/v2\/users\/1775"}],"replies":[{"embeddable":true,"href":"https:\/\/www.uv.mx\/prensa\/wp-json\/wp\/v2\/comments?post=86724"}],"version-history":[{"count":0,"href":"https:\/\/www.uv.mx\/prensa\/wp-json\/wp\/v2\/posts\/86724\/revisions"}],"wp:featuredmedia":[{"embeddable":true,"href":"https:\/\/www.uv.mx\/prensa\/wp-json\/wp\/v2\/media\/86725"}],"wp:attachment":[{"href":"https:\/\/www.uv.mx\/prensa\/wp-json\/wp\/v2\/media?parent=86724"}],"wp:term":[{"taxonomy":"category","embeddable":true,"href":"https:\/\/www.uv.mx\/prensa\/wp-json\/wp\/v2\/categories?post=86724"},{"taxonomy":"post_tag","embeddable":true,"href":"https:\/\/www.uv.mx\/prensa\/wp-json\/wp\/v2\/tags?post=86724"}],"curies":[{"name":"wp","href":"https:\/\/api.w.org\/{rel}","templated":true}]}}