{"id":86839,"date":"2020-08-30T08:00:32","date_gmt":"2020-08-30T13:00:32","guid":{"rendered":"https:\/\/www.uv.mx\/prensa\/?p=86839"},"modified":"2020-08-31T10:15:04","modified_gmt":"2020-08-31T15:15:04","slug":"veterinaria-veracruz-celebro-mas-de-100-actividades-academicas-via-remota","status":"publish","type":"post","link":"https:\/\/www.uv.mx\/prensa\/regiones\/veracruz\/veterinaria-veracruz-celebro-mas-de-100-actividades-academicas-via-remota\/","title":{"rendered":"Veterinaria-Veracruz celebr\u00f3 m\u00e1s de 100 actividades acad\u00e9micas v\u00eda remota"},"content":{"rendered":"<ul>\n<li data-leveltext=\"\u2022\" data-font=\"Arial\" data-listid=\"1\" data-aria-posinset=\"1\" data-aria-level=\"1\"><i><span data-contrast=\"none\">Esta modalidad ha permitido <\/span><\/i><i><span data-contrast=\"none\">avanzar en los procesos de ex<\/span><\/i><i><span data-contrast=\"none\">\u00e1<\/span><\/i><i><span data-contrast=\"none\">menes y titulaciones<\/span><\/i><\/li>\n<\/ul>\n<div id=\"attachment_86840\" style=\"width: 732px\" class=\"wp-caption aligncenter\"><a href=\"https:\/\/www.uv.mx\/prensa\/files\/2020\/08\/300820-VETEREINARIA-100k.jpg\"><img aria-describedby=\"caption-attachment-86840\" decoding=\"async\" loading=\"lazy\" class=\"size-full wp-image-86840\" src=\"https:\/\/www.uv.mx\/prensa\/files\/2020\/08\/300820-VETEREINARIA-100k.jpg\" alt=\"Jorge Genaro Vicente Mart\u00ednez, director de la FMVZ, destac\u00f3 que trabajar de manera remota ha permitido avanzar en varios procesos \" width=\"722\" height=\"451\" srcset=\"https:\/\/www.uv.mx\/prensa\/files\/2020\/08\/300820-VETEREINARIA-100k.jpg 722w, https:\/\/www.uv.mx\/prensa\/files\/2020\/08\/300820-VETEREINARIA-100k-300x187.jpg 300w, https:\/\/www.uv.mx\/prensa\/files\/2020\/08\/300820-VETEREINARIA-100k-200x125.jpg 200w\" sizes=\"(max-width: 722px) 100vw, 722px\" \/><\/a><p id=\"caption-attachment-86840\" class=\"wp-caption-text\">Jorge Genaro Vicente Mart\u00ednez, director de la FMVZ, destac\u00f3 que trabajar de manera remota ha permitido avanzar en varios procesos<\/p><\/div>\n<p><b><i><span data-contrast=\"none\">30<\/span><\/i><\/b><b><i><span data-contrast=\"none\">\/08\/2020<\/span><\/i><\/b><b><i><span data-contrast=\"none\">,<\/span><\/i><\/b><b><i><span data-contrast=\"none\"> Boca del R<\/span><\/i><\/b><b><i><span data-contrast=\"none\">\u00ed<\/span><\/i><\/b><b><i><span data-contrast=\"none\">o, Ver.- <\/span><\/i><\/b><span data-contrast=\"none\">Jorge Genaro Vicente Mart<\/span><span data-contrast=\"none\">\u00ed<\/span><span data-contrast=\"none\">nez, director de la <\/span><a href=\"https:\/\/www.uv.mx\/veracruz\/fmvz\/\" target=\"_blank\" rel=\"noopener noreferrer\"><span data-contrast=\"none\">Facultad de<\/span><\/a><span data-contrast=\"none\"> Medicina Veterinaria y Zootecnia (FMVZ)<\/span><span data-contrast=\"none\">, dio a conocer que <\/span><span data-contrast=\"none\">desde el inicio de la pandemia<\/span> <span data-contrast=\"none\">por Covid-19 <\/span><span data-contrast=\"none\">trabaja<\/span><span data-contrast=\"none\">n<\/span> <span data-contrast=\"none\">adapt<\/span><span data-contrast=\"none\">\u00e1<\/span><span data-contrast=\"none\">ndose a la nueva realidad educativa <\/span><span data-contrast=\"none\">y <\/span><span data-contrast=\"none\">da<\/span><span data-contrast=\"none\">ndo <\/span><span data-contrast=\"none\">continuidad al proceso acad<\/span><span data-contrast=\"none\">\u00e9<\/span><span data-contrast=\"none\">mico, c<\/span><span data-contrast=\"none\">on<\/span><span data-contrast=\"none\"> un total de <\/span><span data-contrast=\"none\">131 actividades acad<\/span><span data-contrast=\"none\">\u00e9<\/span><span data-contrast=\"none\">micas de diferente <\/span><span data-contrast=\"none\">\u00ed<\/span><span data-contrast=\"none\">ndole<\/span><span data-contrast=\"none\"> realizadas hasta el momento.<\/span><span data-ccp-props=\"{&quot;201341983&quot;:0,&quot;335559739&quot;:160,&quot;335559740&quot;:240}\">\u00a0<\/span><\/p>\n<p><span data-contrast=\"none\">\u201c<\/span><span data-contrast=\"none\">V<\/span><span data-contrast=\"none\">\u00ed<\/span><span data-contrast=\"none\">a remota hemos <\/span><span data-contrast=\"none\">celebrado <\/span><span data-contrast=\"none\">numerosas sesiones de <\/span><span data-contrast=\"none\">\u00f3<\/span><span data-contrast=\"none\">rganos colegiados, siendo las m<\/span><span data-contrast=\"none\">\u00e1<\/span><span data-contrast=\"none\">s destacables<\/span><span data-contrast=\"none\"> la<\/span><span data-contrast=\"none\">s<\/span> <span data-contrast=\"none\">32<\/span><span data-contrast=\"none\"> reuniones de Academia por <\/span><span data-contrast=\"none\">\u00c1<\/span><span data-contrast=\"none\">rea de Conocimiento de los <\/span><span data-contrast=\"none\">p<\/span><span data-contrast=\"none\">rogramas <\/span><span data-contrast=\"none\">e<\/span><span data-contrast=\"none\">ducativos de <\/span><span data-contrast=\"none\">l<\/span><span data-contrast=\"none\">icenciatura, as<\/span><span data-contrast=\"none\">\u00ed <\/span><span data-contrast=\"none\">como <\/span><span data-contrast=\"none\">10<\/span> <span data-contrast=\"none\">s<\/span><span data-contrast=\"none\">esiones de Consejo T<\/span><span data-contrast=\"none\">\u00e9<\/span><span data-contrast=\"none\">cnico, dos reuniones de Colegio de Profesores del <\/span><span data-contrast=\"none\">p<\/span><span data-contrast=\"none\">rograma de Maestr<\/span><span data-contrast=\"none\">\u00ed<\/span><span data-contrast=\"none\">a en Ciencia Animal<\/span><span data-contrast=\"none\">,<\/span><span data-contrast=\"none\"> y se organiz<\/span><span data-contrast=\"none\">\u00f3 <\/span><span data-contrast=\"none\">un foro con estudiantes de este mismo programa<\/span><span data-contrast=\"none\">\u201d<\/span><span data-contrast=\"none\">.<\/span><span data-ccp-props=\"{&quot;201341983&quot;:0,&quot;335559731&quot;:708,&quot;335559739&quot;:160,&quot;335559740&quot;:240}\">\u00a0<\/span><\/p>\n<p><span data-contrast=\"none\">E<\/span><span data-contrast=\"none\">specific\u00f3<\/span> <span data-contrast=\"none\">que a<\/span><span data-contrast=\"none\">dem<\/span><span data-contrast=\"none\">\u00e1<\/span><span data-contrast=\"none\">s se han llevado a cabo dos reuniones de<\/span><span data-contrast=\"none\">l<\/span><span data-contrast=\"none\"> Colegio<\/span><span data-contrast=\"none\"> de Profesores del <\/span><span data-contrast=\"none\">p<\/span><span data-contrast=\"none\">rograma de Doctorado en Ciencias Agropecuarias, as<\/span><span data-contrast=\"none\">\u00ed <\/span><span data-contrast=\"none\">como dos juntas de profesores y una sesi<\/span><span data-contrast=\"none\">\u00f3<\/span><span data-contrast=\"none\">n solemne de Junta Acad<\/span><span data-contrast=\"none\">\u00e9<\/span><span data-contrast=\"none\">mica<\/span><span data-contrast=\"none\">.<\/span><span data-ccp-props=\"{&quot;201341983&quot;:0,&quot;335559731&quot;:708,&quot;335559739&quot;:160,&quot;335559740&quot;:240}\">\u00a0<\/span><\/p>\n<p><span data-contrast=\"none\">Vicente Mart<\/span><span data-contrast=\"none\">\u00ed<\/span><span data-contrast=\"none\">nez<\/span><span data-contrast=\"none\"> destac<\/span><span data-contrast=\"none\">\u00f3<\/span><span data-contrast=\"none\"> que esta forma de trabajar en la modalidad remota ha permitido avanzar en <\/span><span data-contrast=\"none\">los procesos de ex<\/span><span data-contrast=\"none\">\u00e1<\/span><span data-contrast=\"none\">menes y titulaciones, pues <\/span><span data-contrast=\"none\">del 19 al 21 de agosto<\/span> <span data-contrast=\"none\">realizaron<\/span> <span data-contrast=\"none\">32 <\/span><span data-contrast=\"none\">sesiones de ex<\/span><span data-contrast=\"none\">\u00e1<\/span><span data-contrast=\"none\">menes de oposici<\/span><span data-contrast=\"none\">\u00f3<\/span><span data-contrast=\"none\">n a trav<\/span><span data-contrast=\"none\">\u00e9<\/span><span data-contrast=\"none\">s de la plataforma <\/span><i><span data-contrast=\"none\">Zoom<\/span><\/i><span data-contrast=\"none\">.<\/span><span data-ccp-props=\"{&quot;201341983&quot;:0,&quot;335559731&quot;:708,&quot;335559739&quot;:160,&quot;335559740&quot;:240}\">\u00a0<\/span><\/p>\n<p><span data-contrast=\"none\">\u201c<\/span><span data-contrast=\"none\">Estas actividades se realizaron con apego a la convocatoria conjunta que emitieron las <\/span><span data-contrast=\"none\">s<\/span><span data-contrast=\"none\">ecre<\/span><span data-contrast=\"none\">tar\u00ed<\/span><span data-contrast=\"none\">as Acad<\/span><span data-contrast=\"none\">\u00e9<\/span><span data-contrast=\"none\">mica, <\/span><span data-contrast=\"none\">y <\/span><span data-contrast=\"none\">de Administraci<\/span><span data-contrast=\"none\">\u00f3<\/span><span data-contrast=\"none\">n y Finanzas<\/span><span data-contrast=\"none\">, as\u00ed como<\/span> <span data-contrast=\"none\">la Direcci<\/span><span data-contrast=\"none\">\u00f3<\/span><span data-contrast=\"none\">n General del <\/span><span data-contrast=\"none\">\u00c1<\/span><span data-contrast=\"none\">rea <\/span><span data-contrast=\"none\">Acad\u00e9mica <\/span><span data-contrast=\"none\">Biol<\/span><span data-contrast=\"none\">\u00f3<\/span><span data-contrast=\"none\">gico-Agropecuaria<\/span><span data-contrast=\"none\">,<\/span><span data-contrast=\"none\"> el pasado 10 de julio<\/span><span data-contrast=\"none\">\u201d<\/span><span data-contrast=\"none\">, afirm<\/span><span data-contrast=\"none\">\u00f3<\/span><span data-contrast=\"none\">.<\/span><span data-ccp-props=\"{&quot;201341983&quot;:0,&quot;335559731&quot;:708,&quot;335559739&quot;:160,&quot;335559740&quot;:240}\">\u00a0<\/span><\/p>\n<p><span data-contrast=\"none\">Agreg<\/span><span data-contrast=\"none\">\u00f3<\/span><span data-contrast=\"none\"> que durante este proceso se incluy<\/span><span data-contrast=\"none\">eron<\/span> <span data-contrast=\"none\">e<\/span><span data-contrast=\"none\">xperiencias <\/span><span data-contrast=\"none\">e<\/span><span data-contrast=\"none\">ducativas vacantes de los programas de Medicina Veterinaria y<\/span><span data-contrast=\"none\"> Zootecnia, Agronegocios Internacionales y <\/span><span data-contrast=\"none\">Biolog<\/span><span data-contrast=\"none\">\u00ed<\/span><span data-contrast=\"none\">a Marina<\/span><span data-contrast=\"none\">,<\/span><span data-contrast=\"none\"> que se abrir<\/span><span data-contrast=\"none\">\u00e1<\/span><span data-contrast=\"none\"> a partir del <\/span><span data-contrast=\"none\">14 de septiembre.<\/span><span data-ccp-props=\"{&quot;201341983&quot;:0,&quot;335559731&quot;:708,&quot;335559739&quot;:160,&quot;335559740&quot;:240}\">\u00a0<\/span><\/p>\n<p><span data-contrast=\"none\">\u201c<\/span><span data-contrast=\"none\">En todos estos ex<\/span><span data-contrast=\"none\">\u00e1<\/span><span data-contrast=\"none\">menes de oposici<\/span><span data-contrast=\"none\">\u00f3<\/span><span data-contrast=\"none\">n participaron acad<\/span><span data-contrast=\"none\">\u00e9<\/span><span data-contrast=\"none\">micos del Instituto de Ciencias Marinas y Pesquer<\/span><span data-contrast=\"none\">\u00ed<\/span><span data-contrast=\"none\">as y <\/span><span data-contrast=\"none\">de la Facu<\/span><span data-contrast=\"none\">ltad de Medicina Veterinaria y Zootecnia<\/span><span data-contrast=\"none\">\u201d<\/span><span data-contrast=\"none\">, puntualiz<\/span><span data-contrast=\"none\">\u00f3<\/span><span data-contrast=\"none\">.<\/span><span data-ccp-props=\"{&quot;201341983&quot;:0,&quot;335559731&quot;:708,&quot;335559739&quot;:160,&quot;335559740&quot;:240}\">\u00a0<\/span><\/p>\n<p><span data-contrast=\"none\">El funcionario<\/span> <span data-contrast=\"none\">destac<\/span><span data-contrast=\"none\">\u00f3<\/span> <span data-contrast=\"none\">tambi<\/span><span data-contrast=\"none\">\u00e9<\/span><span data-contrast=\"none\">n que del 24 al 28 de agosto, por medio de la plataforma <\/span><i><span data-contrast=\"none\">Microsoft <\/span><\/i><i><span data-contrast=\"none\">Teams<\/span><\/i><span data-contrast=\"none\">, se llevaron a cabo <\/span><span data-contrast=\"none\">38<\/span><span data-contrast=\"none\"> ex<\/span><span data-contrast=\"none\">\u00e1<\/span><span data-contrast=\"none\">menes profesionales con sustentantes de las carreras d<\/span><span data-contrast=\"none\">e M<\/span><span data-contrast=\"none\">edicina Veterinaria y Zootecnia, <\/span><span data-contrast=\"none\">y <\/span><span data-contrast=\"none\">11 <\/span><span data-contrast=\"none\">de <\/span><span data-contrast=\"none\">Agronegocios Internacionales, <\/span><span data-contrast=\"none\">y <\/span><span data-contrast=\"none\">en dichos actos solemnes<\/span> <span data-contrast=\"none\">participa<\/span><span data-contrast=\"none\">ro<\/span><span data-contrast=\"none\">n<\/span> <span data-contrast=\"none\">47 acad<\/span><span data-contrast=\"none\">\u00e9<\/span><span data-contrast=\"none\">micos<\/span><span data-contrast=\"none\">.<\/span><span data-ccp-props=\"{&quot;201341983&quot;:0,&quot;335559731&quot;:708,&quot;335559739&quot;:160,&quot;335559740&quot;:240}\">\u00a0<\/span><\/p>\n<p><span data-contrast=\"none\">Destac<\/span><span data-contrast=\"none\">\u00f3<\/span><span data-contrast=\"none\"> el caso de la estudiante Gisselle Alejandra Valencia Ju<\/span><span data-contrast=\"none\">\u00e1<\/span><span data-contrast=\"none\">rez, <\/span><span data-contrast=\"none\">quien<\/span><span data-contrast=\"none\"> ten<\/span><span data-contrast=\"none\">\u00ed<\/span><span data-contrast=\"none\">a la opci<\/span><span data-contrast=\"none\">\u00f3<\/span><span data-contrast=\"none\">n de titulaci<\/span><span data-contrast=\"none\">\u00f3<\/span><span data-contrast=\"none\">n por promedio<\/span> <span data-contrast=\"none\">pero<\/span><span data-contrast=\"none\"> tom<\/span><span data-contrast=\"none\">\u00f3 <\/span><span data-contrast=\"none\">la decisi<\/span><span data-contrast=\"none\">\u00f3<\/span><span data-contrast=\"none\">n de realizar y presentar su trabajo de tesis, siendo acreedora a una menci<\/span><span data-contrast=\"none\">\u00f3<\/span><span data-contrast=\"none\">n honor<\/span><span data-contrast=\"none\">\u00ed<\/span><span data-contrast=\"none\">fica.<\/span><span data-ccp-props=\"{&quot;201341983&quot;:0,&quot;335559731&quot;:708,&quot;335559739&quot;:160,&quot;335559740&quot;:240}\">\u00a0<\/span><\/p>\n<p><span data-contrast=\"none\">E<\/span><span data-contrast=\"none\">l <\/span><span data-contrast=\"none\">D<\/span><span data-contrast=\"none\">irector de la FMVZ<\/span> <span data-contrast=\"none\">expres\u00f3 <\/span><span data-contrast=\"none\">sentirse satisfecho por el trabajo y la participaci<\/span><span data-contrast=\"none\">\u00f3<\/span><span data-contrast=\"none\">n de la comunidad acad<\/span><span data-contrast=\"none\">\u00e9<\/span><span data-contrast=\"none\">mi<\/span><span data-contrast=\"none\">ca y estudiantil de la Facultad. <\/span><span data-contrast=\"none\">\u201c<\/span><span data-contrast=\"none\">La tecnolog<\/span><span data-contrast=\"none\">\u00ed<\/span><span data-contrast=\"none\">a ha sido clave para dar continuidad al proceso acad<\/span><span data-contrast=\"none\">\u00e9<\/span><span data-contrast=\"none\">mico, sin mermar su calidad. Hemos logrado adaptarnos a esta nueva realidad, p<\/span><span data-contrast=\"none\">orque la UV no se detiene y <\/span><span data-contrast=\"none\">nosotros tampoco<\/span><span data-contrast=\"none\">\u201d<\/span><span data-contrast=\"none\">, finaliz<\/span><span data-contrast=\"none\">\u00f3<\/span><span data-contrast=\"none\">.<\/span><span data-ccp-props=\"{&quot;201341983&quot;:0,&quot;335559731&quot;:708,&quot;335559739&quot;:160,&quot;335559740&quot;:240}\">\u00a0<\/span><\/p>\n","protected":false},"excerpt":{"rendered":"<p>Se realizaron con apego a la convocatoria conjunta que emitieron las secretar\u00edas Acad\u00e9mica y de Administraci\u00f3n y Finanzas, as\u00ed como la Direcci\u00f3n General del \u00c1rea Acad\u00e9mica Biol\u00f3gico-Agropecuaria <\/p>\n","protected":false},"author":1775,"featured_media":86840,"comment_status":"closed","ping_status":"closed","sticky":false,"template":"","format":"standard","meta":[],"categories":[55],"tags":[],"_links":{"self":[{"href":"https:\/\/www.uv.mx\/prensa\/wp-json\/wp\/v2\/posts\/86839"}],"collection":[{"href":"https:\/\/www.uv.mx\/prensa\/wp-json\/wp\/v2\/posts"}],"about":[{"href":"https:\/\/www.uv.mx\/prensa\/wp-json\/wp\/v2\/types\/post"}],"author":[{"embeddable":true,"href":"https:\/\/www.uv.mx\/prensa\/wp-json\/wp\/v2\/users\/1775"}],"replies":[{"embeddable":true,"href":"https:\/\/www.uv.mx\/prensa\/wp-json\/wp\/v2\/comments?post=86839"}],"version-history":[{"count":0,"href":"https:\/\/www.uv.mx\/prensa\/wp-json\/wp\/v2\/posts\/86839\/revisions"}],"wp:featuredmedia":[{"embeddable":true,"href":"https:\/\/www.uv.mx\/prensa\/wp-json\/wp\/v2\/media\/86840"}],"wp:attachment":[{"href":"https:\/\/www.uv.mx\/prensa\/wp-json\/wp\/v2\/media?parent=86839"}],"wp:term":[{"taxonomy":"category","embeddable":true,"href":"https:\/\/www.uv.mx\/prensa\/wp-json\/wp\/v2\/categories?post=86839"},{"taxonomy":"post_tag","embeddable":true,"href":"https:\/\/www.uv.mx\/prensa\/wp-json\/wp\/v2\/tags?post=86839"}],"curies":[{"name":"wp","href":"https:\/\/api.w.org\/{rel}","templated":true}]}}