{"id":86915,"date":"2020-08-31T20:50:36","date_gmt":"2020-09-01T01:50:36","guid":{"rendered":"https:\/\/www.uv.mx\/prensa\/?p=86915"},"modified":"2020-09-01T14:23:56","modified_gmt":"2020-09-01T19:23:56","slug":"bajo-estrictas-medidas-inicio-examen-de-ingreso-en-poza-rica-tuxpan","status":"publish","type":"post","link":"https:\/\/www.uv.mx\/prensa\/regiones\/poza-rica\/bajo-estrictas-medidas-inicio-examen-de-ingreso-en-poza-rica-tuxpan\/","title":{"rendered":"Bajo estrictas medidas, inici\u00f3 examen de ingreso en Poza Rica-Tuxpan"},"content":{"rendered":"<ul>\n<li data-leveltext=\"\uf0b7\" data-font=\"Symbol\" data-listid=\"2\" data-aria-posinset=\"1\" data-aria-level=\"1\"><i><span data-contrast=\"auto\">Un total de cinco mil <\/span><\/i><i><span data-contrast=\"auto\">423 aspirantes presenta<\/span><\/i><i><span data-contrast=\"auto\">r\u00e1n<\/span><\/i><i><span data-contrast=\"auto\"> el examen de ingreso <\/span><\/i><i><span data-contrast=\"auto\">durante esta semana<\/span><\/i><span data-ccp-props=\"{&quot;134233279&quot;:true,&quot;201341983&quot;:0,&quot;335559739&quot;:160,&quot;335559740&quot;:240}\">\u00a0<\/span><\/li>\n<li data-leveltext=\"\uf0b7\" data-font=\"Symbol\" data-listid=\"2\" data-aria-posinset=\"2\" data-aria-level=\"1\"><i><span data-contrast=\"auto\">E<\/span><\/i><i><span data-contrast=\"auto\">l vicerrector Jos\u00e9 Luis Alan\u00eds M\u00e9ndez afirm\u00f3 <\/span><\/i><i><span data-contrast=\"auto\">que s<\/span><\/i><i><span data-contrast=\"auto\">e cumplen todos los protocolos <\/span><\/i><i><span data-contrast=\"auto\">sanitarios<\/span><\/i><span data-ccp-props=\"{&quot;134233279&quot;:true,&quot;201341983&quot;:0,&quot;335559739&quot;:160,&quot;335559740&quot;:240}\">\u00a0<\/span><\/li>\n<\/ul>\n<div id=\"attachment_86899\" style=\"width: 732px\" class=\"wp-caption aligncenter\"><a href=\"https:\/\/www.uv.mx\/prensa\/files\/2020\/08\/310820-examen-Poza-Rica-1-100k.jpg\"><img aria-describedby=\"caption-attachment-86899\" decoding=\"async\" loading=\"lazy\" class=\"size-full wp-image-86899\" src=\"https:\/\/www.uv.mx\/prensa\/files\/2020\/08\/310820-examen-Poza-Rica-1-100k.jpg\" alt=\"\" width=\"722\" height=\"406\" srcset=\"https:\/\/www.uv.mx\/prensa\/files\/2020\/08\/310820-examen-Poza-Rica-1-100k.jpg 722w, https:\/\/www.uv.mx\/prensa\/files\/2020\/08\/310820-examen-Poza-Rica-1-100k-300x169.jpg 300w\" sizes=\"(max-width: 722px) 100vw, 722px\" \/><\/a><p id=\"caption-attachment-86899\" class=\"wp-caption-text\">El vicerrector Jos\u00e9 Luis Alan\u00eds M\u00e9ndez supervis\u00f3 el inicio de la jornada<\/p><\/div>\n<p><b><i><span data-contrast=\"auto\">Alma Celia San Mart\u00edn Cruz<\/span><\/i><\/b><span data-ccp-props=\"{&quot;201341983&quot;:0,&quot;335559739&quot;:160,&quot;335559740&quot;:240}\">\u00a0<\/span><\/p>\n<p><span data-ccp-props=\"{&quot;201341983&quot;:0,&quot;335559739&quot;:160,&quot;335559740&quot;:240}\">\u00a0<\/span><b><i><span data-contrast=\"auto\">31\/08\/2020, Poza Rica, Ver<\/span><\/i><\/b><b><i><span data-contrast=\"auto\">.-<\/span><\/i><\/b> <span data-contrast=\"auto\">Bajo estrictos protocolos<\/span> <span data-contrast=\"auto\">sanitario<\/span><span data-contrast=\"auto\">s <\/span><span data-contrast=\"auto\">inici\u00f3 en la Universidad Veracruzana (UV)<\/span> <span data-contrast=\"auto\">la aplicaci\u00f3n d<\/span><span data-contrast=\"auto\">el examen <\/span><span data-contrast=\"auto\">de ingreso, <\/span><span data-contrast=\"auto\">que concluir\u00e1<\/span><span data-contrast=\"auto\"> el<\/span> <span data-contrast=\"auto\">viernes<\/span><span data-contrast=\"auto\"> 4 de septiembre<\/span><span data-contrast=\"auto\">, <\/span><span data-contrast=\"auto\">inform\u00f3<\/span><span data-contrast=\"auto\"> el v<\/span><span data-contrast=\"auto\">icerrector de la <a href=\"https:\/\/www.uv.mx\/pozarica\/\" target=\"_blank\" rel=\"noopener noreferrer\">regi\u00f3n Poza Rica-Tuxpan<\/a><\/span><span data-contrast=\"auto\">,<\/span><span data-contrast=\"auto\"> Jos\u00e9 Luis Alan\u00eds M\u00e9ndez<\/span><span data-contrast=\"auto\">, <\/span><span data-contrast=\"auto\">en <\/span><span data-contrast=\"auto\">la Unidad de Ciencias de la Salud<\/span><span data-contrast=\"auto\"> (UCS)<\/span><span data-contrast=\"auto\">.<\/span><span data-ccp-props=\"{&quot;201341983&quot;:0,&quot;335559739&quot;:160,&quot;335559740&quot;:240}\">\u00a0<\/span><\/p>\n<p><span data-contrast=\"auto\">El funcionario d<\/span><span data-contrast=\"auto\">io conocer que <\/span><span data-contrast=\"auto\">se <\/span><span data-contrast=\"auto\">atender\u00e1<\/span> <span data-contrast=\"auto\">un total de <\/span><span data-contrast=\"auto\">cinco mil <\/span><span data-contrast=\"auto\">423 aspirantes a cursar alguno de los programas educativos que se ofertan en la regi\u00f3<\/span><span data-contrast=\"auto\">n<\/span><span data-contrast=\"auto\">;<\/span> <span data-contrast=\"auto\">d<\/span><span data-contrast=\"auto\">iariamente se atiende un promedio de 930 aspirantes que presentan el examen de manera presencial, sumados a <\/span><span data-contrast=\"auto\">779 estudiantes que optaro<\/span><span data-contrast=\"auto\">n por hacerlo en l\u00ednea<\/span><span data-contrast=\"auto\">.<\/span><span data-ccp-props=\"{&quot;201341983&quot;:0,&quot;335559731&quot;:708,&quot;335559739&quot;:160,&quot;335559740&quot;:240}\">\u00a0<\/span><\/p>\n<p><span data-contrast=\"auto\">Explic<\/span><span data-contrast=\"auto\">\u00f3<\/span><span data-contrast=\"auto\"> que desde el fin de semana se realiz\u00f3 una jornada <\/span><span data-contrast=\"auto\">exhaustiva para <\/span><span data-contrast=\"auto\">desinfectar <\/span><span data-contrast=\"auto\">tanto el interior como el exterior de las instalaciones de la <\/span><span data-contrast=\"auto\">UCS<\/span> <span data-contrast=\"auto\">y la Facultad de I<\/span><span data-contrast=\"auto\">ngenier\u00eda y Ciencias Qu\u00edmicas, <\/span><span data-contrast=\"auto\">ya que <\/span><span data-contrast=\"auto\">ambos espacios son sedes para la presentaci\u00f3n del examen de <\/span><span data-contrast=\"auto\">ingreso;<\/span><span data-contrast=\"auto\"> adem\u00e1s<\/span><span data-contrast=\"auto\">,<\/span><span data-contrast=\"auto\"> con anticipaci\u00f3n <\/span><span data-contrast=\"auto\">se <\/span><span data-contrast=\"auto\">instal<\/span><span data-contrast=\"auto\">\u00f3 <\/span><span data-contrast=\"auto\">un m\u00f3dulo m\u00e9dico en el acceso principal, en donde se les toma la temperatura<\/span><span data-contrast=\"auto\">, aplica<\/span> <span data-contrast=\"auto\">gel<\/span> <span data-contrast=\"auto\">antibacterial<\/span><span data-contrast=\"auto\">, asistencia de personal m\u00e9dico en caso de que se requiera durante la jornada<\/span><span data-contrast=\"auto\">.<\/span><span data-ccp-props=\"{&quot;201341983&quot;:0,&quot;335559731&quot;:708,&quot;335559739&quot;:160,&quot;335559740&quot;:240}\">\u00a0<\/span><\/p>\n<div id=\"attachment_86902\" style=\"width: 732px\" class=\"wp-caption aligncenter\"><a href=\"https:\/\/www.uv.mx\/prensa\/files\/2020\/08\/310820-examen-Poza-Rica-4-100k.jpg\"><img aria-describedby=\"caption-attachment-86902\" decoding=\"async\" loading=\"lazy\" class=\"size-full wp-image-86902\" src=\"https:\/\/www.uv.mx\/prensa\/files\/2020\/08\/310820-examen-Poza-Rica-4-100k.jpg\" alt=\"\" width=\"722\" height=\"478\" srcset=\"https:\/\/www.uv.mx\/prensa\/files\/2020\/08\/310820-examen-Poza-Rica-4-100k.jpg 722w, https:\/\/www.uv.mx\/prensa\/files\/2020\/08\/310820-examen-Poza-Rica-4-100k-300x199.jpg 300w\" sizes=\"(max-width: 722px) 100vw, 722px\" \/><\/a><p id=\"caption-attachment-86902\" class=\"wp-caption-text\">En completo orden y con sana distancia inici\u00f3 la aplicaci\u00f3n del examen de ingreso a la UV<\/p><\/div>\n<p><span data-contrast=\"auto\">Alan\u00eds M\u00e9ndez destac\u00f3<\/span><span data-contrast=\"auto\"> el apoyo de los aspirantes<\/span><span data-contrast=\"auto\">,<\/span><span data-contrast=\"auto\"> quienes de manera ordenada se formaron para entrar a las instalaciones guardando sana distancia, <\/span><span data-contrast=\"auto\">y<\/span><span data-contrast=\"auto\"> los padres de familia que acompa\u00f1aron a sus hijos se mantuvieron en espacios alejados.<\/span><span data-ccp-props=\"{&quot;201341983&quot;:0,&quot;335559731&quot;:708,&quot;335559739&quot;:160,&quot;335559740&quot;:240}\">\u00a0<\/span><\/p>\n<p><span data-contrast=\"auto\">\u201c<\/span><span data-contrast=\"auto\">Ini<\/span><span data-contrast=\"auto\">ciamos de una forma ordenada, y<\/span><span data-contrast=\"auto\"> los j\u00f3venes <\/span><span data-contrast=\"auto\">est\u00e1n muy <\/span><span data-contrast=\"auto\">emoci<\/span><span data-contrast=\"auto\">onados <\/span><span data-contrast=\"auto\">de presentar el examen para ingresa<\/span><span data-contrast=\"auto\">r a la Universidad Veracruzana.\u201d<\/span><span data-ccp-props=\"{&quot;201341983&quot;:0,&quot;335559731&quot;:708,&quot;335559739&quot;:160,&quot;335559740&quot;:240}\">\u00a0<\/span><\/p>\n<p><span data-contrast=\"auto\">Desde<\/span><span data-contrast=\"auto\"> temprana hora los aspirante<\/span><span data-contrast=\"auto\">s a cursar una carrera en la UV<\/span><span data-contrast=\"auto\"> se formaron de manera ordenada<\/span><span data-contrast=\"auto\"> afuera de las instalaciones, guardando esp<\/span><span data-contrast=\"auto\">acio de sana distancia <\/span><span data-contrast=\"auto\">y <\/span><span data-contrast=\"auto\">portando<\/span> <span data-contrast=\"auto\">cubrebocas<\/span><span data-contrast=\"auto\">.<\/span><span data-ccp-props=\"{&quot;201341983&quot;:0,&quot;335559731&quot;:708,&quot;335559739&quot;:160,&quot;335559740&quot;:240}\">\u00a0<\/span><\/p>\n<div id='gallery-1' class='gallery galleryid-86915 gallery-columns-2 gallery-size-full'><dl class='gallery-item'>\n\t\t\t<dt class='gallery-icon landscape'>\n\t\t\t\t<a href='https:\/\/www.uv.mx\/prensa\/files\/2020\/08\/310820-examen-Poza-Rica-3-100k.jpg'><img width=\"722\" height=\"478\" src=\"https:\/\/www.uv.mx\/prensa\/files\/2020\/08\/310820-examen-Poza-Rica-3-100k.jpg\" class=\"attachment-full size-full\" alt=\"\" decoding=\"async\" loading=\"lazy\" aria-describedby=\"gallery-1-86901\" srcset=\"https:\/\/www.uv.mx\/prensa\/files\/2020\/08\/310820-examen-Poza-Rica-3-100k.jpg 722w, https:\/\/www.uv.mx\/prensa\/files\/2020\/08\/310820-examen-Poza-Rica-3-100k-300x199.jpg 300w\" sizes=\"(max-width: 722px) 100vw, 722px\" \/><\/a>\n\t\t\t<\/dt>\n\t\t\t\t<dd class='wp-caption-text gallery-caption' id='gallery-1-86901'>\n\t\t\t\tAntes de ingresar a las aulas se tom\u00f3 la temperatura corporal y se ofreci\u00f3 gel antibacterial a los j\u00f3venes\n\t\t\t\t<\/dd><\/dl><dl class='gallery-item'>\n\t\t\t<dt class='gallery-icon landscape'>\n\t\t\t\t<a href='https:\/\/www.uv.mx\/prensa\/files\/2020\/08\/310820-examen-Poza-Rica-8-100k.jpg'><img width=\"722\" height=\"478\" src=\"https:\/\/www.uv.mx\/prensa\/files\/2020\/08\/310820-examen-Poza-Rica-8-100k.jpg\" class=\"attachment-full size-full\" alt=\"\" decoding=\"async\" loading=\"lazy\" aria-describedby=\"gallery-1-86906\" srcset=\"https:\/\/www.uv.mx\/prensa\/files\/2020\/08\/310820-examen-Poza-Rica-8-100k.jpg 722w, https:\/\/www.uv.mx\/prensa\/files\/2020\/08\/310820-examen-Poza-Rica-8-100k-300x199.jpg 300w\" sizes=\"(max-width: 722px) 100vw, 722px\" \/><\/a>\n\t\t\t<\/dt>\n\t\t\t\t<dd class='wp-caption-text gallery-caption' id='gallery-1-86906'>\n\t\t\t\tEl primer d\u00eda del examen de ingreso a la UV \n\t\t\t\t<\/dd><\/dl><br style=\"clear: both\" \/>\n\t\t<\/div>\n\n","protected":false},"excerpt":{"rendered":"<p>Se atiende un promedio de 930 aspirantes que presentan el examen de manera presencial, sumados a 779 estudiantes que optaron por hacerlo en l\u00ednea<\/p>\n","protected":false},"author":1508,"featured_media":86913,"comment_status":"closed","ping_status":"closed","sticky":false,"template":"","format":"standard","meta":[],"categories":[54,61],"tags":[],"_links":{"self":[{"href":"https:\/\/www.uv.mx\/prensa\/wp-json\/wp\/v2\/posts\/86915"}],"collection":[{"href":"https:\/\/www.uv.mx\/prensa\/wp-json\/wp\/v2\/posts"}],"about":[{"href":"https:\/\/www.uv.mx\/prensa\/wp-json\/wp\/v2\/types\/post"}],"author":[{"embeddable":true,"href":"https:\/\/www.uv.mx\/prensa\/wp-json\/wp\/v2\/users\/1508"}],"replies":[{"embeddable":true,"href":"https:\/\/www.uv.mx\/prensa\/wp-json\/wp\/v2\/comments?post=86915"}],"version-history":[{"count":0,"href":"https:\/\/www.uv.mx\/prensa\/wp-json\/wp\/v2\/posts\/86915\/revisions"}],"wp:featuredmedia":[{"embeddable":true,"href":"https:\/\/www.uv.mx\/prensa\/wp-json\/wp\/v2\/media\/86913"}],"wp:attachment":[{"href":"https:\/\/www.uv.mx\/prensa\/wp-json\/wp\/v2\/media?parent=86915"}],"wp:term":[{"taxonomy":"category","embeddable":true,"href":"https:\/\/www.uv.mx\/prensa\/wp-json\/wp\/v2\/categories?post=86915"},{"taxonomy":"post_tag","embeddable":true,"href":"https:\/\/www.uv.mx\/prensa\/wp-json\/wp\/v2\/tags?post=86915"}],"curies":[{"name":"wp","href":"https:\/\/api.w.org\/{rel}","templated":true}]}}