{"id":86920,"date":"2020-08-31T20:58:00","date_gmt":"2020-09-01T01:58:00","guid":{"rendered":"https:\/\/www.uv.mx\/prensa\/?p=86920"},"modified":"2020-08-31T20:58:00","modified_gmt":"2020-09-01T01:58:00","slug":"primer-dia-de-examen-de-ingreso-sin-contratiempos-en-coatza-mina","status":"publish","type":"post","link":"https:\/\/www.uv.mx\/prensa\/regiones\/coatzacoalcos\/primer-dia-de-examen-de-ingreso-sin-contratiempos-en-coatza-mina\/","title":{"rendered":"Primer d\u00eda de examen de ingreso, sin contratiempos en Coatza-Mina"},"content":{"rendered":"<ul>\n<li><em><span class=\"TextRun SCXW217246528 BCX2\" lang=\"ES-MX\" xml:lang=\"ES-MX\" data-contrast=\"none\"><span class=\"NormalTextRun SCXW217246528 BCX2\" data-ccp-parastyle=\"Normal (Web)\">Se exhorta<\/span><\/span><span class=\"TextRun SCXW217246528 BCX2\" lang=\"ES-MX\" xml:lang=\"ES-MX\" data-contrast=\"none\"><span class=\"NormalTextRun SCXW217246528 BCX2\" data-ccp-parastyle=\"Normal (Web)\"> a los aspirantes que participar\u00e1n en los siguientes d\u00edas a seguir las indicaciones se\u00f1aladas en el proceso para evitar contratiempos<\/span><\/span><\/em><\/li>\n<\/ul>\n<div id=\"attachment_86907\" style=\"width: 732px\" class=\"wp-caption aligncenter\"><a href=\"https:\/\/www.uv.mx\/prensa\/files\/2020\/08\/310820-CECILIA-Ingreso1-100k.jpg\"><img aria-describedby=\"caption-attachment-86907\" decoding=\"async\" loading=\"lazy\" class=\"size-full wp-image-86907\" src=\"https:\/\/www.uv.mx\/prensa\/files\/2020\/08\/310820-CECILIA-Ingreso1-100k.jpg\" alt=\"\" width=\"722\" height=\"481\" srcset=\"https:\/\/www.uv.mx\/prensa\/files\/2020\/08\/310820-CECILIA-Ingreso1-100k.jpg 722w, https:\/\/www.uv.mx\/prensa\/files\/2020\/08\/310820-CECILIA-Ingreso1-100k-300x200.jpg 300w\" sizes=\"(max-width: 722px) 100vw, 722px\" \/><\/a><p id=\"caption-attachment-86907\" class=\"wp-caption-text\">Para ingresar, se deb\u00eda presentar el c\u00f3digo QR<\/p><\/div>\n<p><b><i><span data-contrast=\"none\">Cecilia Escribano Reyes<br \/>\n<\/span><\/i><\/b><\/p>\n<p><b><i><span data-contrast=\"none\">31\/<\/span><\/i><\/b><b><i><span data-contrast=\"none\">0<\/span><\/i><\/b><b><i><span data-contrast=\"none\">8<\/span><\/i><\/b><b><i><span data-contrast=\"none\">\/20<\/span><\/i><\/b><b><i><span data-contrast=\"none\">20<\/span><\/i><\/b><b><i><span data-contrast=\"none\">, Coatzacoalcos, <\/span><\/i><\/b><b><i><span data-contrast=\"none\">Ver.<\/span><\/i><\/b><b><i><span data-contrast=\"none\">&#8211;<\/span><\/i><\/b> <span data-contrast=\"none\">E<\/span><span data-contrast=\"none\">ste<\/span> <span data-contrast=\"none\">lunes inici\u00f3<\/span> <span data-contrast=\"none\">en la regi\u00f3n Coatzacoalcos-<\/span><span data-contrast=\"none\">Minatitl\u00e1n<\/span><span data-contrast=\"none\"> de<\/span><span data-contrast=\"none\"> la U<\/span><span data-contrast=\"none\">niversidad <\/span><span data-contrast=\"none\">V<\/span><span data-contrast=\"none\">eracruzana (UV)<\/span> <span data-contrast=\"none\">la aplicaci\u00f3n del<\/span><span data-contrast=\"none\"> examen de ingreso<\/span><span data-contrast=\"none\">,<\/span> <span data-contrast=\"none\">donde<\/span> <span data-contrast=\"none\">del 31 <\/span><span data-contrast=\"none\">de agosto <\/span><span data-contrast=\"none\">al 4 de septiembre <\/span><span data-contrast=\"none\">se recibir\u00e1n a <\/span><span data-contrast=\"none\">aproximadamente <\/span><span data-contrast=\"none\">cinco mil <\/span><span data-contrast=\"none\">93 aspirantes<\/span><span data-contrast=\"none\">, en las modalidades presencial y virtual<\/span><span data-contrast=\"none\">.<\/span><span data-ccp-props=\"{&quot;134233117&quot;:true,&quot;134233118&quot;:true,&quot;201341983&quot;:0,&quot;335559740&quot;:240}\">\u00a0<\/span><\/p>\n<p><span data-contrast=\"none\">En la modalidad virtual ser\u00e1n 192 <\/span><span data-contrast=\"none\">los <\/span><span data-contrast=\"none\">aspirantes<\/span><span data-contrast=\"none\"> que diario<\/span> <span data-contrast=\"none\">presentar\u00e1n el examen <\/span><span data-contrast=\"none\">de 10<\/span><span data-contrast=\"none\">:00<\/span><span data-contrast=\"none\"> a 13<\/span><span data-contrast=\"none\">:00<\/span><span data-contrast=\"none\"> horas<\/span><span data-contrast=\"none\">.<\/span><span data-ccp-props=\"{&quot;134233117&quot;:true,&quot;134233118&quot;:true,&quot;201341983&quot;:0,&quot;335559731&quot;:708,&quot;335559740&quot;:240}\">\u00a0<\/span><\/p>\n<p><span data-contrast=\"none\">El<\/span><span data-contrast=\"none\"> proceso de ingreso <\/span><span data-contrast=\"none\">est\u00e1 certificado bajo la N<\/span><span data-contrast=\"none\">orma ISO 9001: 2008<\/span><span data-contrast=\"none\">, el cual se basa en el cumplimiento de un sistema de gesti\u00f3n de calidad centrado en los elementos de administraci\u00f3n y optimizaci\u00f3n; lo anterior, con el fin de<\/span><span data-contrast=\"none\"> seleccionar con transparencia, oportunidad y <\/span><span data-contrast=\"none\">confiabilidad a los aspirantes.<\/span><span data-ccp-props=\"{&quot;134233117&quot;:true,&quot;134233118&quot;:true,&quot;201341983&quot;:0,&quot;335559731&quot;:708,&quot;335559740&quot;:240}\">\u00a0<\/span><\/p>\n<p><span data-contrast=\"none\">En <\/span><span data-contrast=\"none\">esta<\/span><span data-contrast=\"none\"> regi\u00f3n <\/span><span data-contrast=\"none\">universitaria <\/span><span data-contrast=\"none\">se ofertan 22 programas educativos: dos de T\u00e9cnico Superior Universitario y 20 de <\/span><span data-contrast=\"none\">L<\/span><span data-contrast=\"none\">icenciatura, con <\/span><span data-contrast=\"none\">mil <\/span><span data-contrast=\"none\">816 lugares disponibles; cabe se\u00f1alar que en 2019 la oferta fue de <\/span><span data-contrast=\"none\">mil <\/span><span data-contrast=\"none\">775 lugares, lo que signif<\/span><span data-contrast=\"none\">ica un incremento de 41 lugares, <\/span><span data-contrast=\"none\">es decir el 2.3 por ciento.<\/span><span data-ccp-props=\"{&quot;134233117&quot;:true,&quot;134233118&quot;:true,&quot;201341983&quot;:0,&quot;335559731&quot;:708,&quot;335559740&quot;:240}\">\u00a0<\/span><\/p>\n<div id=\"attachment_86909\" style=\"width: 732px\" class=\"wp-caption aligncenter\"><a href=\"https:\/\/www.uv.mx\/prensa\/files\/2020\/08\/310820-CECILIA-Ingreso3-100k.jpg\"><img aria-describedby=\"caption-attachment-86909\" decoding=\"async\" loading=\"lazy\" class=\"size-full wp-image-86909\" src=\"https:\/\/www.uv.mx\/prensa\/files\/2020\/08\/310820-CECILIA-Ingreso3-100k.jpg\" alt=\"\" width=\"722\" height=\"481\" srcset=\"https:\/\/www.uv.mx\/prensa\/files\/2020\/08\/310820-CECILIA-Ingreso3-100k.jpg 722w, https:\/\/www.uv.mx\/prensa\/files\/2020\/08\/310820-CECILIA-Ingreso3-100k-300x200.jpg 300w\" sizes=\"(max-width: 722px) 100vw, 722px\" \/><\/a><p id=\"caption-attachment-86909\" class=\"wp-caption-text\">Los aspirantes guardaron la sana distancia<\/p><\/div>\n<p><span data-contrast=\"none\">La<\/span> <span data-contrast=\"none\">UV tom\u00f3 las siguientes medidas sanitarias <\/span><span data-contrast=\"none\">para recibir a los aspirantes: fumigaci\u00f3n contra el mosquito del dengue y <\/span><span data-contrast=\"none\">desinfecci\u00f3n<\/span><span data-contrast=\"none\"> de las instalaciones; marcaci\u00f3n del distanciamiento de 1.5 m<\/span><span data-contrast=\"none\">etros<\/span><span data-contrast=\"none\"> tanto <\/span><span data-contrast=\"none\">al<\/span><span data-contrast=\"none\"> exterior como al interior de<\/span><span data-contrast=\"none\"> la<\/span><span data-contrast=\"none\">s <\/span><span data-contrast=\"none\">sedes<\/span><span data-contrast=\"none\">; <\/span><span data-contrast=\"none\">implementaci\u00f3n de filtros sanitarios <\/span><span data-contrast=\"none\">para<\/span><span data-contrast=\"none\"> toma<\/span><span data-contrast=\"none\">r<\/span><span data-contrast=\"none\"> la temperatura, aplica<\/span><span data-contrast=\"none\">ci\u00f3n de<\/span><span data-contrast=\"none\"> gel <\/span><span data-contrast=\"none\">antibacterial<\/span> <span data-contrast=\"none\">a trav\u00e9s de<\/span><span data-contrast=\"none\"> un<\/span><span data-contrast=\"none\">a estructura con mica de<\/span><span data-contrast=\"none\"> vinil<\/span> <span data-contrast=\"none\">de por medio <\/span><span data-contrast=\"none\">para evitar el contacto<\/span><span data-contrast=\"none\">.<\/span> <span data-contrast=\"none\">C<\/span><span data-contrast=\"none\">abe se\u00f1alar que si un aspirante no pasa el filtro sanitario <\/span><span data-contrast=\"none\">por<\/span><span data-contrast=\"none\"> presentar s\u00edntomas de alerta o una temperatura mayor de 37.5 <\/span><span data-contrast=\"none\">grados<\/span><span data-contrast=\"none\">, se le proporcionan las indicaciones para presentarlo en l\u00ednea; <\/span><span data-contrast=\"none\">el examen <\/span><span data-contrast=\"none\">presencial <\/span><span data-contrast=\"none\">va de<\/span><span data-contrast=\"none\"> ocho a 14 aspirantes como m\u00e1ximo <\/span><span data-contrast=\"none\">en aulas<\/span><span data-contrast=\"none\"> y<\/span><span data-contrast=\"none\"> respetando el distanciamiento social.<\/span><span data-ccp-props=\"{&quot;134233117&quot;:true,&quot;134233118&quot;:true,&quot;201341983&quot;:0,&quot;335559731&quot;:708,&quot;335559740&quot;:240}\">\u00a0<\/span><\/p>\n<p><span data-contrast=\"none\">El vicerrector Carlos <\/span><span data-contrast=\"none\">Lamothe<\/span><span data-contrast=\"none\"> Zavaleta<\/span><span data-contrast=\"none\"> agradeci\u00f3 el apoyo de los padres de familia, al respetar las indicaciones de no acompa\u00f1ar a los aspiran<\/span><span data-contrast=\"none\">tes para evitar la aglomeraci\u00f3n;<\/span><span data-contrast=\"none\"> tambi\u00e9n rec<\/span><span data-contrast=\"none\">alc\u00f3<\/span><span data-contrast=\"none\"> el compromiso y autocuidado demostrado por los j\u00f3vene<\/span><span data-contrast=\"none\">s, quienes asistieron con <\/span><span data-contrast=\"none\">cubre<\/span><span data-contrast=\"none\">boca<\/span><span data-contrast=\"none\">, algunos con caretas y guantes<\/span><span data-contrast=\"none\">; <\/span><span data-contrast=\"none\">asimismo, <\/span><span data-contrast=\"none\">exhort\u00f3 a los aspirantes que participar\u00e1n <\/span><span data-contrast=\"none\">en los siguientes d\u00edas<\/span><span data-contrast=\"none\"> a seguir las indicaciones se\u00f1aladas en el proceso para evitar contratiempo<\/span><span data-contrast=\"none\">s.<\/span><span data-ccp-props=\"{&quot;134233117&quot;:true,&quot;134233118&quot;:true,&quot;201341983&quot;:0,&quot;335559731&quot;:708,&quot;335559740&quot;:240}\">\u00a0<\/span><\/p>\n<p><span data-contrast=\"none\">\u201c<\/span><span data-contrast=\"none\">En esta regi\u00f3n universitaria <\/span><span data-contrast=\"none\">el 12<\/span><span data-contrast=\"none\"> por ciento <\/span><span data-contrast=\"none\">de los aspirantes <\/span><span data-contrast=\"none\">presentar\u00e1<\/span><span data-contrast=\"none\"> el examen en l\u00ednea, <\/span><span data-contrast=\"none\">haciendo un total de <\/span><span data-contrast=\"none\">768 aspirantes que participan <\/span><span data-contrast=\"none\">en la modalidad virtual.\u201d<\/span><span data-ccp-props=\"{&quot;134233117&quot;:true,&quot;134233118&quot;:true,&quot;201341983&quot;:0,&quot;335559731&quot;:708,&quot;335559740&quot;:240}\">\u00a0<\/span><\/p>\n<p><span data-contrast=\"none\">Agreg\u00f3 que \u201c<\/span><span data-contrast=\"none\">l<\/span><span data-contrast=\"none\">a <\/span><span data-contrast=\"none\">U<\/span><span data-contrast=\"none\">niversidad <\/span><span data-contrast=\"none\">Veracruzana <\/span><span data-contrast=\"none\">ha cumplido con la sociedad a trav\u00e9s de un examen que ofrece certeza para quien lo presenta, <\/span><span data-contrast=\"none\">pues ingresar\u00e1 quien se gane el espacio; <\/span><span data-contrast=\"none\">adem\u00e1s hemos implementado las medidas sanitarias para proteger a los aspirantes y a los aplicadores que <\/span><span data-contrast=\"none\">trabajan<\/span><span data-contrast=\"none\"> en este proceso\u201d.<\/span><span data-ccp-props=\"{&quot;134233117&quot;:true,&quot;134233118&quot;:true,&quot;201341983&quot;:0,&quot;335559731&quot;:708,&quot;335559740&quot;:240}\">\u00a0<\/span><\/p>\n<div id=\"attachment_86908\" style=\"width: 732px\" class=\"wp-caption aligncenter\"><a href=\"https:\/\/www.uv.mx\/prensa\/files\/2020\/08\/310820-CECILIA-Ingreso2-100k.jpg\"><img aria-describedby=\"caption-attachment-86908\" decoding=\"async\" loading=\"lazy\" class=\"size-full wp-image-86908\" src=\"https:\/\/www.uv.mx\/prensa\/files\/2020\/08\/310820-CECILIA-Ingreso2-100k.jpg\" alt=\"\" width=\"722\" height=\"481\" srcset=\"https:\/\/www.uv.mx\/prensa\/files\/2020\/08\/310820-CECILIA-Ingreso2-100k.jpg 722w, https:\/\/www.uv.mx\/prensa\/files\/2020\/08\/310820-CECILIA-Ingreso2-100k-300x200.jpg 300w\" sizes=\"(max-width: 722px) 100vw, 722px\" \/><\/a><p id=\"caption-attachment-86908\" class=\"wp-caption-text\">Equipo del <em>campus<\/em> Coatzacoalcos<\/p><\/div>\n<p><span data-contrast=\"none\">Enfatiz\u00f3 que t<\/span><span data-contrast=\"none\">odo el personal q<\/span><span data-contrast=\"none\">ue se ha dedicado a la limpieza y desinfecci\u00f3n de los espacios<\/span> <span data-contrast=\"none\">lo ha\u00a0 hecho con un gran<\/span><span data-contrast=\"none\"> compromiso<\/span><span data-contrast=\"none\"> con la instituci\u00f3n; \u201cdiariamente, a las 14:00 horas <\/span><span data-contrast=\"none\">se desinfectar\u00e1n de nueva cuenta la<\/span><span data-contrast=\"none\">s instalaciones para estar lista<\/span><span data-contrast=\"none\">s para los pr\u00f3ximos d\u00edas\u201d.<\/span><span data-ccp-props=\"{&quot;134233117&quot;:true,&quot;134233118&quot;:true,&quot;201341983&quot;:0,&quot;335559731&quot;:708,&quot;335559740&quot;:240}\">\u00a0<\/span><\/p>\n<p><span data-contrast=\"none\">Hugo Noble P\u00e9rez, <\/span><span data-contrast=\"none\">s<\/span><span data-contrast=\"none\">ecretario <\/span><span data-contrast=\"none\">A<\/span><span data-contrast=\"none\">cad\u00e9mico <\/span><span data-contrast=\"none\">r<\/span><span data-contrast=\"none\">egional<\/span><span data-contrast=\"none\">,<\/span><span data-contrast=\"none\"> se\u00f1al\u00f3 que <\/span><span data-contrast=\"none\">el primer d\u00eda<\/span><span data-contrast=\"none\"> en el <\/span><i><span data-contrast=\"none\">campus<\/span><\/i><span data-contrast=\"none\"> Minatitl\u00e1n<\/span><span data-contrast=\"none\"> el proceso de ingreso dur\u00f3 <\/span><span data-contrast=\"none\">una<\/span><span data-contrast=\"none\"> hora<\/span><span data-contrast=\"none\"> y<\/span><span data-contrast=\"none\"> 10 minutos<\/span><span data-contrast=\"none\">,<\/span><span data-contrast=\"none\"> e ingresaron 363 aspirantes<\/span><span data-contrast=\"none\">;<\/span><span data-contrast=\"none\"> en el <\/span><i><span data-contrast=\"none\">campus<\/span><\/i><span data-contrast=\"none\"> Coatzacoalcos fueron 6<\/span><span data-contrast=\"none\">13<\/span><span data-contrast=\"none\"> aspirantes e ingresaron en <\/span><span data-contrast=\"none\">una<\/span><span data-contrast=\"none\"> hora con 35 minutos.<\/span><span data-ccp-props=\"{&quot;134233117&quot;:true,&quot;134233118&quot;:true,&quot;201341983&quot;:0,&quot;335559731&quot;:708,&quot;335559740&quot;:240}\">\u00a0<\/span><\/p>\n<p><span data-contrast=\"none\">Vianey<\/span> <span data-contrast=\"none\">Ol\u00e1n<\/span><span data-contrast=\"none\"> Salazar, <\/span><span data-contrast=\"none\">e<\/span><span data-contrast=\"none\">nlace <\/span><span data-contrast=\"none\">regional<\/span><span data-contrast=\"none\"> del proceso de ingreso<\/span><span data-contrast=\"none\">,<\/span> <span data-contrast=\"none\">inform\u00f3 que <\/span><span data-contrast=\"none\">en \u00e9ste <\/span><span data-contrast=\"none\">participa<\/span><span data-contrast=\"none\">n <\/span><span data-contrast=\"none\">10 operativos, <\/span><span data-contrast=\"none\">8<\/span><span data-contrast=\"none\">3<\/span><span data-contrast=\"none\"> aplicadores y 3<\/span><span data-contrast=\"none\">0<\/span> <span data-contrast=\"none\">auxiliares<\/span><span data-contrast=\"none\">.<\/span><span data-ccp-props=\"{&quot;134233117&quot;:true,&quot;134233118&quot;:true,&quot;201341983&quot;:0,&quot;335559731&quot;:708,&quot;335559740&quot;:240}\">\u00a0<\/span><\/p>\n<p><span data-contrast=\"none\">Los resultados <\/span><span data-contrast=\"none\">del examen de ingreso <\/span><span data-contrast=\"none\">se <\/span><span data-contrast=\"none\">dar\u00e1n a conocer <\/span><span data-contrast=\"none\">el 15 de septiembre y las inscripciones iniciar\u00e1n del 16 al 18; la publicaci\u00f3n de lugares disponibles se realizar\u00e1 el 20 <\/span><span data-contrast=\"none\">del mismo mes.<\/span> <span data-contrast=\"none\">T<\/span><span data-contrast=\"none\">oda la informaci\u00f3n estar\u00e1 disponible en <\/span><a href=\"https:\/\/www.uv.mx\/aspirantes\"><span data-contrast=\"none\">www.uv.mx\/aspirantes<\/span><\/a><span data-contrast=\"auto\">.<\/span><span data-ccp-props=\"{&quot;134233117&quot;:true,&quot;134233118&quot;:true,&quot;201341983&quot;:0,&quot;335559731&quot;:708,&quot;335559740&quot;:240}\">\u00a0<\/span><\/p>\n<div id=\"attachment_86910\" style=\"width: 732px\" class=\"wp-caption aligncenter\"><a href=\"https:\/\/www.uv.mx\/prensa\/files\/2020\/08\/310820-CECILIA-Ingreso4-100k.jpg\"><img aria-describedby=\"caption-attachment-86910\" decoding=\"async\" loading=\"lazy\" class=\"size-full wp-image-86910\" src=\"https:\/\/www.uv.mx\/prensa\/files\/2020\/08\/310820-CECILIA-Ingreso4-100k.jpg\" alt=\"\" width=\"722\" height=\"481\" srcset=\"https:\/\/www.uv.mx\/prensa\/files\/2020\/08\/310820-CECILIA-Ingreso4-100k.jpg 722w, https:\/\/www.uv.mx\/prensa\/files\/2020\/08\/310820-CECILIA-Ingreso4-100k-300x200.jpg 300w\" sizes=\"(max-width: 722px) 100vw, 722px\" \/><\/a><p id=\"caption-attachment-86910\" class=\"wp-caption-text\">El filtro sanitario incluy\u00f3 una estructura con mica de vinil de por medio para evitar el contacto<\/p><\/div>\n","protected":false},"excerpt":{"rendered":"<p>Del 31 de agosto al 4 de septiembre se recibir\u00e1n a aproximadamente cinco mil 93 aspirantes, en las modalidades presencial y virtual<\/p>\n","protected":false},"author":1508,"featured_media":86911,"comment_status":"closed","ping_status":"closed","sticky":false,"template":"","format":"standard","meta":[],"categories":[52,61],"tags":[],"_links":{"self":[{"href":"https:\/\/www.uv.mx\/prensa\/wp-json\/wp\/v2\/posts\/86920"}],"collection":[{"href":"https:\/\/www.uv.mx\/prensa\/wp-json\/wp\/v2\/posts"}],"about":[{"href":"https:\/\/www.uv.mx\/prensa\/wp-json\/wp\/v2\/types\/post"}],"author":[{"embeddable":true,"href":"https:\/\/www.uv.mx\/prensa\/wp-json\/wp\/v2\/users\/1508"}],"replies":[{"embeddable":true,"href":"https:\/\/www.uv.mx\/prensa\/wp-json\/wp\/v2\/comments?post=86920"}],"version-history":[{"count":0,"href":"https:\/\/www.uv.mx\/prensa\/wp-json\/wp\/v2\/posts\/86920\/revisions"}],"wp:featuredmedia":[{"embeddable":true,"href":"https:\/\/www.uv.mx\/prensa\/wp-json\/wp\/v2\/media\/86911"}],"wp:attachment":[{"href":"https:\/\/www.uv.mx\/prensa\/wp-json\/wp\/v2\/media?parent=86920"}],"wp:term":[{"taxonomy":"category","embeddable":true,"href":"https:\/\/www.uv.mx\/prensa\/wp-json\/wp\/v2\/categories?post=86920"},{"taxonomy":"post_tag","embeddable":true,"href":"https:\/\/www.uv.mx\/prensa\/wp-json\/wp\/v2\/tags?post=86920"}],"curies":[{"name":"wp","href":"https:\/\/api.w.org\/{rel}","templated":true}]}}