{"id":87561,"date":"2020-09-16T08:00:44","date_gmt":"2020-09-16T13:00:44","guid":{"rendered":"https:\/\/www.uv.mx\/prensa\/?p=87561"},"modified":"2020-09-18T09:57:16","modified_gmt":"2020-09-18T14:57:16","slug":"turistas-podrian-ser-aliados-en-la-conservacion-del-patrimonio-arqueologas","status":"publish","type":"post","link":"https:\/\/www.uv.mx\/prensa\/banner\/turistas-podrian-ser-aliados-en-la-conservacion-del-patrimonio-arqueologas\/","title":{"rendered":"Turistas podr\u00edan ser aliados en la conservaci\u00f3n del patrimonio: arque\u00f3logas"},"content":{"rendered":"<ul>\n<li data-leveltext=\"\uf0b7\" data-font=\"Symbol\" data-listid=\"2\" data-aria-posinset=\"1\" data-aria-level=\"1\"><i><span data-contrast=\"auto\">\u00abEl <\/span><\/i><i><span data-contrast=\"auto\">p<\/span><\/i><i><span data-contrast=\"auto\">atrimonio <\/span><\/i><i><span data-contrast=\"auto\">a<\/span><\/i><i><span data-contrast=\"auto\">rqueol\u00f3gico <\/span><\/i><i><span data-contrast=\"auto\">f<\/span><\/i><i><span data-contrast=\"auto\">rente al <\/span><\/i><i><span data-contrast=\"auto\">t<\/span><\/i><i><span data-contrast=\"auto\">urismo\u00bb, fue el tema de la XVI sesi\u00f3n del <\/span><\/i><i><span data-contrast=\"auto\">Webinario Internacional de Arqueolog\u00eda<\/span><\/i> <i><span data-contrast=\"auto\">de la UV<\/span><\/i><span data-ccp-props=\"{&quot;134233279&quot;:true}\">\u00a0<\/span><\/li>\n<li data-leveltext=\"\uf0b7\" data-font=\"Symbol\" data-listid=\"2\" data-aria-posinset=\"2\" data-aria-level=\"1\"><i><span data-contrast=\"auto\">\u201cMuchas veces buscamos <\/span><\/i><i><span data-contrast=\"auto\">cosas que no tenemos y lo que tenemos no lo cuidamos\u201d, remarc\u00f3 <\/span><\/i><i><span data-contrast=\"auto\">Margarita Barrera,<\/span><\/i> <i><span data-contrast=\"auto\">de la Universidad de las Islas Baleares, Espa\u00f1a<\/span><\/i><span data-ccp-props=\"{&quot;134233279&quot;:true}\">\u00a0<\/span><\/li>\n<\/ul>\n<div id=\"attachment_87563\" style=\"width: 909px\" class=\"wp-caption aligncenter\"><a href=\"https:\/\/www.uv.mx\/prensa\/files\/2020\/09\/140920-WIA-16.jpg\"><img aria-describedby=\"caption-attachment-87563\" decoding=\"async\" loading=\"lazy\" class=\"size-full wp-image-87563\" src=\"https:\/\/www.uv.mx\/prensa\/files\/2020\/09\/140920-WIA-16.jpg\" alt=\"\" width=\"899\" height=\"481\" srcset=\"https:\/\/www.uv.mx\/prensa\/files\/2020\/09\/140920-WIA-16.jpg 899w, https:\/\/www.uv.mx\/prensa\/files\/2020\/09\/140920-WIA-16-300x161.jpg 300w, https:\/\/www.uv.mx\/prensa\/files\/2020\/09\/140920-WIA-16-768x411.jpg 768w\" sizes=\"(max-width: 899px) 100vw, 899px\" \/><\/a><p id=\"caption-attachment-87563\" class=\"wp-caption-text\">Las arque\u00f3logas destacaron la importancia de generar programas de reapropiaci\u00f3n de los bienes patrimoniales<\/p><\/div>\n<p><b><i><span data-contrast=\"auto\">Karina de la Paz Reyes D\u00edaz<\/span><\/i><\/b><span data-ccp-props=\"{}\">\u00a0<\/span><\/p>\n<p><b><i><span data-contrast=\"auto\">16\/09\/2020, Xalapa, Ver.- <\/span><\/i><\/b><span data-contrast=\"auto\">M\u00e1s all\u00e1 de pensar que <\/span><span data-contrast=\"auto\">e<\/span><span data-contrast=\"auto\">l turismo si<\/span><span data-contrast=\"auto\">gnifica una amenaza para el patrimonio arqueol\u00f3gico, debe verse como un <\/span><span data-contrast=\"auto\">actor m\u00e1s que contribuya a su salvaguarda<\/span><span data-contrast=\"auto\">,<\/span><span data-contrast=\"auto\"> y la comunidad acad\u00e9mica <\/span><span data-contrast=\"auto\">tiene un papel importante en ese planteamiento,<\/span><span data-contrast=\"auto\"> coincidieron arque\u00f3logas<\/span><span data-contrast=\"auto\"> en la <\/span><span data-contrast=\"auto\">XVI sesi\u00f3n del Webinario Internacional de Arqueolog\u00eda (WIA), organizado por la <a href=\"https:\/\/www.uv.mx\/\" target=\"_blank\" rel=\"noopener noreferrer\">Universidad Veracruzana<\/a> (UV) a trav\u00e9s del cuerpo acad\u00e9mico (CA) Arqueolog\u00eda del Paisaje y Cosmovisi\u00f3n<\/span><span data-contrast=\"auto\">, y que <\/span><span data-contrast=\"auto\">vers\u00f3 sobre <\/span><span data-contrast=\"auto\">\u201c<\/span><span data-contrast=\"auto\">El <\/span><span data-contrast=\"auto\">p<\/span><span data-contrast=\"auto\">atrimonio<\/span><span data-contrast=\"auto\"> arqueol\u00f3gico frente al turismo\u201d<\/span><span data-contrast=\"auto\">.<\/span><span data-ccp-props=\"{}\">\u00a0<\/span><\/p>\n<p><span data-contrast=\"auto\">Margarita Barrera Ca\u00f1ellas<\/span><span data-contrast=\"auto\">,<\/span><span data-contrast=\"auto\"> catedr\u00e1tica<\/span><span data-contrast=\"auto\"> de la Universidad <\/span><span data-contrast=\"auto\">de las Islas Baleares, Espa\u00f1a<\/span><span data-contrast=\"auto\">, coment\u00f3 que \u00e9ste es<\/span><span data-contrast=\"auto\"> un pa\u00eds<\/span><span data-contrast=\"auto\"> l\u00edder <\/span><span data-contrast=\"auto\">en turismo de sol y playa<\/span><span data-contrast=\"auto\">,<\/span><span data-contrast=\"auto\"> y paralelamente <\/span><span data-contrast=\"auto\">tiene <\/span><span data-contrast=\"auto\">un patrimonio cultural muy poco conocido<\/span><span data-contrast=\"auto\">.<\/span> <span data-contrast=\"auto\">Por ejemplo, cit\u00f3 <\/span><span data-contrast=\"auto\">que muy cerca de C\u00f3rdoba est\u00e1 <\/span><span data-contrast=\"auto\">uno de los palacios m\u00e1s importantes <\/span><span data-contrast=\"auto\">de<\/span><span data-contrast=\"auto\">l<\/span> <span data-contrast=\"auto\">califato cordob\u00e9s<\/span><span data-contrast=\"auto\">, <\/span><span data-contrast=\"auto\">que estuvo en funciones <\/span><span data-contrast=\"auto\">hace aproximadamente nueve siglos.\u00a0<\/span><span data-ccp-props=\"{&quot;335559731&quot;:708}\">\u00a0<\/span><\/p>\n<p><span data-contrast=\"auto\">\u201cEl problema que nos encontramos es que tenemos mucho patrimonio<\/span><span data-contrast=\"auto\"> que desde el punto de vista arqueol\u00f3gico <\/span><span data-contrast=\"auto\">se<\/span><span data-contrast=\"auto\"> est\u00e1 destrozando, porque <\/span><span data-contrast=\"auto\">eso s\u00ed<\/span><span data-contrast=\"auto\">,<\/span><span data-contrast=\"auto\"> somos l\u00edderes en<\/span><span data-contrast=\"auto\"> saqueo<\/span><span data-contrast=\"auto\"> y en expolios<\/span><span data-contrast=\"auto\">; por otro lado, tenemos la zona de<\/span><span data-contrast=\"auto\"> la<\/span><span data-contrast=\"auto\"> Espa\u00f1a interior que est\u00e1 absolutamente despoblada<\/span><span data-contrast=\"auto\">, lo que aqu\u00ed se llama \u2018la Espa\u00f1a vaciada\u2019<\/span><span data-contrast=\"auto\">.\u201d<\/span><span data-ccp-props=\"{&quot;335559731&quot;:708}\">\u00a0<\/span><\/p>\n<p><span data-contrast=\"auto\">La acad\u00e9mica expuso que con <\/span><span data-contrast=\"auto\">la pandemia por Covid-19 ha incrementado hasta un 30 por ciento el turismo en el patrimonio cultural<\/span><span data-contrast=\"auto\">, lo cual exhibe el potencial econ\u00f3mico que significa<\/span><span data-contrast=\"auto\"> el legado arqueol\u00f3gico.<\/span><span data-ccp-props=\"{&quot;335559731&quot;:708}\">\u00a0<\/span><\/p>\n<p><span data-contrast=\"auto\">\u201cNuestra propuesta es que no podemos seguir construyendo hoteles ni campos de golf<\/span><span data-contrast=\"auto\">, porque a nivel medioambiental es absolutamente insostenible<\/span><span data-contrast=\"auto\">.\u201d<\/span><span data-ccp-props=\"{&quot;335559731&quot;:708}\">\u00a0<\/span><\/p>\n<p><span data-contrast=\"auto\">Su propuesta<\/span><span data-contrast=\"auto\"> en cambio<\/span> <span data-contrast=\"auto\">es que <\/span><span data-contrast=\"auto\">los bienes patrimoniales <\/span><span data-contrast=\"auto\">se exploten econ\u00f3micamente hablando, para que<\/span><span data-contrast=\"auto\"> resulte atractivo<\/span> <span data-contrast=\"auto\">a<\/span> <span data-contrast=\"auto\">los propietarios<\/span><span data-contrast=\"auto\">; con el concepto de \u201ceconom\u00eda circular\u201d<\/span> <span data-contrast=\"auto\">reutilizar<\/span><span data-contrast=\"auto\">\u00edan<\/span><span data-contrast=\"auto\"> lo que <\/span><span data-contrast=\"auto\">ya se tiene, as\u00ed se conserva <\/span><span data-contrast=\"auto\">y se crea un motor econ\u00f3mico para la regi\u00f3n.<\/span><span data-ccp-props=\"{&quot;335559731&quot;:708}\">\u00a0<\/span><\/p>\n<p><span data-contrast=\"auto\">Para muestra, cit\u00f3 que trabajan en Bord\u00f3n<\/span><span data-contrast=\"auto\">, peque\u00f1o pueblo de<\/span><span data-contrast=\"auto\"> Teruel<\/span><span data-contrast=\"auto\">, que tiene una iglesia muy antigua<\/span><span data-contrast=\"auto\"> y podr\u00eda resultar de inter\u00e9s para la gente interesada en la historia medieval, <\/span><span data-contrast=\"auto\">los templarios, incluso quienes est\u00e1n abocados a la<\/span><span data-contrast=\"auto\">s<\/span><span data-contrast=\"auto\"> terapias alternativas<\/span><span data-contrast=\"auto\">, pues descubrieron un <\/span><span data-contrast=\"auto\">fresco donde qued\u00f3 plasmado c\u00f3mo <\/span><span data-contrast=\"auto\">ense\u00f1aban a meditar en aque<\/span><span data-contrast=\"auto\">l tiempo.<\/span><span data-ccp-props=\"{&quot;335559731&quot;:708}\">\u00a0<\/span><\/p>\n<p><span data-contrast=\"auto\">\u201cMuchas veces buscamos <\/span><span data-contrast=\"auto\">cosas que no tenemos y lo que tenemos no lo cuidamos\u201d<\/span><span data-contrast=\"auto\">, remarc\u00f3 la acad\u00e9mica.<\/span><span data-ccp-props=\"{&quot;335559731&quot;:708}\">\u00a0<\/span><\/p>\n<p><span data-contrast=\"auto\">En tanto<\/span> <span data-contrast=\"auto\">Magdalena A. Garc\u00eda S\u00e1nchez, profesora-investigadora de El Colegio de Michoac\u00e1n, <\/span><span data-contrast=\"auto\">cit\u00f3 que la mov<\/span><span data-contrast=\"auto\">ilidad siempre ha sido deseable;<\/span> <span data-contrast=\"auto\">sin embargo<\/span><span data-contrast=\"auto\">,<\/span> <span data-contrast=\"auto\">\u201c<\/span><span data-contrast=\"auto\">estas hordas \u2013<\/span><span data-contrast=\"auto\">porque con todo respeto creo que es lo que son cuando llegan en esas cantidades<\/span><span data-contrast=\"auto\">\u2013 se convierten no en una <\/span><span data-contrast=\"auto\">p<\/span><span data-contrast=\"auto\">iedra en el zapato, sino en zapato sin suela, en una pesadilla.\u201d<\/span><span data-ccp-props=\"{}\">\u00a0<\/span><\/p>\n<p><span data-contrast=\"auto\">Una vez aceptado que el turismo es una pieza clave<\/span><span data-contrast=\"auto\"> e<\/span><span data-contrast=\"auto\">n t\u00e9rminos econ\u00f3micos<\/span><span data-contrast=\"auto\">, es necesario remediar y prever<\/span><span data-contrast=\"auto\">, subray\u00f3<\/span><span data-contrast=\"auto\">,<\/span><span data-contrast=\"auto\"> pues implica destrucciones en distintas escalas<\/span><span data-contrast=\"auto\">:<\/span><span data-contrast=\"auto\"> \u201c<\/span><span data-contrast=\"auto\">N<\/span><span data-contrast=\"auto\">o se trata <\/span><span data-contrast=\"auto\">de <\/span><span data-contrast=\"auto\">que por dinero y la derrama econ\u00f3mica se sacrifique todo lo dem\u00e1s<\/span><span data-contrast=\"auto\">, incluido el bienestar del lugar que se visita\u201d.<\/span><span data-ccp-props=\"{}\">\u00a0<\/span><\/p>\n<p><span data-contrast=\"auto\">Por ello<\/span><span data-contrast=\"auto\">,<\/span><span data-contrast=\"auto\"> remarc\u00f3 como necesaria e imprescindible una revisi\u00f3n de los planes de manej<\/span><span data-contrast=\"auto\">o de los sitios que est\u00e1n debidamente registrados.\u00a0<\/span><span data-ccp-props=\"{}\">\u00a0<\/span><\/p>\n<p><span data-contrast=\"auto\">Por otro lado, habl\u00f3 de los sitios y lugares que no est\u00e1n <\/span><span data-contrast=\"auto\">protegidos y que no <\/span><span data-contrast=\"auto\">est\u00e1n<\/span><span data-contrast=\"auto\"> registrados <\/span><span data-contrast=\"auto\">en l<\/span><span data-contrast=\"auto\">a<\/span><span data-contrast=\"auto\"> lista de la <\/span><span data-contrast=\"auto\">Organizaci\u00f3n de las Naciones Unidas para la Educaci\u00f3n, la Ciencia y la Cultura<\/span><span data-contrast=\"auto\"> (<\/span><span data-contrast=\"auto\">UNESCO<\/span><span data-contrast=\"auto\">)<\/span><span data-contrast=\"auto\"> ni mucho menos, s\u00f3lo en el ayuntamiento al que pertenecen<\/span><span data-contrast=\"auto\">.<\/span><span data-ccp-props=\"{}\">\u00a0<\/span><\/p>\n<p><span data-contrast=\"auto\">\u201cZonas arqueol\u00f3gicas, cuevas, pinturas rupestres, canales, todas las manifestaciones arqueol\u00f3gicas de diferentes \u00e9pocas que a<\/span> <span data-contrast=\"auto\">veces conviven en un solo paisaje cultural y a nadie le i<\/span><span data-contrast=\"auto\">mportan porque no saben para qu\u00e9 fueron hechos.\u201d<\/span><span data-ccp-props=\"{&quot;335559731&quot;:708}\">\u00a0<\/span><\/p>\n<p><span data-contrast=\"auto\">Por ello, cit\u00f3 la labor <\/span><span data-contrast=\"auto\">que podr\u00edan desarrollar<\/span><span data-contrast=\"auto\"> instituciones de educaci\u00f3n superior y <\/span><span data-contrast=\"auto\">la <\/span><span data-contrast=\"auto\">comunidad <\/span><span data-contrast=\"auto\">cient\u00edfic<\/span><span data-contrast=\"auto\">a <\/span><span data-contrast=\"auto\">social, para promover <\/span><span data-contrast=\"auto\">la participaci\u00f3n de las sociedades<\/span><span data-contrast=\"auto\"> locales<\/span><span data-contrast=\"auto\">, <\/span><span data-contrast=\"auto\">las cuales<\/span><span data-contrast=\"auto\"> son eventuales custodios de este patrimonio<\/span><span data-contrast=\"auto\">, es decir, generar programas de reapropiaci\u00f3n <\/span><span data-contrast=\"auto\">de los bienes patrimoniales.<\/span><span data-ccp-props=\"{}\">\u00a0<\/span><\/p>\n<p><span data-contrast=\"auto\">Para ella, <\/span><span data-contrast=\"auto\">la mejor v\u00eda <\/span><span data-contrast=\"auto\">no son ni los excursionistas ni los turistas, sino los viajeros, pues a diferencia de los otros, no tiene<\/span><span data-contrast=\"auto\">n<\/span><span data-contrast=\"auto\"> itinerario, le<\/span><span data-contrast=\"auto\">s<\/span> <span data-contrast=\"auto\">gusta involucrarse con la gente local<\/span><span data-contrast=\"auto\">,<\/span><span data-contrast=\"auto\"> as\u00ed como entender otras formas de vida.<\/span><span data-ccp-props=\"{}\">\u00a0<\/span><\/p>\n<p><span data-contrast=\"auto\">Un punto m\u00e1s que cit\u00f3 como necesario es trabajar en programas de interp<\/span><span data-contrast=\"auto\">retaci\u00f3n del patrimonio y as\u00ed mover a la reflexi\u00f3n de quien <\/span><span data-contrast=\"auto\">los <\/span><span data-contrast=\"auto\">visita<\/span><span data-contrast=\"auto\">. \u201cConectar gente del pasado con la del presente<\/span><span data-contrast=\"auto\">, m\u00e1s que hablar en \u2018<\/span><span data-contrast=\"auto\">arqueologu\u00e9s<\/span><span data-contrast=\"auto\">\u2019.<\/span><span data-ccp-props=\"{}\">\u00a0<\/span><\/p>\n<p><span data-contrast=\"auto\">\u201d<\/span><span data-contrast=\"auto\">Es muy terrible lo que voy a decir, <\/span><span data-contrast=\"auto\">colegas y escuchas: a la gente quiz\u00e1<\/span><span data-contrast=\"auto\"> no<\/span><span data-contrast=\"auto\"> le interesa que nosotros tengamos <\/span><span data-contrast=\"auto\">el mejor y m\u00e1s pulcro an\u00e1lisis de la l\u00edtica que hayamos hecho en la vida, <\/span><span data-contrast=\"auto\">pero le interesa saber c\u00f3mo se rasuraban, c\u00f3mo se cortaban el <\/span><span data-contrast=\"auto\">cabello<\/span><span data-contrast=\"auto\">, c\u00f3mo se <\/span><span data-contrast=\"auto\">trenzaban, algo m\u00e1s relevante en t<\/span><span data-contrast=\"auto\">emas<\/span><span data-contrast=\"auto\"> de <\/span><span data-contrast=\"auto\">la <\/span><span data-contrast=\"auto\">vida cotidiana.\u201d<\/span><span data-ccp-props=\"{}\">\u00a0<\/span><\/p>\n<p><span data-contrast=\"auto\">A manera de dejarlo para reflexionar <\/span><span data-contrast=\"auto\">destac\u00f3<\/span><span data-contrast=\"auto\">: \u201cPodr\u00edamos hacer del turista <\/span><span data-contrast=\"auto\">un visitante y<\/span><span data-contrast=\"auto\">,<\/span><span data-contrast=\"auto\"> a la vez<\/span><span data-contrast=\"auto\">,<\/span><span data-contrast=\"auto\"> un aliado para la conservaci\u00f3n del patrimonio <\/span><span data-contrast=\"auto\">arqueol\u00f3gico e hist\u00f3rico\u201d.<\/span><span data-ccp-props=\"{}\">\u00a0<\/span><\/p>\n<p><span data-contrast=\"auto\">Por su parte<\/span><span data-contrast=\"auto\">, <\/span><span data-contrast=\"auto\">Ericka<\/span><span data-contrast=\"auto\"> Ortiz <\/span><span data-contrast=\"auto\">Pucheta<\/span><span data-contrast=\"auto\">, responsable del Centro Cultural del Sotavento del Instituto Veracruzano de la Cultura (<\/span><i><span data-contrast=\"auto\">Ivec<\/span><\/i><span data-contrast=\"auto\">)<\/span><span data-contrast=\"auto\">, retom\u00f3 el hilo de lo dicho por su antecesora y subray\u00f3 que quienes son profesionales de la arqueolog\u00eda no est\u00e1n integrados <\/span><span data-contrast=\"auto\">dentro de la industria tur\u00edstic<\/span><span data-contrast=\"auto\">a, lo cual provoca desinformaci\u00f3n.<\/span><span data-ccp-props=\"{}\">\u00a0<\/span><\/p>\n<p><span data-contrast=\"auto\">Subray\u00f3 tambi\u00e9n la importancia de la divulgaci\u00f3n del patrimonio <\/span><span data-contrast=\"auto\">en los sectores educativo<\/span><span data-contrast=\"auto\"> y <\/span><span data-contrast=\"auto\">tur\u00edstico<\/span><span data-contrast=\"auto\">, as\u00ed como<\/span><span data-contrast=\"auto\"> en la comunidad o comunidades m\u00e1s pr\u00f3ximas al patrimonio <\/span><span data-contrast=\"auto\">arqueol\u00f3gico<\/span><span data-contrast=\"auto\">.<\/span><span data-ccp-props=\"{}\">\u00a0<\/span><\/p>\n<p><span data-contrast=\"auto\">\u201cSe debe generar un di\u00e1logo entre patrimonio y turismo<\/span><span data-contrast=\"auto\">,<\/span><span data-contrast=\"auto\"> y uno de los elementos que puede permitirlo es el desarrollo sustentable<\/span><span data-contrast=\"auto\">.<\/span><span data-contrast=\"auto\"> \u00c9ste n<\/span><span data-contrast=\"auto\">os puede dar las pautas para tener un turismo arqueol\u00f3gico de manera arm\u00f3nica\u201d.<\/span><span data-ccp-props=\"{}\">\u00a0<\/span><\/p>\n<p><span data-contrast=\"auto\">En sus palabras, \u201cun p\u00fablico interesado no destruir\u00e1 nunca el patrimonio<\/span><span data-contrast=\"auto\">,<\/span><span data-contrast=\"auto\"> y s<\/span><span data-contrast=\"auto\">i<\/span><span data-contrast=\"auto\"> mantenemos canales de comunicaci\u00f3n efectivos <\/span><span data-contrast=\"auto\">la gente valorar\u00e1 su patrimonio<\/span><span data-contrast=\"auto\">, lo cuid<\/span><span data-contrast=\"auto\">ar\u00e1<\/span><span data-contrast=\"auto\"> lejos de destruirlo<\/span><span data-contrast=\"auto\">.<\/span><span data-contrast=\"auto\">\u201d<\/span><span data-ccp-props=\"{}\">\u00a0<\/span><\/p>\n<p><span data-contrast=\"auto\">Finalmente, X\u00f3<\/span><span data-contrast=\"auto\">chitl Le\u00f3n Estrada<\/span><span data-contrast=\"auto\">,<\/span><span data-contrast=\"auto\"> profesora-investigadora de El Colegio de Veracruz<\/span><span data-contrast=\"auto\">,<\/span> <span data-contrast=\"auto\">coincidi\u00f3 en<\/span><span data-contrast=\"auto\"> que el tema concierne a<\/span><span data-contrast=\"auto\">l sector empresarial, productivo, acad\u00e9mico y a las comunidades asentadas <\/span><span data-contrast=\"auto\">en los entornos arqueol\u00f3gicos<\/span><span data-contrast=\"auto\">.<\/span><span data-ccp-props=\"{}\">\u00a0<\/span><\/p>\n<p><span data-contrast=\"auto\">El conve<\/span><span data-contrast=\"auto\">r<\/span><span data-contrast=\"auto\">satorio <\/span><span data-contrast=\"auto\">fue<\/span><span data-contrast=\"auto\"> moderado por <\/span><span data-contrast=\"auto\">Lourdes Budar <\/span><span data-contrast=\"auto\">Jim\u00e9nez, directora general de<\/span><span data-contrast=\"auto\"> la Universidad Veracruzana Intercultural<\/span><span data-contrast=\"auto\">,<\/span><span data-contrast=\"auto\"> y se desarroll\u00f3 el <\/span><span data-contrast=\"auto\">10 <\/span><span data-contrast=\"auto\">de septiembre<\/span><span data-contrast=\"auto\"> por l<\/span><span data-contrast=\"auto\">as<\/span><span data-contrast=\"auto\"> plataforma<\/span><span data-contrast=\"auto\">s<\/span> <i><span data-contrast=\"auto\">Zoom<\/span><\/i><span data-contrast=\"auto\"> y <\/span><span data-contrast=\"auto\">el <\/span><i><span data-contrast=\"auto\">Facebook<\/span><\/i><span data-contrast=\"auto\">: <\/span><span data-contrast=\"auto\">WIA.UV<\/span><span data-contrast=\"auto\"> \u2013en \u00e9ste<\/span> <span data-contrast=\"auto\">se encuentran <\/span><span data-contrast=\"auto\">disponibles todos los conversatorios que se han desarrollado.\u00a0<\/span><span data-ccp-props=\"{&quot;335559731&quot;:708}\">\u00a0<\/span><\/p>\n","protected":false},"excerpt":{"rendered":"<p>\u201cNuestra propuesta es que no podemos seguir construyendo hoteles ni campos de golf, porque a nivel medioambiental es absolutamente insostenible\u201d: Margarita Barrera Ca\u00f1ellas <\/p>\n","protected":false},"author":1508,"featured_media":87562,"comment_status":"closed","ping_status":"closed","sticky":false,"template":"","format":"standard","meta":[],"categories":[61],"tags":[],"_links":{"self":[{"href":"https:\/\/www.uv.mx\/prensa\/wp-json\/wp\/v2\/posts\/87561"}],"collection":[{"href":"https:\/\/www.uv.mx\/prensa\/wp-json\/wp\/v2\/posts"}],"about":[{"href":"https:\/\/www.uv.mx\/prensa\/wp-json\/wp\/v2\/types\/post"}],"author":[{"embeddable":true,"href":"https:\/\/www.uv.mx\/prensa\/wp-json\/wp\/v2\/users\/1508"}],"replies":[{"embeddable":true,"href":"https:\/\/www.uv.mx\/prensa\/wp-json\/wp\/v2\/comments?post=87561"}],"version-history":[{"count":0,"href":"https:\/\/www.uv.mx\/prensa\/wp-json\/wp\/v2\/posts\/87561\/revisions"}],"wp:featuredmedia":[{"embeddable":true,"href":"https:\/\/www.uv.mx\/prensa\/wp-json\/wp\/v2\/media\/87562"}],"wp:attachment":[{"href":"https:\/\/www.uv.mx\/prensa\/wp-json\/wp\/v2\/media?parent=87561"}],"wp:term":[{"taxonomy":"category","embeddable":true,"href":"https:\/\/www.uv.mx\/prensa\/wp-json\/wp\/v2\/categories?post=87561"},{"taxonomy":"post_tag","embeddable":true,"href":"https:\/\/www.uv.mx\/prensa\/wp-json\/wp\/v2\/tags?post=87561"}],"curies":[{"name":"wp","href":"https:\/\/api.w.org\/{rel}","templated":true}]}}