{"id":87849,"date":"2020-09-26T07:57:43","date_gmt":"2020-09-26T12:57:43","guid":{"rendered":"https:\/\/www.uv.mx\/prensa\/?p=87849"},"modified":"2020-09-28T12:57:21","modified_gmt":"2020-09-28T17:57:21","slug":"alumna-uv-investigo-diferenciacion-social-en-sitio-arqueologico","status":"publish","type":"post","link":"https:\/\/www.uv.mx\/prensa\/banner\/alumna-uv-investigo-diferenciacion-social-en-sitio-arqueologico\/","title":{"rendered":"Alumna UV investig\u00f3 diferenciaci\u00f3n social en sitio arqueol\u00f3gico"},"content":{"rendered":"<ul>\n<li data-leveltext=\"\uf0b7\" data-font=\"Symbol\" data-listid=\"1\" data-aria-posinset=\"1\" data-aria-level=\"1\"><i><span data-contrast=\"auto\">Lo hizo\u00a0<\/span><\/i><i><span data-contrast=\"auto\">a partir<\/span><\/i><i><span data-contrast=\"auto\">\u00a0de<\/span><\/i><i><span data-contrast=\"auto\">l<\/span><\/i><i><span data-contrast=\"auto\">\u00a0an\u00e1lisis osteol\u00f3gico\u00a0<\/span><\/i><i><span data-contrast=\"auto\">de<\/span><\/i><i><span data-contrast=\"auto\">\u00a0<\/span><\/i><i><span data-contrast=\"auto\">85 individuos\u00a0<\/span><\/i><i><span data-contrast=\"auto\">localizados en entierros<\/span><\/i><i><span data-contrast=\"auto\">\u00a0en Cerro de las Minas<\/span><\/i><span data-ccp-props=\"{&quot;134233279&quot;:true}\">\u00a0<\/span><\/li>\n<\/ul>\n<p><span data-ccp-props=\"{}\">\u00a0<\/span><\/p>\n<div id=\"attachment_87850\" style=\"width: 552px\" class=\"wp-caption aligncenter\"><a href=\"https:\/\/www.uv.mx\/prensa\/files\/2020\/09\/220920-Donaji-Lopez-1-100k.jpg\"><img aria-describedby=\"caption-attachment-87850\" decoding=\"async\" loading=\"lazy\" class=\"size-full wp-image-87850\" src=\"https:\/\/www.uv.mx\/prensa\/files\/2020\/09\/220920-Donaji-Lopez-1-100k.jpg\" alt=\"Donaj\u00ed L\u00f3pez Gij\u00f3n tuvo el inter\u00e9s de conocer los rangos sociales a trav\u00e9s de las huellas de los huesos \" width=\"542\" height=\"722\" srcset=\"https:\/\/www.uv.mx\/prensa\/files\/2020\/09\/220920-Donaji-Lopez-1-100k.jpg 542w, https:\/\/www.uv.mx\/prensa\/files\/2020\/09\/220920-Donaji-Lopez-1-100k-225x300.jpg 225w\" sizes=\"(max-width: 542px) 100vw, 542px\" \/><\/a><p id=\"caption-attachment-87850\" class=\"wp-caption-text\">Donaj\u00ed L\u00f3pez Gij\u00f3n tuvo el inter\u00e9s de conocer los rangos sociales a trav\u00e9s de las huellas de los huesos<\/p><\/div>\n<p>&nbsp;<\/p>\n<p><b><i><span data-contrast=\"auto\">Karina de la Paz Reyes\u00a0<\/span><\/i><\/b><span data-ccp-props=\"{}\">\u00a0<\/span><\/p>\n<p><b><i><span data-contrast=\"auto\">2<\/span><\/i><\/b><b><i><span data-contrast=\"auto\">6<\/span><\/i><\/b><b><i><span data-contrast=\"auto\">\/09\/2020, Xalapa,\u00a0<\/span><\/i><\/b><b><i><span data-contrast=\"auto\">Ver.-<\/span><\/i><\/b><b><i><span data-contrast=\"auto\">\u00a0<\/span><\/i><\/b><span data-contrast=\"auto\">Donaj\u00ed<\/span><span data-contrast=\"auto\">\u00a0L\u00f3pez Gij\u00f3n<\/span><span data-contrast=\"auto\">, estudiante de la <a href=\"https:\/\/www.uv.mx\/\" target=\"_blank\" rel=\"noopener noreferrer\">Universidad Veracruzana<\/a> (UV),\u00a0<\/span><span data-contrast=\"auto\">investig\u00f3 la diferenciaci\u00f3n\u00a0<\/span><span data-contrast=\"auto\">social en el sitio arqueol\u00f3gico Cerro de las Minas, del estado de Oaxaca<\/span><span data-contrast=\"auto\">,<\/span><span data-contrast=\"auto\">\u00a0y lo hizo con base en el an\u00e1lisis<\/span><span data-contrast=\"auto\">\u00a0<\/span><span data-contrast=\"auto\">de huesos<\/span><span data-contrast=\"auto\">\u00a0de 85 individuos<\/span><span data-contrast=\"auto\">\u00a0que fueron localizados<\/span><span data-contrast=\"auto\">\u00a0en\u00a0<\/span><span data-contrast=\"auto\">entierros.\u00a0<\/span><span data-ccp-props=\"{}\">\u00a0<\/span><\/p>\n<p><span data-contrast=\"auto\">\u201c<\/span><span data-contrast=\"auto\">La diferenciaci\u00f3n social en el sitio Cerro de las Minas<\/span><span data-contrast=\"auto\">, Mixteca baja, Oaxaca, a partir del an\u00e1lisis\u00a0<\/span><span data-contrast=\"auto\">osteol\u00f3gico y arqueol\u00f3gico\u201d<\/span><span data-contrast=\"auto\">,<\/span><span data-contrast=\"auto\">\u00a0es el t\u00edtulo de<\/span><span data-contrast=\"auto\">\u00a0la investigaci\u00f3n que present\u00f3<\/span><span data-contrast=\"auto\">\u00a0la universitaria<\/span><span data-contrast=\"auto\">\u00a0para acreditar la Experiencia<\/span><span data-contrast=\"auto\">\u00a0<\/span><span data-contrast=\"auto\">R<\/span><span data-contrast=\"auto\">ecepcional<\/span><span data-contrast=\"auto\">\u00a0d<\/span><span data-contrast=\"auto\">el<\/span><span data-contrast=\"auto\">\u00a0<\/span><span data-contrast=\"auto\">programa educativo\u00a0<\/span><span data-contrast=\"auto\">Arqueolog\u00eda<\/span><span data-contrast=\"auto\">, adscrito a la Facultad de Antropolog\u00eda.<\/span><span data-ccp-props=\"{}\">\u00a0<\/span><\/p>\n<p><span data-contrast=\"auto\">El t<\/span><span data-contrast=\"auto\">rabajo dirigido por Mar\u00eda Antonia Aguilar P\u00e9rez<\/span><span data-contrast=\"auto\">\u00a0tuvo<\/span><span data-contrast=\"auto\">\u00a0la asesor\u00eda de Margarita Meza Manzanilla y Violeta V\u00e1zquez Campa<\/span><span data-contrast=\"auto\">;<\/span><span data-contrast=\"auto\">\u00a0<\/span><span data-contrast=\"auto\">obtuvo\u00a0<\/span><span data-contrast=\"auto\">10 como calificaci\u00f3n, de manera un\u00e1nime,\u00a0<\/span><span data-contrast=\"auto\">y\u00a0<\/span><span data-contrast=\"auto\">fue presentado<\/span><span data-contrast=\"auto\">\u00a0<\/span><span data-contrast=\"auto\">el 11 de septiembre.<\/span><span data-ccp-props=\"{&quot;335559731&quot;:708}\">\u00a0<\/span><\/p>\n<p><span data-contrast=\"auto\">Para\u00a0<\/span><span data-contrast=\"auto\">Donaj\u00ed<\/span><span data-contrast=\"auto\">, oriunda de Oaxaca,<\/span><span data-contrast=\"auto\">\u00a0<\/span><span data-contrast=\"auto\">\u201c<\/span><span data-contrast=\"auto\">los principales elementos a observar fueron los materiales osteol\u00f3gicos recuperados en las diferentes \u00e1reas del sitio. Considera<\/span><span data-contrast=\"auto\">n<\/span><span data-contrast=\"auto\">do los dos periodos principales de ocupaci\u00f3n: la fase\u00a0<\/span><span data-contrast=\"auto\">\u00d1ud\u00e9e<\/span><span data-contrast=\"auto\">\u00a0\u2013<\/span><span data-contrast=\"auto\">entre\u00a0<\/span><span data-contrast=\"auto\">el\u00a0<\/span><span data-contrast=\"auto\">500 a<\/span><span data-contrast=\"auto\">.<\/span><span data-contrast=\"auto\">C<\/span><span data-contrast=\"auto\">.<\/span><span data-contrast=\"auto\">\u00a0y 200 d<\/span><span data-contrast=\"auto\">.<\/span><span data-contrast=\"auto\">C<\/span><span data-contrast=\"auto\">.<\/span><span data-contrast=\"auto\">\u2013<\/span><span data-contrast=\"auto\">\u00a0y la fase\u00a0<\/span><span data-contrast=\"auto\">\u00d1ui\u00f1e<\/span><span data-contrast=\"auto\">\u00a0<\/span><span data-contrast=\"auto\">\u2013<\/span><span data-contrast=\"auto\">del 400 d<\/span><span data-contrast=\"auto\">.<\/span><span data-contrast=\"auto\">C<\/span><span data-contrast=\"auto\">.<\/span><span data-contrast=\"auto\">\u00a0al 800 d<\/span><span data-contrast=\"auto\">.<\/span><span data-contrast=\"auto\">C<\/span><span data-contrast=\"auto\">.<\/span><span data-contrast=\"auto\">\u00a0(Winter, 2017)<\/span><span data-contrast=\"auto\">\u2013<\/span><span data-contrast=\"auto\">\u201d, se lee en\u00a0<\/span><span data-contrast=\"auto\">el<\/span><span data-contrast=\"auto\">\u00a0documento.<\/span><span data-ccp-props=\"{}\">\u00a0<\/span><\/p>\n<p><span data-contrast=\"auto\">Ah\u00ed, la universitaria precisa que l<\/span><span data-contrast=\"auto\">os trabajos osteol\u00f3gicos sobre poblaciones antiguas\u00a0<\/span><span data-contrast=\"auto\">proporcionan<\/span><span data-contrast=\"auto\">\u00a0informaci\u00f3n a trav\u00e9s de las caracter\u00edsticas encontradas en los huesos, como huellas de actividad<\/span><span data-contrast=\"auto\">es<\/span><span data-contrast=\"auto\">, nutrici\u00f3n y modificaciones culturales, sean est\u00e9ticas o de\u00a0<\/span><span data-contrast=\"auto\">reh\u00faso,\u00a0<\/span><span data-contrast=\"auto\">para convertirlos en objetos rituales o dom\u00e9sticos.<\/span><span data-ccp-props=\"{&quot;335559731&quot;:708}\">\u00a0<\/span><\/p>\n<p><span data-contrast=\"auto\">La investigaci\u00f3n consisti\u00f3 en<\/span><span data-contrast=\"auto\">\u00a0conocer, a trav\u00e9s de estudios tanto<\/span><span data-contrast=\"auto\">\u00a0osteol\u00f3gicos\u00a0<\/span><span data-contrast=\"auto\">como<\/span><span data-contrast=\"auto\">\u00a0arqueol\u00f3gicos<\/span><span data-contrast=\"auto\">,<\/span><span data-contrast=\"auto\">\u00a0las condiciones de salud, los contextos funerarios en los diferentes sectores sociales y cu\u00e1l fue el estatus social de los individuos analizados.<\/span><span data-ccp-props=\"{}\">\u00a0<\/span><\/p>\n<p><span data-contrast=\"auto\">Cabe citar que\u00a0<\/span><span data-contrast=\"auto\">analiz\u00f3\u00a0<\/span><span data-contrast=\"auto\">materiales osteol\u00f3gicos hallados durante las excavaciones\u00a0<\/span><span data-contrast=\"auto\">desarrolladas en el\u00a0<\/span><span data-contrast=\"auto\">s<\/span><span data-contrast=\"auto\">itio de<\/span><span data-contrast=\"auto\">\u00a01987 a 1991, l<\/span><span data-contrast=\"auto\">os cuales\u00a0<\/span><span data-contrast=\"auto\">se<\/span><span data-contrast=\"auto\">\u00a0encuentran\u00a0<\/span><span data-contrast=\"auto\">salvaguardados\u00a0<\/span><span data-contrast=\"auto\">en las bodegas y el\u00a0<\/span><span data-contrast=\"auto\">L<\/span><span data-contrast=\"auto\">aboratorio de\u00a0<\/span><span data-contrast=\"auto\">O<\/span><span data-contrast=\"auto\">steolog\u00eda del Centro<\/span><span data-contrast=\"auto\">\u00a0<\/span><span data-contrast=\"auto\">INAH<\/span><span data-contrast=\"auto\">&#8211;<\/span><span data-contrast=\"auto\">Oaxaca<\/span><span data-contrast=\"auto\">.<\/span><\/p>\n<div id=\"attachment_87851\" style=\"width: 552px\" class=\"wp-caption aligncenter\"><a href=\"https:\/\/www.uv.mx\/prensa\/files\/2020\/09\/220920-Donaji-Lopez-2-100k.jpg\"><img aria-describedby=\"caption-attachment-87851\" decoding=\"async\" loading=\"lazy\" class=\"size-full wp-image-87851\" src=\"https:\/\/www.uv.mx\/prensa\/files\/2020\/09\/220920-Donaji-Lopez-2-100k.jpg\" alt=\"Trabaj\u00f3 con material \u00f3seo resguardado en bodegas y el Laboratorio de Osteolog\u00eda del Centro INAH-Oaxaca \" width=\"542\" height=\"722\" srcset=\"https:\/\/www.uv.mx\/prensa\/files\/2020\/09\/220920-Donaji-Lopez-2-100k.jpg 542w, https:\/\/www.uv.mx\/prensa\/files\/2020\/09\/220920-Donaji-Lopez-2-100k-225x300.jpg 225w\" sizes=\"(max-width: 542px) 100vw, 542px\" \/><\/a><p id=\"caption-attachment-87851\" class=\"wp-caption-text\">Trabaj\u00f3 con material \u00f3seo resguardado en bodegas y el Laboratorio de Osteolog\u00eda del Centro INAH-Oaxaca<\/p><\/div>\n<p><span data-contrast=\"auto\">En entrevista\u00a0<\/span><span data-contrast=\"auto\">para<\/span><span data-contrast=\"auto\">\u00a0<\/span><i><span data-contrast=\"auto\">Universo<\/span><\/i><span data-contrast=\"auto\">, precis\u00f3 que\u00a0<\/span><span data-contrast=\"auto\">se trat\u00f3 de\u00a0<\/span><span data-contrast=\"auto\">85 individuos en total, de los cuales fue posible identificar<\/span><span data-contrast=\"auto\">\u00a0plenamente a<\/span><span data-contrast=\"auto\">\u00a035 mujeres, 20 hombres y 11 ni\u00f1os<\/span><span data-contrast=\"auto\">.<\/span><span data-contrast=\"auto\">\u00a0<\/span><span data-contrast=\"auto\">Con\u00a0<\/span><span data-contrast=\"auto\">el\u00a0<\/span><span data-contrast=\"auto\">an\u00e1lisis\u00a0<\/span><span data-contrast=\"auto\">supo<\/span><span data-contrast=\"auto\">, por ejemplo,\u00a0<\/span><span data-contrast=\"auto\">que hab\u00eda una especializaci\u00f3n del trabajo y una mejor organizaci\u00f3n, y\u00a0<\/span><span data-contrast=\"auto\">que\u00a0<\/span><span data-contrast=\"auto\">en tal escenario\u00a0<\/span><span data-contrast=\"auto\">la mujer t<\/span><span data-contrast=\"auto\">uvo<\/span><span data-contrast=\"auto\">\u00a0un papel\u00a0<\/span><span data-contrast=\"auto\">significativo<\/span><span data-contrast=\"auto\">\u2013<\/span><span data-contrast=\"auto\">de ello da cuenta\u00a0<\/span><span data-contrast=\"auto\">una de las tumbas m\u00e1s importantes, cuyas\u00a0<\/span><span data-contrast=\"auto\">osamentas<\/span><span data-contrast=\"auto\">\u00a0resulta<\/span><span data-contrast=\"auto\">ron<\/span><span data-contrast=\"auto\">\u00a0ser de<\/span><span data-contrast=\"auto\">l<\/span><span data-contrast=\"auto\">\u00a0sexo femenino<\/span><span data-contrast=\"auto\">.<\/span><span data-ccp-props=\"{&quot;335559731&quot;:708}\">\u00a0<\/span><\/p>\n<p><span data-contrast=\"auto\">\u201cA trav\u00e9s de los huesos\u00a0<\/span><span data-contrast=\"auto\">identifiqu\u00e9<\/span><span data-contrast=\"auto\">\u00a0el s<\/span><span data-contrast=\"auto\">e<\/span><span data-contrast=\"auto\">xo, edad, qu\u00e9 tipos de enfermedades padecieron, qu\u00e9 actividades hac\u00edan, si ten\u00eda una buena\u00a0<\/span><span data-contrast=\"auto\">alimentaci\u00f3n. Obviamente, en la tesis est\u00e1 todo resumido, pero atr\u00e1s hubo un trabajo de restauraci\u00f3n,<\/span><span data-contrast=\"auto\">\u00a0de<\/span><span data-contrast=\"auto\">\u00a0limpieza<\/span><span data-contrast=\"auto\">;<\/span><span data-contrast=\"auto\">\u00a0<\/span><span data-contrast=\"auto\">de estar buscando los huesos en las bodegas del INAH. Fue realmente un trabajo extenso que me da mucho orgullo\u00a0<\/span><span data-contrast=\"auto\">haber terminado, hubo un muy buen resultado.\u201d<\/span><span data-ccp-props=\"{&quot;335559731&quot;:708}\">\u00a0<\/span><\/p>\n<p><span data-contrast=\"auto\">En su investigaci\u00f3n explica que l<\/span><span data-contrast=\"auto\">a<\/span><span data-contrast=\"auto\">\u00a0alimentaci\u00f3n es un aspecto importante para la diferenciaci\u00f3n social en el\u00a0<\/span><span data-contrast=\"auto\">s<\/span><span data-contrast=\"auto\">itio<\/span><span data-contrast=\"auto\">\u00a0arqueol\u00f3gico estudiado<\/span><span data-contrast=\"auto\">,\u00a0<\/span><span data-contrast=\"auto\">pues<\/span><span data-contrast=\"auto\">\u00a0los individuos de un estatus social alto\u00a0<\/span><span data-contrast=\"auto\">\u2013<\/span><span data-contrast=\"auto\">al tener el acceso a mejores prote\u00ednas y dieta<\/span><span data-contrast=\"auto\">\u00a0en general<\/span><span data-contrast=\"auto\">\u2013<\/span><span data-contrast=\"auto\">\u00a0no mostraron cuadros de anemia tan severos<\/span><span data-contrast=\"auto\">, comparados<\/span><span data-contrast=\"auto\">\u00a0<\/span><span data-contrast=\"auto\">con\u00a0<\/span><span data-contrast=\"auto\">los del<\/span><span data-contrast=\"auto\">\u00a0estatus social bajo<\/span><span data-contrast=\"auto\">.<\/span><span data-ccp-props=\"{&quot;335559731&quot;:708}\">\u00a0<\/span><\/p>\n<p><span data-contrast=\"auto\">\u00c9stos, por ejemplo,<\/span><span data-contrast=\"auto\">\u00a0<\/span><span data-contrast=\"auto\">presentaron m\u00e1s\u00a0<\/span><span data-contrast=\"auto\">lesiones relacionadas con un desorden alimenticio, que en conjunto con patolog\u00edas dentales\u00a0<\/span><span data-contrast=\"auto\">\u2013<\/span><span data-contrast=\"auto\">caries, abscesos<\/span><span data-contrast=\"auto\">,<\/span><span data-contrast=\"auto\">\u00a0reabsorci\u00f3n alveolar por la p\u00e9rdida de dientes en vida y los c\u00e1lculos de sarro<\/span><span data-contrast=\"auto\">\u2013<\/span><span data-contrast=\"auto\">,\u00a0<\/span><span data-contrast=\"auto\">indican<\/span><span data-contrast=\"auto\">\u00a0<\/span><span data-contrast=\"auto\">\u201c<\/span><span data-contrast=\"auto\">un alto consumo de carbohidratos y una mala higiene bucal<\/span><span data-contrast=\"auto\">\u201d<\/span><span data-contrast=\"auto\">.<\/span><span data-ccp-props=\"{&quot;335559731&quot;:708}\">\u00a0<\/span><\/p>\n<p><span data-contrast=\"auto\">En t\u00e9rminos generales, se trat\u00f3 de sociedades que tuvieron una buena calidad de vida, toda vez que la\u00a0<\/span><span data-contrast=\"auto\">edad promedio e<\/span><span data-contrast=\"auto\">s<\/span><span data-contrast=\"auto\">\u00a0<\/span><span data-contrast=\"auto\">de\u00a0<\/span><span data-contrast=\"auto\">personas adulta<\/span><span data-contrast=\"auto\">s<\/span><span data-contrast=\"auto\">.<\/span><span data-ccp-props=\"{&quot;335559731&quot;:708}\">\u00a0<\/span><\/p>\n<p><span data-contrast=\"auto\">Un<\/span><span data-contrast=\"auto\">a<\/span><span data-contrast=\"auto\">\u00a0m\u00e1s de sus conclusiones fue\u00a0<\/span><span data-contrast=\"auto\">el planteamiento de que el poder se ganaba por medio del trabajo:<\/span><span data-contrast=\"auto\">\u00a0<\/span><span data-contrast=\"auto\">\u201c<\/span><span data-contrast=\"auto\">Luego de realizar ambos an\u00e1lisis y comparar los resultados, podemos concluir que los tres grupos sociales convergentes en la fase\u00a0<\/span><span data-contrast=\"auto\">\u00d1ui\u00f1e<\/span><span data-contrast=\"auto\">\u00a0mostraron huellas de actividad similares, lo que nos lleva a pensar que ning\u00fan rango social estaba exento de llevar a cabo actividades pesadas que se realizaban dentro del sitio, es posible que el poder se ganaba por medio de los<\/span><span data-contrast=\"auto\">\u00a0<\/span><span data-contrast=\"auto\">trabajos y los logros dentro de la sociedad. Sin embargo, la diferenciaci\u00f3n social s<\/span><span data-contrast=\"auto\">\u00ed<\/span><span data-contrast=\"auto\">\u00a0est\u00e1 evidenciada en las lesiones causadas por una mala alimentaci\u00f3n<\/span><span data-contrast=\"auto\">\u201d, cita en su investigaci\u00f3n.<\/span><span data-ccp-props=\"{}\">\u00a0<\/span><\/p>\n<p><span data-contrast=\"auto\">En el \u00faltimo p\u00e1rrafo de su trabajo, la universitaria\u00a0<\/span><span data-contrast=\"auto\">enfatiza la importancia que\u00a0<\/span><span data-contrast=\"auto\">para ella tiene<\/span><span data-contrast=\"auto\">\u00a0la\u00a0<\/span><span data-contrast=\"auto\">antropolog\u00eda f\u00edsica<\/span><span data-contrast=\"auto\">:<\/span><span data-contrast=\"auto\">\u00a0<\/span><span data-contrast=\"auto\">\u201c<\/span><span data-contrast=\"auto\">Los entierros tienen la misma importancia que todos los<\/span><span data-contrast=\"auto\">\u00a0<\/span><span data-contrast=\"auto\">dem\u00e1s objetos encontrados durante las exploraciones arqueol\u00f3gicas, merecen de la misma manera un registro sistem\u00e1tico y detallado para recopilar toda la informaci\u00f3n posible de ellos y as\u00ed poder conocer tradiciones, costumbres, dietas<\/span><span data-contrast=\"auto\">,<\/span><span data-contrast=\"auto\">\u00a0entre otros rasgos generales que nos lleven a conocer de cerca nuestro objeto de estudio. Espero\u00a0<\/span><span data-contrast=\"auto\">que\u00a0<\/span><span data-contrast=\"auto\">esta investigaci\u00f3n apoye a nuevas generaciones de arque\u00f3logos interesados en los trabajos osteol\u00f3gicos<\/span><span data-contrast=\"auto\">\u201d<\/span><span data-contrast=\"auto\">.<\/span><span data-ccp-props=\"{}\">\u00a0<\/span><\/p>\n<p><span data-contrast=\"auto\">La universitaria aprovech\u00f3 la entrevista para subrayar la importancia de la antropolog\u00eda<\/span><span data-contrast=\"auto\">\u00a0f\u00edsica o forense<\/span><span data-contrast=\"auto\">\u00a0en nuestra sociedad<\/span><span data-contrast=\"auto\">\u00a0y decir\u00a0que\u00a0<\/span><span data-contrast=\"auto\">si bien<\/span><span data-contrast=\"auto\">\u00a0<\/span><span data-contrast=\"auto\">no<\/span><span data-contrast=\"auto\">\u00a0est<\/span><span data-contrast=\"auto\">\u00e1<\/span><span data-contrast=\"auto\">\u00a0contemplada en el PE\u00a0<\/span><span data-contrast=\"auto\">de Arqueolog\u00eda<\/span><span data-contrast=\"auto\">,<\/span><span data-contrast=\"auto\">\u00a0<\/span><span data-contrast=\"auto\">no debe ser impedimento para\u00a0<\/span><span data-contrast=\"auto\">que la<\/span><span data-contrast=\"auto\">\u00a0comunidad estudiantil\u00a0<\/span><span data-contrast=\"auto\">se interese en ella<\/span><span data-contrast=\"auto\">, pues es de gran ayuda\u00a0<\/span><span data-contrast=\"auto\">en<\/span><span data-contrast=\"auto\">\u00a0la vida labora<\/span><span data-contrast=\"auto\">l<\/span><span data-contrast=\"auto\">\u00a0o de la investigaci\u00f3n<\/span><span data-contrast=\"auto\">,<\/span><span data-contrast=\"auto\">\u00a0y como muestra est\u00e1 su tesis.<\/span><span data-ccp-props=\"{&quot;335559731&quot;:708}\">\u00a0<\/span><\/p>\n","protected":false},"excerpt":{"rendered":"<p>Identific\u00f3 las condiciones de salud, los contextos funerarios y el estatus social de 85 individuos, tras analizar restos hallados en Cerro de las Minas, Oaxaca <\/p>\n","protected":false},"author":1775,"featured_media":87852,"comment_status":"closed","ping_status":"closed","sticky":false,"template":"","format":"standard","meta":[],"categories":[61],"tags":[],"_links":{"self":[{"href":"https:\/\/www.uv.mx\/prensa\/wp-json\/wp\/v2\/posts\/87849"}],"collection":[{"href":"https:\/\/www.uv.mx\/prensa\/wp-json\/wp\/v2\/posts"}],"about":[{"href":"https:\/\/www.uv.mx\/prensa\/wp-json\/wp\/v2\/types\/post"}],"author":[{"embeddable":true,"href":"https:\/\/www.uv.mx\/prensa\/wp-json\/wp\/v2\/users\/1775"}],"replies":[{"embeddable":true,"href":"https:\/\/www.uv.mx\/prensa\/wp-json\/wp\/v2\/comments?post=87849"}],"version-history":[{"count":1,"href":"https:\/\/www.uv.mx\/prensa\/wp-json\/wp\/v2\/posts\/87849\/revisions"}],"predecessor-version":[{"id":88019,"href":"https:\/\/www.uv.mx\/prensa\/wp-json\/wp\/v2\/posts\/87849\/revisions\/88019"}],"wp:featuredmedia":[{"embeddable":true,"href":"https:\/\/www.uv.mx\/prensa\/wp-json\/wp\/v2\/media\/87852"}],"wp:attachment":[{"href":"https:\/\/www.uv.mx\/prensa\/wp-json\/wp\/v2\/media?parent=87849"}],"wp:term":[{"taxonomy":"category","embeddable":true,"href":"https:\/\/www.uv.mx\/prensa\/wp-json\/wp\/v2\/categories?post=87849"},{"taxonomy":"post_tag","embeddable":true,"href":"https:\/\/www.uv.mx\/prensa\/wp-json\/wp\/v2\/tags?post=87849"}],"curies":[{"name":"wp","href":"https:\/\/api.w.org\/{rel}","templated":true}]}}