{"id":87890,"date":"2020-09-25T13:39:50","date_gmt":"2020-09-25T18:39:50","guid":{"rendered":"https:\/\/www.uv.mx\/prensa\/?p=87890"},"modified":"2020-09-28T12:31:24","modified_gmt":"2020-09-28T17:31:24","slug":"egresado-de-medicina-uv-recibio-medalla-miguel-hidalgo","status":"publish","type":"post","link":"https:\/\/www.uv.mx\/prensa\/regiones\/poza-rica\/egresado-de-medicina-uv-recibio-medalla-miguel-hidalgo\/","title":{"rendered":"Egresado de Medicina UV recibi\u00f3 Medalla \u201cMiguel Hidalgo\u201d"},"content":{"rendered":"<ul style=\"font-weight: 400\">\n<li data-leveltext=\"\uf0b7\" data-font=\"Symbol\" data-listid=\"3\" data-aria-posinset=\"1\" data-aria-level=\"1\"><i><span data-contrast=\"auto\">Jos\u00e9 Efra\u00edn Ramos Mart\u00ednez recibi\u00f3 el galard\u00f3n p<\/span><\/i><i><span data-contrast=\"auto\">or\u00a0<\/span><\/i><i><span data-contrast=\"auto\">su<\/span><\/i><i><span data-contrast=\"auto\">\u00a0desempe\u00f1o\u00a0<\/span><\/i><i><span data-contrast=\"auto\">en<\/span><\/i><i><span data-contrast=\"auto\">\u00a0la atenci\u00f3n\u00a0<\/span><\/i><i><span data-contrast=\"auto\">a<\/span><\/i><i><span data-contrast=\"auto\">\u00a0pacientes con Covid<\/span><\/i><i><span data-contrast=\"auto\">-19<\/span><\/i><span data-ccp-props=\"{&quot;134233279&quot;:true,&quot;201341983&quot;:0,&quot;335559739&quot;:160,&quot;335559740&quot;:240}\">\u00a0<\/span><\/li>\n<li data-leveltext=\"\uf0b7\" data-font=\"Symbol\" data-listid=\"3\" data-aria-posinset=\"2\" data-aria-level=\"1\"><i><span data-contrast=\"auto\">Es una responsabilidad mayor para las nuevas<\/span><\/i><i><span data-contrast=\"auto\">\u00a0<\/span><\/i><i><span data-contrast=\"auto\">generaciones,\u00a0<\/span><\/i><i><span data-contrast=\"auto\">dijo el universitario<\/span><\/i><\/li>\n<\/ul>\n<p>&nbsp;<\/p>\n<div id=\"attachment_87888\" style=\"width: 732px\" class=\"wp-caption aligncenter\"><a href=\"https:\/\/www.uv.mx\/prensa\/files\/2020\/09\/240920-Medicina-Poza-Rica-100k.jpg\"><img aria-describedby=\"caption-attachment-87888\" decoding=\"async\" loading=\"lazy\" class=\"size-full wp-image-87888\" src=\"https:\/\/www.uv.mx\/prensa\/files\/2020\/09\/240920-Medicina-Poza-Rica-100k.jpg\" alt=\"\u201cSer egresado de la UV es una gran responsabilidad y un orgullo\u201d: Jos\u00e9 Efra\u00edn Ramos\" width=\"722\" height=\"481\" srcset=\"https:\/\/www.uv.mx\/prensa\/files\/2020\/09\/240920-Medicina-Poza-Rica-100k.jpg 722w, https:\/\/www.uv.mx\/prensa\/files\/2020\/09\/240920-Medicina-Poza-Rica-100k-300x200.jpg 300w\" sizes=\"(max-width: 722px) 100vw, 722px\" \/><\/a><p id=\"caption-attachment-87888\" class=\"wp-caption-text\">\u201cSer egresado de la UV es una gran responsabilidad y un orgullo\u201d: Jos\u00e9 Efra\u00edn Ramos<\/p><\/div>\n<p>&nbsp;<\/p>\n<p><b><i><span data-contrast=\"auto\">Alma Celia San Mart\u00edn Cruz<\/span><\/i><\/b><span data-ccp-props=\"{&quot;201341983&quot;:0,&quot;335559739&quot;:160,&quot;335559740&quot;:240}\">\u00a0<\/span><\/p>\n<p><b><i><span data-contrast=\"auto\">25<\/span><\/i><\/b><b><i><span data-contrast=\"auto\">\/09\/20<\/span><\/i><\/b><b><i><span data-contrast=\"auto\">20,\u00a0<\/span><\/i><\/b><b><i><span data-contrast=\"auto\">Poza Rica,\u00a0<\/span><\/i><\/b><b><i><span data-contrast=\"auto\">Ver.-<\/span><\/i><\/b><b><i><span data-contrast=\"auto\">\u00a0<\/span><\/i><\/b><span data-contrast=\"auto\">Jos\u00e9 Efra\u00edn Ramos Mart\u00ednez<\/span><span data-contrast=\"auto\">,<\/span><span data-contrast=\"auto\">\u00a0egresado de la <a href=\"https:\/\/www.uv.mx\/pozarica\/medicina\/\" target=\"_blank\" rel=\"noopener noreferrer\">Facultad de Medicina<\/a><\/span><span data-contrast=\"auto\">, regi\u00f3n Poza rica-Tuxpan,<\/span><span data-contrast=\"auto\">\u00a0de la Universi<\/span><span data-contrast=\"auto\">dad Veracruzana\u00a0<\/span><span data-contrast=\"auto\">(UV)\u00a0<\/span><span data-contrast=\"auto\">y\u00a0<\/span><span data-contrast=\"auto\">con especialidad en\u00a0<\/span><span data-contrast=\"auto\">Urgenciolog\u00ed<\/span><span data-contrast=\"auto\">a<\/span><span data-contrast=\"auto\">, recibi\u00f3 recientemente la M<\/span><span data-contrast=\"auto\">edalla\u00a0<\/span><span data-contrast=\"auto\">\u201c<\/span><span data-contrast=\"auto\">Miguel Hidalgo<\/span><span data-contrast=\"auto\">\u201d<\/span><span data-contrast=\"auto\">\u00a0<\/span><span data-contrast=\"auto\">por su alto desempe\u00f1o a la atenci\u00f3n a pacientes con\u00a0<\/span><span data-contrast=\"auto\">Covid<\/span><span data-contrast=\"auto\">-19.<\/span><span data-ccp-props=\"{&quot;201341983&quot;:0,&quot;335559739&quot;:160,&quot;335559740&quot;:240}\">\u00a0<\/span><\/p>\n<p><span data-contrast=\"auto\">\u201c<\/span><span data-contrast=\"auto\">Me form\u00e9<\/span><span data-contrast=\"auto\">\u00a0en l<\/span><span data-contrast=\"auto\">a Universidad Veracruzana y\u00a0<\/span><span data-contrast=\"auto\">reali<\/span><span data-contrast=\"auto\">c\u00e9 una especialidad en\u00a0<\/span><span data-contrast=\"auto\">Urgenciolog\u00ed<\/span><span data-contrast=\"auto\">a<\/span><span data-contrast=\"auto\">\u00a0en\u00a0<\/span><span data-contrast=\"auto\">la Universidad de\u00a0<\/span><span data-contrast=\"auto\">Puebla<\/span><span data-contrast=\"auto\">;<\/span><span data-contrast=\"auto\">\u00a0<\/span><span data-contrast=\"auto\">a<\/span><span data-contrast=\"auto\">ctualmente\u00a0<\/span><span data-contrast=\"auto\">me desempe\u00f1o como m\u00e9dico d<\/span><span data-contrast=\"auto\">el \u00e1rea de\u00a0<\/span><span data-contrast=\"auto\">Covid<\/span><span data-contrast=\"auto\">\u00a0<\/span><span data-contrast=\"auto\">de terapia intensiva en\u00a0<\/span><span data-contrast=\"auto\">el H<\/span><span data-contrast=\"auto\">ospital Regional de Poza Rica\u201d<\/span><span data-contrast=\"auto\">,\u00a0<\/span><span data-contrast=\"auto\">dijo<\/span><span data-contrast=\"auto\">\u00a0<\/span><span data-contrast=\"auto\">en entrevista.<\/span><span data-ccp-props=\"{&quot;201341983&quot;:0,&quot;335559731&quot;:708,&quot;335559739&quot;:160,&quot;335559740&quot;:240}\">\u00a0<\/span><\/p>\n<p><span data-contrast=\"auto\">Desde hace m\u00e1s de 10<\/span><span data-contrast=\"auto\">\u00a0a\u00f1os\u00a0<\/span><span data-contrast=\"auto\">ejerce\u00a0<\/span><span data-contrast=\"auto\">la\u00a0<\/span><span data-contrast=\"auto\">profesi\u00f3n y\u00a0<\/span><span data-contrast=\"auto\">coment\u00f3 que como egresado de la UV<\/span><span data-contrast=\"auto\">\u00a0es una mayor responsabilidad<\/span><span data-contrast=\"auto\">;<\/span><span data-contrast=\"auto\">\u00a0<\/span><span data-contrast=\"auto\">\u201c<\/span><span data-contrast=\"auto\">para las generaciones que van saliendo y las futuras<\/span><span data-contrast=\"auto\">,<\/span><span data-contrast=\"auto\">\u00a0es importante<\/span><span data-contrast=\"auto\">\u00a0que aun cuando<\/span><span data-contrast=\"auto\">\u00a0egres<\/span><span data-contrast=\"auto\">en\u00a0<\/span><span data-contrast=\"auto\">de una universidad que no\u00a0<\/span><span data-contrast=\"auto\">tenga<\/span><span data-contrast=\"auto\">\u00a0tanto renombre, se puede competir y\u00a0<\/span><span data-contrast=\"auto\">tener la<\/span><span data-contrast=\"auto\">\u00a0capacidad de sobresalir,\u00a0<\/span><span data-contrast=\"auto\">en\u00a0<\/span><span data-contrast=\"auto\">un hospital grande hay personas de universidades de ren<\/span><span data-contrast=\"auto\">ombre, pero se debe tener la capacidad\u00a0<\/span><span data-contrast=\"auto\">para\u00a0<\/span><span data-contrast=\"auto\">destacar<\/span><span data-contrast=\"auto\">\u201d<\/span><span data-contrast=\"auto\">.<\/span><span data-ccp-props=\"{&quot;201341983&quot;:0,&quot;335559739&quot;:160,&quot;335559740&quot;:240}\">\u00a0<\/span><\/p>\n<p><span data-contrast=\"auto\">Come<\/span><span data-contrast=\"auto\">nt\u00f3\u00a0<\/span><span data-contrast=\"auto\">que\u00a0<\/span><span data-contrast=\"auto\">tras<\/span><span data-contrast=\"auto\">\u00a0conclu<\/span><span data-contrast=\"auto\">ir sus estudios universitarios\u00a0<\/span><span data-contrast=\"auto\">ejerci\u00f3 de manera<\/span><span data-contrast=\"auto\">\u00a0privada, para despu\u00e9s iniciar\u00a0<\/span><span data-contrast=\"auto\">la especialidad<\/span><span data-contrast=\"auto\">, donde tuvo oportunidad de realizar\u00a0<\/span><span data-contrast=\"auto\">sus pr\u00e1cticas en el Hospital Ju\u00e1rez de la Ciudad de M\u00e9xico,<\/span><span data-contrast=\"auto\">\u00a0<\/span><span data-contrast=\"auto\">una instituci\u00f3n de tercer nivel de l<\/span><span data-contrast=\"auto\">a<\/span><span data-contrast=\"auto\">s mejores\u00a0<\/span><span data-contrast=\"auto\">del pa\u00eds<\/span><span data-contrast=\"auto\">\u00a0y donde la pr\u00e1ctica la realizan especialmente los residentes.<\/span><span data-ccp-props=\"{&quot;201341983&quot;:0,&quot;335559731&quot;:708,&quot;335559739&quot;:160,&quot;335559740&quot;:240}\">\u00a0<\/span><\/p>\n<p><span data-contrast=\"auto\">\u201cAh\u00ed tuve la oportunidad de conocer a residentes que llegaban\u00a0<\/span><span data-contrast=\"auto\">de<\/span><span data-contrast=\"auto\">\u00a0otras instituciones con mucho reconocimiento, pero lo m\u00e1s importante que\u00a0<\/span><span data-contrast=\"auto\">no tuv<\/span><span data-contrast=\"auto\">e problemas para salir adelante; por el contrario,\u00a0<\/span><span data-contrast=\"auto\">estoy muy satisfecho de haber aprendido todo lo<\/span><span data-contrast=\"auto\">\u00a0que s\u00e9 y\u00a0<\/span><span data-contrast=\"auto\">a\u00fan me<\/span><span data-contrast=\"auto\">\u00a0falta por aprender<\/span><span data-contrast=\"auto\">.\u201d<\/span><span data-ccp-props=\"{&quot;201341983&quot;:0,&quot;335559731&quot;:708,&quot;335559739&quot;:160,&quot;335559740&quot;:240}\">\u00a0<\/span><\/p>\n<p><span data-contrast=\"auto\">Jos\u00e9 Efra\u00edn Ramos<\/span><span data-contrast=\"auto\">,<\/span><span data-contrast=\"auto\">\u00a0quien<\/span><span data-contrast=\"auto\">\u00a0tambi\u00e9n se desempe\u00f1a como m\u00e9dico en el \u00e1rea de terapia inten<\/span><span data-contrast=\"auto\">siva\u00a0<\/span><span data-contrast=\"auto\">d<\/span><span data-contrast=\"auto\">el Hospital del ISSSTE en Poza Rica<\/span><span data-contrast=\"auto\">, se\u00f1al\u00f3<\/span><span data-contrast=\"auto\">\u00a0que su<\/span><span data-contrast=\"auto\">\u00a0sue\u00f1o es continuar\u00a0<\/span><span data-contrast=\"auto\">prepar\u00e1ndose<\/span><span data-contrast=\"auto\">\u00a0<\/span><span data-contrast=\"auto\">y<\/span><span data-contrast=\"auto\">\u00a0ser un ejemplo para las pr\u00f3ximas generaciones.<\/span><span data-ccp-props=\"{&quot;201341983&quot;:0,&quot;335559731&quot;:708,&quot;335559739&quot;:160,&quot;335559740&quot;:240}\">\u00a0<\/span><\/p>\n<p><span data-contrast=\"auto\">Expres\u00f3<\/span><span data-contrast=\"auto\">\u00a0que<\/span><span data-contrast=\"auto\">\u00a0jam\u00e1s pens\u00f3<\/span><span data-contrast=\"auto\">\u00a0obtener est<\/span><span data-contrast=\"auto\">a nominaci\u00f3n,<\/span><span data-contrast=\"auto\">\u00a0pero<\/span><span data-contrast=\"auto\">\u00a0<\/span><span data-contrast=\"auto\">el trabajo diario permite que conf\u00eden<\/span><span data-contrast=\"auto\">\u00a0en \u00e9l, sobre\u00a0<\/span><span data-contrast=\"auto\">todo\u00a0<\/span><span data-contrast=\"auto\">los compa\u00f1eros,<\/span><span data-contrast=\"auto\">\u00a0directivos,<\/span><span data-contrast=\"auto\">\u00a0personal del \u00e1rea, personal m\u00e9dico, enfermer\u00eda, asistentes<\/span><span data-contrast=\"auto\">, limpieza<\/span><span data-contrast=\"auto\">.\u00a0<\/span><span data-contrast=\"auto\">\u201c<\/span><span data-contrast=\"auto\">E<\/span><span data-contrast=\"auto\">ste premio tiene especial m\u00e9rito de la gente que ha salido del hospital y\u00a0<\/span><span data-contrast=\"auto\">ha regresado a su casa recuperad<\/span><span data-contrast=\"auto\">a del\u00a0<\/span><span data-contrast=\"auto\">Covid<\/span><span data-contrast=\"auto\">-19. E<\/span><span data-contrast=\"auto\">sa gente influy\u00f3 mucho en la votaci\u00f3n<\/span><span data-contrast=\"auto\">\u201d<\/span><span data-contrast=\"auto\">.<\/span><\/p>\n<p><b><span data-contrast=\"auto\">El Dr.<\/span><\/b><b><span data-contrast=\"auto\">\u00a0<\/span><\/b><b><span data-contrast=\"auto\">Chuck<\/span><\/b><span data-ccp-props=\"{&quot;201341983&quot;:0,&quot;335559739&quot;:160,&quot;335559740&quot;:240}\"><br \/>\n<\/span><span data-contrast=\"auto\">En\u00a0<\/span><i><span data-contrast=\"auto\">Facebook<\/span><\/i><span data-contrast=\"auto\">\u00a0<\/span><span data-contrast=\"auto\">utiliza\u00a0<\/span><span data-contrast=\"auto\">el seud\u00f3nimo de\u00a0<\/span><span data-contrast=\"auto\">Dr. Chuck<\/span><span data-contrast=\"auto\">.\u00a0<\/span><span data-contrast=\"auto\">Se trata de<\/span><span data-contrast=\"auto\">\u00a0un personaje de ficci\u00f3n<\/span><span data-contrast=\"auto\">,<\/span><span data-contrast=\"auto\">\u00a0un esp\u00eda, un universitario que logra triunfar y lo\u00a0<\/span><span data-contrast=\"auto\">hace<\/span><span data-contrast=\"auto\">\u00a0explorando sus capacidades<\/span><span data-contrast=\"auto\">.<\/span><span data-contrast=\"auto\">\u00a0<\/span><span data-contrast=\"auto\">A<\/span><span data-contrast=\"auto\">s\u00ed se mira \u00e9l.<\/span><span data-ccp-props=\"{&quot;201341983&quot;:0,&quot;335559739&quot;:160,&quot;335559740&quot;:240}\">\u00a0<\/span><\/p>\n<p><span data-contrast=\"auto\">Dijo estar muy contento y<\/span><span data-contrast=\"auto\">\u00a0agr<\/span><span data-contrast=\"auto\">adecido con los directivos del H<\/span><span data-contrast=\"auto\">ospital\u00a0<\/span><span data-contrast=\"auto\">R<\/span><span data-contrast=\"auto\">egional de Poza Rica por permitirle desenvolverse en lo que m\u00e1s le gusta, atender a los pacientes cr\u00edticos\u00a0<\/span><span data-contrast=\"auto\">para<\/span><span data-contrast=\"auto\">\u00a0poner en pr\u00e1ctica los conocimientos adquiridos durante\u00a0<\/span><span data-contrast=\"auto\">la<\/span><span data-contrast=\"auto\">\u00a0carrera.<\/span><span data-ccp-props=\"{&quot;201341983&quot;:0,&quot;335559731&quot;:708,&quot;335559739&quot;:160,&quot;335559740&quot;:240}\">\u00a0<\/span><\/p>\n","protected":false},"excerpt":{"rendered":"<p>Jos\u00e9 Efra\u00edn Ramos Mart\u00ednez recibi\u00f3 el galard\u00f3n por su desempe\u00f1o en la atenci\u00f3n a pacientes con Covid-19 <\/p>\n","protected":false},"author":1775,"featured_media":87908,"comment_status":"closed","ping_status":"closed","sticky":false,"template":"","format":"standard","meta":[],"categories":[54,61],"tags":[],"_links":{"self":[{"href":"https:\/\/www.uv.mx\/prensa\/wp-json\/wp\/v2\/posts\/87890"}],"collection":[{"href":"https:\/\/www.uv.mx\/prensa\/wp-json\/wp\/v2\/posts"}],"about":[{"href":"https:\/\/www.uv.mx\/prensa\/wp-json\/wp\/v2\/types\/post"}],"author":[{"embeddable":true,"href":"https:\/\/www.uv.mx\/prensa\/wp-json\/wp\/v2\/users\/1775"}],"replies":[{"embeddable":true,"href":"https:\/\/www.uv.mx\/prensa\/wp-json\/wp\/v2\/comments?post=87890"}],"version-history":[{"count":1,"href":"https:\/\/www.uv.mx\/prensa\/wp-json\/wp\/v2\/posts\/87890\/revisions"}],"predecessor-version":[{"id":88014,"href":"https:\/\/www.uv.mx\/prensa\/wp-json\/wp\/v2\/posts\/87890\/revisions\/88014"}],"wp:featuredmedia":[{"embeddable":true,"href":"https:\/\/www.uv.mx\/prensa\/wp-json\/wp\/v2\/media\/87908"}],"wp:attachment":[{"href":"https:\/\/www.uv.mx\/prensa\/wp-json\/wp\/v2\/media?parent=87890"}],"wp:term":[{"taxonomy":"category","embeddable":true,"href":"https:\/\/www.uv.mx\/prensa\/wp-json\/wp\/v2\/categories?post=87890"},{"taxonomy":"post_tag","embeddable":true,"href":"https:\/\/www.uv.mx\/prensa\/wp-json\/wp\/v2\/tags?post=87890"}],"curies":[{"name":"wp","href":"https:\/\/api.w.org\/{rel}","templated":true}]}}