{"id":87892,"date":"2020-09-27T08:00:52","date_gmt":"2020-09-27T13:00:52","guid":{"rendered":"https:\/\/www.uv.mx\/prensa\/?p=87892"},"modified":"2020-09-25T17:59:15","modified_gmt":"2020-09-25T22:59:15","slug":"equidad-de-genero-en-tiempos-del-covid-19-tema-de-tardes-de-ciencia","status":"publish","type":"post","link":"https:\/\/www.uv.mx\/prensa\/eventos\/equidad-de-genero-en-tiempos-del-covid-19-tema-de-tardes-de-ciencia\/","title":{"rendered":"Equidad de g\u00e9nero en tiempos del Covid-19, tema de \u201cTardes de Ciencia\u201d"},"content":{"rendered":"<ul>\n<li data-leveltext=\"\uf0b7\" data-font=\"Symbol\" data-listid=\"1\" data-aria-posinset=\"1\" data-aria-level=\"1\"><i><span data-contrast=\"auto\">La investigadora\u00a0<\/span><\/i><i><span data-contrast=\"auto\">Mar\u00eda Jos\u00e9 Garc\u00eda Oramas<\/span><\/i><i><span data-contrast=\"auto\">\u00a0abordar\u00e1 el tema\u00a0<\/span><\/i><i><span data-contrast=\"auto\">\u201cEl mundo femi<\/span><\/i><i><span data-contrast=\"auto\">nizado en los tiempos del Covid<\/span><\/i><i><span data-contrast=\"auto\">-19\u201d<\/span><\/i><span data-ccp-props=\"{&quot;134233279&quot;:true,&quot;201341983&quot;:0,&quot;335559739&quot;:160,&quot;335559740&quot;:240}\">\u00a0<\/span><\/li>\n<li data-leveltext=\"\uf0b7\" data-font=\"Symbol\" data-listid=\"1\" data-aria-posinset=\"2\" data-aria-level=\"1\"><i><span data-contrast=\"auto\">La charla se efectuar\u00e1 e<\/span><\/i><i><span data-contrast=\"auto\">l 29 de septiembre, a las 17:00 horas, a trav\u00e9s de la plataforma\u00a0<\/span><\/i><span data-contrast=\"auto\">Cisco WebEx<\/span><span data-ccp-props=\"{&quot;134233279&quot;:true,&quot;201341983&quot;:0,&quot;335559739&quot;:160,&quot;335559740&quot;:240}\">\u00a0<\/span><\/li>\n<\/ul>\n<p><span data-ccp-props=\"{&quot;201341983&quot;:0,&quot;335559739&quot;:160,&quot;335559740&quot;:240}\">\u00a0<\/span><\/p>\n<div id=\"attachment_87893\" style=\"width: 732px\" class=\"wp-caption aligncenter\"><a href=\"https:\/\/www.uv.mx\/prensa\/files\/2020\/09\/240920-MUNDO-FEMINIZADO-1-100k.jpg\"><img aria-describedby=\"caption-attachment-87893\" decoding=\"async\" loading=\"lazy\" class=\"size-full wp-image-87893\" src=\"https:\/\/www.uv.mx\/prensa\/files\/2020\/09\/240920-MUNDO-FEMINIZADO-1-100k.jpg\" alt=\"La actividad forma parte del segundo periodo 2020 y es impulsaa por la Direcci\u00f3n General de Investigaciones \" width=\"722\" height=\"248\" srcset=\"https:\/\/www.uv.mx\/prensa\/files\/2020\/09\/240920-MUNDO-FEMINIZADO-1-100k.jpg 722w, https:\/\/www.uv.mx\/prensa\/files\/2020\/09\/240920-MUNDO-FEMINIZADO-1-100k-300x103.jpg 300w\" sizes=\"(max-width: 722px) 100vw, 722px\" \/><\/a><p id=\"caption-attachment-87893\" class=\"wp-caption-text\">La actividad forma parte del segundo periodo 2020 y es impulsaa por la Direcci\u00f3n General de Investigaciones<\/p><\/div>\n<p>&nbsp;<\/p>\n<p><b><i><span data-contrast=\"auto\">Claudia Peralta V\u00e1zquez<\/span><\/i><\/b><span data-ccp-props=\"{&quot;201341983&quot;:0,&quot;335559739&quot;:160,&quot;335559740&quot;:240}\">\u00a0<\/span><\/p>\n<p><b><i><span data-contrast=\"auto\">2<\/span><\/i><\/b><b><i><span data-contrast=\"auto\">7<\/span><\/i><\/b><b><i><span data-contrast=\"auto\">\/<\/span><\/i><\/b><b><i><span data-contrast=\"auto\">09<\/span><\/i><\/b><b><i><span data-contrast=\"auto\">\/<\/span><\/i><\/b><b><i><span data-contrast=\"auto\">20<\/span><\/i><\/b><b><i><span data-contrast=\"auto\">20<\/span><\/i><\/b><b><i><span data-contrast=\"auto\">, Xalapa,\u00a0<\/span><\/i><\/b><b><i><span data-contrast=\"auto\">Ver.-<\/span><\/i><\/b><b><i><span data-contrast=\"auto\">\u00a0<\/span><\/i><\/b><span data-contrast=\"auto\">Mar\u00eda Jos\u00e9 Garc\u00eda Oramas,\u00a0<\/span><span data-contrast=\"auto\">coordinadora del Centro para el Desarrollo Humano e Integral de los Universitarios (<\/span><i><span data-contrast=\"auto\">Cendhiu<\/span><\/i><span data-contrast=\"auto\">)\u00a0<\/span><span data-contrast=\"auto\">de la Universidad Veracruzana (UV) impartir\u00e1 la charla \u201cEl mundo feminizado en los tiempos del Covid-19\u201d, como parte de\u00a0<\/span><span data-contrast=\"auto\">las charlas virtuales \u201cTardes de Ciencia\u201d<\/span><span data-contrast=\"auto\">.<\/span><span data-ccp-props=\"{&quot;201341983&quot;:0,&quot;335559739&quot;:160,&quot;335559740&quot;:240}\">\u00a0<\/span><\/p>\n<p><span data-contrast=\"auto\">La actividad forma<\/span><span data-contrast=\"auto\">\u00a0<\/span><span data-contrast=\"auto\">parte del\u00a0<\/span><span data-contrast=\"auto\">segundo<\/span><span data-contrast=\"auto\">\u00a0periodo 2020 de esta iniciativa<\/span><span data-contrast=\"auto\">,<\/span><span data-contrast=\"auto\">\u00a0impulsada por la Direcci\u00f3n General de Investigaciones (DGI) de la UV y el programa \u201c<\/span><span data-contrast=\"auto\">S\u00e1bados<\/span><span data-contrast=\"auto\">\u00a0en la Ciencia\u201d,\u00a0<\/span><span data-contrast=\"auto\">y\u00a0<\/span><span data-contrast=\"auto\">tendr\u00e1 lugar\u00a0<\/span><span data-contrast=\"auto\">el<\/span><span data-contrast=\"auto\">\u00a029 de septiembre, a las 17:00 horas,\u00a0<\/span><span data-contrast=\"auto\">a trav\u00e9s de la plataforma\u00a0<\/span><i><span data-contrast=\"auto\">Cisco WebEx<\/span><\/i><i><span data-contrast=\"auto\">.<\/span><\/i><span data-ccp-props=\"{&quot;201341983&quot;:0,&quot;335559739&quot;:160,&quot;335559740&quot;:240}\">\u00a0<\/span><\/p>\n<p><span data-contrast=\"auto\">Garc\u00eda\u00a0<\/span><span data-contrast=\"auto\">O<\/span><span data-contrast=\"auto\">ramas, quien\u00a0<\/span><span data-contrast=\"auto\">tambi\u00e9n<\/span><span data-contrast=\"auto\">\u00a0es<\/span><span data-contrast=\"auto\">\u00a0<\/span><span data-contrast=\"auto\">investigadora y activista en temas de g\u00e9nero<\/span><span data-contrast=\"auto\">,\u00a0<\/span><span data-contrast=\"auto\">destac\u00f3 que la pandemia\u00a0<\/span><span data-contrast=\"auto\">de Covid-19\u00a0<\/span><span data-contrast=\"auto\">ha<\/span><span data-contrast=\"auto\">\u00a0reconfigurado<\/span><span data-contrast=\"auto\">\u00a0la vida cotidiana\u00a0<\/span><span data-contrast=\"auto\">de las personas, e<\/span><span data-contrast=\"auto\">n t\u00e9rminos de los espacios que<\/span><span data-contrast=\"auto\">\u00a0habitan y el tiempo que dedican a\u00a0<\/span><span data-contrast=\"auto\">sus\u00a0<\/span><span data-contrast=\"auto\">actividades, as\u00ed como\u00a0<\/span><span data-contrast=\"auto\">en\u00a0<\/span><span data-contrast=\"auto\">la manera en que\u00a0<\/span><span data-contrast=\"auto\">se relacionan con los dem\u00e1s.<\/span><span data-ccp-props=\"{&quot;201341983&quot;:0,&quot;335559731&quot;:708,&quot;335559739&quot;:160,&quot;335559740&quot;:240}\">\u00a0<\/span><\/p>\n<p><span data-contrast=\"auto\">Actualmente,\u00a0<\/span><span data-contrast=\"auto\">abund\u00f3, tareas\u00a0<\/span><span data-contrast=\"auto\">com\u00fanmente\u00a0<\/span><span data-contrast=\"auto\">atribuidas a la mujer,\u00a0<\/span><span data-contrast=\"auto\">como el confinamiento en el hogar, cuidado y manejo de\u00a0<\/span><span data-contrast=\"auto\">l<\/span><span data-contrast=\"auto\">as emociones<\/span><span data-contrast=\"auto\">,<\/span><span data-contrast=\"auto\">\u00a0se encuentran<\/span><span data-contrast=\"auto\">\u00a0en el<\/span><span data-contrast=\"auto\">\u00a0centro de la vida social<\/span><span data-contrast=\"auto\">,\u00a0<\/span><span data-contrast=\"auto\">a diferencia del mundo masculinizado<\/span><span data-contrast=\"auto\">,<\/span><span data-contrast=\"auto\">\u00a0<\/span><span data-contrast=\"auto\">caracterizado por<\/span><span data-contrast=\"auto\">\u00a0la competencia social, el trabajo productivo y el desarrollo pers<\/span><span data-contrast=\"auto\">onal hacia el \u00e9xito individual.<\/span><span data-ccp-props=\"{&quot;201341983&quot;:0,&quot;335559731&quot;:708,&quot;335559739&quot;:160,&quot;335559740&quot;:240}\">\u00a0<\/span><\/p>\n<p><span data-contrast=\"auto\">\u201cDe repente eso cambi\u00f3 y creo que va a reconfigurar mucho el escenario de las<\/span><span data-contrast=\"auto\">\u00a0relaciones sociales por venir.\u201d<\/span><span data-ccp-props=\"{&quot;201341983&quot;:0,&quot;335559731&quot;:708,&quot;335559739&quot;:160,&quot;335559740&quot;:240}\">\u00a0<\/span><\/p>\n<p><span data-contrast=\"auto\">En este sentido,\u00a0<\/span><span data-contrast=\"auto\">se plantean interrogantes sobre las posibilidades que abre la pandemia a la equidad<\/span><span data-contrast=\"auto\">\u00a0de g\u00e9nero,\u00a0<\/span><span data-contrast=\"auto\">apunt\u00f3\u00a0<\/span><span data-contrast=\"auto\">la investigadora.<\/span><span data-ccp-props=\"{&quot;201341983&quot;:0,&quot;335559731&quot;:708,&quot;335559739&quot;:160,&quot;335559740&quot;:240}\">\u00a0<\/span><\/p>\n<p><span data-contrast=\"auto\">Garc\u00eda Oramas expuso que el hogar siempre ha sido considerado como un espacio femenino, incluso hay\u00a0<\/span><span data-contrast=\"auto\">muchas mujeres que han vivido confinadas\u00a0<\/span><span data-contrast=\"auto\">durante\u00a0<\/span><span data-contrast=\"auto\">siglos<\/span><span data-contrast=\"auto\">,<\/span><span data-contrast=\"auto\">\u00a0pues en muchas culturas y tradiciones<\/span><span data-contrast=\"auto\">\u00a0<\/span><span data-contrast=\"auto\">el encierro representa vida, pertenencia y adscripci\u00f3n.<\/span><span data-ccp-props=\"{&quot;201341983&quot;:0,&quot;335559731&quot;:708,&quot;335559739&quot;:160,&quot;335559740&quot;:240}\">\u00a0<\/span><\/p>\n<p><span data-contrast=\"auto\">Sin embargo, es importante hablar de las relaciones familiares, \u00edntimas y cotidianas que se han detonado a causa del confinamiento obligatorio por cuestiones de salud, y que\u00a0<\/span><span data-contrast=\"auto\">ha<\/span><span data-contrast=\"auto\">n<\/span><span data-contrast=\"auto\">\u00a0puesto en relieve muchas\u00a0<\/span><span data-contrast=\"auto\">situaciones\u00a0<\/span><span data-contrast=\"auto\">que las feministas han discutido por a\u00f1os.<\/span><span data-ccp-props=\"{&quot;201341983&quot;:0,&quot;335559731&quot;:708,&quot;335559739&quot;:160,&quot;335559740&quot;:240}\">\u00a0<\/span><\/p>\n<p><span data-contrast=\"auto\">La\u00a0<\/span><span data-contrast=\"auto\">M<\/span><span data-contrast=\"auto\">a<\/span><span data-contrast=\"auto\">estra en Estudios de G\u00e9nero\u00a0<\/span><span data-contrast=\"auto\">por la<\/span><span data-contrast=\"auto\">\u00a0<\/span><span data-contrast=\"auto\">New\u00a0<\/span><span data-contrast=\"auto\">School<\/span><span data-contrast=\"auto\">\u00a0<\/span><span data-contrast=\"auto\">University<\/span><span data-contrast=\"auto\">\u00a0en Nueva York<\/span><i><span data-contrast=\"auto\">\u00a0<\/span><\/i><span data-contrast=\"auto\">y\u00a0<\/span><span data-contrast=\"auto\">D<\/span><span data-contrast=\"auto\">octora en Ciencias de la Educaci\u00f3n\u00a0<\/span><span data-contrast=\"auto\">por<\/span><span data-contrast=\"auto\">\u00a0la Universidad de Par<\/span><span data-contrast=\"auto\">\u00ed<\/span><span data-contrast=\"auto\">s\u00a0<\/span><span data-contrast=\"auto\">X<\/span><span data-contrast=\"auto\">\u00a0<\/span><span data-contrast=\"auto\">Nanterre<\/span><span data-contrast=\"auto\">, Francia<\/span><span data-contrast=\"auto\">, subray\u00f3 que<\/span><span data-contrast=\"auto\">\u00a0de ahora en adelante deben repensarse tres aspectos fundamentales.<\/span><span data-ccp-props=\"{&quot;201341983&quot;:0,&quot;335559731&quot;:708,&quot;335559739&quot;:160,&quot;335559740&quot;:240}\">\u00a0<\/span><\/p>\n<p><span data-contrast=\"auto\">\u00a0<\/span><span data-contrast=\"auto\">El primero<\/span><span data-contrast=\"auto\">\u00a0corresponde a la importancia de los trabajos de reproducci\u00f3n de la vida, los de cuidado que siempre hab\u00edan sido considerados como secundarios.<\/span><span data-ccp-props=\"{&quot;201341983&quot;:0,&quot;335559731&quot;:708,&quot;335559739&quot;:160,&quot;335559740&quot;:240}\">\u00a0<\/span><\/p>\n<p><span data-contrast=\"auto\">El segundo\u00a0<\/span><span data-contrast=\"auto\">es la violencia intrafamiliar<\/span><span data-contrast=\"auto\">,<\/span><span data-contrast=\"auto\">\u00a0de la cual las mujeres han sido v\u00edctimas dentro de su propio hogar<\/span><span data-contrast=\"auto\">, y con e<\/span><span data-contrast=\"auto\">l\u00a0<\/span><span data-contrast=\"auto\">confinamiento\u00a0<\/span><span data-contrast=\"auto\">se ha visibilizado a\u00fan m\u00e1s. Por ello, es necesario repensar la situaci\u00f3n de peligro y riesgo al que est\u00e1n expuestas ellas\u00a0<\/span><span data-contrast=\"auto\">y\u00a0<\/span><span data-contrast=\"auto\">sus hijos.<\/span><span data-ccp-props=\"{&quot;201341983&quot;:0,&quot;335559731&quot;:708,&quot;335559739&quot;:160,&quot;335559740&quot;:240}\">\u00a0<\/span><\/p>\n<p><span data-contrast=\"auto\">\u201cPor<\/span><span data-contrast=\"auto\">\u00a0primera vez se han buscado pol\u00edticas para atender la violencia de g\u00e9nero en el \u00e1mbito de la vida privada en el hogar<\/span><span data-contrast=\"auto\">.\u201d<\/span><span data-ccp-props=\"{&quot;201341983&quot;:0,&quot;335559731&quot;:708,&quot;335559739&quot;:160,&quot;335559740&quot;:240}\">\u00a0<\/span><\/p>\n<p><span data-contrast=\"auto\">El tercer aspecto se refiere a la\u00a0<\/span><span data-contrast=\"auto\">relevancia de la vida emocional<\/span><span data-contrast=\"auto\">, pues la expresi\u00f3n y pensamiento de las emociones es un\u00a0<\/span><span data-contrast=\"auto\">atributo\u00a0<\/span><span data-contrast=\"auto\">que corresponde \u00fanicamente a las mujeres.<\/span><span data-ccp-props=\"{&quot;201341983&quot;:0,&quot;335559731&quot;:708,&quot;335559739&quot;:160,&quot;335559740&quot;:240}\">\u00a0<\/span><\/p>\n<p><span data-contrast=\"auto\">Pero ahora,\u00a0<\/span><span data-contrast=\"auto\">el equilibrio de la<\/span><span data-contrast=\"auto\">\u00a0vida emocional debe tener un lugar preponderante\u00a0<\/span><span data-contrast=\"auto\">para poder resistir a estos tiempos de pandemia.<\/span><span data-ccp-props=\"{&quot;201341983&quot;:0,&quot;335559731&quot;:708,&quot;335559739&quot;:160,&quot;335559740&quot;:240}\">\u00a0<\/span><\/p>\n<p><span data-contrast=\"auto\">\u201cLas<\/span><span data-contrast=\"auto\">\u00a0emociones no solamente<\/span><span data-contrast=\"auto\">\u00a0cuentan<\/span><span data-contrast=\"auto\">\u00a0para el trabajo productivo sino para vivir, crear una estabilidad emocional, enfrentar el estr\u00e9s<\/span><span data-contrast=\"auto\">\u00a0y<\/span><span data-contrast=\"auto\">\u00a0la depresi\u00f3n<\/span><span data-contrast=\"auto\">\u201d<\/span><span data-contrast=\"auto\">, concluy\u00f3.<\/span><\/p>\n","protected":false},"excerpt":{"rendered":"<p>La investigadora Mar\u00eda Jos\u00e9 Garc\u00eda Oramas impartir\u00e1 la charla \u201cEl mundo feminizado en los tiempos del Covid-19\u201d, el 29 de septiembre a trav\u00e9s de la plataforma <em>Cisco WebEx<\/em> <\/p>\n","protected":false},"author":1775,"featured_media":87893,"comment_status":"closed","ping_status":"closed","sticky":false,"template":"","format":"standard","meta":[],"categories":[47],"tags":[],"_links":{"self":[{"href":"https:\/\/www.uv.mx\/prensa\/wp-json\/wp\/v2\/posts\/87892"}],"collection":[{"href":"https:\/\/www.uv.mx\/prensa\/wp-json\/wp\/v2\/posts"}],"about":[{"href":"https:\/\/www.uv.mx\/prensa\/wp-json\/wp\/v2\/types\/post"}],"author":[{"embeddable":true,"href":"https:\/\/www.uv.mx\/prensa\/wp-json\/wp\/v2\/users\/1775"}],"replies":[{"embeddable":true,"href":"https:\/\/www.uv.mx\/prensa\/wp-json\/wp\/v2\/comments?post=87892"}],"version-history":[{"count":0,"href":"https:\/\/www.uv.mx\/prensa\/wp-json\/wp\/v2\/posts\/87892\/revisions"}],"wp:featuredmedia":[{"embeddable":true,"href":"https:\/\/www.uv.mx\/prensa\/wp-json\/wp\/v2\/media\/87893"}],"wp:attachment":[{"href":"https:\/\/www.uv.mx\/prensa\/wp-json\/wp\/v2\/media?parent=87892"}],"wp:term":[{"taxonomy":"category","embeddable":true,"href":"https:\/\/www.uv.mx\/prensa\/wp-json\/wp\/v2\/categories?post=87892"},{"taxonomy":"post_tag","embeddable":true,"href":"https:\/\/www.uv.mx\/prensa\/wp-json\/wp\/v2\/tags?post=87892"}],"curies":[{"name":"wp","href":"https:\/\/api.w.org\/{rel}","templated":true}]}}