{"id":87954,"date":"2020-09-26T07:56:20","date_gmt":"2020-09-26T12:56:20","guid":{"rendered":"https:\/\/www.uv.mx\/prensa\/?p=87954"},"modified":"2020-09-28T12:55:38","modified_gmt":"2020-09-28T17:55:38","slug":"futbolistas-veteranos-cuidan-su-salud","status":"publish","type":"post","link":"https:\/\/www.uv.mx\/prensa\/deportes\/futbolistas-veteranos-cuidan-su-salud\/","title":{"rendered":"Futbolistas veteranos cuidan su salud\u00a0"},"content":{"rendered":"<ul>\n<li data-leveltext=\"\uf0b7\" data-font=\"Symbol\" data-listid=\"1\" data-aria-posinset=\"1\" data-aria-level=\"1\"><i><span data-contrast=\"auto\">Analizan <\/span><\/i><i><span data-contrast=\"auto\">propuesta de la Fundaci\u00f3n UV para reactivar torneo<\/span><\/i><i><span data-contrast=\"auto\"> de la categor\u00eda M\u00e1<\/span><\/i><i><span data-contrast=\"auto\">ster<\/span><\/i><span data-ccp-props=\"{&quot;201341983&quot;:0,&quot;335559739&quot;:0,&quot;335559740&quot;:240}\">\u00a0<\/span><\/li>\n<\/ul>\n<p><span data-ccp-props=\"{&quot;201341983&quot;:0,&quot;335559685&quot;:360,&quot;335559739&quot;:0,&quot;335559740&quot;:240}\">\u00a0<\/span><\/p>\n<div id=\"attachment_36833\" style=\"width: 732px\" class=\"wp-caption aligncenter\"><a href=\"https:\/\/www.uv.mx\/prensa\/files\/2017\/11\/171117.-Semifinales-ok.jpg\"><img aria-describedby=\"caption-attachment-36833\" decoding=\"async\" loading=\"lazy\" class=\"size-full wp-image-36833\" src=\"https:\/\/www.uv.mx\/prensa\/files\/2017\/11\/171117.-Semifinales-ok.jpg\" alt=\"\" width=\"722\" height=\"464\" srcset=\"https:\/\/www.uv.mx\/prensa\/files\/2017\/11\/171117.-Semifinales-ok.jpg 722w, https:\/\/www.uv.mx\/prensa\/files\/2017\/11\/171117.-Semifinales-ok-300x193.jpg 300w\" sizes=\"(max-width: 722px) 100vw, 722px\" \/><\/a><p id=\"caption-attachment-36833\" class=\"wp-caption-text\"><span data-contrast=\"auto\">E<\/span><span data-contrast=\"auto\">l futbol de veteranos de la F<\/span><span data-contrast=\"auto\">undaci\u00f3n <\/span><span data-contrast=\"auto\">UV<\/span><span data-contrast=\"auto\"> se reanudar\u00e1 hasta nuevo aviso <\/span><span data-contrast=\"auto\">(foto de archivo)<\/span><span data-ccp-props=\"{&quot;201341983&quot;:0,&quot;335559739&quot;:0,&quot;335559740&quot;:240}\">\u00a0<\/span><\/p><\/div>\n<p><span data-ccp-props=\"{&quot;201341983&quot;:0,&quot;335559739&quot;:0,&quot;335559740&quot;:240}\">\u00a0<\/span><\/p>\n<p><span data-ccp-props=\"{&quot;201341983&quot;:0,&quot;335559739&quot;:0,&quot;335559740&quot;:240}\">\u00a0<\/span><\/p>\n<p><b><i><span data-contrast=\"auto\">Santiago Morales Ortiz<\/span><\/i><\/b><span data-ccp-props=\"{&quot;201341983&quot;:0,&quot;335559739&quot;:0,&quot;335559740&quot;:240}\">\u00a0<\/span><\/p>\n<p><b><i><span data-contrast=\"auto\">2<\/span><\/i><\/b><b><i><span data-contrast=\"auto\">6<\/span><\/i><\/b><b><i><span data-contrast=\"auto\">\/09\/20<\/span><\/i><\/b><b><i><span data-contrast=\"auto\">20,<\/span><\/i><\/b> <b><i><span data-contrast=\"auto\">Xalapa, <\/span><\/i><\/b><b><i><span data-contrast=\"auto\">Ver.-<\/span><\/i><\/b><span data-contrast=\"auto\"> Futbolistas veteranos de Xalapa<\/span><span data-contrast=\"auto\"> cuidan su salud para <\/span><span data-contrast=\"auto\">evitar contagios de <\/span><span data-contrast=\"auto\">Covid-<\/span><span data-contrast=\"auto\">19 <\/span><span data-contrast=\"auto\">y analizan<\/span><span data-contrast=\"auto\"> propuesta de la Liga de la <a href=\"https:\/\/www.fundacionuv.org\/\" target=\"_blank\" rel=\"noopener noreferrer\">Fundaci\u00f3n de la U<\/a><\/span><span data-contrast=\"auto\">niversidad Veracruzana<\/span><span data-contrast=\"auto\"> (UV)<\/span><span data-contrast=\"auto\"> para reanudar <\/span><span data-contrast=\"auto\">el <\/span><span data-contrast=\"auto\">torneo de la categor\u00eda <\/span><span data-contrast=\"auto\">M<\/span><span data-contrast=\"auto\">\u00e1<\/span><span data-contrast=\"auto\">ster<\/span><span data-contrast=\"auto\">.<\/span><span data-ccp-props=\"{&quot;201341983&quot;:0,&quot;335559739&quot;:0,&quot;335559740&quot;:240}\">\u00a0<\/span><\/p>\n<p><span data-contrast=\"auto\">La <\/span><span data-contrast=\"auto\">Liga de la Fundaci\u00f3n <\/span><span data-contrast=\"auto\">UV <\/span><span data-contrast=\"auto\">present\u00f3 un programa de protocolo\u00a0 seguro, con medidas sanitarias extremas<\/span><span data-contrast=\"auto\"> para reanudar el <\/span><span data-contrast=\"auto\">torneo el <\/span><span data-contrast=\"auto\">26 de septiembre<\/span><span data-contrast=\"auto\">, <\/span><span data-contrast=\"auto\">pero <\/span><span data-contrast=\"auto\">la mayor\u00eda de los delegados de los equipos <\/span><span data-contrast=\"auto\">manifesta<\/span><span data-contrast=\"auto\">ro<\/span><span data-contrast=\"auto\">n<\/span> <span data-contrast=\"auto\">su deseo por <\/span><span data-contrast=\"auto\">esperar un tiempo m\u00e1s, si es necesario hasta el a\u00f1o pr\u00f3ximo.<\/span><span data-ccp-props=\"{&quot;201341983&quot;:0,&quot;335559731&quot;:708,&quot;335559739&quot;:0,&quot;335559740&quot;:240}\">\u00a0<\/span><\/p>\n<p><span data-contrast=\"auto\">Se pretend\u00eda que el torneo se reanudar<\/span><span data-contrast=\"auto\">a<\/span><span data-contrast=\"auto\"> ya,<\/span><span data-contrast=\"auto\"> con un rol de juegos establecido, pero ante la <\/span><span data-contrast=\"auto\">inquietud de los jugadores<\/span><span data-contrast=\"auto\"> todo indica que ser\u00e1 hasta nuevo aviso.<\/span><span data-ccp-props=\"{&quot;201341983&quot;:0,&quot;335559731&quot;:708,&quot;335559739&quot;:0,&quot;335559740&quot;:240}\">\u00a0<\/span><\/p>\n<p><span data-contrast=\"auto\">Delegados de equipos como Rayos, Xalapa 36, N<\/span><span data-contrast=\"auto\">\u00e1<\/span><span data-contrast=\"auto\">poli<\/span><span data-contrast=\"auto\">, Resto del Barrio, <\/span><span data-contrast=\"auto\">Independiente, Deportivo Z<\/span><span data-contrast=\"auto\">, Pitufos<\/span><span data-contrast=\"auto\">, Delfines<\/span><span data-contrast=\"auto\"> y<\/span><span data-contrast=\"auto\"> R<\/span><span data-contrast=\"auto\">\u00e9<\/span><span data-contrast=\"auto\">bsamen,<\/span><span data-contrast=\"auto\"> entre otros<\/span><span data-contrast=\"auto\">,<\/span><span data-contrast=\"auto\"> prefieren esperar para evitar contagios.<\/span><span data-ccp-props=\"{&quot;201341983&quot;:0,&quot;335559731&quot;:708,&quot;335559739&quot;:0,&quot;335559740&quot;:240}\">\u00a0<\/span><\/p>\n<p><span data-contrast=\"auto\">En lo que se refiere a la categor\u00eda Premier, definitivamente el torneo <\/span><span data-contrast=\"auto\">se reanudar\u00e1 <\/span><span data-contrast=\"auto\">hasta el a\u00f1o pr\u00f3ximo, pues se trata <\/span><span data-contrast=\"auto\">de jugadores mayores de 60 a\u00f1os<\/span> <span data-contrast=\"auto\">y forman parte de la poblaci\u00f3n <\/span><span data-contrast=\"auto\">que est\u00e1 en mayor riesgo.<\/span><\/p>\n","protected":false},"excerpt":{"rendered":"<p>Se pretend\u00eda reanudar lo m\u00e1s pronto posible el torneo, con un rol de juegos establecido, pero ante la inquietud de los jugadores todo indica que ser\u00e1 hasta nuevo aviso.\u00a0<\/p>\n","protected":false},"author":1869,"featured_media":36833,"comment_status":"closed","ping_status":"closed","sticky":false,"template":"","format":"standard","meta":[],"categories":[12],"tags":[],"_links":{"self":[{"href":"https:\/\/www.uv.mx\/prensa\/wp-json\/wp\/v2\/posts\/87954"}],"collection":[{"href":"https:\/\/www.uv.mx\/prensa\/wp-json\/wp\/v2\/posts"}],"about":[{"href":"https:\/\/www.uv.mx\/prensa\/wp-json\/wp\/v2\/types\/post"}],"author":[{"embeddable":true,"href":"https:\/\/www.uv.mx\/prensa\/wp-json\/wp\/v2\/users\/1869"}],"replies":[{"embeddable":true,"href":"https:\/\/www.uv.mx\/prensa\/wp-json\/wp\/v2\/comments?post=87954"}],"version-history":[{"count":1,"href":"https:\/\/www.uv.mx\/prensa\/wp-json\/wp\/v2\/posts\/87954\/revisions"}],"predecessor-version":[{"id":88017,"href":"https:\/\/www.uv.mx\/prensa\/wp-json\/wp\/v2\/posts\/87954\/revisions\/88017"}],"wp:featuredmedia":[{"embeddable":true,"href":"https:\/\/www.uv.mx\/prensa\/wp-json\/wp\/v2\/media\/36833"}],"wp:attachment":[{"href":"https:\/\/www.uv.mx\/prensa\/wp-json\/wp\/v2\/media?parent=87954"}],"wp:term":[{"taxonomy":"category","embeddable":true,"href":"https:\/\/www.uv.mx\/prensa\/wp-json\/wp\/v2\/categories?post=87954"},{"taxonomy":"post_tag","embeddable":true,"href":"https:\/\/www.uv.mx\/prensa\/wp-json\/wp\/v2\/tags?post=87954"}],"curies":[{"name":"wp","href":"https:\/\/api.w.org\/{rel}","templated":true}]}}