{"id":88039,"date":"2020-09-29T08:00:47","date_gmt":"2020-09-29T13:00:47","guid":{"rendered":"https:\/\/www.uv.mx\/prensa\/?p=88039"},"modified":"2020-09-28T17:20:22","modified_gmt":"2020-09-28T22:20:22","slug":"preguntas-sobre-el-universo-en-tardes-de-ciencia","status":"publish","type":"post","link":"https:\/\/www.uv.mx\/prensa\/ciencia\/preguntas-sobre-el-universo-en-tardes-de-ciencia\/","title":{"rendered":"Preguntas sobre el universo, en \u201cTardes de Ciencia\u201d"},"content":{"rendered":"<ul style=\"font-weight: 400\">\n<li data-leveltext=\"\u25cf\" data-font=\"Arial\" data-listid=\"1\" data-aria-posinset=\"1\" data-aria-level=\"1\"><i><span data-contrast=\"auto\">Julio Baizabal, creador de la p\u00e1gina\u00a0<\/span><\/i><i><span data-contrast=\"auto\">Neuronared<\/span><\/i><i><span data-contrast=\"auto\">,\u00a0<\/span><\/i><i><span data-contrast=\"auto\">con casi 400 mil seguidores,\u00a0<\/span><\/i><i><span data-contrast=\"auto\">impartir\u00e1 la charla \u201cPreguntas y respuestas sobre el universo\u201d<\/span><\/i><span data-ccp-props=\"{&quot;201341983&quot;:0,&quot;335559740&quot;:240}\">\u00a0<\/span><\/li>\n<li data-leveltext=\"\u25cf\" data-font=\"Arial\" data-listid=\"1\" data-aria-posinset=\"2\" data-aria-level=\"1\"><i><span data-contrast=\"auto\">La conferencia se<\/span><\/i><i><span data-contrast=\"auto\">r\u00e1 el 1 de octubre, a las 17:00 horas,<\/span><\/i><i><span data-contrast=\"auto\">\u00a0a trav\u00e9s de\u00a0<\/span><\/i><a href=\"https:\/\/tardesdeciencia.my.webex.com\/meet\/sabadosenlaciencia\"><i><span data-contrast=\"none\">https:\/\/tardesdeciencia.my.webex.com\/meet\/sabad<\/span><\/i><i><span data-contrast=\"none\">o<\/span><\/i><i><span data-contrast=\"none\">senlaciencia<\/span><\/i><\/a><\/li>\n<\/ul>\n<p>&nbsp;<\/p>\n<div id=\"attachment_88040\" style=\"width: 732px\" class=\"wp-caption aligncenter\"><a href=\"https:\/\/www.uv.mx\/prensa\/files\/2020\/09\/280920-DAVID-Julio-Baizabal-Tardes-de-Ciencia-1-de-octubre-1-100k.jpg\"><img aria-describedby=\"caption-attachment-88040\" decoding=\"async\" loading=\"lazy\" class=\"size-full wp-image-88040\" src=\"https:\/\/www.uv.mx\/prensa\/files\/2020\/09\/280920-DAVID-Julio-Baizabal-Tardes-de-Ciencia-1-de-octubre-1-100k.jpg\" alt=\"Julio Baizabal cre\u00f3 la p\u00e1gina de divulgaci\u00f3n cient\u00edfica Neuronared \" width=\"722\" height=\"722\" srcset=\"https:\/\/www.uv.mx\/prensa\/files\/2020\/09\/280920-DAVID-Julio-Baizabal-Tardes-de-Ciencia-1-de-octubre-1-100k.jpg 722w, https:\/\/www.uv.mx\/prensa\/files\/2020\/09\/280920-DAVID-Julio-Baizabal-Tardes-de-Ciencia-1-de-octubre-1-100k-300x300.jpg 300w, https:\/\/www.uv.mx\/prensa\/files\/2020\/09\/280920-DAVID-Julio-Baizabal-Tardes-de-Ciencia-1-de-octubre-1-100k-150x150.jpg 150w, https:\/\/www.uv.mx\/prensa\/files\/2020\/09\/280920-DAVID-Julio-Baizabal-Tardes-de-Ciencia-1-de-octubre-1-100k-120x120.jpg 120w, https:\/\/www.uv.mx\/prensa\/files\/2020\/09\/280920-DAVID-Julio-Baizabal-Tardes-de-Ciencia-1-de-octubre-1-100k-360x360.jpg 360w\" sizes=\"(max-width: 722px) 100vw, 722px\" \/><\/a><p id=\"caption-attachment-88040\" class=\"wp-caption-text\">Julio Baizabal cre\u00f3 la p\u00e1gina de divulgaci\u00f3n cient\u00edfica Neuronared<\/p><\/div>\n<p>&nbsp;<\/p>\n<p><b><i><span data-contrast=\"auto\">David Sandoval Rodr\u00edguez<\/span><\/i><\/b><span data-ccp-props=\"{&quot;201341983&quot;:0,&quot;335559740&quot;:240}\">\u00a0<\/span><\/p>\n<p><b><i><span data-contrast=\"auto\">2<\/span><\/i><\/b><b><i><span data-contrast=\"auto\">9<\/span><\/i><\/b><b><i><span data-contrast=\"auto\">\/09\/20<\/span><\/i><\/b><b><i><span data-contrast=\"auto\">20,<\/span><\/i><\/b><b><i><span data-contrast=\"auto\">\u00a0Xalapa, Ver.-<\/span><\/i><\/b><span data-contrast=\"auto\">\u00a0<\/span><span data-contrast=\"auto\">Julio Rafael Baizabal Hern\u00e1ndez, f\u00edsico egresado de la Universidad Veracruzana (UV),\u00a0<\/span><span data-contrast=\"auto\">hablar\u00e1 de<\/span><span data-contrast=\"auto\">\u00a0\u201cPreguntas y\u00a0<\/span><span data-contrast=\"auto\">r<\/span><span data-contrast=\"auto\">espuestas sobre el universo\u201d<\/span><span data-contrast=\"auto\">\u00a0el pr\u00f3ximo jueves 1 de octubre en punto de las 17:00 horas<\/span><span data-contrast=\"auto\">,\u00a0<\/span><span data-contrast=\"auto\">como parte d<\/span><span data-contrast=\"auto\">el segundo periodo de actividades de \u201cTardes de ciencia\u201d, iniciativa de la Direcci\u00f3n General de Investigaciones (DGI)<\/span><span data-contrast=\"auto\">.<\/span><span data-ccp-props=\"{&quot;201341983&quot;:0,&quot;335559740&quot;:240}\">\u00a0<\/span><\/p>\n<p><span data-contrast=\"auto\">En esta sesi\u00f3n, que podr\u00e1 seguirse desde l<\/span><span data-contrast=\"auto\">a liga:\u00a0<\/span><a href=\"https:\/\/tardesdeciencia.my.webex.com\/meet\/sabadosenlaciencia\"><span data-contrast=\"none\">https:\/\/tardesdeciencia.my.webex.com\/meet\/sabadosenlaciencia<\/span><\/a><span data-contrast=\"auto\">,<\/span><span data-contrast=\"auto\">\u00a0el\u00a0<\/span><span data-contrast=\"auto\">\u00a0divulgador cient\u00edfico y director de la p\u00e1gina de\u00a0<\/span><a href=\"http:\/\/www.neuronared.com.mx\/\"><span data-contrast=\"none\">Neuronared<\/span><\/a><span data-contrast=\"auto\">\u00a0<\/span><span data-contrast=\"auto\">con m\u00e1s de 360 mil\u00a0<\/span><span data-contrast=\"auto\">seguidores en\u00a0<\/span><i><span data-contrast=\"auto\">Facebook<\/span><\/i><span data-contrast=\"auto\">, 33 mil en\u00a0<\/span><i><span data-contrast=\"auto\">Instagram<\/span><\/i><span data-contrast=\"auto\">\u00a0y dos mil 900 en\u00a0<\/span><i><span data-contrast=\"auto\">YouTube<\/span><\/i><span data-contrast=\"auto\">.<\/span><span data-ccp-props=\"{&quot;201341983&quot;:0,&quot;335559740&quot;:240}\">\u00a0<\/span><\/p>\n<p><span data-contrast=\"auto\">Al referirse a su participaci\u00f3n,\u00a0<\/span><span data-contrast=\"auto\">Baizabal<\/span><span data-contrast=\"auto\">\u00a0Hern\u00e1ndez<\/span><span data-contrast=\"auto\">\u00a0<\/span><span data-contrast=\"auto\">destac\u00f3 que lo importante es responder las preguntas del p\u00fablico, incluso reconocer y explicar cuando no se tiene la respuesta para un asunto particular,<\/span><span data-contrast=\"auto\">\u00a0ya que esto incita la curiosidad.<\/span><span data-ccp-props=\"{&quot;201341983&quot;:0,&quot;335559740&quot;:240}\">\u00a0<\/span><\/p>\n<p><span data-contrast=\"auto\">\u201cLa idea es que las personas pregunten lo que en su mente est\u00e1 rondando y<\/span><span data-contrast=\"auto\">\u00a0que\u00a0<\/span><span data-contrast=\"auto\">la interacci\u00f3n sea mayor, porque\u00a0<\/span><span data-contrast=\"auto\">al\u00a0<\/span><span data-contrast=\"auto\">hacerlo<\/span><span data-contrast=\"auto\">\u00a0<\/span><span data-contrast=\"auto\">las personas se sienten identificadas y valoradas, eso l<\/span><span data-contrast=\"auto\">a<\/span><span data-contrast=\"auto\">s incentiva a seguir pa<\/span><span data-contrast=\"auto\">rticip<\/span><span data-contrast=\"auto\">ando en este tipo de din\u00e1micas.\u201d<\/span><span data-ccp-props=\"{&quot;201341983&quot;:0,&quot;335559731&quot;:720,&quot;335559740&quot;:240}\">\u00a0<\/span><\/p>\n<p><span data-contrast=\"auto\">Las preguntas para la charla pueden dirigirse al portal de\u00a0<\/span><span data-contrast=\"auto\">Neuronared<\/span><span data-contrast=\"auto\">\u00a0y sus respectivos sitios en\u00a0<\/span><i><span data-contrast=\"auto\">Facebook<\/span><\/i><span data-contrast=\"auto\">\u00a0e\u00a0<\/span><i><span data-contrast=\"auto\">Instagram<\/span><\/i><span data-contrast=\"auto\">,\u00a0<\/span><span data-contrast=\"auto\">as\u00ed como a su sitio personal de\u00a0<\/span><i><span data-contrast=\"auto\">Facebook<\/span><\/i><span data-contrast=\"auto\">: @<\/span><span data-contrast=\"auto\">profejuliobaizabal<\/span><span data-ccp-props=\"{&quot;201341983&quot;:0,&quot;335559740&quot;:240}\">\u00a0<\/span><\/p>\n<p><span data-contrast=\"auto\">Recomend\u00f3 a los interesados en rea<\/span><span data-contrast=\"auto\">lizar una pregunta que escriban su nombre\u00a0<\/span><span data-contrast=\"auto\">para<\/span><span data-contrast=\"auto\">\u00a0as\u00ed poderlos identificar en la charla<\/span><span data-contrast=\"auto\">,<\/span><span data-contrast=\"auto\">\u00a0ya que esto tambi\u00e9n facilita la interacci\u00f3n y fomenta que otras personas se animen a participar.<\/span><span data-ccp-props=\"{&quot;201341983&quot;:0,&quot;335559740&quot;:240}\">\u00a0<\/span><\/p>\n<p><span data-contrast=\"auto\">En ese sentido, reconoci\u00f3 la apertura del programa al emitir la convocatoria\u00a0<\/span><span data-contrast=\"auto\">a cient\u00edficos interesados en comunicar la ciencia<\/span><span data-contrast=\"auto\">:<\/span><span data-contrast=\"auto\">\u00a0\u201c<\/span><span data-contrast=\"auto\">M<\/span><span data-contrast=\"auto\">e llam\u00f3 la atenci\u00f3n el programa y pens\u00e9 en entrar en contacto con la Universidad Veracruzana<\/span><span data-contrast=\"auto\">;<\/span><span data-contrast=\"auto\">\u00a0adem\u00e1s la idea\u00a0<\/span><span data-contrast=\"auto\">de\u00a0<\/span><span data-contrast=\"auto\">hacer la charla con preguntas es porque no importa qui\u00e9n pregunte o qu\u00e9 edad tenga, si es posi<\/span><span data-contrast=\"auto\">ble\u00a0<\/span><span data-contrast=\"auto\">responder su pregunta o que sepa que no hay respuesta lo puede llevar a investigar m\u00e1s all\u00e1\u201d<\/span><span data-contrast=\"auto\">.<\/span><span data-ccp-props=\"{&quot;201341983&quot;:0,&quot;335559731&quot;:720,&quot;335559740&quot;:240}\">\u00a0<\/span><\/p>\n<p><span data-contrast=\"auto\">Explic\u00f3 que el motivo de\u00a0<\/span><span data-contrast=\"auto\">esta actividad\u00a0<\/span><span data-contrast=\"auto\">es responder dudas<\/span><span data-contrast=\"auto\">,<\/span><span data-contrast=\"auto\">\u00a0pero tambi\u00e9n\u00a0<\/span><span data-contrast=\"auto\">incentivar\u00a0<\/span><span data-contrast=\"auto\">m\u00e1s porque a partir de nuevas dudas se genera nueva ciencia.<\/span><span data-ccp-props=\"{&quot;201341983&quot;:0,&quot;335559731&quot;:720,&quot;335559740&quot;:240}\">\u00a0<\/span><\/p>\n<p><span data-contrast=\"auto\">Atendi\u00f3 a la convocator<\/span><span data-contrast=\"auto\">ia de la DGI y reconoci\u00f3 la apertura de los organizadores para contemplar esta tem\u00e1tica dentro del programa de actividades del segundo periodo 2020<\/span><span data-contrast=\"auto\">,\u00a0<\/span><span data-contrast=\"auto\">que abarca<\/span><span data-contrast=\"auto\">\u00a0desde el 22 de septiembre hasta el 1 de diciembre.<\/span><span data-ccp-props=\"{&quot;201341983&quot;:0,&quot;335559731&quot;:720,&quot;335559740&quot;:240}\">\u00a0<\/span><\/p>\n<p><span data-contrast=\"auto\">Reconoci\u00f3 que la interacci\u00f3n en las charlas\u00a0<\/span><span data-contrast=\"auto\">es muy importante, por ello su propuesta inicia con las preguntas que le son enviadas por redes sociales.<\/span><span data-ccp-props=\"{&quot;201341983&quot;:0,&quot;335559731&quot;:720,&quot;335559740&quot;:240}\">\u00a0<\/span><\/p>\n<p><span data-contrast=\"auto\">Baizabal<\/span><span data-contrast=\"auto\">\u00a0<\/span><span data-contrast=\"auto\">Hern\u00e1ndez cursa actualmente la M<\/span><span data-contrast=\"auto\">aestr\u00eda en\u00a0<\/span><span data-contrast=\"auto\">F<\/span><span data-contrast=\"auto\">\u00edsica\u00a0<\/span><span data-contrast=\"auto\">E<\/span><span data-contrast=\"auto\">ducativa modalidad en l\u00ednea en el Centro de Investigaci\u00f3n en Ciencias Aplicadas y Tecnolog<\/span><span data-contrast=\"auto\">\u00eda Avanzada (CICATA) del Instituto Polit\u00e9cnico Nacional (IPN) y realiza la tesis acerca del uso de la divulgaci\u00f3n de la astronom\u00eda en la ense\u00f1anza de la f\u00edsica en educaci\u00f3n b\u00e1sica<\/span><span data-contrast=\"auto\">,<\/span><span data-contrast=\"auto\">\u00a0a partir de una investigaci\u00f3n de campo al dirigir el club de astronom\u00eda Supe<\/span><span data-contrast=\"auto\">rnova en la\u00a0<\/span><span data-contrast=\"auto\">Escuela\u00a0<\/span><span data-contrast=\"auto\">Secundaria\u00a0<\/span><span data-contrast=\"auto\">\u201c<\/span><span data-contrast=\"auto\">Efr\u00e9n Ram\u00edrez Hern\u00e1ndez<\/span><span data-contrast=\"auto\">\u201d,<\/span><span data-contrast=\"auto\">\u00a0de\u00a0<\/span><span data-contrast=\"auto\">s<\/span><span data-contrast=\"auto\">eptiembre de 2018 a\u00a0<\/span><span data-contrast=\"auto\">d<\/span><span data-contrast=\"auto\">iciembre de 2019.<\/span><\/p>\n","protected":false},"excerpt":{"rendered":"<p>La charla ser\u00e1 impartida por Julio Baizabal, creador de la p\u00e1gina Neuronared, con casi 400 mil seguidores en redes sociales <\/p>\n","protected":false},"author":1775,"featured_media":88042,"comment_status":"closed","ping_status":"closed","sticky":false,"template":"","format":"standard","meta":[],"categories":[45,61],"tags":[],"_links":{"self":[{"href":"https:\/\/www.uv.mx\/prensa\/wp-json\/wp\/v2\/posts\/88039"}],"collection":[{"href":"https:\/\/www.uv.mx\/prensa\/wp-json\/wp\/v2\/posts"}],"about":[{"href":"https:\/\/www.uv.mx\/prensa\/wp-json\/wp\/v2\/types\/post"}],"author":[{"embeddable":true,"href":"https:\/\/www.uv.mx\/prensa\/wp-json\/wp\/v2\/users\/1775"}],"replies":[{"embeddable":true,"href":"https:\/\/www.uv.mx\/prensa\/wp-json\/wp\/v2\/comments?post=88039"}],"version-history":[{"count":1,"href":"https:\/\/www.uv.mx\/prensa\/wp-json\/wp\/v2\/posts\/88039\/revisions"}],"predecessor-version":[{"id":88043,"href":"https:\/\/www.uv.mx\/prensa\/wp-json\/wp\/v2\/posts\/88039\/revisions\/88043"}],"wp:featuredmedia":[{"embeddable":true,"href":"https:\/\/www.uv.mx\/prensa\/wp-json\/wp\/v2\/media\/88042"}],"wp:attachment":[{"href":"https:\/\/www.uv.mx\/prensa\/wp-json\/wp\/v2\/media?parent=88039"}],"wp:term":[{"taxonomy":"category","embeddable":true,"href":"https:\/\/www.uv.mx\/prensa\/wp-json\/wp\/v2\/categories?post=88039"},{"taxonomy":"post_tag","embeddable":true,"href":"https:\/\/www.uv.mx\/prensa\/wp-json\/wp\/v2\/tags?post=88039"}],"curies":[{"name":"wp","href":"https:\/\/api.w.org\/{rel}","templated":true}]}}