{"id":88225,"date":"2020-10-04T08:00:48","date_gmt":"2020-10-04T13:00:48","guid":{"rendered":"https:\/\/www.uv.mx\/prensa\/?p=88225"},"modified":"2020-10-05T15:15:13","modified_gmt":"2020-10-05T20:15:13","slug":"la-inteligencia-artificial-un-fenomeno-economico-christian-lemaitre","status":"publish","type":"post","link":"https:\/\/www.uv.mx\/prensa\/banner\/la-inteligencia-artificial-un-fenomeno-economico-christian-lemaitre\/","title":{"rendered":"La inteligencia artificial, un fen\u00f3meno econ\u00f3mico: Christian Lemaitre\u00a0"},"content":{"rendered":"<ul>\n<li data-leveltext=\"\uf0b7\" data-font=\"Symbol\" data-listid=\"1\" data-aria-posinset=\"1\" data-aria-level=\"1\"><i><span data-contrast=\"auto\">El investigador de la UAM ofreci\u00f3 la pl\u00e1tica \u201cHacia una i<\/span><\/i><i><span data-contrast=\"auto\">nteligencia <\/span><\/i><i><span data-contrast=\"auto\">a<\/span><\/i><i><span data-contrast=\"auto\">rtificial <\/span><\/i><i><span data-contrast=\"auto\">r<\/span><\/i><i><span data-contrast=\"auto\">esponsable 2020\u201d, en el marco de la Jornada de Inducci\u00f3n al CIIA 2020<\/span><\/i><span data-ccp-props=\"{&quot;134233279&quot;:true}\">\u00a0<\/span><\/li>\n<\/ul>\n<p><span data-ccp-props=\"{&quot;335559731&quot;:709}\">\u00a0<\/span><b><i><\/i><\/b><\/p>\n<div id=\"attachment_88227\" style=\"width: 732px\" class=\"wp-caption aligncenter\"><a href=\"https:\/\/www.uv.mx\/prensa\/files\/2020\/10\/011020-PAOLA-Conferencia-CIIA.jpg\"><img aria-describedby=\"caption-attachment-88227\" decoding=\"async\" loading=\"lazy\" class=\"size-full wp-image-88227\" src=\"https:\/\/www.uv.mx\/prensa\/files\/2020\/10\/011020-PAOLA-Conferencia-CIIA.jpg\" alt=\"\" width=\"722\" height=\"406\" srcset=\"https:\/\/www.uv.mx\/prensa\/files\/2020\/10\/011020-PAOLA-Conferencia-CIIA.jpg 722w, https:\/\/www.uv.mx\/prensa\/files\/2020\/10\/011020-PAOLA-Conferencia-CIIA-300x169.jpg 300w\" sizes=\"(max-width: 722px) 100vw, 722px\" \/><\/a><p id=\"caption-attachment-88227\" class=\"wp-caption-text\">Christian Lemaitre dio una charla como parte de las actividades de la Jornada de Inducci\u00f3n al CIIA 2020<\/p><\/div>\n<p><span data-ccp-props=\"{&quot;335559731&quot;:709}\">\u00a0<\/span><\/p>\n<blockquote><p><span data-contrast=\"auto\">\u201cHay mucho que hacer, el cerebro es mucho m\u00e1s grande de lo que nos quieren vender con las aplicaciones inteligentes. Estamos muy lejos de esta maravilla que es el cerebro\u201d<\/span><span data-ccp-props=\"{&quot;335559731&quot;:709}\">\u00a0<\/span><\/p><\/blockquote>\n<p><span data-ccp-props=\"{&quot;335559731&quot;:709}\">\u00a0<\/span><\/p>\n<p><b><i><span data-contrast=\"auto\">Paola Cort\u00e9s P\u00e9rez<\/span><\/i><\/b><span data-ccp-props=\"{&quot;335559731&quot;:709}\">\u00a0<\/span><\/p>\n<p><b><i><span data-contrast=\"auto\">0<\/span><\/i><\/b><b><i><span data-contrast=\"auto\">4<\/span><\/i><\/b><b><i><span data-contrast=\"auto\">\/10<\/span><\/i><\/b><b><i><span data-contrast=\"auto\">\/2020, Xalapa, <\/span><\/i><\/b><b><i><span data-contrast=\"auto\">Ver.-<\/span><\/i><\/b><span data-contrast=\"auto\"> La i<\/span><span data-contrast=\"auto\">nteligencia <\/span><span data-contrast=\"auto\">a<\/span><span data-contrast=\"auto\">rtificial (IA) es un campo del conocimiento que est<\/span><span data-contrast=\"auto\">\u00e1<\/span><span data-contrast=\"auto\"> en constante desarrollo, <\/span><span data-contrast=\"auto\">coment\u00f3 Christian Lemaitre Le\u00f3n, investigador de la Universidad Aut\u00f3noma Metropolitana (UAM), <\/span><span data-contrast=\"auto\">U<\/span><span data-contrast=\"auto\">nidad Cuajimalpa, a<\/span><span data-contrast=\"auto\">l dictar la pl\u00e1tica \u201cHacia una i<\/span><span data-contrast=\"auto\">nteligencia <\/span><span data-contrast=\"auto\">a<\/span><span data-contrast=\"auto\">rtificial <\/span><span data-contrast=\"auto\">r<\/span><span data-contrast=\"auto\">esponsable 2020\u201d, en el marco de la Jornada de Inducci\u00f3n al<a href=\"https:\/\/www.uv.mx\/ciia\/\" target=\"_blank\" rel=\"noopener noreferrer\"> Centro de Investigaciones en Inteligencia Artificial<\/a> (CIIA) 2020<\/span><span data-contrast=\"auto\"> de la Universidad Veracruzana (UV)<\/span><span data-contrast=\"auto\">.<\/span><span data-ccp-props=\"{&quot;335559731&quot;:709}\">\u00a0<\/span><\/p>\n<p><span data-contrast=\"auto\">La charla se llev\u00f3 a cabo a trav\u00e9s de la plataforma <\/span><i><span data-contrast=\"auto\">Zoom<\/span><\/i><span data-contrast=\"auto\"> y transmitida <\/span><span data-contrast=\"auto\">en la p\u00e1gina <\/span><span data-contrast=\"auto\">de<\/span> <i><span data-contrast=\"auto\">Facebook <\/span><\/i><span data-contrast=\"auto\">del <\/span><a href=\"https:\/\/www.facebook.com\/CIIAUV\"><span data-contrast=\"none\">CIIA<\/span><\/a><span data-contrast=\"auto\">, la tarde del viernes 25 de septiembre.<\/span><span data-ccp-props=\"{&quot;335559731&quot;:708}\">\u00a0<\/span><\/p>\n<p><span data-contrast=\"auto\">Christian Lemaitre <\/span><span data-contrast=\"auto\">coment\u00f3 que en los \u00faltimos 10 a\u00f1os se crearon dos oligopolios del mundo digital: GAFAM (acr\u00f3nimo de <\/span><i><span data-contrast=\"auto\">Google<\/span><\/i><span data-contrast=\"auto\">, <\/span><i><span data-contrast=\"auto\">Amazon<\/span><\/i><span data-contrast=\"auto\">, <\/span><i><span data-contrast=\"auto\">Facebook<\/span><\/i><span data-contrast=\"auto\">, <\/span><i><span data-contrast=\"auto\">Apple<\/span><\/i><span data-contrast=\"auto\"> y <\/span><i><span data-contrast=\"auto\">Microsoft<\/span><\/i><span data-contrast=\"auto\">)<\/span><span data-contrast=\"auto\">, <\/span><span data-contrast=\"auto\">que <\/span><span data-contrast=\"auto\">representa a las empresas norteamericanas; y BATX, <\/span><span data-contrast=\"auto\">que <\/span><span data-contrast=\"auto\">se<\/span><span data-contrast=\"auto\"> refiere a las empresas chinas.<\/span><span data-ccp-props=\"{&quot;335559731&quot;:708}\">\u00a0<\/span><\/p>\n<p><span data-contrast=\"auto\">\u201cSon <\/span><span data-contrast=\"auto\">empresas que dominan al mercado,<\/span><span data-contrast=\"auto\"> tiene<\/span><span data-contrast=\"auto\">n miles de millones de usuarios y<\/span><span data-contrast=\"auto\"> capacidad de capturar toda la informaci\u00f3n de los usuarios (<\/span><i><span data-contrast=\"auto\">b<\/span><\/i><i><span data-contrast=\"auto\">ig <\/span><\/i><i><span data-contrast=\"auto\">d<\/span><\/i><i><span data-contrast=\"auto\">ata<\/span><\/i><span data-contrast=\"auto\">), <\/span><span data-contrast=\"auto\">monetizan esa informaci\u00f3n de diferentes maneras<\/span><span data-contrast=\"auto\"> y<\/span><span data-contrast=\"auto\"> han encontrado en aplicaciones de IA su mina de oro, porque les permiten manejar grandes cantidades de informaci\u00f3n.<\/span><span data-contrast=\"auto\">\u201d<\/span><span data-ccp-props=\"{&quot;335559731&quot;:708}\">\u00a0<\/span><\/p>\n<p><span data-contrast=\"auto\">Indic\u00f3 que la IA se ha convertido en un fen\u00f3meno econ\u00f3mico y social de todo el mundo desarrollado, <\/span><span data-contrast=\"auto\">pues <\/span><span data-contrast=\"auto\">ven en los pa\u00edses mercados potenciales.<\/span><span data-ccp-props=\"{&quot;335559731&quot;:708}\">\u00a0<\/span><\/p>\n<p><span data-contrast=\"auto\">La IA, destac\u00f3, tiene una diversidad de cosas prometedoras, una de ellas son las aplicaciones en el \u00e1mbito de la medicina, ya que est\u00e1n enfocadas en mejorar la salud del ser humano.<\/span><span data-ccp-props=\"{&quot;335559731&quot;:708}\">\u00a0<\/span><\/p>\n<p><span data-contrast=\"auto\">Sin embargo, bajo el pretexto del progreso, <\/span><span data-contrast=\"auto\">muchas de las nuevas aplicaciones del IA afectan los derechos humanos de las personas, ya que se sienten amenazadas de quedar desempleadas<\/span><span data-contrast=\"auto\">,<\/span> <span data-contrast=\"auto\">otras m\u00e1s<\/span><span data-contrast=\"auto\"> se<\/span><span data-contrast=\"auto\"> sienten <\/span><span data-contrast=\"auto\">vigiladas en su intimidad<\/span><span data-contrast=\"auto\"> y manipuladas en su percepci\u00f3n de la realidad, perdiendo su autonom\u00eda.<\/span><span data-ccp-props=\"{&quot;335559731&quot;:708}\">\u00a0<\/span><\/p>\n<p><span data-contrast=\"auto\">\u201cCada vez m\u00e1s personas se percatan <\/span><span data-contrast=\"auto\">de <\/span><span data-contrast=\"auto\">que se han convertido <\/span><span data-contrast=\"auto\">e<\/span><span data-contrast=\"auto\">n adictos a ciertas plataformas cuyas interfaces se han dise\u00f1ado para mantener con<\/span><span data-contrast=\"auto\">ectados en l\u00ednea a sus usuarios<\/span><span data-contrast=\"auto\"> el mayor tiempo (dise\u00f1o adictivo); esto permite a las empresas monetizar ese tiempo frente a la pantalla para subastar a los anunciantes.\u201d<\/span><span data-ccp-props=\"{&quot;335559731&quot;:708}\">\u00a0<\/span><\/p>\n<p><span data-contrast=\"auto\">En el \u00e1mbito empresarial ha<\/span><span data-contrast=\"auto\">n<\/span><span data-contrast=\"auto\"> surgido una multitud de empresas <\/span><span data-contrast=\"auto\">con productos basados en t\u00e9cnicas de IA que buscan automatizar procesos cognitivos, como evaluaci\u00f3n de personas, sistemas de predicci\u00f3n, toma de decisiones diversas, entre otras.<\/span><span data-ccp-props=\"{&quot;335559731&quot;:708}\">\u00a0<\/span><\/p>\n<p><span data-contrast=\"auto\">Por \u00faltimo, apunt\u00f3 que la presi\u00f3n social puede obligar a encontrar nuevas estrategias en investigaci\u00f3n en IA: <\/span><span data-contrast=\"auto\">hacer que el centro de atenci\u00f3n sea el bienestar del ser humano y de su comunidad; cambiar el modelo de negocio a una econom\u00eda sostenible y <\/span><span data-contrast=\"auto\">de protecci\u00f3n al medio ambiente; d<\/span><span data-contrast=\"auto\">esarrollar las herramientas para la defensa de los usuarios humanos ante los embates de las empresas depredadores; trabajar en grupos interdisciplinarios en la atenci\u00f3n <\/span><span data-contrast=\"auto\">de los problemas de la poblaci\u00f3n, y desmitificar a la IA.<\/span><span data-ccp-props=\"{&quot;335559731&quot;:708}\">\u00a0<\/span><\/p>\n<p><span data-contrast=\"auto\">\u201c<\/span><span data-contrast=\"auto\">Hay mucho que hacer, el cerebro es mucho m\u00e1s grande de lo que nos quieren vender con las aplicaciones inteligentes, que son un peligro para el cerebro. Estamos muy lejos de esta maravilla que es el cerebro.<\/span><span data-ccp-props=\"{&quot;335559731&quot;:708}\">\u00a0<\/span><\/p>\n<p><span data-contrast=\"auto\">\u201d<\/span><span data-contrast=\"auto\">Recordemos que nuestro cerebro es un sistema<\/span> <span data-contrast=\"auto\">capaz de crear poes\u00eda, resolver problemas de mec\u00e1nica cu\u00e1ntic<\/span><span data-contrast=\"auto\">a, discutir de pol\u00edtica, contar<\/span><span data-contrast=\"auto\"> cuentos a un ni\u00f1o y disfrutar de la naturaleza.<\/span><span data-contrast=\"auto\">\u201d<\/span><span data-ccp-props=\"{&quot;335559731&quot;:708}\">\u00a0<\/span><\/p>\n","protected":false},"excerpt":{"rendered":"<p>En los \u00faltimos 10 a\u00f1os se crearon dos oligopolios: GAFAM (acr\u00f3nimo de <em>Google<\/em>, <em>Amazon<\/em>, <em>Facebook<\/em>, <em>Apple<\/em> y <\/em>Microsoft<\/em>), de empresas norteamericanas; y BATX, de empresas chinas<\/p>\n","protected":false},"author":1869,"featured_media":88226,"comment_status":"closed","ping_status":"closed","sticky":false,"template":"","format":"standard","meta":[],"categories":[61],"tags":[],"_links":{"self":[{"href":"https:\/\/www.uv.mx\/prensa\/wp-json\/wp\/v2\/posts\/88225"}],"collection":[{"href":"https:\/\/www.uv.mx\/prensa\/wp-json\/wp\/v2\/posts"}],"about":[{"href":"https:\/\/www.uv.mx\/prensa\/wp-json\/wp\/v2\/types\/post"}],"author":[{"embeddable":true,"href":"https:\/\/www.uv.mx\/prensa\/wp-json\/wp\/v2\/users\/1869"}],"replies":[{"embeddable":true,"href":"https:\/\/www.uv.mx\/prensa\/wp-json\/wp\/v2\/comments?post=88225"}],"version-history":[{"count":1,"href":"https:\/\/www.uv.mx\/prensa\/wp-json\/wp\/v2\/posts\/88225\/revisions"}],"predecessor-version":[{"id":88315,"href":"https:\/\/www.uv.mx\/prensa\/wp-json\/wp\/v2\/posts\/88225\/revisions\/88315"}],"wp:featuredmedia":[{"embeddable":true,"href":"https:\/\/www.uv.mx\/prensa\/wp-json\/wp\/v2\/media\/88226"}],"wp:attachment":[{"href":"https:\/\/www.uv.mx\/prensa\/wp-json\/wp\/v2\/media?parent=88225"}],"wp:term":[{"taxonomy":"category","embeddable":true,"href":"https:\/\/www.uv.mx\/prensa\/wp-json\/wp\/v2\/categories?post=88225"},{"taxonomy":"post_tag","embeddable":true,"href":"https:\/\/www.uv.mx\/prensa\/wp-json\/wp\/v2\/tags?post=88225"}],"curies":[{"name":"wp","href":"https:\/\/api.w.org\/{rel}","templated":true}]}}