{"id":88473,"date":"2020-10-09T08:00:34","date_gmt":"2020-10-09T13:00:34","guid":{"rendered":"https:\/\/www.uv.mx\/prensa\/?p=88473"},"modified":"2020-10-09T13:19:51","modified_gmt":"2020-10-09T18:19:51","slug":"covid-19-evidencio-necesidad-de-cambios-en-la-formacion-de-arquitectos","status":"publish","type":"post","link":"https:\/\/www.uv.mx\/prensa\/regiones\/orizaba\/covid-19-evidencio-necesidad-de-cambios-en-la-formacion-de-arquitectos\/","title":{"rendered":"Covid-19 evidenci\u00f3 necesidad de cambios en la formaci\u00f3n de arquitectos"},"content":{"rendered":"<ul>\n<li data-leveltext=\"\uf0b7\" data-font=\"Symbol\" data-listid=\"5\" data-aria-posinset=\"1\" data-aria-level=\"1\"><i><span data-contrast=\"none\">La virtualidad impuesta por esta pandemia<\/span><\/i><i><span data-contrast=\"none\">\u00a0<\/span><\/i><i><span data-contrast=\"none\">permiti\u00f3\u00a0<\/span><\/i><i><span data-contrast=\"none\">a docentes y estudiantes\u00a0<\/span><\/i><i><span data-contrast=\"none\">conocer el trabajo que sus pares realizan en otras partes del mundo<\/span><\/i><span data-ccp-props=\"{}\">\u00a0<\/span><\/li>\n<\/ul>\n<p><span data-ccp-props=\"{}\">\u00a0<\/span><\/p>\n<div id=\"attachment_88474\" style=\"width: 732px\" class=\"wp-caption aligncenter\"><a href=\"https:\/\/www.uv.mx\/prensa\/files\/2020\/10\/071020-CARLOS-Territorio-Cultural-1-100k.jpg\"><img aria-describedby=\"caption-attachment-88474\" decoding=\"async\" loading=\"lazy\" class=\"size-full wp-image-88474\" src=\"https:\/\/www.uv.mx\/prensa\/files\/2020\/10\/071020-CARLOS-Territorio-Cultural-1-100k.jpg\" alt=\"Alfonso Rodr\u00edguez Pulido \" width=\"722\" height=\"406\" srcset=\"https:\/\/www.uv.mx\/prensa\/files\/2020\/10\/071020-CARLOS-Territorio-Cultural-1-100k.jpg 722w, https:\/\/www.uv.mx\/prensa\/files\/2020\/10\/071020-CARLOS-Territorio-Cultural-1-100k-300x169.jpg 300w\" sizes=\"(max-width: 722px) 100vw, 722px\" \/><\/a><p id=\"caption-attachment-88474\" class=\"wp-caption-text\">Alfonso Rodr\u00edguez Pulido<\/p><\/div>\n<p>&nbsp;<\/p>\n<p><b><i><span data-contrast=\"none\">Carlos Hugo Hermida Rosales<\/span><\/i><\/b><span data-ccp-props=\"{}\">\u00a0<\/span><\/p>\n<p><b><i><span data-contrast=\"none\">0<\/span><\/i><\/b><b><i><span data-contrast=\"none\">9<\/span><\/i><\/b><b><i><span data-contrast=\"none\">\/10\/<\/span><\/i><\/b><b><i><span data-contrast=\"none\">2020<\/span><\/i><\/b><b><i><span data-contrast=\"none\">,<\/span><\/i><\/b><b><i><span data-contrast=\"none\">\u00a0<\/span><\/i><\/b><b><i><span data-contrast=\"none\">Orizaba<\/span><\/i><\/b><b><i><span data-contrast=\"none\">,\u00a0<\/span><\/i><\/b><b><i><span data-contrast=\"none\">Ver.<\/span><\/i><\/b><b><i><span data-contrast=\"none\">&#8211;<\/span><\/i><\/b><b><i><span data-contrast=\"none\">\u00a0<\/span><\/i><\/b><span data-contrast=\"none\">Alfonso Rodr\u00edguez Pulido, acad\u00e9mico de la <a href=\"https:\/\/www.uv.mx\/arquitectura\/\" target=\"_blank\" rel=\"noopener noreferrer\">Facultad de Arquitectura<\/a> de la Universidad Veracruzana (UV),\u00a0<\/span><span data-contrast=\"none\">declar\u00f3 que la virtualidad ha dado la oportunidad<\/span><span data-contrast=\"none\">\u00a0a maestros\u00a0<\/span><span data-contrast=\"none\">y<\/span><span data-contrast=\"none\">\u00a0a estudiantes de esta disciplina de conocer los trabajos que sus pares realizan en otras partes del mundo,\u00a0<\/span><span data-contrast=\"none\">en funci\u00f3n de modificar la est\u00e9tica que respond\u00ed<\/span><span data-contrast=\"none\">a a u<\/span><span data-contrast=\"none\">na constante en la educaci\u00f3n<\/span><span data-contrast=\"none\">\u00a0que hoy<\/span><span data-contrast=\"none\">\u00a0s\u00ed<\/span><span data-contrast=\"none\">\u00a0<\/span><span data-contrast=\"none\">se puede<\/span><span data-contrast=\"none\">\u00a0<\/span><span data-contrast=\"none\">trastocar<\/span><span data-contrast=\"none\">.<\/span><span data-ccp-props=\"{}\">\u00a0<\/span><\/p>\n<p><span data-contrast=\"none\">El Covid-19 ha costado mucho,<\/span><span data-contrast=\"none\">\u00a0y<\/span><span data-contrast=\"none\">\u00a0por ello los\u00a0<\/span><span data-contrast=\"none\">aprendices de arquitecto deben\u00a0<\/span><span data-contrast=\"none\">aprovechar las oportunidades que surgieron con el confinamiento y capitalizarlas, mencion\u00f3.<\/span><span data-ccp-props=\"{&quot;335559731&quot;:708}\">\u00a0<\/span><\/p>\n<p><span data-contrast=\"none\">El docente imparti\u00f3 el 7 de\u00a0<\/span><span data-contrast=\"none\">octubre la conferencia virtual \u201c<\/span><span data-contrast=\"none\">Territorio\u00a0<\/span><span data-contrast=\"none\">cultural\/c<\/span><span data-contrast=\"none\">ultura\u00a0<\/span><span data-contrast=\"none\">t<\/span><span data-contrast=\"none\">erritorial<\/span><span data-contrast=\"none\">\u201d<\/span><span data-contrast=\"none\">, en el marco de los festejos por el 40 aniversario de la fundaci\u00f3n de la Facultad de Arquitectura de la regi\u00f3n Orizaba-C\u00f3rdoba.\u00a0<\/span><span data-ccp-props=\"{&quot;335559731&quot;:708}\">\u00a0<\/span><\/p>\n<p><span data-contrast=\"none\">Alfonso Rodr\u00edguez afirm\u00f3 que<\/span><span data-contrast=\"none\">,<\/span><span data-contrast=\"none\">\u00a0tanto en el \u00e1mbito profesional como en el acad\u00e9mico<\/span><span data-contrast=\"none\">,<\/span><span data-contrast=\"none\">\u00a0la\u00a0<\/span><span data-contrast=\"none\">a<\/span><span data-contrast=\"none\">rquitectura se concibe para ser vista antes que para ser habitada.\u00a0<\/span><\/p>\n<div id=\"attachment_88475\" style=\"width: 732px\" class=\"wp-caption aligncenter\"><a href=\"https:\/\/www.uv.mx\/prensa\/files\/2020\/10\/071020-CARLOS-Territorio-Cultural-2-100k.jpg\"><img aria-describedby=\"caption-attachment-88475\" decoding=\"async\" loading=\"lazy\" class=\"size-full wp-image-88475\" src=\"https:\/\/www.uv.mx\/prensa\/files\/2020\/10\/071020-CARLOS-Territorio-Cultural-2-100k.jpg\" alt=\"Jos\u00e9 Eduardo Mart\u00ednez Canales, vicerrector de la regi\u00f3n Orizaba-C\u00f3rdoba, fue el presentador del ponente \" width=\"722\" height=\"406\" srcset=\"https:\/\/www.uv.mx\/prensa\/files\/2020\/10\/071020-CARLOS-Territorio-Cultural-2-100k.jpg 722w, https:\/\/www.uv.mx\/prensa\/files\/2020\/10\/071020-CARLOS-Territorio-Cultural-2-100k-300x169.jpg 300w\" sizes=\"(max-width: 722px) 100vw, 722px\" \/><\/a><p id=\"caption-attachment-88475\" class=\"wp-caption-text\">Jos\u00e9 Eduardo Mart\u00ednez Canales, vicerrector de la regi\u00f3n Orizaba-C\u00f3rdoba, fue el presentador del ponente<\/p><\/div>\n<p><span data-contrast=\"none\">\u201cMuchas veces los arquitectos dise\u00f1amos proyectos que ser\u00e1n vistos y evaluados por personas instruidas para observarlos de determinada forma\u201d,\u00a0<\/span><span data-contrast=\"none\">puntualiz\u00f3.\u00a0<\/span><span data-ccp-props=\"{&quot;335559731&quot;:708}\">\u00a0<\/span><\/p>\n<p><span data-contrast=\"none\">Mencion\u00f3 que quien<\/span><span data-contrast=\"none\">es habitan estos proyectos los aprecian de una forma distinta, y que esta valoraci\u00f3n se manifiesta por otras v\u00edas que rebasa<\/span><span data-contrast=\"none\">n<\/span><span data-contrast=\"none\">\u00a0la mirada de los profesionales.<\/span><span data-ccp-props=\"{&quot;335559731&quot;:708}\">\u00a0<\/span><\/p>\n<p><span data-contrast=\"none\">El docente\u00a0<\/span><span data-contrast=\"none\">coment\u00f3 que el ser humano funciona dentro de la\u00a0<\/span><span data-contrast=\"none\">a<\/span><span data-contrast=\"none\">rquitectura, y que esta disciplina debe lograr que la persona que est\u00e1 en ella se desenvuelva de la mejor manera.<\/span><span data-ccp-props=\"{&quot;335559731&quot;:708}\">\u00a0<\/span><\/p>\n<p><span data-contrast=\"none\">L<\/span><span data-contrast=\"none\">a pandemia de Covid-19 evidenci\u00f3 que muchas casas en \u00e1reas urbanas no cuentan\u00a0<\/span><span data-contrast=\"none\">con\u00a0<\/span><span data-contrast=\"none\">infraestructura b\u00e1sica, como espacios para tomar el sol o incluso un \u00e1rea verde cercana.<\/span><span data-ccp-props=\"{&quot;335559731&quot;:708}\">\u00a0<\/span><\/p>\n<p><span data-contrast=\"none\">\u201c<\/span><span data-contrast=\"none\">La arquitectura son los ladrillos de la ciudad,\u00a0<\/span><span data-contrast=\"none\">y si los estudiantes y profesionistas de esta disciplina lo entienden, su trabajo tendr\u00e1 un impacto muy positivo en ella y<\/span><span data-contrast=\"none\">,<\/span><span data-contrast=\"none\">\u00a0por consiguiente<\/span><span data-contrast=\"none\">,<\/span><span data-contrast=\"none\">\u00a0en sus habitantes\u201d, manifest\u00f3.<\/span><span data-ccp-props=\"{&quot;335559731&quot;:708}\">\u00a0<\/span><\/p>\n","protected":false},"excerpt":{"rendered":"<p>La pandemia hizo notar que muchas casas en \u00e1reas urbanas no cuentan con infraestructura b\u00e1sica, como espacios para tomar el sol o incluso un \u00e1rea verde cercana<\/p>\n","protected":false},"author":1775,"featured_media":88474,"comment_status":"closed","ping_status":"closed","sticky":false,"template":"","format":"standard","meta":[],"categories":[53],"tags":[],"_links":{"self":[{"href":"https:\/\/www.uv.mx\/prensa\/wp-json\/wp\/v2\/posts\/88473"}],"collection":[{"href":"https:\/\/www.uv.mx\/prensa\/wp-json\/wp\/v2\/posts"}],"about":[{"href":"https:\/\/www.uv.mx\/prensa\/wp-json\/wp\/v2\/types\/post"}],"author":[{"embeddable":true,"href":"https:\/\/www.uv.mx\/prensa\/wp-json\/wp\/v2\/users\/1775"}],"replies":[{"embeddable":true,"href":"https:\/\/www.uv.mx\/prensa\/wp-json\/wp\/v2\/comments?post=88473"}],"version-history":[{"count":1,"href":"https:\/\/www.uv.mx\/prensa\/wp-json\/wp\/v2\/posts\/88473\/revisions"}],"predecessor-version":[{"id":88478,"href":"https:\/\/www.uv.mx\/prensa\/wp-json\/wp\/v2\/posts\/88473\/revisions\/88478"}],"wp:featuredmedia":[{"embeddable":true,"href":"https:\/\/www.uv.mx\/prensa\/wp-json\/wp\/v2\/media\/88474"}],"wp:attachment":[{"href":"https:\/\/www.uv.mx\/prensa\/wp-json\/wp\/v2\/media?parent=88473"}],"wp:term":[{"taxonomy":"category","embeddable":true,"href":"https:\/\/www.uv.mx\/prensa\/wp-json\/wp\/v2\/categories?post=88473"},{"taxonomy":"post_tag","embeddable":true,"href":"https:\/\/www.uv.mx\/prensa\/wp-json\/wp\/v2\/tags?post=88473"}],"curies":[{"name":"wp","href":"https:\/\/api.w.org\/{rel}","templated":true}]}}