{"id":88667,"date":"2020-10-15T17:29:49","date_gmt":"2020-10-15T22:29:49","guid":{"rendered":"https:\/\/www.uv.mx\/prensa\/?p=88667"},"modified":"2020-10-19T10:11:06","modified_gmt":"2020-10-19T15:11:06","slug":"uv-inauguro-2o-coloquio-internacional-de-artes","status":"publish","type":"post","link":"https:\/\/www.uv.mx\/prensa\/regiones\/veracruz\/uv-inauguro-2o-coloquio-internacional-de-artes\/","title":{"rendered":"UV inaugur\u00f3 2o. Coloquio Internacional de Artes"},"content":{"rendered":"<ul>\n<li style=\"text-align: left\" data-leveltext=\"\uf0b7\" data-font=\"Symbol\" data-listid=\"2\" data-aria-posinset=\"1\" data-aria-level=\"1\"><i><span data-contrast=\"none\">Con el tema <\/span><\/i><i><span data-contrast=\"none\">\u201c<\/span><\/i><i><span data-contrast=\"none\">Perspectivas\u00a0<\/span><\/i><i><span data-contrast=\"none\">contempor\u00e1neas<\/span><\/i><i><span data-contrast=\"none\">\u00a0de la funci<\/span><\/i><i><span data-contrast=\"none\">\u00f3<\/span><\/i><i><span data-contrast=\"none\">n social del arte<\/span><\/i><i><span data-contrast=\"none\">\u201d<\/span><\/i><i><span data-contrast=\"none\">, se lleva<\/span><\/i><i><span data-contrast=\"none\">\u00a0<\/span><\/i><i><span data-contrast=\"none\">a cabo del 14 al 16 de octubre<\/span><\/i><span data-ccp-props=\"{}\">\u00a0<\/span><\/li>\n<li data-leveltext=\"\uf0b7\" data-font=\"Symbol\" data-listid=\"2\" data-aria-posinset=\"2\" data-aria-level=\"1\"><i><span data-contrast=\"none\">El encuentro es organizado por\u00a0<\/span><\/i><i><span data-contrast=\"none\">las licenciaturas en Ense<\/span><\/i><i><span data-contrast=\"none\">\u00f1<\/span><\/i><i><span data-contrast=\"none\">anza de las Artes y\u00a0<\/span><\/i><i><span data-contrast=\"none\">Fotograf<\/span><\/i><i><span data-contrast=\"none\">\u00ed<\/span><\/i><i><span data-contrast=\"none\">a<\/span><\/i><span data-ccp-props=\"{}\">\u00a0<\/span><\/li>\n<li data-leveltext=\"\uf0b7\" data-font=\"Symbol\" data-listid=\"2\" data-aria-posinset=\"3\" data-aria-level=\"1\"><i><span data-contrast=\"none\">Participan ponentes de Cuba, Espa<\/span><\/i><i><span data-contrast=\"none\">\u00f1<\/span><\/i><i><span data-contrast=\"none\">a, Francia, Per<\/span><\/i><i><span data-contrast=\"none\">\u00fa<\/span><\/i><i><span data-contrast=\"none\">, Argentina y Colombia<\/span><\/i><span data-ccp-props=\"{}\">\u00a0<\/span><\/li>\n<\/ul>\n<p><span data-ccp-props=\"{}\">\u00a0<\/span><\/p>\n<div id=\"attachment_88683\" style=\"width: 732px\" class=\"wp-caption aligncenter\"><a href=\"https:\/\/www.uv.mx\/prensa\/files\/2020\/10\/151020-Coloquio-Artes-veracruz-1-100k.jpg\"><img aria-describedby=\"caption-attachment-88683\" decoding=\"async\" loading=\"lazy\" class=\"size-full wp-image-88683\" src=\"https:\/\/www.uv.mx\/prensa\/files\/2020\/10\/151020-Coloquio-Artes-veracruz-1-100k.jpg\" alt=\"Miguel Flores Covarrubias, director general del \u00c1rea Acad\u00e9mica de Artes \" width=\"722\" height=\"451\" srcset=\"https:\/\/www.uv.mx\/prensa\/files\/2020\/10\/151020-Coloquio-Artes-veracruz-1-100k.jpg 722w, https:\/\/www.uv.mx\/prensa\/files\/2020\/10\/151020-Coloquio-Artes-veracruz-1-100k-300x187.jpg 300w, https:\/\/www.uv.mx\/prensa\/files\/2020\/10\/151020-Coloquio-Artes-veracruz-1-100k-200x125.jpg 200w\" sizes=\"(max-width: 722px) 100vw, 722px\" \/><\/a><p id=\"caption-attachment-88683\" class=\"wp-caption-text\">Miguel Flores Covarrubias, director general del \u00c1rea Acad\u00e9mica de Artes<\/p><\/div>\n<p>&nbsp;<\/p>\n<p><b><i><span data-contrast=\"none\">15\/10\/2020,\u00a0<\/span><\/i><\/b><b><i><span data-contrast=\"none\">Veracruz<\/span><\/i><\/b><b><i><span data-contrast=\"none\">, Ver.-\u00a0<\/span><\/i><\/b><span data-contrast=\"none\">La <a href=\"https:\/\/www.uv.mx\/veracruz\/\" target=\"_blank\" rel=\"noopener noreferrer\">Universidad Veracruzana<\/a> (UV)<\/span><span data-contrast=\"none\">,<\/span><span data-contrast=\"none\">\u00a0a trav<\/span><span data-contrast=\"none\">\u00e9<\/span><span data-contrast=\"none\">s de las licenciaturas en\u00a0<\/span><span data-contrast=\"none\">Ense<\/span><span data-contrast=\"none\">\u00f1<\/span><span data-contrast=\"none\">anza de las Artes y Fotograf<\/span><span data-contrast=\"none\">\u00ed<\/span><span data-contrast=\"none\">a<\/span><span data-contrast=\"none\">,<\/span><span data-contrast=\"none\">\u00a0<\/span><span data-contrast=\"none\">realiza<\/span><span data-contrast=\"none\">\u00a0<\/span><span data-contrast=\"none\">\u2013<\/span><span data-contrast=\"none\">del 14 al 16 de octubre\u2013<\/span><span data-contrast=\"none\">\u00a0<\/span><span data-contrast=\"none\">el<\/span><span data-contrast=\"none\">\u00a0<\/span><span data-contrast=\"none\">2o<\/span><span data-contrast=\"none\">\u00a0Coloquio Internacional\u00a0<\/span><span data-contrast=\"none\">de\u00a0<\/span><span data-contrast=\"none\">Artes<\/span><span data-contrast=\"none\">,\u00a0<\/span><span data-contrast=\"none\">bajo la<\/span><span data-contrast=\"none\">\u00a0tem<\/span><span data-contrast=\"none\">\u00e1<\/span><span data-contrast=\"none\">tica\u00a0<\/span><span data-contrast=\"none\">\u201c<\/span><span data-contrast=\"none\">Perspectivas<\/span><span data-contrast=\"none\">\u00a0<\/span><span data-contrast=\"none\">contempor\u00e1neas<\/span><i><span data-contrast=\"none\">\u00a0<\/span><\/i><span data-contrast=\"none\">de la funci<\/span><span data-contrast=\"none\">\u00f3<\/span><span data-contrast=\"none\">n social del arte<\/span><span data-contrast=\"none\">\u201d<\/span><span data-contrast=\"none\">.<\/span><span data-ccp-props=\"{}\">\u00a0<\/span><\/p>\n<p><span data-contrast=\"none\">La inauguraci<\/span><span data-contrast=\"none\">\u00f3<\/span><span data-contrast=\"none\">n<\/span><span data-contrast=\"none\">\u00a0fue presidida por\u00a0<\/span><span data-contrast=\"none\">el vicerrector\u00a0<\/span><span data-contrast=\"none\">Alfonso Gerardo P<\/span><span data-contrast=\"none\">\u00e9<\/span><span data-contrast=\"none\">rez Morales,\u00a0<\/span><span data-contrast=\"none\">acompa<\/span><span data-contrast=\"none\">\u00f1<\/span><span data-contrast=\"none\">ado por\u00a0<\/span><span data-contrast=\"none\">Miguel Flores\u00a0Covarrubias<\/span><span data-contrast=\"none\">,<\/span><span data-contrast=\"none\">\u00a0<\/span><span data-contrast=\"none\">director genera<\/span><span data-contrast=\"none\">l del\u00a0<\/span><span data-contrast=\"none\">\u00c1<\/span><span data-contrast=\"none\">rea\u00a0<\/span><span data-contrast=\"none\">Acad\u00e9mica<\/span><span data-contrast=\"none\">\u00a0de Artes<\/span><span data-contrast=\"none\">;\u00a0<\/span><span data-contrast=\"none\">Ulises Gonzalo Aguirre Orozco,\u00a0<\/span><span data-contrast=\"none\">s<\/span><span data-contrast=\"none\">ecretario\u00a0<\/span><span data-contrast=\"none\">Acad\u00e9mico<\/span><span data-contrast=\"none\">\u00a0<\/span><span data-contrast=\"none\">Regional<\/span><span data-contrast=\"none\">;\u00a0<\/span><span data-contrast=\"none\">Ma. Isabel Jim\u00e9nez Loya y Julia Mena\u00a0<\/span><span data-contrast=\"none\">Riezco<\/span><span data-contrast=\"none\">,<\/span><span data-contrast=\"none\">\u00a0<\/span><span data-contrast=\"none\">coordinadoras de las licenciaturas en\u00a0<\/span><span data-contrast=\"none\">Ense<\/span><span data-contrast=\"none\">\u00f1<\/span><span data-contrast=\"none\">anza de las Artes y Fotograf<\/span><span data-contrast=\"none\">\u00ed<\/span><span data-contrast=\"none\">a<\/span><span data-contrast=\"none\">,\u00a0<\/span><span data-contrast=\"none\">respectivamente.<\/span><span data-ccp-props=\"{&quot;335559731&quot;:720}\">\u00a0<\/span><\/p>\n<p><span data-contrast=\"none\">En su mensaje,\u00a0<\/span><span data-contrast=\"none\">Flores\u00a0Covarrubias<\/span><span data-contrast=\"none\">\u00a0se<\/span><span data-contrast=\"none\">\u00f1<\/span><span data-contrast=\"none\">al<\/span><span data-contrast=\"none\">\u00f3\u00a0<\/span><span data-contrast=\"none\">que\u00a0<\/span><span data-contrast=\"none\">llevar a cabo este tipo de actividades redunda en el benefic<\/span><span data-contrast=\"none\">io\u00a0<\/span><span data-contrast=\"none\">de<\/span><span data-contrast=\"none\">\u00a0los alumnos como\u00a0<\/span><span data-contrast=\"none\">en<\/span><span data-contrast=\"none\">\u00a0el perfil de los acad<\/span><span data-contrast=\"none\">\u00e9<\/span><span data-contrast=\"none\">micos, a<\/span><span data-contrast=\"none\">dem<\/span><span data-contrast=\"none\">\u00e1<\/span><span data-contrast=\"none\">s de consolidar el quehacer reflexivo\u00a0<\/span><span data-contrast=\"none\">de estos \u00faltimos<\/span><span data-contrast=\"none\">.<\/span><span data-ccp-props=\"{&quot;335559731&quot;:720}\">\u00a0<\/span><\/p>\n<p><span data-contrast=\"none\">\u201c<\/span><span data-contrast=\"none\">Estos coloquios<\/span><span data-contrast=\"none\">\u00a0<\/span><span data-contrast=\"none\">fortalecen ese nivel reflexi<\/span><span data-contrast=\"none\">\u00f3<\/span><span data-contrast=\"none\">n;<\/span><span data-contrast=\"none\">\u00a0<\/span><span data-contrast=\"none\">e<\/span><span data-contrast=\"none\">s decir, en Veracruz ya no nada m<\/span><span data-contrast=\"none\">\u00e1<\/span><span data-contrast=\"none\">s se hace cultura sino\u00a0<\/span><span data-contrast=\"none\">que\u00a0<\/span><span data-contrast=\"none\">se reflexiona sobre\u00a0<\/span><span data-contrast=\"none\">el<\/span><span data-contrast=\"none\">la\u00a0<\/span><span data-contrast=\"none\">y tambi<\/span><span data-contrast=\"none\">\u00e9<\/span><span data-contrast=\"none\">n se invita a colegas<\/span><span data-contrast=\"none\">\u00a0<\/span><span data-contrast=\"none\">de otras instancias a que\u00a0<\/span><span data-contrast=\"none\">nos ayuden a ver y pensar sobre el quehacer art<\/span><span data-contrast=\"none\">\u00ed<\/span><span data-contrast=\"none\">stico y su vinculaci<\/span><span data-contrast=\"none\">\u00f3<\/span><span data-contrast=\"none\">n con lo social<\/span><span data-contrast=\"none\">.<\/span><span data-contrast=\"none\">\u201d<\/span><span data-ccp-props=\"{&quot;335559731&quot;:720}\">\u00a0<\/span><\/p>\n<p><span data-contrast=\"none\">En tanto<\/span><span data-contrast=\"none\">,\u00a0<\/span><span data-contrast=\"none\">el Vicerrector\u00a0<\/span><span data-contrast=\"none\">resalt<\/span><span data-contrast=\"none\">\u00f3\u00a0<\/span><span data-contrast=\"none\">los beneficios tecnol<\/span><span data-contrast=\"none\">\u00f3<\/span><span data-contrast=\"none\">gicos para llevar el encuentro internacional a personas de diferente<\/span><span data-contrast=\"none\">s pa<\/span><span data-contrast=\"none\">\u00ed<\/span><span data-contrast=\"none\">ses:\u00a0<\/span><span data-contrast=\"none\">\u201c<\/span><span data-contrast=\"none\">A trav<\/span><span data-contrast=\"none\">\u00e9<\/span><span data-contrast=\"none\">s de la tecnolog<\/span><span data-contrast=\"none\">\u00ed<\/span><span data-contrast=\"none\">a<\/span><span data-contrast=\"none\">\u00a0hemos podido acercarnos y hermanarnos m<\/span><span data-contrast=\"none\">\u00e1<\/span><span data-contrast=\"none\">s.\u00a0<\/span><span data-contrast=\"none\">E<\/span><span data-contrast=\"none\">sto\u00a0<\/span><span data-contrast=\"none\">de la pandemia<\/span><span data-contrast=\"none\">\u00a0<\/span><span data-contrast=\"none\">era algo que no esper<\/span><span data-contrast=\"none\">\u00e1<\/span><span data-contrast=\"none\">bamos<\/span><span data-contrast=\"none\">, pero\u00a0<\/span><span data-contrast=\"none\">al final de cuentas nos ha permitido tener contacto\u00a0<\/span><span data-contrast=\"none\">con personas de Francia,\u00a0<\/span><span data-contrast=\"none\">Espa<\/span><span data-contrast=\"none\">\u00f1<\/span><span data-contrast=\"none\">a, Argentina o Cu<\/span><span data-contrast=\"none\">ba<\/span><span data-contrast=\"none\">\u201d<\/span><span data-contrast=\"none\">.<\/span><span data-ccp-props=\"{&quot;335559731&quot;:720}\">\u00a0<\/span><\/p>\n<p><span data-contrast=\"none\">Reconoci<\/span><span data-contrast=\"none\">\u00f3\u00a0<\/span><span data-contrast=\"none\">el esfuerzo del\u00a0<\/span><span data-contrast=\"none\">\u00c1<\/span><span data-contrast=\"none\">rea\u00a0<\/span><span data-contrast=\"none\">Acad\u00e9mica\u00a0<\/span><span data-contrast=\"none\">de Artes\u00a0<\/span><span data-contrast=\"none\">por reali<\/span><span data-contrast=\"none\">zar este evento internacional\u00a0<\/span><span data-contrast=\"none\">con ponentes de gran calidad.\u00a0<\/span><span data-contrast=\"none\">\u201c<\/span><span data-contrast=\"none\">Es el segundo, pero estoy seguro que\u00a0<\/span><span data-contrast=\"none\">vendr\u00e1n\u00a0<\/span><span data-contrast=\"none\">muchos m<\/span><span data-contrast=\"none\">\u00e1<\/span><span data-contrast=\"none\">s<\/span><span data-contrast=\"none\">\u201d<\/span><span data-contrast=\"none\">.<\/span><\/p>\n<div id=\"attachment_88684\" style=\"width: 732px\" class=\"wp-caption aligncenter\"><a href=\"https:\/\/www.uv.mx\/prensa\/files\/2020\/10\/151020-Coloquio-Artes-veracruz-2-100k.jpg\"><img aria-describedby=\"caption-attachment-88684\" decoding=\"async\" loading=\"lazy\" class=\"size-full wp-image-88684\" src=\"https:\/\/www.uv.mx\/prensa\/files\/2020\/10\/151020-Coloquio-Artes-veracruz-2-100k.jpg\" alt=\"Alfonso Gerardo P\u00e9rez Morales, vicerrector de la regi\u00f3n Veracruz \" width=\"722\" height=\"477\" srcset=\"https:\/\/www.uv.mx\/prensa\/files\/2020\/10\/151020-Coloquio-Artes-veracruz-2-100k.jpg 722w, https:\/\/www.uv.mx\/prensa\/files\/2020\/10\/151020-Coloquio-Artes-veracruz-2-100k-300x198.jpg 300w\" sizes=\"(max-width: 722px) 100vw, 722px\" \/><\/a><p id=\"caption-attachment-88684\" class=\"wp-caption-text\">Alfonso Gerardo P\u00e9rez Morales, vicerrector de la regi\u00f3n Veracruz<\/p><\/div>\n<p><span data-contrast=\"none\">El objetivo del encuentro es promover e<\/span><span data-contrast=\"none\">l dia<\/span><span data-contrast=\"none\">\u0301<\/span><span data-contrast=\"none\">logo y\u00a0<\/span><span data-contrast=\"none\">diserta<\/span><span data-contrast=\"none\">r acerca de las diferentes teor\u00edas\u00a0<\/span><span data-contrast=\"none\">y acciones creativas que se\u00a0<\/span><span data-contrast=\"none\">realizan<\/span><span data-contrast=\"none\">\u00a0en el campo de las artes, buscando integrar nuevas perspectivas capaces de\u00a0<\/span><span data-contrast=\"none\">problematizar la\u00a0<\/span><span data-contrast=\"none\">revisi\u00f3<\/span><span data-contrast=\"none\">n<\/span><span data-contrast=\"none\">\u00a0<\/span><span data-contrast=\"none\">contempora<\/span><span data-contrast=\"none\">\u0301<\/span><span data-contrast=\"none\">nea y\u00a0<\/span><span data-contrast=\"none\">cr\u00ed<\/span><span data-contrast=\"none\">t<\/span><span data-contrast=\"none\">ica<\/span><span data-contrast=\"none\">\u00a0de la\u00a0<\/span><span data-contrast=\"none\">funci\u00f3<\/span><span data-contrast=\"none\">n<\/span><span data-contrast=\"none\">\u00a0social del arte.<\/span><span data-ccp-props=\"{&quot;335559731&quot;:720}\">\u00a0<\/span><\/p>\n<p><span data-contrast=\"none\">En\u00a0<\/span><span data-contrast=\"none\">esta segunda edici<\/span><span data-contrast=\"none\">\u00f3<\/span><span data-contrast=\"none\">n, el evento acad<\/span><span data-contrast=\"none\">\u00e9<\/span><span data-contrast=\"none\">mico ofrece un nutrido programa de conferencias magistrales y conversatorios relacionados<\/span><span data-contrast=\"none\">\u00a0con<\/span><span data-contrast=\"none\">\u00a0<\/span><span data-contrast=\"none\">l\u00ed<\/span><span data-contrast=\"none\">n<\/span><span data-contrast=\"none\">eas<\/span><span data-contrast=\"none\">\u00a0de\u00a0<\/span><span data-contrast=\"none\">investigaci\u00f3<\/span><span data-contrast=\"none\">n<\/span><span data-contrast=\"none\">\u00a0y procesos\u00a0<\/span><span data-contrast=\"none\">art\u00ed<\/span><span data-contrast=\"none\">s<\/span><span data-contrast=\"none\">ticos<\/span><span data-contrast=\"none\">\u00a0de investigaciones e investigaciones<\/span><span data-contrast=\"none\">&#8211;<\/span><span data-contrast=\"none\">creaciones, para crear un espacio de\u00a0<\/span><span data-contrast=\"none\">actualizaci\u00f3<\/span><span data-contrast=\"none\">n<\/span><span data-contrast=\"none\">\u00a0y\u00a0<\/span><span data-contrast=\"none\">profundizaci\u00f3<\/span><span data-contrast=\"none\">n<\/span><span data-contrast=\"none\">.<\/span><span data-ccp-props=\"{&quot;335559731&quot;:720}\">\u00a0<\/span><\/p>\n<p><span data-contrast=\"none\">Participan ponentes de teatro, m<\/span><span data-contrast=\"none\">\u00fa<\/span><span data-contrast=\"none\">sica, danza y artes visuales, ejecutantes e investigadores provenientes de Cuba, Espa<\/span><span data-contrast=\"none\">\u00f1<\/span><span data-contrast=\"none\">a, Francia, Per<\/span><span data-contrast=\"none\">\u00fa<\/span><span data-contrast=\"none\">, Argentina y Colombia<\/span><span data-contrast=\"none\">,<\/span><span data-contrast=\"none\">\u00a0que han tomado el arte como su objeto de estudio o lo han relacio<\/span><span data-contrast=\"none\">nado a sus trabajos\u00a0<\/span><span data-contrast=\"none\">pedag\u00f3gicos<\/span><span data-contrast=\"none\">.<\/span><span data-ccp-props=\"{&quot;335559731&quot;:720}\">\u00a0<\/span><\/p>\n<p><span data-contrast=\"none\">Las actividades iniciaron\u00a0<\/span><span data-contrast=\"none\">ayer<\/span><span data-contrast=\"none\">\u00a0<\/span><span data-contrast=\"none\">mi<\/span><span data-contrast=\"none\">\u00e9<\/span><span data-contrast=\"none\">rcoles con la conferencia magistral\u00a0<\/span><span data-contrast=\"none\">\u201c<\/span><span data-contrast=\"none\">Arte y s<\/span><span data-contrast=\"none\">alud, ejemplo de\u00a0<\/span><span data-contrast=\"none\">arteterapia<\/span><span data-contrast=\"none\">\u201d\u00a0<\/span><span data-contrast=\"none\">impartida por\u00a0<\/span><span data-contrast=\"none\">Claire Seguin<\/span><span data-contrast=\"none\">\u00a0de la Universidad<\/span><span data-contrast=\"none\">\u00a0Complutense de Madrid; p<\/span><span data-contrast=\"none\">osteriormente<\/span><span data-contrast=\"none\">\u00a0se\u00a0<\/span><span data-contrast=\"none\">present<\/span><span data-contrast=\"none\">\u00f3\u00a0<\/span><span data-contrast=\"none\">el conversatorio<\/span><span data-contrast=\"none\">\u00a0<\/span><span data-contrast=\"none\">\u201c<\/span><span data-contrast=\"none\">Mediaci<\/span><span data-contrast=\"none\">\u00f3<\/span><span data-contrast=\"none\">n\u00a0<\/span><span data-contrast=\"none\">a<\/span><span data-contrast=\"none\">rt<\/span><span data-contrast=\"none\">\u00ed<\/span><span data-contrast=\"none\">stica<\/span><span data-contrast=\"none\">\u201d<\/span><span data-contrast=\"none\">, con la participaci<\/span><span data-contrast=\"none\">\u00f3<\/span><span data-contrast=\"none\">n de<\/span><span data-contrast=\"none\">\u00a0<\/span><span data-contrast=\"none\">Mario Constantino\u00a0<\/span><span data-contrast=\"none\">Toto<\/span><span data-contrast=\"none\">, del Instituto Veracruzano de la Cultura y docente investiga<\/span><span data-contrast=\"none\">do<\/span><span data-contrast=\"none\">r de la UV; Gerardo Covarrubias Valderrama<\/span><span data-contrast=\"none\">,<\/span><span data-contrast=\"none\">\u00a0del\u00a0<\/span><span data-contrast=\"none\">D<\/span><span data-contrast=\"none\">epartamento de Investigaci<\/span><span data-contrast=\"none\">\u00f3<\/span><span data-contrast=\"none\">n y Posgrado de la Universidad I<\/span><span data-contrast=\"none\">beroamericana Le<\/span><span data-contrast=\"none\">\u00f3<\/span><span data-contrast=\"none\">n;\u00a0<\/span><span data-contrast=\"none\">Aliosky<\/span><span data-contrast=\"none\">\u00a0Garc<\/span><span data-contrast=\"none\">\u00ed<\/span><span data-contrast=\"none\">a Sosa<\/span><span data-contrast=\"none\">,<\/span><span data-contrast=\"none\">\u00a0<\/span><span data-contrast=\"none\">de la Universidad de Puerto Rico<\/span><span data-contrast=\"none\">,<\/span><span data-contrast=\"none\">\u00a0y Sandra Real Quintanar<\/span><span data-contrast=\"none\">,<\/span><span data-contrast=\"none\">\u00a0dise<\/span><span data-contrast=\"none\">\u00f1<\/span><span data-contrast=\"none\">adora multimedia, artista y mediadora interdisciplinar.<\/span><span data-ccp-props=\"{&quot;335559731&quot;:708}\">\u00a0<\/span><\/p>\n<p><span data-contrast=\"none\">El 15 de octubre la jornada inici<\/span><span data-contrast=\"none\">\u00f3<\/span><span data-contrast=\"none\">\u00a0con la ponencia magistral \u201cPedagog\u00eda del arte\u201d, a cargo de Ayda Nidia Ocampo Serna, del Departamento de Artes Pl\u00e1sticas de la Universidad de Caldas de Colombia.\u00a0<\/span><span data-ccp-props=\"{&quot;201341983&quot;:0,&quot;335559731&quot;:708,&quot;335559739&quot;:0,&quot;335559740&quot;:240}\">\u00a0<\/span><\/p>\n<p><span data-contrast=\"none\">El 15 de octubre la jornada inici<\/span><span data-contrast=\"none\">\u00f3<\/span><span data-contrast=\"none\">\u00a0con la ponencia magistral \u201cPedagog\u00eda del arte\u201d, a cargo de Ayda Nidia Ocampo Serna, del Departamento de Artes Pl\u00e1sticas de la Universidad de Caldas de Colombia.\u00a0<\/span><span data-ccp-props=\"{&quot;201341983&quot;:0,&quot;335559731&quot;:708,&quot;335559739&quot;:0,&quot;335559740&quot;:240}\">\u00a0<\/span><\/p>\n<p><span data-contrast=\"none\">Al concluir se llev<\/span><span data-contrast=\"none\">\u00f3<\/span><span data-contrast=\"none\">\u00a0a cabo el conversatorio \u201cArte como herramienta de denuncia social\u201d, que tendr\u00e1 la presencia de Victoria Razo y F\u00e9lix M\u00e1rquez, periodistas visuales independientes; Carlos Fierro Quintero, docente del Programa de Artes Pl\u00e1sticas de la Universidad de Caldas de Colombia; Ang\u00e9lica del Pilar\u00a0Huamali\u00a0Vega, abogada peruana especialista en g\u00e9nero y derechos humanos, y Claudia\u00a0Bernardi, licenciada en Actuaci\u00f3n.\u00a0<\/span><\/p>\n<div id=\"attachment_88685\" style=\"width: 732px\" class=\"wp-caption aligncenter\"><a href=\"https:\/\/www.uv.mx\/prensa\/files\/2020\/10\/151020-Coloquio-Artes-veracruz-3-100k.jpg\"><img aria-describedby=\"caption-attachment-88685\" decoding=\"async\" loading=\"lazy\" class=\"size-full wp-image-88685\" src=\"https:\/\/www.uv.mx\/prensa\/files\/2020\/10\/151020-Coloquio-Artes-veracruz-3-100k.jpg\" alt=\"Participaron alumnos y acad\u00e9micos de las diferentes regiones de la UV \" width=\"722\" height=\"451\" srcset=\"https:\/\/www.uv.mx\/prensa\/files\/2020\/10\/151020-Coloquio-Artes-veracruz-3-100k.jpg 722w, https:\/\/www.uv.mx\/prensa\/files\/2020\/10\/151020-Coloquio-Artes-veracruz-3-100k-300x187.jpg 300w, https:\/\/www.uv.mx\/prensa\/files\/2020\/10\/151020-Coloquio-Artes-veracruz-3-100k-200x125.jpg 200w\" sizes=\"(max-width: 722px) 100vw, 722px\" \/><\/a><p id=\"caption-attachment-88685\" class=\"wp-caption-text\">Participaron alumnos y acad\u00e9micos de las diferentes regiones de la UV<\/p><\/div>\n<p><span data-contrast=\"none\">El moderador ser\u00e1 Daniel Dom\u00ednguez Cuenca, coordinador del\u00a0Reflexionario\u00a0Mocambo de la UV.\u00a0<\/span><span data-ccp-props=\"{&quot;201341983&quot;:0,&quot;335559731&quot;:708,&quot;335559739&quot;:0,&quot;335559740&quot;:240}\">\u00a0<\/span><\/p>\n<p><span data-contrast=\"none\">Despu\u00e9s se realiz<\/span><span data-contrast=\"none\">\u00f3<\/span><span data-contrast=\"none\">\u00a0el conversatorio \u201cLa ense\u00f1anza del arte en tiempos de pandemia\u201d, en el que estar\u00e1n Ayda Nidia Ocampo; Patricia\u00a0Sapkus, de la Universidad de Buenos Aires, y Julia Mena\u00a0Riezco, coordinadora de la Licenciatura en Ense\u00f1anza de las Artes de la UV. La moderaci\u00f3n estar\u00e1 a cargo de Carlos Fierro.\u00a0<\/span><span data-ccp-props=\"{&quot;201341983&quot;:0,&quot;335559731&quot;:708,&quot;335559739&quot;:0,&quot;335559740&quot;:240}\">\u00a0<\/span><\/p>\n<p><span data-contrast=\"none\">Finalmente, el 16 de octubre tendr\u00e1 lugar la conferencia magistral \u201cMediaci\u00f3n art\u00edstica\u201d, dictada por Marta Garc\u00eda Cano, doctora en Bellas Artes.<\/span><span data-ccp-props=\"{&quot;201341983&quot;:0,&quot;335559731&quot;:708,&quot;335559739&quot;:0,&quot;335559740&quot;:240}\">\u00a0<\/span><\/p>\n<p><span data-contrast=\"none\">El coloquio cerrar\u00e1 con el conversatorio \u201cArte como motor del pensamiento cr\u00edtico\u201d, en el que participar\u00e1n Sandra Hurtado Cordero, doctoranda en Comunicaci\u00f3n Audiovisual, Publicidad y Relaciones P\u00fablicas de la Universidad Complutense de Madrid; Nicol\u00e1s\u00a0Lisoni, catedr\u00e1tico de la Universidad de Buenos Aires; Eduardo Ceballos Silva, doctor en Arte, Producci\u00f3n e Investigaci\u00f3n, e\u00a0Itzayani\u00a0Guti\u00e9rrez Arroyo, int\u00e9rprete y maestra de la Escuela Superior de M<\/span><span data-contrast=\"none\">\u00fasica del INBAL.<\/span><span data-ccp-props=\"{&quot;201341983&quot;:0,&quot;335559731&quot;:708,&quot;335559739&quot;:0,&quot;335559740&quot;:240}\">\u00a0<\/span><\/p>\n<p><span data-contrast=\"none\">Claudia Villar Dur\u00e1n, de la Direcci\u00f3n General del \u00c1rea Acad\u00e9mica de Artes de la UV, ser\u00e1 la moderadora.<\/span><span data-ccp-props=\"{&quot;201341983&quot;:0,&quot;335559731&quot;:708,&quot;335559739&quot;:0,&quot;335559740&quot;:240}\">\u00a0<\/span><\/p>\n<p><span data-contrast=\"none\">Todos los eventos de este coloquio son de libre acceso y pueden\u00a0<\/span><span data-contrast=\"none\">seguirse\u00a0<\/span><span data-contrast=\"none\">en la p\u00e1gina de <\/span><a href=\"https:\/\/www.facebook.com\/2do-Coloquio-Internacional-de-Artes-113664500500727\"><i><span data-contrast=\"none\">Facebook<\/span><\/i><\/a><i> <\/i><span data-contrast=\"none\">del evento<\/span><span data-contrast=\"none\">.<\/span><\/p>\n","protected":false},"excerpt":{"rendered":"<p>Miguel Flores Covarrubias, director general del \u00c1rea Acad\u00e9mica de Artes, se\u00f1al\u00f3 que estas actividades redundan en beneficio de los alumnos y los acad\u00e9micos, adem\u00e1s de consolidar el quehacer reflexivo<\/p>\n","protected":false},"author":1775,"featured_media":88685,"comment_status":"closed","ping_status":"closed","sticky":false,"template":"","format":"standard","meta":[],"categories":[55],"tags":[],"_links":{"self":[{"href":"https:\/\/www.uv.mx\/prensa\/wp-json\/wp\/v2\/posts\/88667"}],"collection":[{"href":"https:\/\/www.uv.mx\/prensa\/wp-json\/wp\/v2\/posts"}],"about":[{"href":"https:\/\/www.uv.mx\/prensa\/wp-json\/wp\/v2\/types\/post"}],"author":[{"embeddable":true,"href":"https:\/\/www.uv.mx\/prensa\/wp-json\/wp\/v2\/users\/1775"}],"replies":[{"embeddable":true,"href":"https:\/\/www.uv.mx\/prensa\/wp-json\/wp\/v2\/comments?post=88667"}],"version-history":[{"count":1,"href":"https:\/\/www.uv.mx\/prensa\/wp-json\/wp\/v2\/posts\/88667\/revisions"}],"predecessor-version":[{"id":88789,"href":"https:\/\/www.uv.mx\/prensa\/wp-json\/wp\/v2\/posts\/88667\/revisions\/88789"}],"wp:featuredmedia":[{"embeddable":true,"href":"https:\/\/www.uv.mx\/prensa\/wp-json\/wp\/v2\/media\/88685"}],"wp:attachment":[{"href":"https:\/\/www.uv.mx\/prensa\/wp-json\/wp\/v2\/media?parent=88667"}],"wp:term":[{"taxonomy":"category","embeddable":true,"href":"https:\/\/www.uv.mx\/prensa\/wp-json\/wp\/v2\/categories?post=88667"},{"taxonomy":"post_tag","embeddable":true,"href":"https:\/\/www.uv.mx\/prensa\/wp-json\/wp\/v2\/tags?post=88667"}],"curies":[{"name":"wp","href":"https:\/\/api.w.org\/{rel}","templated":true}]}}