{"id":88766,"date":"2020-10-18T13:38:54","date_gmt":"2020-10-18T18:38:54","guid":{"rendered":"https:\/\/www.uv.mx\/prensa\/?p=88766"},"modified":"2020-10-19T14:53:20","modified_gmt":"2020-10-19T19:53:20","slug":"uv-celebrara-el-dia-mundial-de-la-estadistica","status":"publish","type":"post","link":"https:\/\/www.uv.mx\/prensa\/eventos\/uv-celebrara-el-dia-mundial-de-la-estadistica\/","title":{"rendered":"UV celebrar\u00e1 el D\u00eda Mundial de la Estad\u00edstica"},"content":{"rendered":"<ul>\n<li><em>Este 20 de octubre, con un ciclo de conferencias a trav\u00e9s de Zoom<\/em><\/li>\n<li><em>Participar\u00e1n ponentes de la Universidad del Pa\u00eds Vasco (UPV), UJAT, Universidad Nacional de Costa Rica y UV<\/em><\/li>\n<li><em>El mi\u00e9rcoles 28 de octubre, V\u00edctor Leiva, de la Pontificia Universidad Cat\u00f3lica de Valpara\u00edso, Chile, impartir\u00e1 una ponencia<\/em><\/li>\n<\/ul>\n<p>&nbsp;<\/p>\n<div id=\"attachment_88767\" style=\"width: 477px\" class=\"wp-caption aligncenter\"><a href=\"https:\/\/www.uv.mx\/prensa\/files\/2020\/10\/181020-DIA-MUNDIAL-DE-LA-ESTADISTICA-1-100k.jpg\"><img aria-describedby=\"caption-attachment-88767\" decoding=\"async\" loading=\"lazy\" class=\"size-full wp-image-88767\" src=\"https:\/\/www.uv.mx\/prensa\/files\/2020\/10\/181020-DIA-MUNDIAL-DE-LA-ESTADISTICA-1-100k.jpg\" alt=\"La UV celebrar\u00e1 el D\u00eda Mundial de la Estad\u00edstica, el pr\u00f3ximo martes 20 de octubre, por Zoom\" width=\"467\" height=\"722\" srcset=\"https:\/\/www.uv.mx\/prensa\/files\/2020\/10\/181020-DIA-MUNDIAL-DE-LA-ESTADISTICA-1-100k.jpg 467w, https:\/\/www.uv.mx\/prensa\/files\/2020\/10\/181020-DIA-MUNDIAL-DE-LA-ESTADISTICA-1-100k-194x300.jpg 194w\" sizes=\"(max-width: 467px) 100vw, 467px\" \/><\/a><p id=\"caption-attachment-88767\" class=\"wp-caption-text\">La UV celebrar\u00e1 el D\u00eda Mundial de la Estad\u00edstica, el pr\u00f3ximo martes 20 de octubre, por <em>Zoom<\/em><\/p><\/div>\n<p>&nbsp;<\/p>\n<p><em><strong>Claudia Peralta V\u00e1zquez<\/strong><\/em><\/p>\n<p><em><strong>18\/10\/20, Xalapa, Ver.-<\/strong><\/em> La Especializaci\u00f3n en M\u00e9todos Estad\u00edsticos, Especializaci\u00f3n en Estudios de Opini\u00f3n y la <a href=\"https:\/\/www.uv.mx\/fei\/\" target=\"_blank\" rel=\"noopener noreferrer\">Facultad de Estad\u00edstica e Inform\u00e1tica<\/a> (FEI) de la Universidad Veracruzana (UV), celebrar\u00e1n el D\u00eda Mundial de la Estad\u00edstica, este martes 20 de octubre, a trav\u00e9s de Zoom.<\/p>\n<p>Para esta ocasi\u00f3n, las instituciones organizadoras han preparado un ciclo de conferencias con la participaci\u00f3n de ponentes de la Universidad del Pa\u00eds Vasco (UPV\/EHU), la Universidad Ju\u00e1rez Aut\u00f3noma de Tabasco (UJAT), Universidad Nacional de Costa Rica, y Universidad Veracruzana (UV).<\/p>\n<p>La inauguraci\u00f3n del evento ser\u00e1 a las 9:15 de la ma\u00f1ana, y quince minutos m\u00e1s tarde, a las 9:30, se llevar\u00e1 a cabo un homenaje a Guillermo de Le\u00f3n Adams, exdirector y fundador de la FEI-UV.<\/p>\n<p>El programa de conferencias iniciar\u00e1 a las 10:00 horas, con el tema: \u201cEl papel relevante de la Estad\u00edstica en los retos te\u00f3ricos y<\/p>\n<p>pr\u00e1cticos de inter\u00e9s general\u201d, dictado por Vicente A. N\u00fa\u00f1ez Ant\u00f3n, Jes\u00fas Orbe Lizundia, Juan I. Modro\u00f1o Herr\u00e1n, del Departamento de M\u00e9todos Cuantitativos, de la Universidad del Pa\u00eds Vasco \/ Euskal Herriko Unibertsitatea (UPV\/EHU), de Bilbao, Espa\u00f1a.<\/p>\n<p>A las 11:00 horas, Fidel Ul\u00edn Montejo y Rosa Mar\u00eda Salinas Hern\u00e1ndez, de la Universidad Ju\u00e1rez Aut\u00f3noma de Tabasco (UJAT), impartir\u00e1n la ponencia: \u201cModelaci\u00f3n matem\u00e1tica de epidemias y el modelo Gompertz-Datametrika para Covid-19\u201d.<\/p>\n<p>En punto de las 12:00 horas, se tiene contemplada la conferencia: \u201cEl valor de los datos en el an\u00e1lisis de la situaci\u00f3n de<\/p>\n<p>Covid-19, en Costa Rica\u201d, a cargo de Juan Jos\u00e9 Romero Z\u00fa\u00f1iga, de la Facultad de Ciencias de la Salud, de la Universidad Nacional de Costa Rica.<\/p>\n<div id=\"attachment_88768\" style=\"width: 552px\" class=\"wp-caption aligncenter\"><a href=\"https:\/\/www.uv.mx\/prensa\/files\/2020\/10\/181020-DIA-MUNDIAL-DE-LA-ESTADISTICA-2-100k.jpg\"><img aria-describedby=\"caption-attachment-88768\" decoding=\"async\" loading=\"lazy\" class=\"size-full wp-image-88768\" src=\"https:\/\/www.uv.mx\/prensa\/files\/2020\/10\/181020-DIA-MUNDIAL-DE-LA-ESTADISTICA-2-100k.jpg\" alt=\"V\u00edctor Leiva, de la Universidad Cat\u00f3lica de Valpara\u00edso, Chile, impartir\u00e1 una ponencia el 28 de octubre\" width=\"542\" height=\"722\" srcset=\"https:\/\/www.uv.mx\/prensa\/files\/2020\/10\/181020-DIA-MUNDIAL-DE-LA-ESTADISTICA-2-100k.jpg 542w, https:\/\/www.uv.mx\/prensa\/files\/2020\/10\/181020-DIA-MUNDIAL-DE-LA-ESTADISTICA-2-100k-225x300.jpg 225w\" sizes=\"(max-width: 542px) 100vw, 542px\" \/><\/a><p id=\"caption-attachment-88768\" class=\"wp-caption-text\">V\u00edctor Leiva, de la Universidad Cat\u00f3lica de Valpara\u00edso, Chile, impartir\u00e1 una ponencia el 28 de octubre<\/p><\/div>\n<p>La \u00faltima de ellas, la dictar\u00e1 Jorge Manzo Denes, Mario Miguel Ojeda Ram\u00edrez y Sergio Francisco Ju\u00e1rez Cerrillo, investigadores de la UV, a las 13:00 horas. El tema que abordar\u00e1n ser\u00e1: \u201cReflexiones desde los datos sobre la pandemia de Covid-19 en M\u00e9xico\u201d.<\/p>\n<p>El <em>link<\/em> de ingreso a este foro es el siguiente: <a href=\"https:\/\/uveracruzana.zoom.us\/j\/87939884253\">https:\/\/uveracruzana.zoom.us\/j\/87939884253.<\/a><\/p>\n<p>De igual forma, la Especializaci\u00f3n en M\u00e9todos Estad\u00edsticos invita a la conferencia: \u201cUn mundo de datos: vida digital en la era de la informaci\u00f3n\u201d, que ser\u00e1 impartida por V\u00edctor Leiva, profesor titular de la Escuela de Ingenier\u00eda Industrial de la Pontificia Universidad Cat\u00f3lica de Valpara\u00edso, Chile.<\/p>\n<p>Esta se realizar\u00e1 el mi\u00e9rcoles 28 de octubre, a partir de las 11:00 horas, tambi\u00e9n por Zoom, a trav\u00e9s del mismo enlace anterior.<\/p>\n<p>V\u00edctor Leiva cuenta con estudios doctorales y posdoctorales en Estad\u00edstica para la industria y los negocios en Europa y Canad\u00e1, y es reconocido nacional e internacionalmente por sus contribuciones a la Estad\u00edstica, Data Science e investigaci\u00f3n de operaciones con cerca de 135 trabajos publicados en revistas ISI web of Science, libros y cap\u00edtulos de libros.<\/p>\n","protected":false},"excerpt":{"rendered":"<p>La inauguraci\u00f3n ser\u00e1 a las 9:15 de la ma\u00f1ana; a las 9:30 se llevar\u00e1 a cabo un homenaje a Guillermo de Le\u00f3n Adams, exdirector y fundador de la FEI-UV<\/p>\n","protected":false},"author":1775,"featured_media":88769,"comment_status":"closed","ping_status":"closed","sticky":false,"template":"","format":"standard","meta":[],"categories":[47,61],"tags":[],"_links":{"self":[{"href":"https:\/\/www.uv.mx\/prensa\/wp-json\/wp\/v2\/posts\/88766"}],"collection":[{"href":"https:\/\/www.uv.mx\/prensa\/wp-json\/wp\/v2\/posts"}],"about":[{"href":"https:\/\/www.uv.mx\/prensa\/wp-json\/wp\/v2\/types\/post"}],"author":[{"embeddable":true,"href":"https:\/\/www.uv.mx\/prensa\/wp-json\/wp\/v2\/users\/1775"}],"replies":[{"embeddable":true,"href":"https:\/\/www.uv.mx\/prensa\/wp-json\/wp\/v2\/comments?post=88766"}],"version-history":[{"count":1,"href":"https:\/\/www.uv.mx\/prensa\/wp-json\/wp\/v2\/posts\/88766\/revisions"}],"predecessor-version":[{"id":88829,"href":"https:\/\/www.uv.mx\/prensa\/wp-json\/wp\/v2\/posts\/88766\/revisions\/88829"}],"wp:featuredmedia":[{"embeddable":true,"href":"https:\/\/www.uv.mx\/prensa\/wp-json\/wp\/v2\/media\/88769"}],"wp:attachment":[{"href":"https:\/\/www.uv.mx\/prensa\/wp-json\/wp\/v2\/media?parent=88766"}],"wp:term":[{"taxonomy":"category","embeddable":true,"href":"https:\/\/www.uv.mx\/prensa\/wp-json\/wp\/v2\/categories?post=88766"},{"taxonomy":"post_tag","embeddable":true,"href":"https:\/\/www.uv.mx\/prensa\/wp-json\/wp\/v2\/tags?post=88766"}],"curies":[{"name":"wp","href":"https:\/\/api.w.org\/{rel}","templated":true}]}}