{"id":88815,"date":"2020-10-19T14:00:51","date_gmt":"2020-10-19T19:00:51","guid":{"rendered":"https:\/\/www.uv.mx\/prensa\/?p=88815"},"modified":"2020-10-21T12:51:15","modified_gmt":"2020-10-21T17:51:15","slug":"vinculacion-uv-realizara-la-semana-de-innovacion-en-casa","status":"publish","type":"post","link":"https:\/\/www.uv.mx\/prensa\/eventos\/vinculacion-uv-realizara-la-semana-de-innovacion-en-casa\/","title":{"rendered":"Vinculaci\u00f3n UV realizar\u00e1 la Semana de Innovaci\u00f3n en Casa"},"content":{"rendered":"<ul>\n<li data-leveltext=\"\uf0b7\" data-font=\"Symbol\" data-listid=\"1\" data-aria-posinset=\"1\" data-aria-level=\"1\"><i><span data-contrast=\"auto\">Del 26 al 30 de octubre, <\/span><\/i><i><span data-contrast=\"auto\">a trav\u00e9s de la Oficina <\/span><\/i><i><span data-contrast=\"auto\">de Transferencia de Tecnolog\u00eda; <\/span><\/i><i><span data-contrast=\"auto\">se transmitir\u00e1 por <\/span><\/i><span data-contrast=\"auto\">Zoom<\/span><i><span data-contrast=\"auto\"> y <\/span><\/i><span data-contrast=\"auto\">Facebook<\/span> <span data-contrast=\"auto\">Live<\/span><span data-ccp-props=\"{&quot;134233279&quot;:true,&quot;201341983&quot;:0,&quot;335559739&quot;:160,&quot;335559740&quot;:240}\">\u00a0<\/span><\/li>\n<li data-leveltext=\"\uf0b7\" data-font=\"Symbol\" data-listid=\"1\" data-aria-posinset=\"2\" data-aria-level=\"1\"><i><span data-contrast=\"auto\">E<\/span><\/i><i><span data-contrast=\"auto\">st\u00e1 dirigido a a<\/span><\/i><i><span data-contrast=\"auto\">cad\u00e9micos y estudiantes de la<\/span><\/i><i><span data-contrast=\"auto\">s cinco regiones <\/span><\/i><i><span data-contrast=\"auto\">universitarias<\/span><\/i> <i><span data-contrast=\"auto\">interesados en temas de innovaci\u00f3n y protecci\u00f3n intelectual<\/span><\/i><span data-ccp-props=\"{&quot;134233279&quot;:true,&quot;201341983&quot;:0,&quot;335559739&quot;:160,&quot;335559740&quot;:240}\">\u00a0<\/span><\/li>\n<\/ul>\n<div id=\"attachment_88817\" style=\"width: 865px\" class=\"wp-caption aligncenter\"><a href=\"https:\/\/www.uv.mx\/prensa\/files\/2020\/10\/161020-SEMANA-INNOVACION-EN-CASA-1.jpg\"><img aria-describedby=\"caption-attachment-88817\" decoding=\"async\" loading=\"lazy\" class=\"size-full wp-image-88817\" src=\"https:\/\/www.uv.mx\/prensa\/files\/2020\/10\/161020-SEMANA-INNOVACION-EN-CASA-1.jpg\" alt=\"Del 26 al 30 de octubre se realizar\u00e1 la Semana de Innovaci\u00f3n en Casa\" width=\"855\" height=\"481\" srcset=\"https:\/\/www.uv.mx\/prensa\/files\/2020\/10\/161020-SEMANA-INNOVACION-EN-CASA-1.jpg 855w, https:\/\/www.uv.mx\/prensa\/files\/2020\/10\/161020-SEMANA-INNOVACION-EN-CASA-1-300x169.jpg 300w, https:\/\/www.uv.mx\/prensa\/files\/2020\/10\/161020-SEMANA-INNOVACION-EN-CASA-1-768x432.jpg 768w\" sizes=\"(max-width: 855px) 100vw, 855px\" \/><\/a><p id=\"caption-attachment-88817\" class=\"wp-caption-text\">Del 26 al 30 de octubre se realizar\u00e1 la Semana de Innovaci\u00f3n en Casa<\/p><\/div>\n<p><b><i><span data-contrast=\"auto\">Claudia Peralta V\u00e1zquez<\/span><\/i><\/b><span data-ccp-props=\"{&quot;201341983&quot;:0,&quot;335559739&quot;:160,&quot;335559740&quot;:240}\">\u00a0<\/span><\/p>\n<p><b><i><span data-contrast=\"auto\">19<\/span><\/i><\/b><b><i><span data-contrast=\"auto\">\/<\/span><\/i><\/b><b><i><span data-contrast=\"auto\">10<\/span><\/i><\/b><b><i><span data-contrast=\"auto\">\/<\/span><\/i><\/b><b><i><span data-contrast=\"auto\">20<\/span><\/i><\/b><b><i><span data-contrast=\"auto\">20<\/span><\/i><\/b><b><i><span data-contrast=\"auto\">, Xalapa, Ver.- <\/span><\/i><\/b><span data-contrast=\"auto\">La <a href=\"https:\/\/www.uv.mx\/vinculacion\/\" target=\"_blank\" rel=\"noopener noreferrer\">Direcci\u00f3n General de Vinculaci\u00f3n<\/a> (DGV) de la Universidad Veracruzana (UV), a trav\u00e9s de la Oficina de Transferencia de Tecnolog\u00eda (OTT), realizar\u00e1<\/span><span data-contrast=\"auto\"> del<\/span><span data-contrast=\"auto\"> 26 al 30 de octubre<\/span> <span data-contrast=\"auto\">la <\/span><span data-contrast=\"auto\">Semana de Innovaci\u00f3n en <\/span><span data-contrast=\"auto\">C<\/span><span data-contrast=\"auto\">asa<\/span><span data-contrast=\"auto\"> y se transmitir\u00e1 en las plataformas <\/span><i><span data-contrast=\"auto\">Zoom<\/span><\/i><span data-contrast=\"auto\"> y <\/span><i><span data-contrast=\"auto\">Facebook Live<\/span><\/i><span data-contrast=\"auto\">.<\/span><span data-ccp-props=\"{&quot;201341983&quot;:0,&quot;335559739&quot;:160,&quot;335559740&quot;:240}\">\u00a0<\/span><\/p>\n<p><span data-contrast=\"auto\">Gabriel Arturo Soto Ojeda, titular de la OTT, dio a conocer que este evento <\/span><span data-contrast=\"auto\">ser\u00e1 gratuito<\/span><span data-contrast=\"auto\">,<\/span> <span data-contrast=\"auto\">tiene <\/span><span data-contrast=\"auto\">la<\/span><span data-contrast=\"auto\"> finalidad i<\/span><span data-contrast=\"auto\">ntroducir a acad\u00e9micos y estudiantes en temas de innovaci\u00f3n y propiedad industrial<\/span><span data-contrast=\"auto\">, <\/span><span data-contrast=\"auto\">para <\/span><span data-contrast=\"auto\">fomentar <\/span><span data-contrast=\"auto\">una<\/span><span data-contrast=\"auto\"> cultura de innovaci\u00f3n y protecci\u00f3n.<\/span><span data-ccp-props=\"{&quot;201341983&quot;:0,&quot;335559739&quot;:160,&quot;335559740&quot;:240}\">\u00a0<\/span><\/p>\n<p><span data-contrast=\"auto\">Coment\u00f3 que este foro se enmarca dentro otro denominado <\/span><span data-contrast=\"auto\">\u201cImagina, Innova y Emprende\u201d<\/span><span data-contrast=\"auto\">, que se realiza <\/span><span data-contrast=\"auto\">una vez <\/span><span data-contrast=\"auto\">al<\/span><span data-contrast=\"auto\"> a\u00f1o<\/span><span data-contrast=\"auto\"> con la <\/span><span data-contrast=\"auto\">participaci\u00f3n de las <\/span><span data-contrast=\"auto\">cinco<\/span><span data-contrast=\"auto\"> regiones universitarias<\/span><span data-contrast=\"auto\">,<\/span><span data-contrast=\"auto\"> y<\/span><span data-contrast=\"auto\"> de las entidades donde la <\/span><span data-contrast=\"auto\">comunidad UV tiene presencia.<\/span><span data-ccp-props=\"{&quot;201341983&quot;:0,&quot;335559739&quot;:160,&quot;335559740&quot;:240}\">\u00a0<\/span><\/p>\n<p><span data-contrast=\"auto\">En un primer momento y ante la actual contingencia sanitaria <\/span><span data-contrast=\"auto\">se llev\u00f3 a ca<\/span><span data-contrast=\"auto\">bo la <\/span><span data-contrast=\"auto\">Semana de Pl\u00e1<\/span><span data-contrast=\"auto\">ticas de Emprendimiento en Casa<\/span><span data-contrast=\"auto\">, pero ahora se plantea esta propuesta que contar\u00e1 con la <\/span><span data-contrast=\"auto\">participaci\u00f3n de ponentes especialistas en <\/span><span data-contrast=\"auto\">i<\/span><span data-contrast=\"auto\">nnovaci\u00f3n y temas acordes a la cultura de la protecci\u00f3n intelectual e industrial<\/span><span data-contrast=\"auto\">.<\/span><span data-ccp-props=\"{&quot;201341983&quot;:0,&quot;335559731&quot;:708,&quot;335559739&quot;:160,&quot;335559740&quot;:240}\">\u00a0<\/span><\/p>\n<p><span data-contrast=\"auto\">Por <\/span><span data-contrast=\"auto\">lo anterior, <\/span><span data-contrast=\"auto\">la invitaci\u00f3n est\u00e1 abierta a toda la comunidad universitaria, investigadores<\/span><span data-contrast=\"auto\">, estudiantes de licenciatura, posgrado y personas interesadas en <\/span><span data-contrast=\"auto\">el<\/span><span data-contrast=\"auto\"> tema, <\/span><span data-contrast=\"auto\">sobre todo en estos tiempos donde <\/span><span data-contrast=\"auto\">es <\/span><span data-contrast=\"auto\">necesario innovar en muchos aspectos para salir adelante.<\/span><span data-ccp-props=\"{&quot;201341983&quot;:0,&quot;335559731&quot;:708,&quot;335559739&quot;:160,&quot;335559740&quot;:240}\">\u00a0<\/span><\/p>\n<p><span data-contrast=\"auto\">Expuso la existencia de casos de personas con desarrollos, <\/span><span data-contrast=\"auto\">inventos, experimentos o investigaciones<\/span><span data-contrast=\"auto\">, pero que desafortunadamente s\u00f3<\/span><span data-contrast=\"auto\">lo se quedan en la <\/span><span data-contrast=\"auto\">parte acad\u00e9mica<\/span><span data-contrast=\"auto\">. Por ello, es necesario que haya una <\/span><span data-contrast=\"auto\">cultura de la protecci\u00f3n,<\/span><span data-contrast=\"auto\"> tal y como sucede <\/span><span data-contrast=\"auto\">en<\/span><span data-contrast=\"auto\"> otros pa\u00edses donde invierten <\/span><span data-contrast=\"auto\">suficientes <\/span><span data-contrast=\"auto\">recursos en ello.<\/span><span data-ccp-props=\"{&quot;201341983&quot;:0,&quot;335559731&quot;:708,&quot;335559739&quot;:160,&quot;335559740&quot;:240}\">\u00a0<\/span><\/p>\n<p><span data-contrast=\"auto\">\u201cNosotros queremos que exista una cultura de protecci\u00f3n en los \u00e1mbitos de derechos de autor, patentes, modelos de utilidad, sistemas industriales, todas <\/span><span data-contrast=\"auto\">aquellas<\/span><span data-contrast=\"auto\"> formas o figuras que permitan que sus invenciones o creaciones puedan quedar protegidas<\/span><span data-contrast=\"auto\">.\u201d<\/span><span data-ccp-props=\"{&quot;201341983&quot;:0,&quot;335559731&quot;:708,&quot;335559739&quot;:160,&quot;335559740&quot;:240}\">\u00a0<\/span><\/p>\n<p><span data-contrast=\"auto\">Inform\u00f3 que cada charla tendr\u00e1 una duraci\u00f3<\/span><span data-contrast=\"auto\">n de una hora y media,<\/span><span data-contrast=\"auto\"> a partir de las 17:00 horas, e incluir\u00e1 la <\/span><span data-contrast=\"auto\">interacci\u00f3n con los participantes mediante preguntas y respuestas.<\/span> <span data-contrast=\"auto\">Al asistir a tres pl\u00e1ti<\/span><span data-contrast=\"auto\">cas como m\u00ednimo<\/span><span data-contrast=\"auto\"> podr\u00e1n recibir constancia de pa<\/span><span data-contrast=\"auto\">rticipaci\u00f3n, otorgada por la<\/span><span data-contrast=\"auto\"> DGV.<\/span><span data-ccp-props=\"{&quot;201341983&quot;:0,&quot;335559731&quot;:708,&quot;335559739&quot;:160,&quot;335559740&quot;:240}\">\u00a0<\/span><\/p>\n<div id=\"attachment_88816\" style=\"width: 865px\" class=\"wp-caption aligncenter\"><a href=\"https:\/\/www.uv.mx\/prensa\/files\/2020\/10\/161020-SEMANA-INNOVACION-EN-CASA-2.jpg\"><img aria-describedby=\"caption-attachment-88816\" decoding=\"async\" loading=\"lazy\" class=\"size-full wp-image-88816\" src=\"https:\/\/www.uv.mx\/prensa\/files\/2020\/10\/161020-SEMANA-INNOVACION-EN-CASA-2.jpg\" alt=\"El programa comprende la participaci\u00f3n de expertos en el tema de la innovaci\u00f3n y propiedad industrial\" width=\"855\" height=\"481\" srcset=\"https:\/\/www.uv.mx\/prensa\/files\/2020\/10\/161020-SEMANA-INNOVACION-EN-CASA-2.jpg 855w, https:\/\/www.uv.mx\/prensa\/files\/2020\/10\/161020-SEMANA-INNOVACION-EN-CASA-2-300x169.jpg 300w, https:\/\/www.uv.mx\/prensa\/files\/2020\/10\/161020-SEMANA-INNOVACION-EN-CASA-2-768x432.jpg 768w\" sizes=\"(max-width: 855px) 100vw, 855px\" \/><\/a><p id=\"caption-attachment-88816\" class=\"wp-caption-text\">El programa comprende la participaci\u00f3n de expertos en el tema de la innovaci\u00f3n y propiedad industrial<\/p><\/div>\n<p><span data-contrast=\"auto\">Soto Ojeda a<\/span><span data-contrast=\"auto\">sever\u00f3 que los asistentes a la <\/span><span data-contrast=\"auto\">Semana de Innovaci\u00f3n en <\/span><span data-contrast=\"auto\">C<\/span><span data-contrast=\"auto\">asa<\/span><span data-contrast=\"auto\"> ten<\/span><span data-contrast=\"auto\">dr\u00e1n<\/span><span data-contrast=\"auto\"> a<\/span><span data-contrast=\"auto\">cercamiento a los temas de <\/span><span data-contrast=\"auto\">i<\/span><span data-contrast=\"auto\">nnovaci\u00f3n y <\/span><span data-contrast=\"auto\">p<\/span><span data-contrast=\"auto\">rotecci\u00f3n <\/span><span data-contrast=\"auto\">i<\/span><span data-contrast=\"auto\">ndustrial<\/span><span data-contrast=\"auto\">, as\u00ed como<\/span><span data-contrast=\"auto\"> c<\/span><span data-contrast=\"auto\">onocer experiencias compartidas por <\/span><span data-contrast=\"auto\">i<\/span><span data-contrast=\"auto\">nventores de<\/span><span data-contrast=\"auto\"> la UV y de otras instituciones.<\/span><span data-ccp-props=\"{&quot;201341983&quot;:0,&quot;335559731&quot;:708,&quot;335559739&quot;:160,&quot;335559740&quot;:240}\">\u00a0<\/span><\/p>\n<p><span data-contrast=\"auto\">Tambi\u00e9n, obtendr\u00e1n m<\/span><span data-contrast=\"auto\">aterial complementario a las<\/span><span data-contrast=\"auto\"> experiencias e<\/span><span data-contrast=\"auto\">ducativas <\/span><span data-contrast=\"auto\">(EE) <\/span><span data-contrast=\"auto\">relacionadas con la innovaci\u00f3n y cultura de protecci\u00f3n intelectual<\/span><span data-contrast=\"auto\">,<\/span> <span data-contrast=\"auto\">adem\u00e1s de<\/span><span data-contrast=\"auto\"> evidencia de participaci\u00f3n en el programa institucional Emprende UV.<\/span><span data-ccp-props=\"{&quot;201341983&quot;:0,&quot;335559731&quot;:708,&quot;335559739&quot;:160,&quot;335559740&quot;:240}\">\u00a0<\/span><\/p>\n<p><span data-contrast=\"auto\">Para el lunes 26 de octubre est\u00e1 programada la pl\u00e1tica de Paola <\/span><span data-contrast=\"auto\">Jaimes<\/span><span data-contrast=\"auto\"> y Ricardo Segovia, cient\u00edficos de R&amp;D <\/span><span data-contrast=\"auto\">Johnson and Johnson<\/span><span data-contrast=\"auto\"> Colombia, titulada \u201cCiencia e innovaci\u00f3n: transformando el mundo del cuidado personal\u201d.<\/span><span data-ccp-props=\"{&quot;201341983&quot;:0,&quot;335559731&quot;:708,&quot;335559739&quot;:160,&quot;335559740&quot;:240}\">\u00a0<\/span><\/p>\n<p><span data-contrast=\"auto\">\u201c<\/span><span data-contrast=\"auto\">El reto al que se enfrentan las empresas innovadoras<\/span><span data-contrast=\"auto\">\u201d, es el tema de la charla que impartir\u00e1<\/span><span data-contrast=\"auto\"> Sergio Gabriel Aguilar Valtierra<\/span><span data-contrast=\"auto\">,<\/span> <span data-contrast=\"auto\">d<\/span><span data-contrast=\"auto\">irector de Invenciones en <\/span><span data-contrast=\"auto\">Goldenminds<\/span><span data-contrast=\"auto\">, empresa innovadora de <\/span><span data-contrast=\"auto\">p<\/span><span data-contrast=\"auto\">ropiedad <\/span><span data-contrast=\"auto\">i<\/span><span data-contrast=\"auto\">ntelectual,<\/span><span data-contrast=\"auto\"> el martes 27.<\/span><span data-ccp-props=\"{&quot;201341983&quot;:0,&quot;335559739&quot;:160,&quot;335559740&quot;:240}\">\u00a0<\/span><\/p>\n<p><span data-contrast=\"auto\">Al siguiente d\u00eda, <\/span><span data-contrast=\"auto\">Sergio Ra\u00fal del Valle M\u00e9ndez<\/span><span data-contrast=\"auto\">, <\/span><span data-contrast=\"auto\">jefe de Divisi\u00f3n Tecnol\u00f3gica<\/span><span data-contrast=\"auto\"> del Consejo Veracruzano de Investigaci\u00f3n Cient\u00edfica y Desarrollo Tecnol\u00f3gico<\/span> <span data-contrast=\"auto\">(<\/span><i><span data-contrast=\"auto\">Coveicydet<\/span><\/i><span data-contrast=\"auto\">), dar\u00e1 un p<\/span><span data-contrast=\"auto\">anorama general de la <\/span><span data-contrast=\"auto\">i<\/span><span data-contrast=\"auto\">nnovaci\u00f3n tecnol\u00f3gica en Veracruz<\/span><span data-contrast=\"auto\">.<\/span><span data-ccp-props=\"{&quot;201341983&quot;:0,&quot;335559739&quot;:160,&quot;335559740&quot;:240}\">\u00a0<\/span><\/p>\n<p><span data-contrast=\"auto\">El jueves 29 de octubre, H\u00e9ctor Villanueva <\/span><span data-contrast=\"auto\">Lendechy<\/span><span data-contrast=\"auto\">, <\/span><span data-contrast=\"auto\">c<\/span><span data-contrast=\"auto\">oordinador del Doctorado en Administraci\u00f3n de la Universidad Iberoamericana de Puebla<\/span><span data-contrast=\"auto\">, <\/span><span data-contrast=\"auto\">estar\u00e1 a cargo de la <\/span><span data-contrast=\"auto\">ponencia<\/span><span data-contrast=\"auto\"> \u201cEmprendimiento e innovaci\u00f3n frugal\u201d.<\/span><span data-ccp-props=\"{&quot;201341983&quot;:0,&quot;335559731&quot;:708,&quot;335559739&quot;:160,&quot;335559740&quot;:240}\">\u00a0<\/span><\/p>\n<p><span data-contrast=\"auto\">Asimismo, en el quinto y \u00faltimo d\u00eda de actividades, <\/span><span data-contrast=\"auto\">\u00c1ngel Luis Rivera Landa<\/span><span data-contrast=\"auto\">, de <\/span><span data-contrast=\"auto\">Inqubits<\/span><span data-contrast=\"auto\">, compa\u00f1\u00eda de i<\/span><span data-contrast=\"auto\">nnovaci\u00f3n <\/span><span data-contrast=\"auto\">e<\/span><span data-contrast=\"auto\">strat\u00e9gica, con <\/span><span data-contrast=\"auto\">sede en la <\/span><span data-contrast=\"auto\">C<\/span><span data-contrast=\"auto\">iudad de M\u00e9xico, impartir\u00e1 la ponencia \u201c<\/span><span data-contrast=\"auto\">El valor de <\/span><span data-contrast=\"auto\">prototipar<\/span><span data-contrast=\"auto\"> tus ideas<\/span><span data-contrast=\"auto\">\u201d.<\/span><span data-ccp-props=\"{&quot;201341983&quot;:0,&quot;335559739&quot;:160,&quot;335559740&quot;:240}\">\u00a0<\/span><\/p>\n<p><span data-contrast=\"none\">El registro se realiza en\u00a0<a href=\"https:\/\/uveracruzana.zoom.us\/meeting\/register\/tZIucu6gpjsvGtTZ6Zn9vmDJ08Zu6nx3gXkD\" target=\"_blank\" rel=\"noopener noreferrer\">https:\/\/uveracruzana.zoom.us\/meeting\/register\/tZIucu6gpjsvGtTZ6Zn9vmDJ08Zu6nx3gXkD<\/a>.<\/span><\/p>\n<p><span data-contrast=\"auto\">Tambi\u00e9n, pueden dirigirse a los siguientes correos institucionales: <\/span><a href=\"mailto:ott@uv.mx\"><span data-contrast=\"none\">ott@uv.mx<\/span><\/a><span data-contrast=\"auto\"> y<\/span> <a href=\"mailto:emprendeuv@uv.mx\"><span data-contrast=\"none\">emprendeuv@uv.mx<\/span><\/a><span data-contrast=\"auto\">, u obtener m\u00e1s informes por medio de <\/span><i><span data-contrast=\"auto\">Facebook<\/span><\/i><span data-contrast=\"auto\"> en <\/span><span data-contrast=\"auto\">Vinculaci\u00f3n UV<\/span><span data-contrast=\"auto\">, <\/span><span data-contrast=\"auto\">Oficina de Transferencia de Tecnolog\u00eda<\/span><span data-contrast=\"auto\"> y <\/span><span data-contrast=\"auto\">Emprende UV<\/span><span data-contrast=\"auto\">.<\/span><span data-ccp-props=\"{&quot;201341983&quot;:0,&quot;335559739&quot;:160,&quot;335559740&quot;:240}\">\u00a0<\/span><\/p>\n","protected":false},"excerpt":{"rendered":"<p><a href=\"https:\/\/uveracruzana.zoom.us\/meeting\/register\/tZIucu6gpjsvGtTZ6Zn9vmDJ08Zu6nx3gXkD\" target=\"_blank\" rel=\"noopener noreferrer\">El registro se realiza en l\u00ednea<\/a><\/p>\n","protected":false},"author":1508,"featured_media":88817,"comment_status":"closed","ping_status":"closed","sticky":false,"template":"","format":"standard","meta":[],"categories":[47],"tags":[],"_links":{"self":[{"href":"https:\/\/www.uv.mx\/prensa\/wp-json\/wp\/v2\/posts\/88815"}],"collection":[{"href":"https:\/\/www.uv.mx\/prensa\/wp-json\/wp\/v2\/posts"}],"about":[{"href":"https:\/\/www.uv.mx\/prensa\/wp-json\/wp\/v2\/types\/post"}],"author":[{"embeddable":true,"href":"https:\/\/www.uv.mx\/prensa\/wp-json\/wp\/v2\/users\/1508"}],"replies":[{"embeddable":true,"href":"https:\/\/www.uv.mx\/prensa\/wp-json\/wp\/v2\/comments?post=88815"}],"version-history":[{"count":1,"href":"https:\/\/www.uv.mx\/prensa\/wp-json\/wp\/v2\/posts\/88815\/revisions"}],"predecessor-version":[{"id":88935,"href":"https:\/\/www.uv.mx\/prensa\/wp-json\/wp\/v2\/posts\/88815\/revisions\/88935"}],"wp:featuredmedia":[{"embeddable":true,"href":"https:\/\/www.uv.mx\/prensa\/wp-json\/wp\/v2\/media\/88817"}],"wp:attachment":[{"href":"https:\/\/www.uv.mx\/prensa\/wp-json\/wp\/v2\/media?parent=88815"}],"wp:term":[{"taxonomy":"category","embeddable":true,"href":"https:\/\/www.uv.mx\/prensa\/wp-json\/wp\/v2\/categories?post=88815"},{"taxonomy":"post_tag","embeddable":true,"href":"https:\/\/www.uv.mx\/prensa\/wp-json\/wp\/v2\/tags?post=88815"}],"curies":[{"name":"wp","href":"https:\/\/api.w.org\/{rel}","templated":true}]}}