{"id":88842,"date":"2020-10-20T12:02:49","date_gmt":"2020-10-20T17:02:49","guid":{"rendered":"https:\/\/www.uv.mx\/prensa\/?p=88842"},"modified":"2020-10-21T12:42:27","modified_gmt":"2020-10-21T17:42:27","slug":"cecda-invita-al-foro-artes-en-emergencia","status":"publish","type":"post","link":"https:\/\/www.uv.mx\/prensa\/eventos\/cecda-invita-al-foro-artes-en-emergencia\/","title":{"rendered":"CECDA invita al Foro \u201cArtes en emergencia\u201d"},"content":{"rendered":"<ul style=\"font-weight: 400\">\n<li data-leveltext=\"\uf0b7\" data-font=\"Symbol\" data-listid=\"1\" data-aria-posinset=\"1\" data-aria-level=\"1\"><i><span data-contrast=\"auto\">A realizarse\u00a0<\/span><\/i><i><span data-contrast=\"auto\">21<\/span><\/i><i><span data-contrast=\"auto\">\u00a0y<\/span><\/i><i><span data-contrast=\"auto\">\u00a0<\/span><\/i><i><span data-contrast=\"auto\">28 de octubre<\/span><\/i><i><span data-contrast=\"auto\">,<\/span><\/i><i><span data-contrast=\"auto\">\u00a0y 4 de noviembre<\/span><\/i><i><span data-contrast=\"auto\">, con la participaci\u00f3n de<\/span><\/i><i><span data-contrast=\"auto\">\u00a0<\/span><\/i><i><span data-contrast=\"auto\">especialistas nacionales y extranjeros<\/span><\/i><span data-ccp-props=\"{&quot;134233279&quot;:true}\">\u00a0<\/span><\/li>\n<li data-leveltext=\"\uf0b7\" data-font=\"Symbol\" data-listid=\"1\" data-aria-posinset=\"2\" data-aria-level=\"1\"><i><span data-contrast=\"auto\">En\u00a0<\/span><\/i><a href=\"http:\/\/www.uv.mx\/cecda\"><i><span data-contrast=\"none\">www.uv.mx\/cecda<\/span><\/i><\/a><i><span data-contrast=\"auto\"> se puede consultar el programa detallado de actividades<\/span><\/i><\/li>\n<\/ul>\n<p>&nbsp;<\/p>\n<div id=\"attachment_88843\" style=\"width: 303px\" class=\"wp-caption aligncenter\"><a href=\"https:\/\/uveracruzana.zoom.us\/meeting\/register\/tZEsd-6tpzgjHNBFrH1x5qoImATlaabpeRx2\" target=\"_blank\" rel=\"noopener noreferrer\"><img aria-describedby=\"caption-attachment-88843\" decoding=\"async\" loading=\"lazy\" class=\"wp-image-88843 size-full\" src=\"https:\/\/www.uv.mx\/prensa\/files\/2020\/10\/171020-PACHECO-CECDA-Foro-Artes-en-emergencia-1-100k.jpg\" alt=\"Cartel del Foro \u201cArtes en emergencia\u201d \" width=\"293\" height=\"460\" srcset=\"https:\/\/www.uv.mx\/prensa\/files\/2020\/10\/171020-PACHECO-CECDA-Foro-Artes-en-emergencia-1-100k.jpg 293w, https:\/\/www.uv.mx\/prensa\/files\/2020\/10\/171020-PACHECO-CECDA-Foro-Artes-en-emergencia-1-100k-191x300.jpg 191w\" sizes=\"(max-width: 293px) 100vw, 293px\" \/><\/a><p id=\"caption-attachment-88843\" class=\"wp-caption-text\"><a href=\"https:\/\/uveracruzana.zoom.us\/meeting\/register\/tZEsd-6tpzgjHNBFrH1x5qoImATlaabpeRx2\" target=\"_blank\" rel=\"noopener noreferrer\">El registro se realiza en l\u00ednea<\/a><\/p><\/div>\n<p>&nbsp;<\/p>\n<p><b><i><span data-contrast=\"auto\">20<\/span><\/i><\/b><b><i><span data-contrast=\"auto\">\/<\/span><\/i><\/b><b><i><span data-contrast=\"auto\">10<\/span><\/i><\/b><b><i><span data-contrast=\"auto\">\/2020<\/span><\/i><\/b><b><i><span data-contrast=\"auto\">,<\/span><\/i><\/b><b><i><span data-contrast=\"auto\">\u00a0<\/span><\/i><\/b><b><i><span data-contrast=\"auto\">Xalapa,\u00a0<\/span><\/i><\/b><b><i><span data-contrast=\"auto\">Ver<\/span><\/i><\/b><b><i><span data-contrast=\"auto\">.-<\/span><\/i><\/b><span data-contrast=\"auto\">\u00a0<\/span><span data-contrast=\"auto\">El\u00a0<\/span><a href=\"https:\/\/www.uv.mx\/cecda\/\" target=\"_blank\" rel=\"noopener noreferrer\"><span data-contrast=\"auto\">Centro de Estudios, Creaci\u00f3n y Documentaci\u00f3n de las Artes<\/span><\/a><span data-contrast=\"auto\">\u00a0(CECDA) de la\u00a0<\/span><span data-contrast=\"auto\">U<\/span><span data-contrast=\"auto\">niversidad Veracruzana<\/span><span data-contrast=\"auto\">\u00a0(UV)<\/span><span data-contrast=\"auto\">\u00a0anunci\u00f3<\/span><span data-contrast=\"auto\">, a trav\u00e9s de su Departamento de Vinculaci\u00f3n y Difusi\u00f3n, el\u00a0<\/span><span data-contrast=\"auto\">F<\/span><span data-contrast=\"auto\">oro\u00a0<\/span><span data-contrast=\"auto\">\u201cArtes en emergencia\u201d,\u00a0<\/span><span data-contrast=\"auto\">que se realizar\u00e1 los d\u00edas 2<\/span><span data-contrast=\"auto\">1 y\u00a0<\/span><span data-contrast=\"auto\">28 de octubre, y 4 de noviembre.<\/span><span data-ccp-props=\"{&quot;134233279&quot;:true,&quot;335559685&quot;:720}\">\u00a0<\/span><\/p>\n<p><span data-contrast=\"auto\">Ver\u00f3nica Herrera<\/span><span data-contrast=\"auto\">, responsable de\u00a0<\/span><span data-contrast=\"auto\">Vinculaci\u00f3n y Difusi\u00f3n<\/span><span data-contrast=\"auto\">, indic\u00f3<\/span><span data-contrast=\"auto\">\u00a0que\u00a0<\/span><span data-contrast=\"auto\">el<\/span><span data-contrast=\"auto\">\u00a0foro se\u00a0<\/span><span data-contrast=\"auto\">llevar\u00e1 a cabo<\/span><span data-contrast=\"auto\">\u00a0como respuesta al llamado\u00a0<\/span><span data-contrast=\"auto\">d<\/span><span data-contrast=\"auto\">el pasado 11 de marzo por la Organizaci\u00f3n Mundial de la Salud, en que se informaba de manera oficial que el\u00a0<\/span><span data-contrast=\"auto\">mundo se encontraba ante una pandemia\u00a0<\/span><span data-contrast=\"auto\">de enormes proporciones detonada por\u00a0<\/span><span data-contrast=\"auto\">un\u00a0<\/span><span data-contrast=\"auto\">nuevo\u00a0<\/span><span data-contrast=\"auto\">virus<\/span><span data-contrast=\"auto\">.<\/span><span data-ccp-props=\"{&quot;134233279&quot;:true,&quot;335559685&quot;:720,&quot;335559731&quot;:708}\">\u00a0<\/span><\/p>\n<p><span data-contrast=\"auto\">La noticia, m\u00e1s all\u00e1 de ser una alerta sanitaria, desemboc\u00f3 en significativas modificaciones de la vida cotidiana<\/span><span data-contrast=\"auto\">\u00a0y<\/span><span data-contrast=\"auto\">\u00a0de la normalidad a la que est\u00e1bamos habituados. El distanciamiento social para prevenir la propagaci\u00f3n del virus<\/span><span data-contrast=\"auto\">\u00a0y<\/span><span data-contrast=\"auto\">\u00a0las recomendaciones para usar equipo protector en las interacciones humanas, poco a poco construye<\/span><span data-contrast=\"auto\">ro<\/span><span data-contrast=\"auto\">n una \u201cnueva normalidad\u201d<\/span><span data-contrast=\"auto\">. Los desaf\u00edos organizativos y de interacci\u00f3n propiciados por el surgimiento de este virus se han hecho patentes en todos los \u00e1mbitos del quehacer cotidiano<\/span><span data-contrast=\"auto\">, destac\u00f3 la entrevistada.<\/span><span data-ccp-props=\"{&quot;134233279&quot;:true,&quot;335559685&quot;:720,&quot;335559731&quot;:708}\">\u00a0<\/span><\/p>\n<p><span data-contrast=\"auto\">\u201c<\/span><span data-contrast=\"auto\">Las artes, por supuesto, tambi\u00e9n se han resentido<\/span><span data-contrast=\"auto\">,<\/span><span data-contrast=\"auto\">\u00a0<\/span><span data-contrast=\"auto\">es<\/span><span data-contrast=\"auto\">pecialmente aquellas que para existir, e incluso para emerger, requieren de la convivencia en la escena, la producci\u00f3n, la promoci\u00f3n, la relaci\u00f3n con los espectadores<\/span><span data-contrast=\"auto\">\u201d<\/span><span data-contrast=\"auto\">.<\/span><span data-ccp-props=\"{&quot;134233279&quot;:true,&quot;335559685&quot;:720,&quot;335559731&quot;:708}\">\u00a0<\/span><\/p>\n<p><span data-contrast=\"auto\">A siete meses de la declaraci\u00f3n de la pandemia, el\u00a0<\/span><span data-contrast=\"auto\">F<\/span><span data-contrast=\"auto\">oro<\/span><span data-contrast=\"auto\">\u00a0\u201c<\/span><span data-contrast=\"auto\">Artes en\u00a0<\/span><span data-contrast=\"auto\">e<\/span><span data-contrast=\"auto\">mergencia\u201d busca identificar, reflexionar y cuestionar sobre los modos y caminos que en este momento hacen posible la presencia de la vida art\u00edstica, siempre tan necesaria, tan deseada en tiempos que orillan al aislamiento social.<\/span><span data-ccp-props=\"{&quot;134233279&quot;:true,&quot;335559685&quot;:720,&quot;335559731&quot;:708}\">\u00a0<\/span><\/p>\n<p><span data-contrast=\"auto\">\u201c<\/span><span data-contrast=\"auto\">Con una intenci\u00f3n polis\u00e9mica, a trav\u00e9s de di\u00e1logos multidisciplinares que integran voces provenientes tanto de la pr\u00e1ctica art\u00edstica como de la producci\u00f3n y la academia, este foro versa en torno\u00a0<\/span><span data-contrast=\"auto\">a lo que sucede en la actividad y los procesos art\u00edsticos en este extraordinario trance de la vida en el siglo XXI<\/span><span data-contrast=\"auto\">.<\/span><span data-contrast=\"auto\">\u201d<\/span><span data-ccp-props=\"{&quot;134233279&quot;:true,&quot;335559685&quot;:720,&quot;335559731&quot;:708}\">\u00a0<\/span><\/p>\n<p><span data-contrast=\"auto\">Para reflexionar sobre c\u00f3<\/span><span data-contrast=\"auto\">mo las artes desde sus distintos escenarios han respondido a la contingencia sanitaria de<\/span><span data-contrast=\"auto\">\u00a0<\/span><span data-contrast=\"auto\">l<\/span><span data-contrast=\"auto\">a<\/span><span data-contrast=\"auto\">\u00a0<\/span><span data-contrast=\"auto\">Covid<\/span><span data-contrast=\"auto\">-19, se dialogar\u00e1\u00a0<\/span><span data-contrast=\"auto\">acerca de<\/span><span data-contrast=\"auto\">:<\/span><span data-contrast=\"auto\">\u00a0<\/span><span data-contrast=\"auto\">\u00bf<\/span><span data-contrast=\"auto\">c<\/span><span data-contrast=\"auto\">u\u00e1les son las posibilidades y los l\u00edmites espaciales de experimentar, apreciar e interactuar de las artes mediadas por la tecnolog\u00eda y con obligaci\u00f3n de mantener distanciamiento social?<\/span><span data-contrast=\"auto\">;\u00a0<\/span><span data-contrast=\"auto\">\u00bf<\/span><span data-contrast=\"auto\">q<\/span><span data-contrast=\"auto\">u\u00e9 nuevas expresiones art\u00edsticas, o forma de aproximarse a la creaci\u00f3n, han emergido o se han potenciado en esta situaci\u00f3n de contingencia?<\/span><span data-contrast=\"auto\">;\u00a0<\/span><span data-contrast=\"auto\">\u00bf<\/span><span data-contrast=\"auto\">q<\/span><span data-contrast=\"auto\">u\u00e9 impacto ha tenido la pandemia en la producci\u00f3n y gesti\u00f3n de las artes, para las organizaciones independientes como institucionales?<\/span><span data-contrast=\"auto\">;\u00a0<\/span><span data-contrast=\"auto\">\u00bf<\/span><span data-contrast=\"auto\">q<\/span><span data-contrast=\"auto\">u\u00e9 horizontes hay que considerar para las pol\u00edticas culturales por venir?<\/span><span data-contrast=\"auto\">, y \u00bfq<\/span><span data-contrast=\"auto\">u\u00e9 horizontes se vislumbran para la docencia de las artes en situaci\u00f3n de contingencia sanitaria?<\/span><span data-ccp-props=\"{&quot;134233279&quot;:true,&quot;335559685&quot;:720,&quot;335559731&quot;:708}\">\u00a0<\/span><\/p>\n<p><span data-contrast=\"auto\">El di\u00e1logo se realizar\u00e1 en\u00a0<\/span><span data-contrast=\"auto\">seis<\/span><span data-contrast=\"auto\">\u00a0sesiones\u00a0<\/span><span data-contrast=\"auto\">durante los d\u00edas indicados,\u00a0<\/span><span data-contrast=\"auto\">a las\u00a0<\/span><span data-contrast=\"auto\">11:00 y 18:00 horas<\/span><span data-contrast=\"auto\">,\u00a0<\/span><span data-contrast=\"auto\">salvo el d\u00eda de la inauguraci\u00f3n\u00a0<\/span><span data-contrast=\"auto\">(<\/span><span data-contrast=\"auto\">21\u00a0<\/span><span data-contrast=\"auto\">de octubre a las\u00a0<\/span><span data-contrast=\"auto\">10:30<\/span><span data-contrast=\"auto\">) y<\/span><span data-contrast=\"auto\">\u00a0<\/span><span data-contrast=\"auto\">el de clausura<\/span><span data-contrast=\"auto\">\u00a0<\/span><span data-contrast=\"auto\">(<\/span><span data-contrast=\"auto\">4 de nov<\/span><span data-contrast=\"auto\">iembre a las\u00a0<\/span><span data-contrast=\"auto\">17:30<\/span><span data-contrast=\"auto\">)<\/span><span data-contrast=\"auto\">.<\/span><span data-ccp-props=\"{&quot;134233279&quot;:true,&quot;335559685&quot;:720,&quot;335559731&quot;:708}\">\u00a0<\/span><\/p>\n<p><span data-contrast=\"auto\">Con la asistencia de especialistas nacionales y extranjeros,\u00a0<\/span><span data-contrast=\"auto\">se pretende dialogar sobre el panorama de las artes ante esta emergencia.<\/span><span data-contrast=\"auto\">\u00a0<\/span><span data-contrast=\"auto\">Cualquier interesado podr\u00e1 participar de manera abierta previo registro<\/span><span data-contrast=\"auto\">\u00a0en el siguiente v\u00ednculo<\/span><span data-contrast=\"auto\">\u00a0<\/span><a href=\"https:\/\/uveracruzana.zoom.us\/meeting\/register\/tZEsd-6tpzgjHNBFrH1x5qoImATlaabpeRx2\"><span data-contrast=\"none\">https:\/\/uveracruzana.zoom.us\/meeting\/register\/tZEsd-6tpzgjHNBFrH1x5qoImATlaab<\/span><span data-contrast=\"none\">p<\/span><span data-contrast=\"none\">eRx2<\/span><\/a><span data-contrast=\"auto\">.<\/span><span data-contrast=\"auto\">\u00a0<\/span><span data-ccp-props=\"{&quot;134233279&quot;:true,&quot;335559685&quot;:720,&quot;335559731&quot;:708}\">\u00a0<\/span><\/p>\n<p><span data-contrast=\"auto\">Tambi\u00e9n habr\u00e1 l<\/span><span data-contrast=\"auto\">ibre acceso por\u00a0<\/span><i><span data-contrast=\"auto\">Facebook Live<\/span><\/i><span data-contrast=\"auto\">\u00a0<\/span><span data-contrast=\"auto\">en la cuenta del\u00a0<\/span><span data-contrast=\"auto\">Centro de Estudios,<\/span><span data-contrast=\"auto\">\u00a0<\/span><span data-contrast=\"auto\">Creaci\u00f3n y Documentaci\u00f3n de las Artes.<\/span><span data-contrast=\"auto\">\u00a0<\/span><span data-contrast=\"auto\">El programa\u00a0<\/span><span data-contrast=\"auto\">detallado\u00a0<\/span><span data-contrast=\"auto\">puede consultarse en la p\u00e1gina\u00a0<\/span><a href=\"http:\/\/www.uv.mx\/cecda\"><span data-contrast=\"none\">www.uv.mx\/cecda<\/span><\/a><span data-contrast=\"auto\">.<\/span><span data-ccp-props=\"{&quot;134233279&quot;:true,&quot;335559685&quot;:720,&quot;335559731&quot;:708}\">\u00a0<\/span><\/p>\n<p>&nbsp;<\/p>\n","protected":false},"excerpt":{"rendered":"<p><a href=\"https:\/\/uveracruzana.zoom.us\/meeting\/register\/tZEsd-6tpzgjHNBFrH1x5qoImATlaabpeRx2\" target=\"_blank\" rel=\"noopener noreferrer\">El registro se realiza en l\u00ednea<\/a><\/p>\n","protected":false},"author":1775,"featured_media":88844,"comment_status":"closed","ping_status":"closed","sticky":false,"template":"","format":"standard","meta":[],"categories":[47,61],"tags":[],"_links":{"self":[{"href":"https:\/\/www.uv.mx\/prensa\/wp-json\/wp\/v2\/posts\/88842"}],"collection":[{"href":"https:\/\/www.uv.mx\/prensa\/wp-json\/wp\/v2\/posts"}],"about":[{"href":"https:\/\/www.uv.mx\/prensa\/wp-json\/wp\/v2\/types\/post"}],"author":[{"embeddable":true,"href":"https:\/\/www.uv.mx\/prensa\/wp-json\/wp\/v2\/users\/1775"}],"replies":[{"embeddable":true,"href":"https:\/\/www.uv.mx\/prensa\/wp-json\/wp\/v2\/comments?post=88842"}],"version-history":[{"count":1,"href":"https:\/\/www.uv.mx\/prensa\/wp-json\/wp\/v2\/posts\/88842\/revisions"}],"predecessor-version":[{"id":88931,"href":"https:\/\/www.uv.mx\/prensa\/wp-json\/wp\/v2\/posts\/88842\/revisions\/88931"}],"wp:featuredmedia":[{"embeddable":true,"href":"https:\/\/www.uv.mx\/prensa\/wp-json\/wp\/v2\/media\/88844"}],"wp:attachment":[{"href":"https:\/\/www.uv.mx\/prensa\/wp-json\/wp\/v2\/media?parent=88842"}],"wp:term":[{"taxonomy":"category","embeddable":true,"href":"https:\/\/www.uv.mx\/prensa\/wp-json\/wp\/v2\/categories?post=88842"},{"taxonomy":"post_tag","embeddable":true,"href":"https:\/\/www.uv.mx\/prensa\/wp-json\/wp\/v2\/tags?post=88842"}],"curies":[{"name":"wp","href":"https:\/\/api.w.org\/{rel}","templated":true}]}}