{"id":89026,"date":"2020-10-23T10:42:05","date_gmt":"2020-10-23T15:42:05","guid":{"rendered":"https:\/\/www.uv.mx\/prensa\/?p=89026"},"modified":"2020-10-23T14:54:29","modified_gmt":"2020-10-23T19:54:29","slug":"participacion-record-en-el-torneo-de-ajedrez-jaque-mate-al-cancer-de-mama","status":"publish","type":"post","link":"https:\/\/www.uv.mx\/prensa\/deportes\/participacion-record-en-el-torneo-de-ajedrez-jaque-mate-al-cancer-de-mama\/","title":{"rendered":"Participaci\u00f3n r\u00e9cord en el Torneo de Ajedrez \u201cJaque mate al c\u00e1ncer de mama\u201d"},"content":{"rendered":"<ul>\n<li data-leveltext=\"\uf0b7\" data-font=\"Symbol\" data-listid=\"1\" data-aria-posinset=\"1\" data-aria-level=\"1\"><i><span data-contrast=\"auto\">Fueron 77 competidores, con triunfo de Yes<\/span><\/i><i><span data-contrast=\"auto\">h<\/span><\/i><i><span data-contrast=\"auto\">ua Leonel M\u00e9ndez, de la regi\u00f3n\u00a0<\/span><\/i><i><span data-contrast=\"auto\">Xalapa<\/span><\/i><span data-ccp-props=\"{&quot;201341983&quot;:0,&quot;335559739&quot;:0,&quot;335559740&quot;:240}\">\u00a0<\/span><\/li>\n<\/ul>\n<p><span data-ccp-props=\"{&quot;201341983&quot;:0,&quot;335559739&quot;:0,&quot;335559740&quot;:240}\">\u00a0<\/span><\/p>\n<div id=\"attachment_89027\" style=\"width: 550px\" class=\"wp-caption aligncenter\"><a href=\"https:\/\/www.uv.mx\/prensa\/files\/2020\/10\/231020-ajedrez-100k.jpg\"><img aria-describedby=\"caption-attachment-89027\" decoding=\"async\" loading=\"lazy\" class=\"size-full wp-image-89027\" src=\"https:\/\/www.uv.mx\/prensa\/files\/2020\/10\/231020-ajedrez-100k.jpg\" alt=\"El certamen se realiz\u00f3 en l\u00ednea\" width=\"540\" height=\"540\" srcset=\"https:\/\/www.uv.mx\/prensa\/files\/2020\/10\/231020-ajedrez-100k.jpg 540w, https:\/\/www.uv.mx\/prensa\/files\/2020\/10\/231020-ajedrez-100k-300x300.jpg 300w, https:\/\/www.uv.mx\/prensa\/files\/2020\/10\/231020-ajedrez-100k-150x150.jpg 150w, https:\/\/www.uv.mx\/prensa\/files\/2020\/10\/231020-ajedrez-100k-120x120.jpg 120w, https:\/\/www.uv.mx\/prensa\/files\/2020\/10\/231020-ajedrez-100k-360x360.jpg 360w\" sizes=\"(max-width: 540px) 100vw, 540px\" \/><\/a><p id=\"caption-attachment-89027\" class=\"wp-caption-text\">El certamen se realiz\u00f3 en l\u00ednea<\/p><\/div>\n<p>&nbsp;<\/p>\n<p><b><i><span data-contrast=\"auto\">Santiago Morales Ortiz<\/span><\/i><\/b><span data-ccp-props=\"{&quot;201341983&quot;:0,&quot;335559739&quot;:0,&quot;335559740&quot;:240}\">\u00a0<\/span><\/p>\n<p><b><i><span data-contrast=\"auto\">2<\/span><\/i><\/b><b><i><span data-contrast=\"auto\">3<\/span><\/i><\/b><b><i><span data-contrast=\"auto\">\/10\/20<\/span><\/i><\/b><b><i><span data-contrast=\"auto\">20,<\/span><\/i><\/b><b><i><span data-contrast=\"auto\">\u00a0<\/span><\/i><\/b><b><i><span data-contrast=\"auto\">Xalapa,\u00a0<\/span><\/i><\/b><b><i><span data-contrast=\"auto\">Ver.-<\/span><\/i><\/b><span data-contrast=\"auto\">\u00a0Con \u00e9xito y r\u00e9<\/span><span data-contrast=\"auto\">cord de participaci\u00f3n se llev\u00f3 a cabo el Torneo de Ajedrez\u00a0<\/span><i><span data-contrast=\"auto\">Online<\/span><\/i><span data-contrast=\"auto\">\u00a0\u201cJaque m<\/span><span data-contrast=\"auto\">ate al\u00a0<\/span><span data-contrast=\"auto\">c<\/span><span data-contrast=\"auto\">\u00e1ncer de\u00a0<\/span><span data-contrast=\"auto\">m<\/span><span data-contrast=\"auto\">ama\u201d, donde el campe\u00f3n fue el alumno Yes<\/span><span data-contrast=\"auto\">h<\/span><span data-contrast=\"auto\">ua Leonel M\u00e9ndez, de la regi\u00f3n Xalapa de la Universidad Veracruzana<\/span><span data-contrast=\"auto\">\u00a0(UV)<\/span><span data-contrast=\"auto\">.<\/span><span data-ccp-props=\"{&quot;201341983&quot;:0,&quot;335559739&quot;:0,&quot;335559740&quot;:240}\">\u00a0<\/span><\/p>\n<p><span data-contrast=\"auto\">Fueron 77 los estudiantes participantes de las diferentes regiones de la UV, en el torneo organizado por la <a href=\"https:\/\/www.uv.mx\/daduv\/\" target=\"_blank\" rel=\"noopener noreferrer\">Direcci\u00f3n de Actividades Deportivas<\/a> (DADUV), a trav\u00e9s de la rama de aje<\/span><span data-contrast=\"auto\">drez, que coordina el profesor \u00d3<\/span><span data-contrast=\"auto\">scar Campos Segura.<\/span><span data-ccp-props=\"{&quot;201341983&quot;:0,&quot;335559731&quot;:708,&quot;335559739&quot;:0,&quot;335559740&quot;:240}\">\u00a0<\/span><\/p>\n<p><span data-contrast=\"auto\">El segundo lugar fue para Eliud Reyes Cano, de la regi\u00f3n Orizaba-C\u00f3rdoba, en tanto que el tercer lugar fue para\u00a0Alistair\u00a0Mellado Hern\u00e1ndez, de la regi\u00f3n Xalapa.<\/span><span data-ccp-props=\"{&quot;201341983&quot;:0,&quot;335559731&quot;:708,&quot;335559739&quot;:0,&quot;335559740&quot;:240}\">\u00a0<\/span><\/p>\n<p><span data-contrast=\"auto\">Campos Segura<\/span><span data-contrast=\"auto\">\u00a0se\u00f1al\u00f3 que fue un torneo de alto nivel competitivo, que tuvo una excelente respuesta con 398 partidas, con 26<\/span><span data-contrast=\"auto\">\u00a0mil\u00a0<\/span><span data-contrast=\"auto\">301 movimientos para una p<\/span><span data-contrast=\"auto\">untuaci\u00f3n promedio de mil\u00a0<\/span><span data-contrast=\"auto\">461<\/span><span data-contrast=\"auto\">.<\/span><span data-ccp-props=\"{&quot;201341983&quot;:0,&quot;335559731&quot;:708,&quot;335559739&quot;:0,&quot;335559740&quot;:240}\">\u00a0<\/span><\/p>\n<p><span data-contrast=\"auto\">Agreg\u00f3 que el principal objetivo fue concien<\/span><span data-contrast=\"auto\">c<\/span><span data-contrast=\"auto\">iar a la poblaci\u00f3n en general sobre el grave problema que significa el c\u00e1ncer de mama, exhortando a todas las mujeres para que acudan a su revisi\u00f3n y prevengan la enfermedad a tiempo.<\/span><span data-ccp-props=\"{&quot;201341983&quot;:0,&quot;335559731&quot;:708,&quot;335559739&quot;:0,&quot;335559740&quot;:240}\">\u00a0<\/span><\/p>\n","protected":false},"excerpt":{"rendered":"<p>Participaron 77 alumnos de las cinco regiones de la UV; el campe\u00f3n es Yeshua Leonel M\u00e9ndez<\/p>\n","protected":false},"author":1775,"featured_media":89027,"comment_status":"closed","ping_status":"closed","sticky":false,"template":"","format":"standard","meta":[],"categories":[12],"tags":[],"_links":{"self":[{"href":"https:\/\/www.uv.mx\/prensa\/wp-json\/wp\/v2\/posts\/89026"}],"collection":[{"href":"https:\/\/www.uv.mx\/prensa\/wp-json\/wp\/v2\/posts"}],"about":[{"href":"https:\/\/www.uv.mx\/prensa\/wp-json\/wp\/v2\/types\/post"}],"author":[{"embeddable":true,"href":"https:\/\/www.uv.mx\/prensa\/wp-json\/wp\/v2\/users\/1775"}],"replies":[{"embeddable":true,"href":"https:\/\/www.uv.mx\/prensa\/wp-json\/wp\/v2\/comments?post=89026"}],"version-history":[{"count":1,"href":"https:\/\/www.uv.mx\/prensa\/wp-json\/wp\/v2\/posts\/89026\/revisions"}],"predecessor-version":[{"id":89038,"href":"https:\/\/www.uv.mx\/prensa\/wp-json\/wp\/v2\/posts\/89026\/revisions\/89038"}],"wp:featuredmedia":[{"embeddable":true,"href":"https:\/\/www.uv.mx\/prensa\/wp-json\/wp\/v2\/media\/89027"}],"wp:attachment":[{"href":"https:\/\/www.uv.mx\/prensa\/wp-json\/wp\/v2\/media?parent=89026"}],"wp:term":[{"taxonomy":"category","embeddable":true,"href":"https:\/\/www.uv.mx\/prensa\/wp-json\/wp\/v2\/categories?post=89026"},{"taxonomy":"post_tag","embeddable":true,"href":"https:\/\/www.uv.mx\/prensa\/wp-json\/wp\/v2\/tags?post=89026"}],"curies":[{"name":"wp","href":"https:\/\/api.w.org\/{rel}","templated":true}]}}