{"id":89049,"date":"2020-10-24T08:00:08","date_gmt":"2020-10-24T13:00:08","guid":{"rendered":"https:\/\/www.uv.mx\/prensa\/?p=89049"},"modified":"2020-10-28T17:23:25","modified_gmt":"2020-10-28T23:23:25","slug":"epidemiologia-depende-mucho-de-la-estadistica-academico-de-costa-rica","status":"publish","type":"post","link":"https:\/\/www.uv.mx\/prensa\/general\/epidemiologia-depende-mucho-de-la-estadistica-academico-de-costa-rica\/","title":{"rendered":"Epidemiolog\u00eda depende mucho de la estad\u00edstica: acad\u00e9mico de Costa Rica\u00a0"},"content":{"rendered":"<ul>\n<li data-leveltext=\"\uf0b7\" data-font=\"Symbol\" data-listid=\"1\" data-aria-posinset=\"1\" data-aria-level=\"1\"><i><span data-contrast=\"auto\">Juan Jos\u00e9 Romero Z\u00fa\u00f1iga<\/span><\/i><i><span data-contrast=\"auto\">, de<\/span><\/i> <i><span data-contrast=\"auto\">la Universidad Nacional<\/span><\/i><i><span data-contrast=\"auto\"> de ese pa\u00eds, <\/span><\/i><i><span data-contrast=\"auto\">p<\/span><\/i><i><span data-contrast=\"auto\">articip\u00f3 en <\/span><\/i><i><span data-contrast=\"auto\">el D\u00eda Mundial de la Estad\u00edstica, organizado por la UV<\/span><\/i><span data-ccp-props=\"{&quot;134233279&quot;:true,&quot;335551550&quot;:1,&quot;335551620&quot;:1,&quot;335559685&quot;:720,&quot;335559737&quot;:0,&quot;335559740&quot;:259,&quot;335559991&quot;:360}\">\u00a0<\/span><\/li>\n<\/ul>\n<p><span data-ccp-props=\"{&quot;335551550&quot;:1,&quot;335551620&quot;:1,&quot;335559685&quot;:360,&quot;335559740&quot;:259}\">\u00a0<\/span><\/p>\n<div id=\"attachment_89050\" style=\"width: 732px\" class=\"wp-caption aligncenter\"><a href=\"https:\/\/www.uv.mx\/prensa\/files\/2020\/10\/211020-KARINA-Covid-en-Costa-Rica.jpg\"><img aria-describedby=\"caption-attachment-89050\" decoding=\"async\" loading=\"lazy\" class=\"size-full wp-image-89050\" src=\"https:\/\/www.uv.mx\/prensa\/files\/2020\/10\/211020-KARINA-Covid-en-Costa-Rica.jpg\" alt=\"\" width=\"722\" height=\"306\" srcset=\"https:\/\/www.uv.mx\/prensa\/files\/2020\/10\/211020-KARINA-Covid-en-Costa-Rica.jpg 722w, https:\/\/www.uv.mx\/prensa\/files\/2020\/10\/211020-KARINA-Covid-en-Costa-Rica-300x127.jpg 300w\" sizes=\"(max-width: 722px) 100vw, 722px\" \/><\/a><p id=\"caption-attachment-89050\" class=\"wp-caption-text\">\u201cLa epidemiolog\u00eda es una disciplina cient\u00edfica con alt\u00edsima dependencia de la estad\u00edstica\u201d<\/p><\/div>\n<p><span data-ccp-props=\"{}\">\u00a0<\/span><\/p>\n<p><b><i><span data-contrast=\"auto\">Karina de la Paz Reyes D\u00edaz<\/span><\/i><\/b><span data-ccp-props=\"{}\">\u00a0<\/span><\/p>\n<p><b><i><span data-contrast=\"auto\">2<\/span><\/i><\/b><b><i><span data-contrast=\"auto\">4<\/span><\/i><\/b><b><i><span data-contrast=\"auto\">\/10\/2020, Xalapa, Ver.-<\/span><\/i><\/b> <span data-contrast=\"auto\">Para <\/span><span data-contrast=\"auto\">Juan Jos\u00e9 Romero Z\u00fa\u00f1iga, de la Facultad de Ciencias de la Salud de la Universidad Nacional de Costa Rica<\/span><span data-contrast=\"auto\"> (UN<\/span><span data-contrast=\"auto\">CR)<\/span><span data-contrast=\"auto\">, son urgentes y necesarios mejores y mayores datos que posibiliten la inteligencia epidemiol\u00f3gica<\/span><span data-contrast=\"auto\">, en el <\/span><span data-contrast=\"auto\">contexto de la <\/span><span data-contrast=\"auto\">pandemia por Covid-19<\/span><span data-contrast=\"auto\">.<\/span><span data-ccp-props=\"{}\">\u00a0<\/span><\/p>\n<p><span data-contrast=\"auto\">\u201cLa epidemiolog\u00eda es pr\u00e1cticamente transversal a todos los elementos de nuestra vida, como lo es la estad\u00edstica; de hecho, la epidemiolog\u00eda es una disciplina cient\u00edfica con alt\u00edsima dependencia de la estad\u00edstica\u201d, dijo el investigador.\u00a0<\/span><span data-ccp-props=\"{&quot;335559731&quot;:708}\">\u00a0<\/span><\/p>\n<p><span data-contrast=\"auto\">As\u00ed lo expres\u00f3<\/span><span data-contrast=\"auto\"> a<\/span><span data-contrast=\"auto\">l participar en el D\u00eda Mundial de la Estad\u00edstica, <\/span><span data-contrast=\"auto\">celebrado por estudiantes, acad\u00e9micos e investigadores de la Especializaci\u00f3n en M\u00e9todos Estad\u00edsticos, la Especializaci\u00f3n en Estudios de Opini\u00f3n y la <a href=\"https:\/\/www.uv.mx\/fei\/\" target=\"_blank\" rel=\"noopener noreferrer\">Facultad de Estad\u00edstica e Inform\u00e1tica<\/a> de la Universidad Veracruzana (UV)<\/span><span data-contrast=\"auto\"> el 20 de octubre.<\/span><span data-ccp-props=\"{&quot;335559731&quot;:708}\">\u00a0<\/span><\/p>\n<p><span data-contrast=\"auto\">La pen\u00faltima actividad<\/span><span data-contrast=\"auto\"> virtual de este ejercicio fue<\/span><span data-contrast=\"auto\"> la conferencia \u201cEl valor de los datos en el an\u00e1lisis de la situaci\u00f3n de<\/span> <span data-contrast=\"auto\">Covid-19, en Costa Rica\u201d, a cargo de Juan Jos\u00e9 Romero<\/span><span data-contrast=\"auto\">, quien dijo que en <\/span><span data-contrast=\"auto\">el caso de <\/span><span data-contrast=\"auto\">su pa\u00eds <\/span><span data-contrast=\"auto\">el sistema pre-epidemia <\/span><span data-contrast=\"auto\">no fue suficiente en la epidemia<\/span><span data-contrast=\"auto\"> y<\/span><span data-contrast=\"auto\"> no se <\/span><span data-contrast=\"auto\">aprovech\u00f3<\/span><span data-contrast=\"auto\"> el tiempo para hacer adaptaciones m\u00ednimas <\/span><span data-contrast=\"auto\">necesarias.<\/span><span data-ccp-props=\"{&quot;335559731&quot;:708}\">\u00a0<\/span><\/p>\n<p><span data-contrast=\"auto\">De acuerdo con \u00e9l, la incapacidad produjo importantes dificultades en la gesti\u00f3n de la informaci\u00f3n y de la log\u00edstica, con relevantes efectos en diversos \u00e1mbitos de sectores del gobierno<\/span><span data-contrast=\"auto\"> \u2013<\/span><span data-contrast=\"auto\">planificaci\u00f3n, econ\u00f3micas, f\u00edsicas y psicol\u00f3gicas en el persona<\/span><span data-contrast=\"auto\">l<\/span><span data-contrast=\"auto\"> del sistema de salud.<\/span><span data-ccp-props=\"{}\">\u00a0<\/span><\/p>\n<p><span data-contrast=\"auto\">Su investigaci\u00f3n la fundament\u00f3 en el aforismo de J.J. Romero-Z\u00fa\u00f1iga <\/span><span data-contrast=\"auto\">\u201cEl dato es el dato\u201d<\/span><span data-contrast=\"auto\">, en el sentido de que no puede ser sustituido por <\/span><span data-contrast=\"auto\">ning\u00fan otro<\/span><span data-contrast=\"auto\">. De \u00e9l, tambi\u00e9n cit\u00f3 y explic\u00f3 con creces uno m\u00e1s: \u201cMejor decidir por corazonada que con datos espurios\u201d.<\/span><span data-ccp-props=\"{}\">\u00a0<\/span><\/p>\n<p><span data-contrast=\"auto\">Habl\u00f3 de la inteligencia epidemiol\u00f3gica<\/span><span data-contrast=\"auto\"> y su importancia<\/span><span data-contrast=\"auto\">; <\/span><span data-contrast=\"auto\">del estado actual de la epidemia por Covid-19 en Costa Rica<\/span><span data-contrast=\"auto\"> (97 mil 75 casos, mil 204 <\/span><span data-contrast=\"auto\">muertes y <\/span><span data-contrast=\"auto\">59 mil <\/span><span data-contrast=\"auto\">580 recuperados al 19 de octubre)<\/span><span data-contrast=\"auto\">; de las dos fases que identi<\/span><span data-contrast=\"auto\">fica, <\/span><span data-contrast=\"auto\">\u201c<\/span><span data-contrast=\"auto\">las dos realidades con los datos<\/span><span data-contrast=\"auto\">\u201d<\/span><span data-contrast=\"auto\">, pues por un lado se dio una vigilancia pasiva-reactiva<\/span><span data-contrast=\"auto\"> en toda la epidemia (una vez que un<\/span><span data-contrast=\"auto\">a<\/span><span data-contrast=\"auto\"> persona <\/span><span data-contrast=\"auto\">que daba positivo a la prueba, se proced\u00eda a identificar con qui\u00e9nes hab\u00eda convivido, co<\/span><span data-contrast=\"auto\">mo<\/span><span data-contrast=\"auto\"> posibles contagiados)<\/span><span data-contrast=\"auto\">; y por otro<\/span><span data-contrast=\"auto\">,<\/span><span data-contrast=\"auto\"> la vigilancia activa<\/span><span data-contrast=\"auto\"> a partir del final de la primera fase e inicio de la segunda<\/span><span data-contrast=\"auto\"> (<\/span><span data-contrast=\"auto\">que <\/span><span data-contrast=\"auto\">consisti\u00f3 en que <\/span><span data-contrast=\"auto\">desde el sistema de salud se <\/span><span data-contrast=\"auto\">fue<\/span><span data-contrast=\"auto\">ra<\/span><span data-contrast=\"auto\"> directo a la b\u00fasqueda de personas contagiadas<\/span><span data-contrast=\"auto\">)<\/span><span data-contrast=\"auto\">.<\/span><span data-ccp-props=\"{}\">\u00a0<\/span><\/p>\n<p><span data-contrast=\"auto\">El especialista tambi\u00e9n habl\u00f3 <\/span><span data-contrast=\"auto\">de los e<\/span><span data-contrast=\"auto\">lementos<\/span><span data-contrast=\"auto\"> negativos <\/span><span data-contrast=\"auto\">que ha identificado en <\/span><span data-contrast=\"auto\">Costa Rica<\/span><span data-contrast=\"auto\">: <\/span><span data-contrast=\"auto\">u<\/span><span data-contrast=\"auto\">n sistema de vigilancia pasivo por mucho tiempo en <\/span><span data-contrast=\"auto\">buena parte d<\/span><span data-contrast=\"auto\">el territorio nacional, lo cual no ha permitido tener una mejor idea de la cantidad <\/span><span data-contrast=\"auto\">y<\/span><span data-contrast=\"auto\"> las caracter\u00edsticas de los <\/span><span data-contrast=\"auto\">cas<\/span><span data-contrast=\"auto\">os<\/span><span data-contrast=\"auto\">; as\u00ed como problemas de capacidad de gesti\u00f3n de las muestras de sangre diarias por parte de los laboratorios oficiale<\/span><span data-contrast=\"auto\">s, es decir, rezago de d\u00edas en <\/span><span data-contrast=\"auto\">los reportes de los resultados.<\/span><span data-ccp-props=\"{&quot;335559731&quot;:708}\">\u00a0<\/span><\/p>\n<p><span data-contrast=\"auto\">Ello, dijo, afecta la construcci\u00f3n de <\/span><span data-contrast=\"auto\">estad\u00edsticas b\u00e1sicas para la toma de decisiones<\/span><span data-contrast=\"auto\"> y ofrece datos espurios par<\/span><span data-contrast=\"auto\">a hacer modelos y proyecciones.<\/span><span data-ccp-props=\"{}\">\u00a0<\/span><\/p>\n<p><span data-contrast=\"auto\">Adem\u00e1<\/span><span data-contrast=\"auto\">s, los entes oficiales han persistido en la presentaci\u00f3n de datos no estrictamente <\/span><span data-contrast=\"auto\">ajustados de la realidad; no ha habido claridad ni sinceridad en la debilidad de los datos<\/span><span data-contrast=\"auto\">, tanto en su origen como en su an\u00e1lisis<\/span><span data-contrast=\"auto\">. Es m\u00e1s, \u201chan inducido a que la prensa reproduzca datos alejados de la realidad o, en el mejor de los casos<\/span><span data-contrast=\"auto\">, de muy pobre relevancia\u201d.<\/span><span data-ccp-props=\"{}\">\u00a0<\/span><\/p>\n<p><span data-contrast=\"auto\">Incluso, la toma de decisiones se ha basado en los datos surgidos de los sistemas de informaci\u00f3n previamente existentes y modifi<\/span><span data-contrast=\"auto\">cados para atender la pandemia.<\/span><span data-ccp-props=\"{}\">\u00a0<\/span><\/p>\n<p><span data-contrast=\"auto\">Por ello es que el acad\u00e9mico plante\u00f3 la necesidad de mejores y mayores datos, que posibiliten la inteligencia <\/span><span data-contrast=\"auto\">epidemiol\u00f3gica, a grado tal que los consider\u00f3 \u201curgentes\u201d.<\/span><span data-ccp-props=\"{}\">\u00a0<\/span><\/p>\n<p><span data-contrast=\"auto\">\u201cEntonces, \u00bfc<\/span><span data-contrast=\"auto\">u\u00e1nto creerle a un dato? Sin duda, \u2018el dato es el dato\u2019<\/span> <span data-contrast=\"auto\">\u201d, <\/span><span data-contrast=\"auto\">concluy\u00f3<\/span><span data-contrast=\"auto\"> el conferencista<\/span><span data-contrast=\"auto\">.<\/span><span data-ccp-props=\"{}\">\u00a0<\/span><\/p>\n","protected":false},"excerpt":{"rendered":"<p>Juan Jos\u00e9 Romero Z\u00fa\u00f1iga, de la Universidad Nacional de ese pa\u00eds, particip\u00f3 en el D\u00eda Mundial de la Estad\u00edstica, organizado por la UV\u00a0<\/p>\n","protected":false},"author":1869,"featured_media":89050,"comment_status":"closed","ping_status":"closed","sticky":false,"template":"","format":"standard","meta":[],"categories":[1],"tags":[],"_links":{"self":[{"href":"https:\/\/www.uv.mx\/prensa\/wp-json\/wp\/v2\/posts\/89049"}],"collection":[{"href":"https:\/\/www.uv.mx\/prensa\/wp-json\/wp\/v2\/posts"}],"about":[{"href":"https:\/\/www.uv.mx\/prensa\/wp-json\/wp\/v2\/types\/post"}],"author":[{"embeddable":true,"href":"https:\/\/www.uv.mx\/prensa\/wp-json\/wp\/v2\/users\/1869"}],"replies":[{"embeddable":true,"href":"https:\/\/www.uv.mx\/prensa\/wp-json\/wp\/v2\/comments?post=89049"}],"version-history":[{"count":1,"href":"https:\/\/www.uv.mx\/prensa\/wp-json\/wp\/v2\/posts\/89049\/revisions"}],"predecessor-version":[{"id":89272,"href":"https:\/\/www.uv.mx\/prensa\/wp-json\/wp\/v2\/posts\/89049\/revisions\/89272"}],"wp:featuredmedia":[{"embeddable":true,"href":"https:\/\/www.uv.mx\/prensa\/wp-json\/wp\/v2\/media\/89050"}],"wp:attachment":[{"href":"https:\/\/www.uv.mx\/prensa\/wp-json\/wp\/v2\/media?parent=89049"}],"wp:term":[{"taxonomy":"category","embeddable":true,"href":"https:\/\/www.uv.mx\/prensa\/wp-json\/wp\/v2\/categories?post=89049"},{"taxonomy":"post_tag","embeddable":true,"href":"https:\/\/www.uv.mx\/prensa\/wp-json\/wp\/v2\/tags?post=89049"}],"curies":[{"name":"wp","href":"https:\/\/api.w.org\/{rel}","templated":true}]}}