{"id":89432,"date":"2020-11-02T07:49:22","date_gmt":"2020-11-02T13:49:22","guid":{"rendered":"https:\/\/www.uv.mx\/prensa\/?p=89432"},"modified":"2020-11-05T09:49:16","modified_gmt":"2020-11-05T15:49:16","slug":"foro-estudiantil-enfoques-bioculturales-concluyo-con-cinco-exposiciones","status":"publish","type":"post","link":"https:\/\/www.uv.mx\/prensa\/general\/foro-estudiantil-enfoques-bioculturales-concluyo-con-cinco-exposiciones\/","title":{"rendered":"Foro Estudiantil \u201cEnfoques bioculturales\u201d concluy\u00f3 con cinco exposiciones"},"content":{"rendered":"<ul>\n<li data-leveltext=\"\uf0b7\" data-font=\"Symbol\" data-listid=\"5\" data-aria-posinset=\"1\" data-aria-level=\"1\"><i><span data-contrast=\"none\">Alumnos y egresados de las l<\/span><\/i><i><span data-contrast=\"none\">icenciaturas en Arqueolog\u00eda y Biolog\u00eda expusieron sus tr<\/span><\/i><i><span data-contrast=\"none\">abajos en la \u00faltima sesi\u00f3n <\/span><\/i><\/li>\n<\/ul>\n<div id=\"attachment_89433\" style=\"width: 732px\" class=\"wp-caption aligncenter\"><a href=\"https:\/\/www.uv.mx\/prensa\/files\/2020\/11\/271020-Enfoques-BioCulturales-IV.jpg\"><img aria-describedby=\"caption-attachment-89433\" decoding=\"async\" loading=\"lazy\" class=\"size-full wp-image-89433\" src=\"https:\/\/www.uv.mx\/prensa\/files\/2020\/11\/271020-Enfoques-BioCulturales-IV.jpg\" alt=\"\" width=\"722\" height=\"480\" srcset=\"https:\/\/www.uv.mx\/prensa\/files\/2020\/11\/271020-Enfoques-BioCulturales-IV.jpg 722w, https:\/\/www.uv.mx\/prensa\/files\/2020\/11\/271020-Enfoques-BioCulturales-IV-300x199.jpg 300w\" sizes=\"(max-width: 722px) 100vw, 722px\" \/><\/a><p id=\"caption-attachment-89433\" class=\"wp-caption-text\">Autoridades de las facultades de Antropolog\u00eda y Biolog\u00eda acompa\u00f1aron a los ponentes en la \u00faltima sesi\u00f3n del foro<\/p><\/div>\n<p><b><i><span data-contrast=\"none\">02<\/span><\/i><\/b><b><i><span data-contrast=\"none\">\/<\/span><\/i><\/b><b><i><span data-contrast=\"none\">1<\/span><\/i><\/b><b><i><span data-contrast=\"none\">1<\/span><\/i><\/b><b><i><span data-contrast=\"none\">\/2020<\/span><\/i><\/b><b><i><span data-contrast=\"none\">,<\/span><\/i><\/b> <b><i><span data-contrast=\"none\">Xalapa, <\/span><\/i><\/b><b><i><span data-contrast=\"none\">Ver.<\/span><\/i><\/b><b><i><span data-contrast=\"none\">&#8211;<\/span><\/i><\/b> Estudiantes y egresados de las facultades de Antropolog\u00eda y Biolog\u00eda de la Universidad Veracruzana (UV), clausuraron el 26 de octubre el Foro Estudiantil \u201cEnfoques bioculturales\u201d con cinco exposiciones correspondientes al Bloque IV \u201cEcolog\u00eda cultural y paisaje\u201d.<\/p>\n<p>El cierre de este evento, organizado por el <a href=\"https:\/\/www.uv.mx\/ida\/\" target=\"_blank\" rel=\"noopener noreferrer\">Instituto de Antropolog\u00eda<\/a>, en coordinaci\u00f3n con las entidades acad\u00e9micas mencionadas, <span data-contrast=\"none\">cont\u00f3 con la presencia de Yamile de la Cruz Lira L\u00f3pez, directora del Instituto de Antropolog\u00eda<\/span><span data-contrast=\"none\">,<\/span> <span data-contrast=\"none\">quien felicit\u00f3 a los acad\u00e9micos y estudiantes participantes por fomentar trabajos colaborativos entre distintas ramas del conocimiento.<\/span><span data-ccp-props=\"{&quot;335559731&quot;:708}\">\u00a0<\/span><\/p>\n<p><span data-contrast=\"none\">Tambi\u00e9n estuvieron Mar\u00eda Antonia Aguilar P\u00e9rez, directora de la Facultad de Antropolog\u00eda; Jorge Ben\u00edtez Rodr\u00edguez, secretario de la Facultad de Biolog\u00eda<\/span><span data-contrast=\"none\">,<\/span><span data-contrast=\"none\"> y Pascual Linares M\u00e1rquez, coordinador de la Maestr\u00eda en Ciencias Biol\u00f3gicas.<\/span><span data-ccp-props=\"{&quot;335559731&quot;:708}\">\u00a0<\/span><\/p>\n<p><span data-contrast=\"none\">La moderadora de las exposiciones fue Virginia Arieta <\/span><span data-contrast=\"none\">Baizabal<\/span><span data-contrast=\"none\">, catedr\u00e1tica<\/span><span data-contrast=\"none\"> e investigadora<\/span><span data-contrast=\"none\"> del Instituto de Antropolog\u00eda.\u00a0<\/span><span data-ccp-props=\"{&quot;335559731&quot;:708}\">\u00a0<\/span><\/p>\n<p><span data-contrast=\"none\">Jos\u00e9 Ignacio Hern\u00e1ndez Juan, egresado de<\/span><span data-contrast=\"none\"> la Licenciatura en Arqueolog\u00eda, present\u00f3 el proyecto <\/span><span data-contrast=\"none\">\u201cEstudio patr\u00f3n de asentamiento: <\/span><span data-contrast=\"none\">e<\/span><span data-contrast=\"none\">l cas<\/span><span data-contrast=\"none\">o del sit<\/span><span data-contrast=\"none\">io o<\/span><span data-contrast=\"none\">lmeca de Antonio Plaza, Veracruz\u201d<\/span><span data-contrast=\"none\">, <\/span><span data-contrast=\"none\">y relat\u00f3 que este lugar tuvo una ubicaci\u00f3n estrat\u00e9g<\/span><span data-contrast=\"none\">ica en una <\/span><span data-contrast=\"none\">i<\/span><span data-contrast=\"none\">sla que lo que ayud\u00f3<\/span><span data-contrast=\"none\"> a obtener recursos de origen acu\u00e1tico.\u00a0<\/span><span data-ccp-props=\"{&quot;335559731&quot;:708}\">\u00a0<\/span><\/p>\n<p><span data-contrast=\"none\">Coment\u00f3 que esta ubicaci\u00f3n tambi\u00e9n le permiti\u00f3 tener redes fluviales e hidr\u00e1ulicas a trav\u00e9s de las <\/span><span data-contrast=\"none\">cuales<\/span><span data-contrast=\"none\"> llevaron a cabo intercambios con las ciudades de San Lorenzo y La Venta.<\/span><span data-contrast=\"none\">\u00a0<\/span><span data-ccp-props=\"{&quot;335559731&quot;:708}\">\u00a0<\/span><\/p>\n<p><span data-contrast=\"none\">Puntualiz\u00f3 que el sitio Antonio Plaza mantuvo una ocupaci\u00f3n continua durante los periodos precl\u00e1sico inferior y medio, y present\u00f3 una reocupaci\u00f3n en el cl\u00e1sico tard\u00edo terminal.<\/span><span data-ccp-props=\"{&quot;335559731&quot;:708}\">\u00a0<\/span><\/p>\n<p><span data-contrast=\"none\">Claudia Viviana Prado Hern\u00e1ndez, <\/span><span data-contrast=\"none\">estudiante de la Licenciatura en Arqueolog\u00eda<\/span><span data-contrast=\"none\">,<\/span><span data-contrast=\"none\"> particip\u00f3 con<\/span><span data-contrast=\"none\"> el tema<\/span> <span data-contrast=\"none\">\u201cRecursos del pantano y el <\/span><span data-contrast=\"none\">popal, un an\u00e1lisis <\/span><span data-contrast=\"none\">paleoambiental<\/span><span data-contrast=\"none\"> del sur de Veracruz\u201d<\/span><span data-contrast=\"none\">, y explic\u00f3 que dentro de este trabajo buscar\u00e1 identificar la relaci\u00f3n entre el medio ambiente y las poblaciones ubicadas en la regi\u00f3n de Coatzacoalcos- Minatitl\u00e1n durante los siglos XVI al XX.<\/span><span data-ccp-props=\"{&quot;335559731&quot;:708}\">\u00a0<\/span><\/p>\n<p><span data-contrast=\"none\">Comparti\u00f3 que esta labor la llevar\u00e1 a cabo <\/span><span data-contrast=\"none\">mediante <\/span><span data-contrast=\"none\">el an\u00e1lisis de fuentes documentales hist\u00f3ricas y en su contrastaci\u00f3n con <\/span><span data-contrast=\"none\">la <\/span><span data-contrast=\"none\">evidencia arqueol\u00f3gica.\u00a0<\/span><span data-ccp-props=\"{&quot;335559731&quot;:708}\">\u00a0<\/span><\/p>\n<p><span data-contrast=\"none\">La joven determinar\u00e1 qu\u00e9 factores sociales, econ\u00f3micos, pol\u00edticos y culturales<\/span><span data-contrast=\"none\">,<\/span><span data-contrast=\"none\"> en conjunci\u00f3n al ambiental<\/span><span data-contrast=\"none\">, <\/span><span data-contrast=\"none\">han estado involucrados con el desarrollo, auge y decadencia de las sociedades de la regi\u00f3n Coatzacoalcos-Minatitl\u00e1n.<\/span><span data-ccp-props=\"{&quot;335559731&quot;:708}\">\u00a0<\/span><\/p>\n<p><span data-contrast=\"none\">Mart\u00edn G\u00f3mez Santiago,<\/span> <span data-contrast=\"none\">estudiante <\/span><span data-contrast=\"none\">de la Facultad de Antropolog\u00eda<\/span><span data-contrast=\"none\">,<\/span><span data-contrast=\"none\"> expuso el trabajo<\/span><span data-contrast=\"none\"> \u201cEl uso del SIG en la <\/span><span data-contrast=\"none\">a<\/span><span data-contrast=\"none\">rqueolog\u00eda: buscando rutas acu\u00e1ticas y terrestres en la regi\u00f3n <\/span><span data-contrast=\"none\">o<\/span><span data-contrast=\"none\">lmeca\u201d<\/span><span data-contrast=\"none\">.<\/span><span data-ccp-props=\"{&quot;335559731&quot;:708}\">\u00a0<\/span><\/p>\n<p><span data-contrast=\"none\">Mencion\u00f3 que gracias a las investigaciones de los \u00faltimos a\u00f1os<\/span> <span data-contrast=\"none\">sabemos que los <\/span><span data-contrast=\"none\">o<\/span><span data-contrast=\"none\">lmecas dominaban las rutas de comunicaci\u00f3n terrestre y acu\u00e1tica de la<\/span><span data-contrast=\"none\">s llanuras de la costa sur del G<\/span><span data-contrast=\"none\">olfo de M\u00e9xico.\u00a0<\/span><span data-ccp-props=\"{&quot;335559731&quot;:708}\">\u00a0<\/span><\/p>\n<p><span data-contrast=\"none\">\u201cTambi\u00e9n participaban en<\/span> <span data-contrast=\"none\">extensas redes de intercambio a corta y larga distancia\u201d, puntualiz\u00f3.<\/span><span data-ccp-props=\"{&quot;335559731&quot;:708}\">\u00a0<\/span><\/p>\n<p><span data-contrast=\"none\">Coment\u00f3 que la llanura costera de Tabasco tiene una larga historia de ocupaci\u00f3n reflejada en el registro <\/span><span data-contrast=\"none\">arqueol\u00f3gico y ecol\u00f3gico con evidencia de presencia humana y pr\u00e1ct<\/span><span data-contrast=\"none\">icas econ\u00f3micas desde el H<\/span><span data-contrast=\"none\">oloceno.<\/span><span data-ccp-props=\"{&quot;335559731&quot;:708}\">\u00a0<\/span><\/p>\n<p><span data-contrast=\"none\">Explic\u00f3 que por medio de su proyecto realizar\u00e1 un estudio en torno a la modificaci\u00f3n del paisaje y la identificaci\u00f3n de posibles rutas \u00f3ptimas enfocado en las din\u00e1micas fluviales, costeras y terrestres, entre las capitales olmecas y el sitio arqueol\u00f3gico Antonio Plaza.<\/span><span data-ccp-props=\"{&quot;335559731&quot;:708}\">\u00a0<\/span><\/p>\n<p><span data-contrast=\"none\">\u201cMostrar\u00e9 c<\/span><span data-contrast=\"none\">\u00f3<\/span><span data-contrast=\"none\">mo <\/span><span data-contrast=\"none\">las redes de c<\/span><span data-contrast=\"none\">omunicaci\u00f3n y transporte en esta<\/span><span data-contrast=\"none\"> regi\u00f3n de la costa del <\/span><span data-contrast=\"none\">G<\/span><span data-contrast=\"none\">olfo impulsaron la cohesi\u00f3n social y el establecimiento de relaciones socio-pol\u00edticas y econ\u00f3micas\u201d<\/span><span data-contrast=\"none\">, afirm\u00f3.\u00a0<\/span><span data-ccp-props=\"{&quot;335559731&quot;:708}\">\u00a0<\/span><\/p>\n<p><span data-contrast=\"none\">Marco Antonio Flores Garc\u00eda,<\/span> <span data-contrast=\"none\">egresado de la Facultad de B<\/span><span data-contrast=\"none\">iolog\u00eda<\/span><span data-contrast=\"none\">, <\/span><span data-contrast=\"none\">present\u00f3 <\/span><span data-contrast=\"none\">\u201c<\/span><span data-contrast=\"none\">Una propuesta para delimitar los territorios de recolecta de hongos silvestres en bosques templados<\/span><span data-contrast=\"none\">\u201d<\/span><span data-contrast=\"none\">.<\/span><span data-ccp-props=\"{&quot;335559731&quot;:708}\">\u00a0<\/span><\/p>\n<p><span data-contrast=\"none\">Explic\u00f3 que el an\u00e1lisis de la conducta que presentan los recolectores en respuesta a los est\u00edmulos socio-am<\/span><span data-contrast=\"none\">bientales ayudar\u00e1 a comprender su<\/span><span data-contrast=\"none\"> toma de decisiones durante el aprovechamiento de los recursos naturales.<\/span><span data-ccp-props=\"{&quot;335559731&quot;:708}\">\u00a0<\/span><\/p>\n<p><span data-contrast=\"none\">Agreg\u00f3 que delimitar los territorios de recolecta permitir\u00e1 el fortalecimiento de la identidad cultural, y por otra parte la delimitaci\u00f3n <\/span><span data-contrast=\"none\">del paisaje ayudar\u00e1 a definir las \u00e1reas del bosque con mayor diversidad biocultural que pueden ser postuladas para protecci\u00f3n.<\/span><span data-ccp-props=\"{&quot;335559731&quot;:708}\">\u00a0<\/span><\/p>\n<p><span data-contrast=\"none\">Gema D\u00edaz L\u00f3pez<\/span><span data-contrast=\"none\">, alumna de la Facultad de Antropolog\u00eda<\/span><span data-contrast=\"none\">,<\/span><span data-contrast=\"none\"> colabor\u00f3 con el proyecto<\/span> <span data-contrast=\"none\">\u201cEl estudio sobre historia reciente y la apli<\/span><span data-contrast=\"none\">caci\u00f3n del m\u00e9todo etnogr\u00e1fico: p<\/span><span data-contrast=\"none\">ropuesta para la salvaguarda del patrimonio biocultural del <\/span><span data-contrast=\"none\">estado<\/span><span data-contrast=\"none\"> de Veracruz\u201d<\/span><span data-contrast=\"none\">.<\/span><span data-ccp-props=\"{&quot;335559731&quot;:708}\">\u00a0<\/span><\/p>\n<p><span data-contrast=\"none\">Por medio de este trabajo la joven buscar\u00e1 reconstruir la historia reciente de seis esculturas procedentes de Antonio Plaza, a fin de establecer un v\u00ednculo y conexi\u00f3n con la comunidad, y <\/span><span data-contrast=\"none\">d<\/span><span data-contrast=\"none\">e esta manera procurar la salvaguarda del patrimonio arqueol\u00f3gico en la regi\u00f3n.<\/span><span data-ccp-props=\"{&quot;335559731&quot;:708}\">\u00a0<\/span><\/p>\n<p><span data-contrast=\"none\">Mencion\u00f3 que si la preservaci\u00f3n y salvaguarda de patrimonio arqueol\u00f3gico radica en que la gente lo concibe como suyo porque establece conexi\u00f3n entre <\/span><span data-contrast=\"none\">el antes y el ahora<\/span><span data-contrast=\"none\">, la reconstrucci\u00f3n de la historia reciente de las esculturas de Antonio Plaza localizadas de manera fortuita podr\u00e1 suscitar y fortalecer el necesario v\u00ednculo <\/span><span data-contrast=\"none\">del<\/span><span data-contrast=\"none\"> pasado pr\u00f3ximo com\u00fan <\/span><span data-contrast=\"none\">con la<\/span><span data-contrast=\"none\"> memoria hist\u00f3rico-colectiva de los pobladores de la comunidad.<\/span><span data-ccp-props=\"{&quot;335559731&quot;:708}\">\u00a0<\/span><\/p>\n<p><span data-contrast=\"none\">\u201cEllo tendr\u00e1 como consecuencia la valoraci\u00f3n y protecci\u00f3n del patrimonio cultural en la regi\u00f3n\u201d, puntualiz\u00f3.\u00a0<\/span><span data-ccp-props=\"{&quot;335559731&quot;:708}\">\u00a0<\/span><\/p>\n","protected":false},"excerpt":{"rendered":"<p>Alumnos y egresados de las licenciaturas en Arqueolog\u00eda y Biolog\u00eda expusieron sus trabajos en la \u00faltima sesi\u00f3n<\/p>\n","protected":false},"author":1508,"featured_media":89433,"comment_status":"closed","ping_status":"closed","sticky":false,"template":"","format":"standard","meta":[],"categories":[1],"tags":[],"_links":{"self":[{"href":"https:\/\/www.uv.mx\/prensa\/wp-json\/wp\/v2\/posts\/89432"}],"collection":[{"href":"https:\/\/www.uv.mx\/prensa\/wp-json\/wp\/v2\/posts"}],"about":[{"href":"https:\/\/www.uv.mx\/prensa\/wp-json\/wp\/v2\/types\/post"}],"author":[{"embeddable":true,"href":"https:\/\/www.uv.mx\/prensa\/wp-json\/wp\/v2\/users\/1508"}],"replies":[{"embeddable":true,"href":"https:\/\/www.uv.mx\/prensa\/wp-json\/wp\/v2\/comments?post=89432"}],"version-history":[{"count":1,"href":"https:\/\/www.uv.mx\/prensa\/wp-json\/wp\/v2\/posts\/89432\/revisions"}],"predecessor-version":[{"id":89567,"href":"https:\/\/www.uv.mx\/prensa\/wp-json\/wp\/v2\/posts\/89432\/revisions\/89567"}],"wp:featuredmedia":[{"embeddable":true,"href":"https:\/\/www.uv.mx\/prensa\/wp-json\/wp\/v2\/media\/89433"}],"wp:attachment":[{"href":"https:\/\/www.uv.mx\/prensa\/wp-json\/wp\/v2\/media?parent=89432"}],"wp:term":[{"taxonomy":"category","embeddable":true,"href":"https:\/\/www.uv.mx\/prensa\/wp-json\/wp\/v2\/categories?post=89432"},{"taxonomy":"post_tag","embeddable":true,"href":"https:\/\/www.uv.mx\/prensa\/wp-json\/wp\/v2\/tags?post=89432"}],"curies":[{"name":"wp","href":"https:\/\/api.w.org\/{rel}","templated":true}]}}