{"id":90121,"date":"2020-11-14T08:00:21","date_gmt":"2020-11-14T14:00:21","guid":{"rendered":"https:\/\/www.uv.mx\/prensa\/?p=90121"},"modified":"2020-11-17T13:57:45","modified_gmt":"2020-11-17T19:57:45","slug":"uv-invita-a-congreso-internacional-sobre-la-contaduria-en-las-ciencias-sociales","status":"publish","type":"post","link":"https:\/\/www.uv.mx\/prensa\/eventos\/uv-invita-a-congreso-internacional-sobre-la-contaduria-en-las-ciencias-sociales\/","title":{"rendered":"UV invita a congreso internacional sobre\u00a0la contadur\u00eda en las ciencias sociales\u00a0"},"content":{"rendered":"<ul>\n<li data-leveltext=\"\uf0b7\" data-font=\"Symbol\" data-listid=\"2\" data-aria-posinset=\"1\" data-aria-level=\"1\"><i><span data-contrast=\"auto\">Se desarrollar\u00e1 el 26<\/span><\/i> <i><span data-contrast=\"auto\">y 27 de noviembre, en modalidad virtual<\/span><\/i><span data-ccp-props=\"{&quot;134233279&quot;:true,&quot;201341983&quot;:0,&quot;335559739&quot;:160,&quot;335559740&quot;:240}\">\u00a0<\/span><\/li>\n<\/ul>\n<p><span data-ccp-props=\"{&quot;201341983&quot;:0,&quot;335559739&quot;:160,&quot;335559740&quot;:240}\">\u00a0<\/span><\/p>\n<div id=\"attachment_90122\" style=\"width: 732px\" class=\"wp-caption aligncenter\"><a href=\"https:\/\/www.uv.mx\/prensa\/files\/2020\/11\/141120-Congreso-Contaduria-en-las-CS.jpg\"><img aria-describedby=\"caption-attachment-90122\" decoding=\"async\" loading=\"lazy\" class=\"wp-image-90122 size-full\" src=\"https:\/\/www.uv.mx\/prensa\/files\/2020\/11\/141120-Congreso-Contaduria-en-las-CS.jpg\" alt=\"\" width=\"722\" height=\"279\" srcset=\"https:\/\/www.uv.mx\/prensa\/files\/2020\/11\/141120-Congreso-Contaduria-en-las-CS.jpg 722w, https:\/\/www.uv.mx\/prensa\/files\/2020\/11\/141120-Congreso-Contaduria-en-las-CS-300x116.jpg 300w\" sizes=\"(max-width: 722px) 100vw, 722px\" \/><\/a><p id=\"caption-attachment-90122\" class=\"wp-caption-text\">Los detalles de la convocatoria y el formulario de registro de asistencia est\u00e1n disponibles en www.uv.mx\/congresohorizontesiic\/<\/p><\/div>\n<p><span data-ccp-props=\"{&quot;201341983&quot;:0,&quot;335559739&quot;:160,&quot;335559740&quot;:240}\">\u00a0<\/span><\/p>\n<p><b><i><span data-contrast=\"auto\">Karina de la Paz Reyes D\u00edaz<\/span><\/i><\/b><span data-ccp-props=\"{&quot;201341983&quot;:0,&quot;335559739&quot;:160,&quot;335559740&quot;:240}\">\u00a0<\/span><\/p>\n<p><b><i><span data-contrast=\"auto\">14<\/span><\/i><\/b><b><i><span data-contrast=\"auto\">\/11\/2020, Xalapa, Ver.- <\/span><\/i><\/b><span data-contrast=\"auto\">La<\/span> <span data-contrast=\"auto\">Universidad\u00a0 Veracruzana<\/span><span data-contrast=\"auto\"> (UV), a trav\u00e9s del<a href=\"https:\/\/www.uv.mx\/iic\/\" target=\"_blank\" rel=\"noopener noreferrer\"> Instituto de Investigaciones en Contadur\u00eda<\/a>, y<\/span><span data-contrast=\"auto\"> la Benem\u00e9rita Universidad Aut\u00f3noma de <\/span><span data-contrast=\"auto\">Puebla, v\u00eda<\/span><span data-contrast=\"auto\"> la<\/span><span data-contrast=\"auto\"> Facultad de Contadur\u00eda P\u00fablica, <\/span><span data-contrast=\"auto\">realizar\u00e1n <\/span><span data-contrast=\"auto\">el 9\u00b0 Congreso Internacional <\/span><span data-contrast=\"auto\">Horizontes de la Cont<\/span><span data-contrast=\"auto\">adur\u00eda en las Ciencias Sociales <\/span><span data-contrast=\"auto\">\u201cEl pensamiento econ\u00f3mico administrativo<\/span> <span data-contrast=\"auto\">en<\/span> <span data-contrast=\"auto\">Am\u00e9rica Latina\u201d<\/span><span data-contrast=\"auto\">,<\/span> <span data-contrast=\"auto\">los d\u00edas<\/span> <span data-contrast=\"auto\">26<\/span><span data-contrast=\"auto\"> y 27de noviembre, en m<\/span><span data-contrast=\"auto\">odalidad Virtual<\/span><span data-contrast=\"auto\">.<\/span><span data-ccp-props=\"{&quot;201341983&quot;:0,&quot;335559739&quot;:160,&quot;335559740&quot;:240}\">\u00a0<\/span><\/p>\n<p><span data-contrast=\"auto\">De acuerdo con estas instituciones, l<\/span><span data-contrast=\"auto\">os avances tecnol\u00f3gicos, la conciencia social, los modelos de negocios<\/span> <span data-contrast=\"auto\">y<\/span> <span data-contrast=\"auto\">las nuevas teor\u00edas marcan tendencias<\/span> <span data-contrast=\"auto\">de estudios en la econom\u00eda de los pa\u00edses de<\/span> <span data-contrast=\"auto\">Am\u00e9rica Latina.<\/span> <span data-contrast=\"auto\">La atenci\u00f3n de estos desaf\u00edos es responsabilidad de las <\/span><span data-contrast=\"auto\">i<\/span><span data-contrast=\"auto\">nstituciones de <\/span><span data-contrast=\"auto\">e<\/span><span data-contrast=\"auto\">ducaci\u00f3n <\/span><span data-contrast=\"auto\">s<\/span><span data-contrast=\"auto\">uperior<\/span> <span data-contrast=\"auto\">que,<\/span> <span data-contrast=\"auto\">a trav\u00e9s de la divulgaci\u00f3n del conocimiento y la colaboraci\u00f3n social,<\/span> <span data-contrast=\"auto\">transformen la realidad de<\/span> <span data-contrast=\"auto\">la comunidad universitaria y la sociedad.<\/span><span data-ccp-props=\"{&quot;201341983&quot;:0,&quot;335559731&quot;:708,&quot;335559739&quot;:160,&quot;335559740&quot;:240}\">\u00a0<\/span><\/p>\n<p><span data-contrast=\"auto\">En la disciplina contable recae la investigaci\u00f3n y profesionalizaci\u00f3n de temas<\/span> <span data-contrast=\"auto\">de relevancia del \u00e1rea<\/span> <span data-contrast=\"auto\">econ\u00f3mico administrativa para los sectores p\u00fablico y privado,<\/span> <span data-contrast=\"auto\">por lo que <\/span><span data-contrast=\"auto\">el <\/span><span data-contrast=\"auto\">Congreso Internacional Horizontes de la Contadur\u00eda en las Ciencias Sociales <\/span><span data-contrast=\"auto\">es <\/span><span data-contrast=\"auto\">un evento acad\u00e9mico en el que se exponen<\/span> <span data-contrast=\"auto\">propuestas<\/span> <span data-contrast=\"auto\">que coadyuvan<\/span> <span data-contrast=\"auto\">a la<\/span> <span data-contrast=\"auto\">generaci\u00f3n y difusi\u00f3n de conocimiento cient\u00edfico para dar propuestas<\/span> <span data-contrast=\"auto\">de soluci\u00f3n a la problem\u00e1tica social en <\/span><span data-contrast=\"auto\">esto<\/span><span data-contrast=\"auto\">s pa\u00edses.<\/span><span data-ccp-props=\"{&quot;201341983&quot;:0,&quot;335559731&quot;:708,&quot;335559739&quot;:160,&quot;335559740&quot;:240}\">\u00a0<\/span><\/p>\n<p><span data-contrast=\"auto\">E<\/span><span data-contrast=\"auto\">l<\/span><span data-contrast=\"auto\"> ejercicio acad\u00e9mico tiene el o<\/span><span data-contrast=\"auto\">bjetivo <\/span><span data-contrast=\"auto\">de c<\/span><span data-contrast=\"auto\">ompartir los resultados de las investigaciones te\u00f3rico-pr\u00e1cticas inter, multi y transdisciplinarias<\/span> <span data-contrast=\"auto\">afines a la contadur\u00eda, para contribuir a la generaci\u00f3n<\/span> <span data-contrast=\"auto\">del conocimiento<\/span> <span data-contrast=\"auto\">con un enfoque \u00e9tico y de pertinencia social,<\/span> <span data-contrast=\"auto\">favoreciendo<\/span> <span data-contrast=\"auto\">el di\u00e1logo entre investigadores, actores de los diferentes sectores y<\/span> <span data-contrast=\"auto\">alumnos de posgrado.<\/span><span data-ccp-props=\"{&quot;201341983&quot;:0,&quot;335559731&quot;:708,&quot;335559739&quot;:160,&quot;335559740&quot;:240}\">\u00a0<\/span><\/p>\n<p><span data-contrast=\"auto\">Las \u00e1reas tem\u00e1ticas que se desarrollar\u00e1n son: <\/span><span data-contrast=\"auto\">Fundamentaci\u00f3n contable, administrativa y jur\u00eddica\/fiscal; Tecnolog\u00edas de informaci\u00f3n y comunicaci\u00f3n aplicadas, y<\/span> <span data-contrast=\"auto\">Responsabilidad social.<\/span><span data-ccp-props=\"{&quot;201341983&quot;:0,&quot;335559731&quot;:708,&quot;335559739&quot;:160,&quot;335559740&quot;:240}\">\u00a0<\/span><\/p>\n<p><span data-contrast=\"auto\">Los <\/span><span data-contrast=\"auto\">detalles <\/span><span data-contrast=\"auto\">de la convocatoria y <\/span><span data-contrast=\"auto\">el formulario de registro <\/span><span data-contrast=\"auto\">de asistencia <\/span><span data-contrast=\"auto\">est\u00e1n disponibles en <\/span><a href=\"https:\/\/www.uv.mx\/congresohorizontesiic\/\"><span data-contrast=\"none\">www.uv.mx\/congresohorizontesiic\/<\/span><\/a><span data-contrast=\"auto\">. <\/span><span data-contrast=\"auto\">E<\/span><span data-contrast=\"auto\">l programa general de actividades ser\u00e1 publicado una vez terminado el proceso de rec<\/span><span data-contrast=\"auto\">epci\u00f3n y arbitraje de ponencias, tambi\u00e9n en <\/span><span data-contrast=\"auto\">la <\/span><span data-contrast=\"auto\">p\u00e1gina<\/span><span data-contrast=\"auto\"> mencionada<\/span><span data-contrast=\"auto\">.<\/span><\/p>\n","protected":false},"excerpt":{"rendered":"<p>Los detalles de la convocatoria y el formulario de registro de asistencia est\u00e1n disponibles en www.uv.mx\/congresohorizontesiic\/\u00a0<\/p>\n","protected":false},"author":1869,"featured_media":90122,"comment_status":"closed","ping_status":"closed","sticky":false,"template":"","format":"standard","meta":[],"categories":[47],"tags":[],"_links":{"self":[{"href":"https:\/\/www.uv.mx\/prensa\/wp-json\/wp\/v2\/posts\/90121"}],"collection":[{"href":"https:\/\/www.uv.mx\/prensa\/wp-json\/wp\/v2\/posts"}],"about":[{"href":"https:\/\/www.uv.mx\/prensa\/wp-json\/wp\/v2\/types\/post"}],"author":[{"embeddable":true,"href":"https:\/\/www.uv.mx\/prensa\/wp-json\/wp\/v2\/users\/1869"}],"replies":[{"embeddable":true,"href":"https:\/\/www.uv.mx\/prensa\/wp-json\/wp\/v2\/comments?post=90121"}],"version-history":[{"count":1,"href":"https:\/\/www.uv.mx\/prensa\/wp-json\/wp\/v2\/posts\/90121\/revisions"}],"predecessor-version":[{"id":90233,"href":"https:\/\/www.uv.mx\/prensa\/wp-json\/wp\/v2\/posts\/90121\/revisions\/90233"}],"wp:featuredmedia":[{"embeddable":true,"href":"https:\/\/www.uv.mx\/prensa\/wp-json\/wp\/v2\/media\/90122"}],"wp:attachment":[{"href":"https:\/\/www.uv.mx\/prensa\/wp-json\/wp\/v2\/media?parent=90121"}],"wp:term":[{"taxonomy":"category","embeddable":true,"href":"https:\/\/www.uv.mx\/prensa\/wp-json\/wp\/v2\/categories?post=90121"},{"taxonomy":"post_tag","embeddable":true,"href":"https:\/\/www.uv.mx\/prensa\/wp-json\/wp\/v2\/tags?post=90121"}],"curies":[{"name":"wp","href":"https:\/\/api.w.org\/{rel}","templated":true}]}}