{"id":90423,"date":"2020-11-22T08:00:42","date_gmt":"2020-11-22T14:00:42","guid":{"rendered":"https:\/\/www.uv.mx\/prensa\/?p=90423"},"modified":"2020-11-20T16:16:17","modified_gmt":"2020-11-20T22:16:17","slug":"industria-4-0-hizo-grandes-aportes-al-area-de-mantenimiento","status":"publish","type":"post","link":"https:\/\/www.uv.mx\/prensa\/tecnologia\/industria-4-0-hizo-grandes-aportes-al-area-de-mantenimiento\/","title":{"rendered":"Industria 4.0 hizo grandes aportes al \u00e1rea de mantenimiento\u00a0"},"content":{"rendered":"<ul>\n<li data-leveltext=\"\uf0b7\" data-font=\"Symbol\" data-listid=\"1\" data-aria-posinset=\"1\" data-aria-level=\"1\"><i><span data-contrast=\"auto\">A trav\u00e9s de la realidad virtual<\/span><\/i><i><span data-contrast=\"auto\"> y<\/span><\/i><i><span data-contrast=\"auto\"> aumentada<\/span><\/i><i><span data-contrast=\"auto\">, as\u00ed como<\/span><\/i><i><span data-contrast=\"auto\"> e<\/span><\/i><i><span data-contrast=\"auto\">l<\/span><\/i> <i><span data-contrast=\"auto\">I<\/span><\/i><i><span data-contrast=\"auto\">nternet de las cosas<\/span><\/i><i><span data-contrast=\"auto\">, <\/span><\/i><i><span data-contrast=\"auto\">d<\/span><\/i><i><span data-contrast=\"auto\">estac\u00f3 <\/span><\/i><i><span data-contrast=\"auto\">Rommer<\/span><\/i><i><span data-contrast=\"auto\"> Gonz\u00e1lez Rodr\u00edguez, <\/span><\/i><i><span data-contrast=\"auto\">cofundador de la marca Revoluci\u00f3n en el <\/span><\/i><i><span data-contrast=\"auto\">C<\/span><\/i><i><span data-contrast=\"auto\">ampo a la <\/span><\/i><i><span data-contrast=\"auto\">E<\/span><\/i><i><span data-contrast=\"auto\">xcelencia, de Puerto Montt, Chile<\/span><\/i><span data-ccp-props=\"{&quot;134233279&quot;:true,&quot;201341983&quot;:0,&quot;335559739&quot;:160,&quot;335559740&quot;:240}\">\u00a0<\/span><\/li>\n<li data-leveltext=\"\uf0b7\" data-font=\"Symbol\" data-listid=\"1\" data-aria-posinset=\"2\" data-aria-level=\"1\"><i><span data-contrast=\"auto\">Particip\u00f3<\/span><\/i><i><span data-contrast=\"auto\"> en el X Foro Internacional de Divulgaci\u00f3n Cient\u00edfica y Tecnol\u00f3gica, organizado por la FIME-UV<\/span><\/i><span data-ccp-props=\"{&quot;134233279&quot;:true,&quot;201341983&quot;:0,&quot;335559739&quot;:160,&quot;335559740&quot;:240}\">\u00a0<\/span><\/li>\n<\/ul>\n<p><span data-ccp-props=\"{&quot;201341983&quot;:0,&quot;335559739&quot;:160,&quot;335559740&quot;:240}\">\u00a0<\/span><b><i><\/i><\/b><\/p>\n<div id=\"attachment_90424\" style=\"width: 732px\" class=\"wp-caption aligncenter\"><a href=\"https:\/\/www.uv.mx\/prensa\/files\/2020\/11\/191120-MANTENIMIENTO-EN-LA-INDUSTRIA-4.0-1.jpg\"><img aria-describedby=\"caption-attachment-90424\" decoding=\"async\" loading=\"lazy\" class=\"size-full wp-image-90424\" src=\"https:\/\/www.uv.mx\/prensa\/files\/2020\/11\/191120-MANTENIMIENTO-EN-LA-INDUSTRIA-4.0-1.jpg\" alt=\"\" width=\"722\" height=\"406\" srcset=\"https:\/\/www.uv.mx\/prensa\/files\/2020\/11\/191120-MANTENIMIENTO-EN-LA-INDUSTRIA-4.0-1.jpg 722w, https:\/\/www.uv.mx\/prensa\/files\/2020\/11\/191120-MANTENIMIENTO-EN-LA-INDUSTRIA-4.0-1-300x169.jpg 300w\" sizes=\"(max-width: 722px) 100vw, 722px\" \/><\/a><p id=\"caption-attachment-90424\" class=\"wp-caption-text\">Rommer Rafael Gonz\u00e1lez Rodr\u00edguez, cofundador de la marca Revoluci\u00f3n en el Campo a la Excelencia<\/p><\/div>\n<p><span data-ccp-props=\"{&quot;201341983&quot;:0,&quot;335559739&quot;:160,&quot;335559740&quot;:240}\">\u00a0<\/span><\/p>\n<p><span data-ccp-props=\"{&quot;201341983&quot;:0,&quot;335559739&quot;:160,&quot;335559740&quot;:240}\">\u00a0<\/span><\/p>\n<p><b><i><span data-contrast=\"auto\">Claudia Peralta V\u00e1zquez<\/span><\/i><\/b><span data-ccp-props=\"{&quot;201341983&quot;:0,&quot;335559739&quot;:160,&quot;335559740&quot;:240}\">\u00a0<\/span><\/p>\n<p><b><i><span data-contrast=\"auto\">22<\/span><\/i><\/b><b><i><span data-contrast=\"auto\">\/<\/span><\/i><\/b><b><i><span data-contrast=\"auto\">11<\/span><\/i><\/b><b><i><span data-contrast=\"auto\">\/<\/span><\/i><\/b><b><i><span data-contrast=\"auto\">20<\/span><\/i><\/b><b><i><span data-contrast=\"auto\">20<\/span><\/i><\/b><b><i><span data-contrast=\"auto\">, Xalapa, Ver.- <\/span><\/i><\/b><span data-contrast=\"auto\">Rommer<\/span><span data-contrast=\"auto\"> Rafael Gonz\u00e1lez R<\/span><span data-contrast=\"auto\">od<\/span><span data-contrast=\"auto\">r\u00edguez, cofundador de la marca <\/span><span data-contrast=\"auto\">Revoluci\u00f3n en el <\/span><span data-contrast=\"auto\">C<\/span><span data-contrast=\"auto\">ampo a la <\/span><span data-contrast=\"auto\">Excelencia<\/span><span data-contrast=\"auto\">, de Puerto Montt, Chile, imparti\u00f3 la conferencia magistral <\/span><span data-contrast=\"auto\">\u201cEl mantenimiento en la <\/span><span data-contrast=\"auto\">C<\/span><span data-contrast=\"auto\">uarta Revoluci\u00f3n Industrial\u201d,<\/span><span data-contrast=\"auto\"> donde destac\u00f3 los grandes aportes que esto ha tra\u00eddo a trav\u00e9s de<\/span><span data-contrast=\"auto\"> la<\/span><span data-contrast=\"auto\"> realidad virtual<\/span><span data-contrast=\"auto\"> y<\/span><span data-contrast=\"auto\"> aumentada<\/span><span data-contrast=\"auto\">, as\u00ed como<\/span><span data-contrast=\"auto\"> e<\/span><span data-contrast=\"auto\">l<\/span> <span data-contrast=\"auto\">I<\/span><span data-contrast=\"auto\">nternet de las cosas.<\/span><span data-ccp-props=\"{&quot;201341983&quot;:0,&quot;335559739&quot;:160,&quot;335559740&quot;:240}\">\u00a0<\/span><\/p>\n<p><span data-contrast=\"auto\">Al intervenir de manera virtual el pasado <\/span><span data-contrast=\"auto\">13 de noviembre<\/span><span data-contrast=\"auto\"> en el <\/span><span data-contrast=\"auto\">X Foro Internacional de Divulgaci\u00f3n Cient\u00edfica y Tecnol\u00f3gica, organizado por la<\/span><span data-contrast=\"auto\"> Facultad de Ingenier\u00eda Mec\u00e1nica y El\u00e9ctrica (FIME) de la Universidad Veracruzana (UV), e<\/span><span data-contrast=\"auto\">l investigador con estudios en i<\/span><span data-contrast=\"auto\">ngenier\u00eda en mantenimiento industrial habl\u00f3 <\/span><span data-contrast=\"auto\">de<\/span><span data-contrast=\"auto\">l surgimiento de la Industria 4.0, el c<\/span><span data-contrast=\"auto\">ual se dio en Alemania en 2011.<\/span><span data-ccp-props=\"{&quot;201341983&quot;:0,&quot;335559739&quot;:160,&quot;335559740&quot;:240}\">\u00a0<\/span><\/p>\n<p><span data-contrast=\"auto\">Tambi\u00e9n <\/span><span data-contrast=\"auto\">se refiri\u00f3 a las<\/span><span data-contrast=\"auto\"> t\u00e9cnicas y herramientas utilizadas con mayor frecuencia a partir de lo que se conoce como el mantenimiento 4.0, es decir, <\/span><i><span data-contrast=\"auto\">softwares<\/span><\/i><span data-contrast=\"auto\"> o gesti\u00f3n de mantenimiento.<\/span><span data-ccp-props=\"{&quot;201341983&quot;:0,&quot;335559731&quot;:708,&quot;335559739&quot;:160,&quot;335559740&quot;:240}\">\u00a0<\/span><\/p>\n<p><span data-contrast=\"auto\">El <\/span><span data-contrast=\"auto\">M<\/span><span data-contrast=\"auto\">\u00e1ster en Gerencia de Mantenimiento y en Comunicaci\u00f3n Asertiva resalt\u00f3 el aporte de la Industria 4.0 a la realidad virtual, pues ahora permite simular condiciones de productos, equipos, dispositivos, partes o piezas que requieren crearse.<\/span><span data-ccp-props=\"{&quot;201341983&quot;:0,&quot;335559739&quot;:160,&quot;335559740&quot;:240}\">\u00a0<\/span><\/p>\n<p><span data-contrast=\"auto\">Con respecto al mantenimiento industrial, precis\u00f3 que<\/span><span data-contrast=\"auto\"> \u00e9ste<\/span><span data-contrast=\"auto\"> consta de tres indicadores considerad<\/span><span data-contrast=\"auto\">os de clase mundial<\/span><span data-contrast=\"auto\">:<\/span> <span data-contrast=\"auto\">confiabilidad, mantenibilidad y disponibilidad.<\/span><span data-ccp-props=\"{&quot;201341983&quot;:0,&quot;335559731&quot;:708,&quot;335559739&quot;:160,&quot;335559740&quot;:240}\">\u00a0<\/span><\/p>\n<p><span data-contrast=\"auto\">Se\u00f1al\u00f3 que <\/span><span data-contrast=\"auto\">10<\/span><span data-contrast=\"auto\"> a\u00f1os atr\u00e1s se puso atenci\u00f3n <\/span><span data-contrast=\"auto\">a dichos<\/span><span data-contrast=\"auto\"> aspectos porque las grandes empresas<\/span><span data-contrast=\"auto\">, as\u00ed como los<\/span><span data-contrast=\"auto\"> ingenieros de mantenimiento y confiabilidad<\/span><span data-contrast=\"auto\">,<\/span> <span data-contrast=\"auto\">demostraron que entre m\u00e1s confiables eran <\/span><span data-contrast=\"auto\">los equipos<\/span><span data-contrast=\"auto\">,<\/span><span data-contrast=\"auto\"> mejor era <\/span><span data-contrast=\"auto\">su<\/span><span data-contrast=\"auto\"> productividad en cuanto a la funci\u00f3n que cumpl\u00edan.<\/span><span data-ccp-props=\"{&quot;201341983&quot;:0,&quot;335559739&quot;:160,&quot;335559740&quot;:240}\">\u00a0<\/span><\/p>\n<p><span data-contrast=\"auto\">A<\/span><span data-contrast=\"auto\">nteriormente, <\/span><span data-contrast=\"auto\">las altas tasas de fallas asociadas a estos equipos no permit\u00edan cumplir con esas condiciones,<\/span><span data-contrast=\"auto\"> por lo que se habl\u00f3 de <\/span><span data-contrast=\"auto\">disponibilidad, confiabilidad y la mantenibilidad desde el dise\u00f1o.<\/span><span data-ccp-props=\"{&quot;201341983&quot;:0,&quot;335559731&quot;:708,&quot;335559739&quot;:160,&quot;335559740&quot;:240}\">\u00a0<\/span><\/p>\n<p><span data-contrast=\"auto\">Ahora, el aporte de la realidad virtual<\/span><span data-contrast=\"auto\"> es impresionante, ya que <\/span><span data-contrast=\"auto\">cualquier ingeniero de mantenimiento<\/span> <span data-contrast=\"auto\">con una gama de realidad virtual puede meterse en el equipo, armar, desarmar y verificar <\/span><span data-contrast=\"auto\">sus<\/span><span data-contrast=\"auto\"> condiciones.<\/span><span data-ccp-props=\"{&quot;201341983&quot;:0,&quot;335559739&quot;:160,&quot;335559740&quot;:240}\">\u00a0<\/span><\/p>\n<p><span data-contrast=\"auto\">\u201c<\/span><span data-contrast=\"auto\">Con el equipo de simuladores puede simular variables<\/span><span data-contrast=\"auto\">,<\/span><span data-contrast=\"auto\"> contextos operacionales en diferentes situaciones<\/span><span data-contrast=\"auto\"> y condiciones, as\u00ed como <\/span><span data-contrast=\"auto\">obtener datos de esas simulaciones que permitir\u00e1n en tiempo real hacer modificaciones en el mismo dise\u00f1o virtual para ver el comportamiento del equipo<\/span><span data-contrast=\"auto\">.<\/span><span data-contrast=\"auto\">\u201d<\/span><span data-ccp-props=\"{&quot;201341983&quot;:0,&quot;335559731&quot;:708,&quot;335559739&quot;:160,&quot;335559740&quot;:240}\">\u00a0<\/span><\/p>\n<p><span data-contrast=\"auto\">Lo anterior tambi\u00e9n representa un ahorro para la empresa, \u201c<\/span><span data-contrast=\"auto\">es algo de lo que la realidad virtual le ha entregado al mantenimiento<\/span><span data-contrast=\"auto\">\u201d; e<\/span><span data-contrast=\"auto\">s decir, se<\/span><span data-contrast=\"auto\"> pueden modificar equipos, dispositivos, colocaciones, ubicaciones, par\u00e1metros, simular de forma<\/span><span data-contrast=\"auto\"> tal que desde el dise\u00f1o se<\/span><span data-contrast=\"auto\"> garantiza<\/span><span data-contrast=\"auto\">n<\/span><span data-contrast=\"auto\"> altos valores de confiabilidad<\/span><span data-contrast=\"auto\">, <\/span><span data-contrast=\"auto\">productividad y de producci\u00f3n<\/span><span data-contrast=\"auto\">\u201d<\/span><span data-contrast=\"auto\">.<\/span><span data-ccp-props=\"{&quot;201341983&quot;:0,&quot;335559731&quot;:708,&quot;335559739&quot;:160,&quot;335559740&quot;:240}\">\u00a0<\/span><\/p>\n<p><span data-contrast=\"auto\">Rommer<\/span><span data-contrast=\"auto\"> Gonz\u00e1lez<\/span><span data-contrast=\"auto\">, quien tambi\u00e9n es especialista en inteligencia emocional y liderazgo, <\/span><span data-contrast=\"auto\">as\u00ed como<\/span><span data-contrast=\"auto\"> en gerencia estrat\u00e9gica empresarial, precis\u00f3 que la realidad aumentada <\/span><span data-contrast=\"auto\">va a super<\/span><span data-contrast=\"auto\">poner sob<\/span><span data-contrast=\"auto\">re <\/span><span data-contrast=\"auto\">elementos que ya son reales, <\/span><span data-contrast=\"auto\">los de tipo<\/span><span data-contrast=\"auto\"> virtual.<\/span><span data-ccp-props=\"{&quot;201341983&quot;:0,&quot;335559739&quot;:160,&quot;335559740&quot;:240}\">\u00a0<\/span><\/p>\n<p><span data-contrast=\"auto\">En este sentido, a trav\u00e9s de la realidad aumentada se <\/span><span data-contrast=\"auto\">pueden colocar en <\/span><span data-contrast=\"auto\">los <\/span><span data-contrast=\"auto\">dispositivos cualquier tipo de instrucci\u00f3n<\/span><span data-contrast=\"auto\"> sobre<\/span><span data-contrast=\"auto\"> c\u00f3mo<\/span><span data-contrast=\"auto\"> armar un equipo, desarmarlo, qu\u00e9 tipo de herramientas se van a utilizar, toda una serie de instrucciones de trabajo.<\/span><span data-ccp-props=\"{&quot;201341983&quot;:0,&quot;335559731&quot;:708,&quot;335559739&quot;:160,&quot;335559740&quot;:240}\">\u00a0<\/span><\/p>\n<p><span data-contrast=\"auto\">\u201c<\/span><span data-contrast=\"auto\">La teor\u00eda dice que no debe haber ninguna actividad de mantenimiento sin una orden de trabajo<\/span><span data-contrast=\"auto\">\u201d. De ah\u00ed la importancia de la realidad virtual<\/span><span data-contrast=\"auto\"> y<\/span><span data-contrast=\"auto\"> aumentada<\/span><span data-contrast=\"auto\">,<\/span><span data-contrast=\"auto\"> o la combinaci\u00f3n de ambas.<\/span><span data-ccp-props=\"{&quot;201341983&quot;:0,&quot;335559731&quot;:708,&quot;335559739&quot;:160,&quot;335559740&quot;:240}\">\u00a0<\/span><\/p>\n<p><span data-contrast=\"auto\">El I<\/span><span data-contrast=\"auto\">nternet de las cosas es otro de los elementos asociados a la Industria 4.0<\/span><span data-contrast=\"auto\">,<\/span><span data-contrast=\"auto\"> lo cual tiene que ver mucho con la conectividad<\/span><span data-contrast=\"auto\">, se\u00f1al\u00f3 y mencion\u00f3 a<\/span><span data-contrast=\"auto\">l respecto el caso de los electrodom\u00e9sticos y <\/span><span data-contrast=\"auto\">muchos de los equipos industriales<\/span><span data-contrast=\"auto\"> que ya<\/span><span data-contrast=\"auto\"> vienen con una conexi\u00f3n a <\/span><span data-contrast=\"auto\">I<\/span><span data-contrast=\"auto\">nternet, v\u00eda cable o remota<\/span><span data-contrast=\"auto\">.<\/span><span data-ccp-props=\"{&quot;201341983&quot;:0,&quot;335559731&quot;:708,&quot;335559739&quot;:160,&quot;335559740&quot;:240}\">\u00a0<\/span><\/p>\n<p><span data-contrast=\"auto\">Explic\u00f3 que <\/span><span data-contrast=\"auto\">el I<\/span><span data-contrast=\"auto\">nternet de las cosas es la conectividad que pueden tener hombres-m\u00e1quina <\/span><span data-contrast=\"auto\">a trav\u00e9s del I<\/span><span data-contrast=\"auto\">nternet, <\/span><span data-contrast=\"auto\">y le brinda a <\/span><span data-contrast=\"auto\">cualquier persona<\/span><span data-contrast=\"auto\"> en <\/span><span data-contrast=\"auto\">cualquier parte del mundo<\/span><span data-contrast=\"auto\"> la posibilidad de<\/span><span data-contrast=\"auto\"> interactuar con equipos sin estar con ellos f\u00edsicamente.<\/span><span data-ccp-props=\"{&quot;201341983&quot;:0,&quot;335559731&quot;:708,&quot;335559739&quot;:160,&quot;335559740&quot;:240}\">\u00a0<\/span><\/p>\n<p><span data-contrast=\"auto\">Plante\u00f3 las cosas positivas y negativas que esto ha generado, pues <\/span><span data-contrast=\"auto\">el hecho de que muchos equipos y productos est\u00e9n conectados a <\/span><span data-contrast=\"auto\">I<\/span><span data-contrast=\"auto\">nternet<\/span> <span data-contrast=\"auto\">trae como consecuencia que ciertas personas quieran <\/span><span data-contrast=\"auto\">da\u00f1ar o interactuar con <\/span><span data-contrast=\"auto\">ellos<\/span><span data-contrast=\"auto\"> de la peor manera, lo que se conoce como <\/span><i><span data-contrast=\"auto\">ha<\/span><\/i><i><span data-contrast=\"auto\">c<\/span><\/i><i><span data-contrast=\"auto\">kers<\/span><\/i><span data-contrast=\"auto\">.<\/span><span data-ccp-props=\"{&quot;201341983&quot;:0,&quot;335559731&quot;:708,&quot;335559739&quot;:160,&quot;335559740&quot;:240}\">\u00a0<\/span><\/p>\n<p><span data-contrast=\"auto\">\u201c<\/span><span data-contrast=\"auto\">El <\/span><span data-contrast=\"auto\">I<\/span><span data-contrast=\"auto\">nternet de las cosas ha <\/span><span data-contrast=\"auto\">propiciado <\/span><span data-contrast=\"auto\">que la <\/span><span data-contrast=\"auto\">ciberseguridad<\/span><span data-contrast=\"auto\"> aumente de una forma exponencial<\/span><span data-contrast=\"auto\">.<\/span><span data-contrast=\"auto\">\u201d<\/span><span data-ccp-props=\"{&quot;201341983&quot;:0,&quot;335559731&quot;:708,&quot;335559739&quot;:160,&quot;335559740&quot;:240}\">\u00a0<\/span><\/p>\n<p><span data-contrast=\"auto\">Finalmente, subray\u00f3 el aporte de<\/span><span data-contrast=\"auto\">l I<\/span><span data-contrast=\"auto\">nternet de las cosas en cuanto a la recopilaci\u00f3n<\/span><span data-contrast=\"auto\">, generaci\u00f3n<\/span> <span data-contrast=\"auto\">y almacenamiento <\/span><span data-contrast=\"auto\">de datos, porque permite interactuar con diferentes equipos, en<\/span><span data-contrast=\"auto\"> situaciones distintas y en <\/span><span data-contrast=\"auto\">tiempo real.<\/span><span data-ccp-props=\"{&quot;201341983&quot;:0,&quot;335559731&quot;:708,&quot;335559739&quot;:160,&quot;335559740&quot;:240}\">\u00a0<\/span><\/p>\n<p><span data-ccp-props=\"{&quot;201341983&quot;:0,&quot;335559739&quot;:160,&quot;335559740&quot;:240}\">\u00a0<\/span><\/p>\n<div id=\"attachment_90425\" style=\"width: 732px\" class=\"wp-caption aligncenter\"><a href=\"https:\/\/www.uv.mx\/prensa\/files\/2020\/11\/191120-MANTENIMIENTO-EN-LA-INDUSTRIA-4.0-2.jpg\"><img aria-describedby=\"caption-attachment-90425\" decoding=\"async\" loading=\"lazy\" class=\"size-full wp-image-90425\" src=\"https:\/\/www.uv.mx\/prensa\/files\/2020\/11\/191120-MANTENIMIENTO-EN-LA-INDUSTRIA-4.0-2.jpg\" alt=\"\" width=\"722\" height=\"406\" srcset=\"https:\/\/www.uv.mx\/prensa\/files\/2020\/11\/191120-MANTENIMIENTO-EN-LA-INDUSTRIA-4.0-2.jpg 722w, https:\/\/www.uv.mx\/prensa\/files\/2020\/11\/191120-MANTENIMIENTO-EN-LA-INDUSTRIA-4.0-2-300x169.jpg 300w\" sizes=\"(max-width: 722px) 100vw, 722px\" \/><\/a><p id=\"caption-attachment-90425\" class=\"wp-caption-text\">El investigador de Puerto Montt, Chile, imparti\u00f3 la conferencia magistral \u201cEl mantenimiento en la Cuarta Revoluci\u00f3n Industrial\u201d<\/p><\/div>\n<p><b><span data-contrast=\"auto\">Pie<\/span><\/b><b><span data-contrast=\"auto\">s<\/span><\/b><b><span data-contrast=\"auto\"> de foto<\/span><\/b><b><span data-contrast=\"auto\">s<\/span><\/b><span data-ccp-props=\"{&quot;201341983&quot;:0,&quot;335559739&quot;:160,&quot;335559740&quot;:240}\">\u00a0<\/span><\/p>\n<p><b><span data-contrast=\"auto\">191120-CLAUDIA-Mantenimiento en <\/span><\/b><b><span data-contrast=\"auto\">indisutria<\/span><\/b><b><span data-contrast=\"auto\"> 4.0<\/span><\/b><b><span data-contrast=\"auto\">-1: <\/span><\/b><span data-contrast=\"auto\">Rommer<\/span><span data-contrast=\"auto\"> Rafael Gonz\u00e1lez R<\/span><span data-contrast=\"auto\">odr\u00edguez<\/span><span data-contrast=\"auto\">, cofundador de la marca Revoluci\u00f3n en el Campo a la Excelencia<\/span><span data-ccp-props=\"{&quot;201341983&quot;:0,&quot;335559739&quot;:160,&quot;335559740&quot;:240}\">\u00a0<\/span><\/p>\n<p><span data-ccp-props=\"{&quot;201341983&quot;:0,&quot;335559739&quot;:160,&quot;335559740&quot;:240}\">\u00a0<\/span><\/p>\n<p><b><span data-contrast=\"auto\">191120-CLAUDIA-Mantenimiento en <\/span><\/b><b><span data-contrast=\"auto\">indisutria<\/span><\/b><b><span data-contrast=\"auto\"> 4.0<\/span><\/b><b><span data-contrast=\"auto\">-2: <\/span><\/b><span data-contrast=\"auto\">El investigador de Puerto Montt, Chile, <\/span><span data-contrast=\"auto\">imparti\u00f3 la confere<\/span><span data-contrast=\"auto\">ncia<\/span><span data-contrast=\"auto\"> magistral<\/span> <span data-contrast=\"auto\">\u201cEl mantenimiento en la <\/span><span data-contrast=\"auto\">C<\/span><span data-contrast=\"auto\">uarta Revoluci\u00f3n Industrial\u201d<\/span><span data-ccp-props=\"{&quot;201341983&quot;:0,&quot;335559739&quot;:160,&quot;335559740&quot;:240}\">\u00a0<\/span><\/p>\n","protected":false},"excerpt":{"rendered":"<p>Asegur\u00f3 Rommer Rafael Gonz\u00e1lez durante su participaci\u00f3n en el X Foro Internacional de Divulgaci\u00f3n Cient\u00edfica y Tecnol\u00f3gica, organizado por la Facultad de Ingenier\u00eda Mec\u00e1nica y El\u00e9ctrica\u00a0\u00a0<\/p>\n","protected":false},"author":1869,"featured_media":90425,"comment_status":"closed","ping_status":"closed","sticky":false,"template":"","format":"standard","meta":[],"categories":[51],"tags":[],"_links":{"self":[{"href":"https:\/\/www.uv.mx\/prensa\/wp-json\/wp\/v2\/posts\/90423"}],"collection":[{"href":"https:\/\/www.uv.mx\/prensa\/wp-json\/wp\/v2\/posts"}],"about":[{"href":"https:\/\/www.uv.mx\/prensa\/wp-json\/wp\/v2\/types\/post"}],"author":[{"embeddable":true,"href":"https:\/\/www.uv.mx\/prensa\/wp-json\/wp\/v2\/users\/1869"}],"replies":[{"embeddable":true,"href":"https:\/\/www.uv.mx\/prensa\/wp-json\/wp\/v2\/comments?post=90423"}],"version-history":[{"count":1,"href":"https:\/\/www.uv.mx\/prensa\/wp-json\/wp\/v2\/posts\/90423\/revisions"}],"predecessor-version":[{"id":90426,"href":"https:\/\/www.uv.mx\/prensa\/wp-json\/wp\/v2\/posts\/90423\/revisions\/90426"}],"wp:featuredmedia":[{"embeddable":true,"href":"https:\/\/www.uv.mx\/prensa\/wp-json\/wp\/v2\/media\/90425"}],"wp:attachment":[{"href":"https:\/\/www.uv.mx\/prensa\/wp-json\/wp\/v2\/media?parent=90423"}],"wp:term":[{"taxonomy":"category","embeddable":true,"href":"https:\/\/www.uv.mx\/prensa\/wp-json\/wp\/v2\/categories?post=90423"},{"taxonomy":"post_tag","embeddable":true,"href":"https:\/\/www.uv.mx\/prensa\/wp-json\/wp\/v2\/tags?post=90423"}],"curies":[{"name":"wp","href":"https:\/\/api.w.org\/{rel}","templated":true}]}}