{"id":90436,"date":"2020-11-21T07:59:41","date_gmt":"2020-11-21T13:59:41","guid":{"rendered":"https:\/\/www.uv.mx\/prensa\/?p=90436"},"modified":"2020-11-23T16:20:47","modified_gmt":"2020-11-23T22:20:47","slug":"problema-de-las-adicciones-va-mas-alla-de-un-cerebro-disfuncional","status":"publish","type":"post","link":"https:\/\/www.uv.mx\/prensa\/ciencia\/problema-de-las-adicciones-va-mas-alla-de-un-cerebro-disfuncional\/","title":{"rendered":"Problema de las adicciones va m\u00e1s all\u00e1 de un cerebro disfuncional"},"content":{"rendered":"<ul>\n<li data-leveltext=\"\uf0b7\" data-font=\"Symbol\" data-listid=\"1\" data-aria-posinset=\"1\" data-aria-level=\"1\"><i><span data-contrast=\"auto\">Jos\u00e9 Manuel Castrej\u00f3n\u00a0<\/span><\/i><i><span data-contrast=\"auto\">Vacio<\/span><\/i><i><span data-contrast=\"auto\">, especialista en atenci\u00f3n integral del consumo de drogas<\/span><\/i><i><span data-contrast=\"auto\">,\u00a0<\/span><\/i><i><span data-contrast=\"auto\">particip\u00f3<\/span><\/i><i><span data-contrast=\"auto\">\u00a0en el IX Foro Acad\u00e9mico Investigaci\u00f3n-Acci\u00f3n en la Prevenci\u00f3n del Consumo de Drogas<\/span><\/i><span data-ccp-props=\"{&quot;134233279&quot;:true,&quot;201341983&quot;:0,&quot;335559739&quot;:160,&quot;335559740&quot;:240}\">\u00a0<\/span><\/li>\n<li data-leveltext=\"\uf0b7\" data-font=\"Symbol\" data-listid=\"1\" data-aria-posinset=\"2\" data-aria-level=\"1\"><i><span data-contrast=\"auto\">Invit\u00f3 a reflexionar sobre las adicciones y replantearse si en realidad se trata de una enfermedad cr\u00f3nica<\/span><\/i><span data-ccp-props=\"{&quot;134233279&quot;:true,&quot;201341983&quot;:0,&quot;335559739&quot;:160,&quot;335559740&quot;:240}\">\u00a0<\/span><\/li>\n<\/ul>\n<p><span data-ccp-props=\"{&quot;201341983&quot;:0,&quot;335559739&quot;:160,&quot;335559740&quot;:240}\">\u00a0<\/span><\/p>\n<div id=\"attachment_90437\" style=\"width: 732px\" class=\"wp-caption aligncenter\"><a href=\"https:\/\/www.uv.mx\/prensa\/files\/2020\/11\/181120-ADICCIONES-1-100k.jpg\"><img aria-describedby=\"caption-attachment-90437\" decoding=\"async\" loading=\"lazy\" class=\"size-full wp-image-90437\" src=\"https:\/\/www.uv.mx\/prensa\/files\/2020\/11\/181120-ADICCIONES-1-100k.jpg\" alt=\"Situaciones traum\u00e1ticas vividas durante la infancia determinar\u00edan la vulnerabilidad y comportamientos compulsivos, explic\u00f3 Jos\u00e9 Manuel Castrej\u00f3n \" width=\"722\" height=\"475\" srcset=\"https:\/\/www.uv.mx\/prensa\/files\/2020\/11\/181120-ADICCIONES-1-100k.jpg 722w, https:\/\/www.uv.mx\/prensa\/files\/2020\/11\/181120-ADICCIONES-1-100k-300x197.jpg 300w\" sizes=\"(max-width: 722px) 100vw, 722px\" \/><\/a><p id=\"caption-attachment-90437\" class=\"wp-caption-text\">Situaciones traum\u00e1ticas vividas durante la infancia determinar\u00edan la vulnerabilidad y comportamientos compulsivos, explic\u00f3 Jos\u00e9 Manuel Castrej\u00f3n<\/p><\/div>\n<p>&nbsp;<\/p>\n<p><b><i><span data-contrast=\"auto\">Claudia Peralta V\u00e1zquez<\/span><\/i><\/b><span data-ccp-props=\"{&quot;201341983&quot;:0,&quot;335559739&quot;:160,&quot;335559740&quot;:240}\">\u00a0<\/span><\/p>\n<p><b><i><span data-contrast=\"auto\">21<\/span><\/i><\/b><b><i><span data-contrast=\"auto\">\/11\/20<\/span><\/i><\/b><b><i><span data-contrast=\"auto\">20<\/span><\/i><\/b><b><i><span data-contrast=\"auto\">, Xalapa,\u00a0<\/span><\/i><\/b><b><i><span data-contrast=\"auto\">Ver.-<\/span><\/i><\/b><b><i><span data-contrast=\"auto\">\u00a0<\/span><\/i><\/b><span data-contrast=\"auto\">Jos\u00e9 Manuel Castrej\u00f3n\u00a0<\/span><span data-contrast=\"auto\">Vacio<\/span><span data-contrast=\"auto\">, especialista en atenci\u00f3n integral del consumo de drogas, destac\u00f3 que\u00a0<\/span><span data-contrast=\"auto\">el<\/span><span data-contrast=\"auto\">\u00a0problema de las adicciones va m\u00e1s all\u00e1 de un cerebro disfuncional<\/span><span data-contrast=\"auto\">, pues<\/span><span data-contrast=\"auto\">\u00a0situaciones<\/span><span data-contrast=\"auto\">\u00a0traum\u00e1ticas<\/span><span data-contrast=\"auto\">\u00a0vividas durante la infancia determinar\u00edan la vulnerabilidad y comportamientos compulsivos<\/span><span data-contrast=\"auto\">\u00a0futuros, tales como el consumo de drogas<\/span><span data-contrast=\"auto\">.<\/span><span data-ccp-props=\"{&quot;201341983&quot;:0,&quot;335559739&quot;:160,&quot;335559740&quot;:240}\">\u00a0<\/span><\/p>\n<p><span data-contrast=\"auto\">En<\/span><span data-contrast=\"auto\">\u00a0el marco d<\/span><span data-contrast=\"auto\">el IX Foro Acad\u00e9mico Investigaci\u00f3n-Acci\u00f3n en la Prevenci\u00f3n del Consumo de Drogas<\/span><span data-contrast=\"auto\">, realizado\u00a0<\/span><span data-contrast=\"auto\">los d\u00edas\u00a0<\/span><span data-contrast=\"auto\">5<\/span><span data-contrast=\"auto\">\u00a0<\/span><span data-contrast=\"auto\">y 6 de noviembre y organizado por el\u00a0<\/span><span data-contrast=\"auto\"><a href=\"https:\/\/www.uv.mx\/ics\/\" target=\"_blank\" rel=\"noopener noreferrer\">Instituto de Ciencias de la Salud<\/a> (ICS)<\/span><span data-contrast=\"auto\">\u00a0de la Universidad Veracruzana (UV),\u00a0<\/span><span data-contrast=\"auto\">a trav\u00e9s de la Maestr\u00eda en Prevenci\u00f3n Integral del Consumo de Drogas<\/span><span data-contrast=\"auto\">,<\/span><span data-contrast=\"auto\">\u00a0y la Red Veracruzana de Investigaci\u00f3n en Adicciones<\/span><span data-contrast=\"auto\">, Castrej\u00f3n\u00a0<\/span><span data-contrast=\"auto\">Vacio<\/span><span data-contrast=\"auto\">\u00a0imparti\u00f3 la ponencia\u00a0<\/span><span data-contrast=\"auto\">\u201c<\/span><span data-contrast=\"auto\">E<\/span><span data-contrast=\"auto\">mociones<\/span><span data-contrast=\"auto\">,<\/span><span data-contrast=\"auto\">\u00a0<\/span><span data-contrast=\"auto\">cogniciones<\/span><span data-contrast=\"auto\">\u00a0y adicciones\u201d<\/span><span data-contrast=\"auto\">.<\/span><span data-ccp-props=\"{&quot;201341983&quot;:0,&quot;335559731&quot;:708,&quot;335559739&quot;:160,&quot;335559740&quot;:240}\">\u00a0<\/span><\/p>\n<p><span data-contrast=\"auto\">En s<\/span><span data-contrast=\"auto\">u participaci\u00f3n por<\/span><span data-contrast=\"auto\">\u00a0<\/span><i><span data-contrast=\"auto\">Zoom<\/span><\/i><span data-contrast=\"auto\">,<\/span><span data-contrast=\"auto\">\u00a0<\/span><span data-contrast=\"auto\">dijo que la h<\/span><span data-contrast=\"auto\">istoria natural de<\/span><span data-contrast=\"auto\">\u00a0las<\/span><span data-contrast=\"auto\">\u00a0adicciones\u00a0<\/span><span data-contrast=\"auto\">corresponde a un<\/span><span data-contrast=\"auto\">\u00a0problema que pasa por distintas etapas y en cada una requiere de ciertas intervenciones.<\/span><span data-ccp-props=\"{&quot;201341983&quot;:0,&quot;335559731&quot;:708,&quot;335559739&quot;:160,&quot;335559740&quot;:240}\">\u00a0<\/span><\/p>\n<p><span data-contrast=\"auto\">La<\/span><span data-contrast=\"auto\">\u00a0adicci\u00f3n<\/span><span data-contrast=\"auto\">, dijo,<\/span><span data-contrast=\"auto\">\u00a0se define como una enfermedad cr\u00f3nica<\/span><span data-contrast=\"auto\">\u00a0cerebral<\/span><span data-contrast=\"auto\">\u00a0<\/span><span data-contrast=\"auto\">con\u00a0<\/span><span data-contrast=\"auto\">reca\u00eddas<\/span><span data-contrast=\"auto\">,<\/span><span data-contrast=\"auto\">\u00a0<\/span><span data-contrast=\"auto\">caracterizada por la<\/span><span data-contrast=\"auto\">\u00a0b\u00fasqueda del uso co<\/span><span data-contrast=\"auto\">mpulsivo<\/span><span data-contrast=\"auto\">\u00a0de drogas a pesar de las consecuencias<\/span><span data-contrast=\"auto\">.<\/span><span data-ccp-props=\"{&quot;201341983&quot;:0,&quot;335559731&quot;:708,&quot;335559739&quot;:160,&quot;335559740&quot;:240}\">\u00a0<\/span><\/p>\n<p><span data-contrast=\"auto\">\u201c<\/span><span data-contrast=\"auto\">Es un cerebro adicto que tiene una falla en las conexiones\u00a0<\/span><span data-contrast=\"auto\">intersin\u00e1pticas<\/span><span data-contrast=\"auto\">\u00a0y en las huellas de los nervios receptores<\/span><span data-contrast=\"auto\">,<\/span><span data-contrast=\"auto\">\u00a0lo cual va modificando la estructura, el funcionamiento y<\/span><span data-contrast=\"auto\">,<\/span><span data-contrast=\"auto\">\u00a0por lo tanto, la compulsi\u00f3n de las personas para consumir sustancias<\/span><span data-contrast=\"auto\">.<\/span><span data-contrast=\"auto\">\u201d<\/span><span data-ccp-props=\"{&quot;201341983&quot;:0,&quot;335559739&quot;:160,&quot;335559740&quot;:240}\">\u00a0<\/span><\/p>\n<p><span data-contrast=\"auto\">Con relaci\u00f3n a<\/span><span data-contrast=\"auto\">\u00a0est<\/span><span data-contrast=\"auto\">e<\/span><span data-contrast=\"auto\">\u00a0enfoque, a<\/span><span data-contrast=\"auto\">fi<\/span><span data-contrast=\"auto\">r<\/span><span data-contrast=\"auto\">m<\/span><span data-contrast=\"auto\">\u00f3 que es uno de los de mayor aceptaci\u00f3n dentro del campo cient\u00edfico en la actualidad,\u00a0<\/span><span data-contrast=\"auto\">pues<\/span><span data-contrast=\"auto\">\u00a0es avalado por experimentos en\u00a0<\/span><span data-contrast=\"auto\">ratas.<\/span><span data-ccp-props=\"{&quot;201341983&quot;:0,&quot;335559731&quot;:708,&quot;335559739&quot;:160,&quot;335559740&quot;:240}\">\u00a0<\/span><\/p>\n<p><span data-contrast=\"auto\">Sin embargo, el\u00a0<\/span><span data-contrast=\"auto\">fen\u00f3meno<\/span><span data-contrast=\"auto\">\u00a0<\/span><span data-contrast=\"auto\">de las adicciones, m\u00e1s all\u00e1 de la interacci\u00f3n muy reduccionista de droga<\/span><span data-contrast=\"auto\">&#8211;<\/span><span data-contrast=\"auto\">sujeto<\/span><span data-contrast=\"auto\">,\u00a0<\/span><span data-contrast=\"auto\">tiene muchas m\u00e1s variables.<\/span><span data-ccp-props=\"{&quot;201341983&quot;:0,&quot;335559739&quot;:160,&quot;335559740&quot;:240}\">\u00a0<\/span><\/p>\n<p><span data-contrast=\"auto\">Lo que es un hecho<\/span><span data-contrast=\"auto\">,<\/span><span data-contrast=\"auto\">\u00a0es que al igual\u00a0<\/span><span data-contrast=\"auto\">de quien<\/span><span data-contrast=\"auto\">\u00a0consume sustancias psicoactivas<\/span><span data-contrast=\"auto\">\u00a0o\u00a0<\/span><span data-contrast=\"auto\">tiene una\u00a0<\/span><span data-contrast=\"auto\">dependencia a los videojuegos,<\/span><span data-contrast=\"auto\">\u00a0<\/span><span data-contrast=\"auto\">tambi\u00e9n\u00a0<\/span><span data-contrast=\"auto\">experimenta\u00a0<\/span><span data-contrast=\"auto\">falta de control, deterioro social<\/span><span data-contrast=\"auto\">\u00a0y<\/span><span data-contrast=\"auto\">\u00a0consumo riesgoso a pesar de las manifestaciones<\/span><span data-contrast=\"auto\">.<\/span><span data-ccp-props=\"{&quot;201341983&quot;:0,&quot;335559731&quot;:708,&quot;335559739&quot;:160,&quot;335559740&quot;:240}\">\u00a0<\/span><\/p>\n<p><span data-contrast=\"auto\">A decir del especialista egresado de la Maestr\u00eda\u00a0<\/span><span data-contrast=\"auto\">en Atenci\u00f3n Integral del Consumo de Drogas<\/span><span data-contrast=\"auto\">\u00a0de la UV<\/span><span data-contrast=\"auto\">\u00a0y\u00a0<\/span><span data-contrast=\"auto\">L<\/span><span data-contrast=\"auto\">icenciado en Psicolog\u00eda Cl\u00ednica por la<\/span><span data-contrast=\"auto\">\u00a0Universidad Nacional Aut\u00f3noma de M\u00e9xico (UNAM), el\u00a0<\/span><span data-contrast=\"auto\">problema de las adicciones va m\u00e1s all\u00e1 de un cerebro disfuncional,\u00a0<\/span><span data-contrast=\"auto\">por lo que el esquema\u00a0<\/span><span data-contrast=\"auto\">reduccionista no permite entender todos los aspectos sociol\u00f3gicos<\/span><span data-contrast=\"auto\">\u00a0y<\/span><span data-contrast=\"auto\">\u00a0familiares que intervienen en este fen\u00f3meno.<\/span><span data-ccp-props=\"{&quot;201341983&quot;:0,&quot;335559731&quot;:708,&quot;335559739&quot;:160,&quot;335559740&quot;:240}\">\u00a0<\/span><\/p>\n<p><span data-contrast=\"auto\">En esta l\u00f3gica<\/span><span data-contrast=\"auto\">, se\u00f1al\u00f3,<\/span><span data-contrast=\"auto\">\u00a0podr\u00eda plantear<\/span><span data-contrast=\"auto\">se<\/span><span data-contrast=\"auto\">\u00a0que el ser humano es m\u00e1s complejo y que los modelos multifactoriales podr\u00edan ayudar a entender mejor el fen\u00f3meno de las dependencias, sin descartar los aspectos biol\u00f3gicos.<\/span><span data-ccp-props=\"{&quot;201341983&quot;:0,&quot;335559731&quot;:708,&quot;335559739&quot;:160,&quot;335559740&quot;:240}\">\u00a0<\/span><\/p>\n<p><span data-contrast=\"auto\">Por tanto, i<\/span><span data-contrast=\"auto\">nvit\u00f3 a reflexionar si realmente<\/span><span data-contrast=\"auto\">\u00a0el consumo de drogas es<\/span><span data-contrast=\"auto\">\u00a0una enfermedad cr\u00f3nica,<\/span><span data-contrast=\"auto\">\u00a0<\/span><span data-contrast=\"auto\">\u201c<\/span><span data-contrast=\"auto\">sabemos que el 95 por ciento de las personas que han dejado de fumar lo han hecho porque un d\u00eda lo decidieron, lo mismo en algunos casos con el consumo excesivo del alcohol, o de alg\u00fan tipo de droga<\/span><span data-contrast=\"auto\">\u201d<\/span><span data-contrast=\"auto\">.<\/span><span data-ccp-props=\"{&quot;201341983&quot;:0,&quot;335559731&quot;:708,&quot;335559739&quot;:160,&quot;335559740&quot;:240}\">\u00a0<\/span><\/p>\n<p><span data-contrast=\"auto\">Consider\u00f3 que<\/span><span data-contrast=\"auto\">, si bien es una\u00a0<\/span><span data-contrast=\"auto\">enfermedad cr\u00f3nica<\/span><span data-contrast=\"auto\">\u00a0y<\/span><span data-contrast=\"auto\">\u00a0un trastorno<\/span><span data-contrast=\"auto\">\u00a0<\/span><span data-contrast=\"auto\">resultado de factores gen\u00e9ticos o ambientales,\u00a0<\/span><span data-contrast=\"auto\">el\u00a0<\/span><span data-contrast=\"auto\">enfoque sociol\u00f3gico plantea<\/span><span data-contrast=\"auto\">\u00a0que las adicciones<\/span><span data-contrast=\"auto\">\u00a0son formas de adaptaci\u00f3n a una sociedad desadaptada<\/span><span data-contrast=\"auto\">,\u00a0<\/span><span data-contrast=\"auto\">una forma de adaptarse a la cultura del\u00a0<\/span><span data-contrast=\"auto\">hiperconsumo<\/span><span data-contrast=\"auto\">,<\/span><span data-contrast=\"auto\">\u00a0<\/span><span data-contrast=\"auto\">la manifestaci\u00f3n de un problema m\u00e1s profundo o el rostro visible de problemas de fondo.<\/span><span data-ccp-props=\"{&quot;201341983&quot;:0,&quot;335559739&quot;:160,&quot;335559740&quot;:240}\">\u00a0<\/span><\/p>\n<p><span data-contrast=\"auto\">En este sentido, se habla no s\u00f3<\/span><span data-contrast=\"auto\">lo de la parte de qu\u00edmica cerebral, sino de sistemas de creencias, de personalidades, familias, necesidades emocionales insatisfechas, de faltas de respaldo y<\/span><span data-contrast=\"auto\">,<\/span><span data-contrast=\"auto\">\u00a0en general, de una incapacidad de enfrentar la vida y de una personalidad que ha tenido limitaciones para crecer<\/span><span data-contrast=\"auto\">\u00a0y<\/span><span data-contrast=\"auto\">\u00a0evolucionar<\/span><span data-contrast=\"auto\">.<\/span><span data-ccp-props=\"{&quot;201341983&quot;:0,&quot;335559731&quot;:708,&quot;335559739&quot;:160,&quot;335559740&quot;:240}\">\u00a0<\/span><\/p>\n<p><span data-contrast=\"auto\">El experto\u00a0<\/span><span data-contrast=\"auto\">manifest\u00f3<\/span><span data-contrast=\"auto\">\u00a0que el<\/span><span data-contrast=\"auto\">\u00a0trauma es una exposici\u00f3n a acontecimientos estresantes que de alguna manera han sobrepasado los mecanismos de afrontamiento de la persona y no puede ser digerida.<\/span><span data-ccp-props=\"{&quot;201341983&quot;:0,&quot;335559739&quot;:160,&quot;335559740&quot;:240}\">\u00a0<\/span><\/p>\n<p><span data-contrast=\"auto\">Por lo anterior, dichas\u00a0<\/span><span data-contrast=\"auto\">situaciones traum\u00e1ticas llegan a definir la forma en que las personas habr\u00e1n de vivir en etapas subsecuentes, incluso hay explicaciones neurofisiol\u00f3gicas que dicen que\u00a0<\/span><span data-contrast=\"auto\">individuos\u00a0<\/span><span data-contrast=\"auto\">expuest<\/span><span data-contrast=\"auto\">o<\/span><span data-contrast=\"auto\">s\u00a0<\/span><span data-contrast=\"auto\">a esto<\/span><span data-contrast=\"auto\">\u00a0<\/span><span data-contrast=\"auto\">no llegan a desarrollar<\/span><span data-contrast=\"auto\">se<\/span><span data-contrast=\"auto\">\u00a0adecuadamente<\/span><span data-contrast=\"auto\">,\u00a0<\/span><span data-contrast=\"auto\">\u201c<\/span><span data-contrast=\"auto\">s<\/span><span data-contrast=\"auto\">obre todo para favorecer esta conexi\u00f3n que pudiera haber entre\u00a0<\/span><span data-contrast=\"auto\">el\u00a0<\/span><span data-contrast=\"auto\">cerebro emocional con la parte de la corteza prefrontal<\/span><span data-contrast=\"auto\">\u201d<\/span><span data-contrast=\"auto\">.<\/span><span data-ccp-props=\"{&quot;201341983&quot;:0,&quot;335559731&quot;:708,&quot;335559739&quot;:160,&quot;335559740&quot;:240}\">\u00a0<\/span><\/p>\n<p><span data-contrast=\"auto\">Jos\u00e9 Manuel Castrej\u00f3n\u00a0<\/span><span data-contrast=\"auto\">a\u00f1adi\u00f3 que esta\u00a0<\/span><span data-contrast=\"auto\">limitaci\u00f3n\u00a0<\/span><span data-contrast=\"auto\">determinar<\/span><span data-contrast=\"auto\">\u00e1 la manera en c\u00f3mo las personas\u00a0<\/span><span data-contrast=\"auto\">viv<\/span><span data-contrast=\"auto\">ir\u00e1n<\/span><span data-contrast=\"auto\">\u00a0sus emociones, ent<\/span><span data-contrast=\"auto\">ender\u00e1n y reaccionar\u00e1n\u00a0<\/span><span data-contrast=\"auto\">dejando huellas que invariablemente se repetir<\/span><span data-contrast=\"auto\">\u00e1n<\/span><span data-contrast=\"auto\">\u00a0a lo largo de su vida.<\/span><span data-ccp-props=\"{&quot;201341983&quot;:0,&quot;335559731&quot;:708,&quot;335559739&quot;:160,&quot;335559740&quot;:240}\">\u00a0<\/span><\/p>\n<p><span data-contrast=\"auto\">\u201c<\/span><span data-contrast=\"auto\">Experiencias en la ni\u00f1ez determinan una limitaci\u00f3n en el desarrollo emocional, social<\/span><span data-contrast=\"auto\">,\u00a0<\/span><span data-contrast=\"auto\">cognitivo<\/span><span data-contrast=\"auto\">\u00a0y,<\/span><span data-contrast=\"auto\">\u00a0por tanto, la adaptaci\u00f3n de comportamientos que ponen en riesgo la salud,<\/span><span data-contrast=\"auto\">\u00a0principalmente en\u00a0<\/span><span data-contrast=\"auto\">etapas posteriores<\/span><span data-contrast=\"auto\">\u00a0como<\/span><span data-contrast=\"auto\">\u00a0la adolescencia,<\/span><span data-contrast=\"auto\">\u00a0cuando<\/span><span data-contrast=\"auto\">\u00a0desencadenan\u00a0<\/span><span data-contrast=\"auto\">enfermedades, discapacidad y\u00a0<\/span><span data-contrast=\"auto\">hasta\u00a0<\/span><span data-contrast=\"auto\">muerte temprana<\/span><span data-contrast=\"auto\">.<\/span><span data-contrast=\"auto\">\u201d<\/span><span data-ccp-props=\"{&quot;201341983&quot;:0,&quot;335559739&quot;:160,&quot;335559740&quot;:240}\">\u00a0<\/span><\/p>\n<p><span data-contrast=\"auto\">El<\/span><span data-contrast=\"auto\">\u00a0resultado es que<\/span><span data-contrast=\"auto\">,<\/span><span data-contrast=\"auto\">\u00a0a los 13 a\u00f1os<\/span><span data-contrast=\"auto\">,<\/span><span data-contrast=\"auto\">\u00a0cuando por primera vez<\/span><span data-contrast=\"auto\">\u00a0consumen\u00a0<\/span><span data-contrast=\"auto\">alcohol<\/span><span data-contrast=\"auto\">,\u00a0<\/span><span data-contrast=\"auto\">mariguana<\/span><span data-contrast=\"auto\">\u00a0<\/span><span data-contrast=\"auto\">y sustancias como el cristal, van a experimentar una profunda sensaci\u00f3n de placeres y tranquilidad que\u00a0<\/span><span data-contrast=\"auto\">nunca<\/span><span data-contrast=\"auto\">\u00a0ha<\/span><span data-contrast=\"auto\">b\u00edan<\/span><span data-contrast=\"auto\">\u00a0sentido<\/span><span data-contrast=\"auto\">, expres\u00f3.<\/span><span data-ccp-props=\"{&quot;201341983&quot;:0,&quot;335559731&quot;:708,&quot;335559739&quot;:160,&quot;335559740&quot;:240}\">\u00a0<\/span><\/p>\n<p><span data-contrast=\"auto\">\u201cEsta<\/span><span data-contrast=\"auto\">\u00a0experiencia se convertir\u00e1 en algo trascendente que<\/span><span data-contrast=\"auto\">\u00a0dejar\u00e1 huella y se\u00a0<\/span><span data-contrast=\"auto\">convertir\u00e1 en una din\u00e1mica compulsiva<\/span><span data-contrast=\"auto\">.<\/span><span data-contrast=\"auto\">\u201d<\/span><span data-ccp-props=\"{&quot;201341983&quot;:0,&quot;335559731&quot;:708,&quot;335559739&quot;:160,&quot;335559740&quot;:240}\">\u00a0<\/span><\/p>\n","protected":false},"excerpt":{"rendered":"<p>Situaciones traum\u00e1ticas vividas durante la infancia determinar\u00edan la vulnerabilidad y comportamientos compulsivos, explic\u00f3 Jos\u00e9 Manuel Castrej\u00f3n, especialista en atenci\u00f3n integral del consumo de drogas<\/p>\n","protected":false},"author":1775,"featured_media":90437,"comment_status":"closed","ping_status":"closed","sticky":false,"template":"","format":"standard","meta":[],"categories":[45],"tags":[311,439,441,442,312,437,438,440],"_links":{"self":[{"href":"https:\/\/www.uv.mx\/prensa\/wp-json\/wp\/v2\/posts\/90436"}],"collection":[{"href":"https:\/\/www.uv.mx\/prensa\/wp-json\/wp\/v2\/posts"}],"about":[{"href":"https:\/\/www.uv.mx\/prensa\/wp-json\/wp\/v2\/types\/post"}],"author":[{"embeddable":true,"href":"https:\/\/www.uv.mx\/prensa\/wp-json\/wp\/v2\/users\/1775"}],"replies":[{"embeddable":true,"href":"https:\/\/www.uv.mx\/prensa\/wp-json\/wp\/v2\/comments?post=90436"}],"version-history":[{"count":1,"href":"https:\/\/www.uv.mx\/prensa\/wp-json\/wp\/v2\/posts\/90436\/revisions"}],"predecessor-version":[{"id":90513,"href":"https:\/\/www.uv.mx\/prensa\/wp-json\/wp\/v2\/posts\/90436\/revisions\/90513"}],"wp:featuredmedia":[{"embeddable":true,"href":"https:\/\/www.uv.mx\/prensa\/wp-json\/wp\/v2\/media\/90437"}],"wp:attachment":[{"href":"https:\/\/www.uv.mx\/prensa\/wp-json\/wp\/v2\/media?parent=90436"}],"wp:term":[{"taxonomy":"category","embeddable":true,"href":"https:\/\/www.uv.mx\/prensa\/wp-json\/wp\/v2\/categories?post=90436"},{"taxonomy":"post_tag","embeddable":true,"href":"https:\/\/www.uv.mx\/prensa\/wp-json\/wp\/v2\/tags?post=90436"}],"curies":[{"name":"wp","href":"https:\/\/api.w.org\/{rel}","templated":true}]}}