{"id":90613,"date":"2020-11-27T08:00:46","date_gmt":"2020-11-27T14:00:46","guid":{"rendered":"https:\/\/www.uv.mx\/prensa\/?p=90613"},"modified":"2020-11-27T11:17:20","modified_gmt":"2020-11-27T17:17:20","slug":"uv-mostro-a-jovenes-como-es-el-proceso-de-ingreso-a-la-institucion","status":"publish","type":"post","link":"https:\/\/www.uv.mx\/prensa\/general\/uv-mostro-a-jovenes-como-es-el-proceso-de-ingreso-a-la-institucion\/","title":{"rendered":"UV mostr\u00f3 a j\u00f3venes c\u00f3mo es el proceso de ingreso a la instituci\u00f3n\u00a0"},"content":{"rendered":"<ul>\n<li data-leveltext=\"\u25cf\" data-font=\"\" data-listid=\"1\" data-aria-posinset=\"1\" data-aria-level=\"1\"><i><span data-contrast=\"auto\">Edgar <\/span><\/i><i><span data-contrast=\"auto\">Paul Rodr\u00edguez, coordinador de I<\/span><\/i><i><span data-contrast=\"auto\">ngreso de la Direcci\u00f3n General de Administraci\u00f3n Escolar, detall\u00f3 las caracter\u00edsticas del proceso en <\/span><\/i><i><span data-contrast=\"auto\">la <\/span><\/i><i><span data-contrast=\"auto\">Expo Orienta 2020<\/span><\/i><span data-ccp-props=\"{&quot;201341983&quot;:0,&quot;335559740&quot;:240}\">\u00a0<\/span><\/li>\n<\/ul>\n<p><span data-ccp-props=\"{&quot;201341983&quot;:0,&quot;335559740&quot;:240}\">\u00a0<\/span><\/p>\n<p><iframe loading=\"lazy\" title=\"Expo Orienta 2020 Proceso de ingreso\" width=\"639\" height=\"359\" src=\"https:\/\/www.youtube.com\/embed\/C6jMEzi8RM8?feature=oembed\" frameborder=\"0\" allow=\"accelerometer; autoplay; clipboard-write; encrypted-media; gyroscope; picture-in-picture\" allowfullscreen><\/iframe><\/p>\n<p><span data-ccp-props=\"{&quot;201341983&quot;:0,&quot;335559740&quot;:240}\">\u00a0<\/span><\/p>\n<p><b><i><span data-contrast=\"auto\">David Sandoval Rodr\u00edguez<\/span><\/i><\/b><span data-ccp-props=\"{&quot;201341983&quot;:0,&quot;335559740&quot;:240}\">\u00a0<\/span><\/p>\n<p><b><i><span data-contrast=\"auto\">2<\/span><\/i><\/b><b><i><span data-contrast=\"auto\">7<\/span><\/i><\/b><b><i><span data-contrast=\"auto\">\/11\/20<\/span><\/i><\/b><b><i><span data-contrast=\"auto\">20,<\/span><\/i><\/b><b><i><span data-contrast=\"auto\"> Xalapa, Ver.-<\/span><\/i><\/b><span data-contrast=\"auto\"> La <a href=\"https:\/\/www.uv.mx\/\" target=\"_blank\" rel=\"noopener noreferrer\">Universidad Veracruzana<\/a> (UV) ofrece a quienes deseen cursar una licenciatura en la instituci\u00f3n un portal <\/span><span data-contrast=\"auto\">que contiene la informaci\u00f3n requerida para el proceso<\/span> <span data-contrast=\"auto\">de ingreso<\/span><span data-contrast=\"auto\">, se\u00f1al\u00f3 Edgar Paul Ro<\/span><span data-contrast=\"auto\">dr\u00edguez Cort\u00e9s, coordinador de I<\/span><span data-contrast=\"auto\">ngreso y <\/span><span data-contrast=\"auto\">S<\/span><span data-contrast=\"auto\">istemas <\/span><span data-contrast=\"auto\">I<\/span><span data-contrast=\"auto\">nform\u00e1ticos de la Direcci\u00f3n General de Administraci\u00f3n Escolar<\/span><span data-contrast=\"auto\">.<\/span><span data-ccp-props=\"{&quot;201341983&quot;:0,&quot;335559740&quot;:240}\">\u00a0<\/span><\/p>\n<p><span data-contrast=\"auto\">El funcionario particip\u00f3 como parte de las activ<\/span><span data-contrast=\"auto\">idades de Expo Orienta 2020 con<\/span><span data-contrast=\"auto\"> la conferencia virtual por <\/span><i><span data-contrast=\"auto\">YouT<\/span><\/i><i><span data-contrast=\"auto\">ube<\/span><\/i><span data-contrast=\"auto\"> \u201cEl proceso de ingreso a la Universidad Veracruzana\u201d<\/span><span data-contrast=\"auto\">,<\/span><span data-contrast=\"auto\"> donde explic\u00f3 c\u00f3mo opera el portal<\/span><span data-contrast=\"auto\">,<\/span><span data-contrast=\"auto\"> as\u00ed como las fechas y requerimientos solicitados a los aspirantes.<\/span><span data-ccp-props=\"{&quot;201341983&quot;:0,&quot;335559731&quot;:720,&quot;335559740&quot;:240}\">\u00a0<\/span><\/p>\n<p>&nbsp;<\/p>\n<div id=\"attachment_90614\" style=\"width: 732px\" class=\"wp-caption aligncenter\"><a href=\"https:\/\/www.uv.mx\/prensa\/files\/2020\/11\/241120-DAVID-proceso-ingreso-a-la-Universidad-Veracruzana-1.jpg\"><img aria-describedby=\"caption-attachment-90614\" decoding=\"async\" loading=\"lazy\" class=\"size-full wp-image-90614\" src=\"https:\/\/www.uv.mx\/prensa\/files\/2020\/11\/241120-DAVID-proceso-ingreso-a-la-Universidad-Veracruzana-1.jpg\" alt=\"\" width=\"722\" height=\"481\" srcset=\"https:\/\/www.uv.mx\/prensa\/files\/2020\/11\/241120-DAVID-proceso-ingreso-a-la-Universidad-Veracruzana-1.jpg 722w, https:\/\/www.uv.mx\/prensa\/files\/2020\/11\/241120-DAVID-proceso-ingreso-a-la-Universidad-Veracruzana-1-300x200.jpg 300w\" sizes=\"(max-width: 722px) 100vw, 722px\" \/><\/a><p id=\"caption-attachment-90614\" class=\"wp-caption-text\">En Expo Orienta 2020 se dio a conocer c\u00f3mo es el proceso de ingreso a la Universidad Veracruzana<\/p><\/div>\n<p>&nbsp;<\/p>\n<p><span data-contrast=\"auto\">Rodr\u00edguez Cort\u00e9s, quien es encarga<\/span><span data-contrast=\"auto\">do de gestionar operativamente el proceso al interior de la m\u00e1xima casa de estudio<\/span><span data-contrast=\"auto\">s<\/span><span data-contrast=\"auto\">, precis\u00f3 que el portal <\/span><span data-contrast=\"auto\">tiene como prop\u00f3sito que los aspirantes encuentren toda la informaci\u00f3n requerida para el<\/span><span data-contrast=\"auto\">lo<\/span><span data-contrast=\"auto\">.<\/span><span data-ccp-props=\"{&quot;201341983&quot;:0,&quot;335559731&quot;:720,&quot;335559740&quot;:240}\">\u00a0<\/span><\/p>\n<p><span data-contrast=\"auto\">\u201c<\/span><span data-contrast=\"auto\">C<\/span><span data-contrast=\"auto\">reemos <\/span><span data-contrast=\"auto\">que e<\/span><span data-contrast=\"auto\">l portal especial para e<\/span><span data-contrast=\"auto\">ste<\/span><span data-contrast=\"auto\"> pr<\/span><span data-contrast=\"auto\">oceso<\/span> <span data-contrast=\"auto\">abarca todo lo necesario para que ustedes tengan un ingreso exitoso\u201d, coment\u00f3.<\/span><span data-ccp-props=\"{&quot;201341983&quot;:0,&quot;335559731&quot;:720,&quot;335559740&quot;:240}\">\u00a0<\/span><\/p>\n<p><span data-contrast=\"auto\">En el portal institucional, que se crea espec\u00edficamente para cada proceso de ingreso, se incluyen las convocatorias y se pueden encontrar las gu\u00edas<\/span><span data-contrast=\"auto\"> del examen EXANI-<\/span><span data-contrast=\"auto\">I<\/span><span data-contrast=\"auto\"> y EXANI-I<\/span><span data-contrast=\"auto\">I<\/span><span data-contrast=\"auto\">.<\/span><span data-ccp-props=\"{&quot;201341983&quot;:0,&quot;335559731&quot;:720,&quot;335559740&quot;:240}\">\u00a0<\/span><\/p>\n<p><span data-contrast=\"auto\">Recalc\u00f3 que se revise el dep\u00f3sito adecuado para el ingreso, adem\u00e1s del proceso de subir una fotograf\u00eda y una identificaci\u00f3n, que conlle<\/span><span data-contrast=\"auto\">van requerimientos muy precisos;<\/span><span data-contrast=\"auto\"> sin embargo<\/span><span data-contrast=\"auto\">,<\/span><span data-contrast=\"auto\"> a veces los aspirantes no atienden a las indi<\/span><span data-contrast=\"auto\">caciones y les record\u00f3 que la fotograf\u00eda ser\u00e1 la que permitir\u00e1 identificarlos durante toda su trayectoria escolar.<\/span><span data-ccp-props=\"{&quot;201341983&quot;:0,&quot;335559731&quot;:720,&quot;335559740&quot;:240}\">\u00a0<\/span><\/p>\n<p><span data-contrast=\"auto\">Hasta que se sube una fotograf\u00eda correcta se les permite avanzar al siguiente paso, que es la generaci\u00f3n de credencial del aspirante, con los<\/span><span data-contrast=\"auto\"> datos pormenorizados del examen de ingreso y contiene un c\u00f3digo QR que permite autentificar a la persona el d\u00eda de aplicaci\u00f3n del examen de ingreso.<\/span><span data-ccp-props=\"{&quot;201341983&quot;:0,&quot;335559731&quot;:720,&quot;335559740&quot;:240}\">\u00a0<\/span><\/p>\n<p>&nbsp;<\/p>\n<div id=\"attachment_90615\" style=\"width: 732px\" class=\"wp-caption aligncenter\"><a href=\"https:\/\/www.uv.mx\/prensa\/files\/2020\/11\/241120-DAVID-proceso-ingreso-a-la-Universidad-Veracruzana-2.jpg\"><img aria-describedby=\"caption-attachment-90615\" decoding=\"async\" loading=\"lazy\" class=\"size-full wp-image-90615\" src=\"https:\/\/www.uv.mx\/prensa\/files\/2020\/11\/241120-DAVID-proceso-ingreso-a-la-Universidad-Veracruzana-2.jpg\" alt=\"\" width=\"722\" height=\"481\" srcset=\"https:\/\/www.uv.mx\/prensa\/files\/2020\/11\/241120-DAVID-proceso-ingreso-a-la-Universidad-Veracruzana-2.jpg 722w, https:\/\/www.uv.mx\/prensa\/files\/2020\/11\/241120-DAVID-proceso-ingreso-a-la-Universidad-Veracruzana-2-300x200.jpg 300w\" sizes=\"(max-width: 722px) 100vw, 722px\" \/><\/a><p id=\"caption-attachment-90615\" class=\"wp-caption-text\">Edgar Paul Rodr\u00edguez, coordinador de Ingreso y Sistemas Inform\u00e1ticos de la Direcci\u00f3n General de Administraci\u00f3n Escolar, imparti\u00f3 la charla<\/p><\/div>\n<p>&nbsp;<\/p>\n<p><span data-contrast=\"auto\">Enfatiz\u00f3 que la UV no imparte ni avala cursos de preparaci\u00f3n para el i<\/span><span data-contrast=\"auto\">ngreso, adem\u00e1s les advirti\u00f3 que<\/span><span data-contrast=\"auto\"> \u201cna<\/span><span data-contrast=\"auto\">die debe solicitar dinero a cambio de asegurar un lugar en la instituci\u00f3n\u201d.<\/span><span data-ccp-props=\"{&quot;201341983&quot;:0,&quot;335559731&quot;:720,&quot;335559740&quot;:240}\">\u00a0<\/span><\/p>\n<p><span data-contrast=\"auto\">El proceso <\/span><span data-contrast=\"auto\">de ingreso <\/span><span data-contrast=\"auto\">se encuentra certificado bajo la N<\/span><span data-contrast=\"auto\">orma ISO 9001:2015, lo que permite garantizar su transparencia al p\u00fablico en general porque es auditado por <\/span><span data-contrast=\"auto\">un organismo externo.<\/span><span data-ccp-props=\"{&quot;201341983&quot;:0,&quot;335559731&quot;:720,&quot;335559740&quot;:240}\">\u00a0<\/span><\/p>\n<p><span data-contrast=\"auto\">Record\u00f3 adem\u00e1s que la pr\u00f3xima convocatoria se emitir\u00e1 en febrero de<\/span><span data-contrast=\"auto\"> 2021 y el proceso de registro abarca hasta mes y medio<\/span><span data-contrast=\"auto\">,<\/span><span data-contrast=\"auto\"> para aplicar el examen de ingreso en mayo, que posiblemente ser\u00e1 tanto presencial como en l\u00ednea<\/span><span data-contrast=\"auto\">; <\/span><span data-contrast=\"auto\">p<\/span><span data-contrast=\"auto\">osteriormente se publicar\u00e1n los resultados, <\/span><span data-contrast=\"auto\">en junio o julio, para que en agosto se puedan iniciar inscripciones y cursos.<\/span><span data-ccp-props=\"{&quot;201341983&quot;:0,&quot;335559731&quot;:720,&quot;335559740&quot;:240}\">\u00a0<\/span><\/p>\n<p><span data-contrast=\"auto\">Al finalizar la presentaci\u00f3n, Rodr\u00edguez Cort\u00e9s respondi\u00f3 algunas de las preguntas que <\/span><span data-contrast=\"auto\">plantearon <\/span><span data-contrast=\"auto\">los asistentes<\/span><span data-contrast=\"auto\"> a la presentaci\u00f3n, la cual<\/span><span data-contrast=\"auto\"> se encuentra disponible en la plataforma <\/span><i><span data-contrast=\"auto\">YouTube<\/span><\/i><span data-contrast=\"auto\"> en <\/span><span data-contrast=\"auto\">el enlace<\/span><span data-contrast=\"auto\">: <\/span><a href=\"https:\/\/youtu.be\/C6jMEzi8RM8\"><span data-contrast=\"none\">https:\/\/youtu.be\/C6jMEz<\/span><span data-contrast=\"none\">i<\/span><span data-contrast=\"none\">8RM8<\/span><\/a><span data-contrast=\"auto\">.<\/span><span data-ccp-props=\"{&quot;201341983&quot;:0,&quot;335559731&quot;:720,&quot;335559740&quot;:240}\">\u00a0<\/span><\/p>\n<p>&nbsp;<\/p>\n<div id=\"attachment_90616\" style=\"width: 732px\" class=\"wp-caption aligncenter\"><a href=\"https:\/\/www.uv.mx\/prensa\/files\/2020\/11\/241120-DAVID-proceso-ingreso-a-la-Universidad-Veracruzana-3.jpg\"><img aria-describedby=\"caption-attachment-90616\" decoding=\"async\" loading=\"lazy\" class=\"size-full wp-image-90616\" src=\"https:\/\/www.uv.mx\/prensa\/files\/2020\/11\/241120-DAVID-proceso-ingreso-a-la-Universidad-Veracruzana-3.jpg\" alt=\"\" width=\"722\" height=\"481\" srcset=\"https:\/\/www.uv.mx\/prensa\/files\/2020\/11\/241120-DAVID-proceso-ingreso-a-la-Universidad-Veracruzana-3.jpg 722w, https:\/\/www.uv.mx\/prensa\/files\/2020\/11\/241120-DAVID-proceso-ingreso-a-la-Universidad-Veracruzana-3-300x200.jpg 300w\" sizes=\"(max-width: 722px) 100vw, 722px\" \/><\/a><p id=\"caption-attachment-90616\" class=\"wp-caption-text\">Rodr\u00edguez Cort\u00e9s detall\u00f3 la operaci\u00f3n del portal de ingreso y brind\u00f3 consejos a quienes siguieron la presentaci\u00f3n por YouTube<\/p><\/div>\n","protected":false},"excerpt":{"rendered":"<p>La UV no imparte ni avala cursos de preparaci\u00f3n para el ingreso, adem\u00e1s les advirti\u00f3 que \u201cnadie debe solicitar dinero a cambio de asegurar un lugar en la instituci\u00f3n\u201d: \u00c9dgar Paul Rodr\u00edguez\u00a0<\/p>\n","protected":false},"author":1869,"featured_media":90616,"comment_status":"closed","ping_status":"closed","sticky":false,"template":"","format":"standard","meta":[],"categories":[1],"tags":[],"_links":{"self":[{"href":"https:\/\/www.uv.mx\/prensa\/wp-json\/wp\/v2\/posts\/90613"}],"collection":[{"href":"https:\/\/www.uv.mx\/prensa\/wp-json\/wp\/v2\/posts"}],"about":[{"href":"https:\/\/www.uv.mx\/prensa\/wp-json\/wp\/v2\/types\/post"}],"author":[{"embeddable":true,"href":"https:\/\/www.uv.mx\/prensa\/wp-json\/wp\/v2\/users\/1869"}],"replies":[{"embeddable":true,"href":"https:\/\/www.uv.mx\/prensa\/wp-json\/wp\/v2\/comments?post=90613"}],"version-history":[{"count":1,"href":"https:\/\/www.uv.mx\/prensa\/wp-json\/wp\/v2\/posts\/90613\/revisions"}],"predecessor-version":[{"id":90712,"href":"https:\/\/www.uv.mx\/prensa\/wp-json\/wp\/v2\/posts\/90613\/revisions\/90712"}],"wp:featuredmedia":[{"embeddable":true,"href":"https:\/\/www.uv.mx\/prensa\/wp-json\/wp\/v2\/media\/90616"}],"wp:attachment":[{"href":"https:\/\/www.uv.mx\/prensa\/wp-json\/wp\/v2\/media?parent=90613"}],"wp:term":[{"taxonomy":"category","embeddable":true,"href":"https:\/\/www.uv.mx\/prensa\/wp-json\/wp\/v2\/categories?post=90613"},{"taxonomy":"post_tag","embeddable":true,"href":"https:\/\/www.uv.mx\/prensa\/wp-json\/wp\/v2\/tags?post=90613"}],"curies":[{"name":"wp","href":"https:\/\/api.w.org\/{rel}","templated":true}]}}