{"id":90813,"date":"2020-11-29T08:00:51","date_gmt":"2020-11-29T14:00:51","guid":{"rendered":"https:\/\/www.uv.mx\/prensa\/?p=90813"},"modified":"2020-11-30T09:37:47","modified_gmt":"2020-11-30T15:37:47","slug":"el-poder-judicial-no-debe-invisibilizarse-ana-lilia-ulloa","status":"publish","type":"post","link":"https:\/\/www.uv.mx\/prensa\/general\/el-poder-judicial-no-debe-invisibilizarse-ana-lilia-ulloa\/","title":{"rendered":"El Poder Judicial no debe invisibilizarse: Ana Lilia Ulloa"},"content":{"rendered":"<ul>\n<li><em>La integrante del Instituto de Investigaciones Jur\u00eddicas de la UV se\u00f1al\u00f3 que las reformas de 1994 sentaron las bases de la democracia constitucional<\/em><\/li>\n<\/ul>\n<div id=\"attachment_90815\" style=\"width: 732px\" class=\"wp-caption aligncenter\"><a href=\"https:\/\/www.uv.mx\/prensa\/files\/2020\/11\/251120-Reformas-sentaron-las-bases.jpg\"><img aria-describedby=\"caption-attachment-90815\" decoding=\"async\" loading=\"lazy\" class=\"size-full wp-image-90815\" src=\"https:\/\/www.uv.mx\/prensa\/files\/2020\/11\/251120-Reformas-sentaron-las-bases.jpg\" alt=\"\" width=\"722\" height=\"481\" srcset=\"https:\/\/www.uv.mx\/prensa\/files\/2020\/11\/251120-Reformas-sentaron-las-bases.jpg 722w, https:\/\/www.uv.mx\/prensa\/files\/2020\/11\/251120-Reformas-sentaron-las-bases-300x200.jpg 300w\" sizes=\"(max-width: 722px) 100vw, 722px\" \/><\/a><p id=\"caption-attachment-90815\" class=\"wp-caption-text\">Ana Lilia Ulloa Cu\u00e9llar particip\u00f3 <span data-contrast=\"none\"> en la m<\/span><span data-contrast=\"none\">esa \u201cJusticia constitucional, derec<\/span><span data-contrast=\"none\">hos humanos y juicio de amparo\u201d<\/span><\/p><\/div>\n<p><b><i><span data-contrast=\"auto\">Jos\u00e9 Luis <\/span><\/i><\/b><b><i><span data-contrast=\"auto\">Couttolenc<\/span><\/i><\/b><b><i><span data-contrast=\"auto\"> Soto<\/span><\/i><\/b><span data-ccp-props=\"{&quot;201341983&quot;:0,&quot;335559739&quot;:0,&quot;335559740&quot;:240}\">\u00a0<\/span><\/p>\n<p><b><i><span data-contrast=\"auto\">2<\/span><\/i><\/b><b><i><span data-contrast=\"auto\">5<\/span><\/i><\/b><b><i><span data-contrast=\"auto\">\/<\/span><\/i><\/b><b><i><span data-contrast=\"auto\">1<\/span><\/i><\/b><b><i><span data-contrast=\"auto\">1<\/span><\/i><\/b><b><i><span data-contrast=\"auto\">\/2020, Xalapa, Ver.-<\/span><\/i><\/b> <span data-contrast=\"auto\">En el ciclo de conferencias<\/span> <span data-contrast=\"auto\">\u201c<\/span><span data-contrast=\"none\">A 26 a\u00f1os de la Reforma Constitucional en Materia Judicial (1994)<\/span><span data-contrast=\"none\">\u201d, organizado por el <a href=\"https:\/\/www.uv.mx\/iij\/\" target=\"_blank\" rel=\"noopener noreferrer\">Instituto de Investigaciones Jur\u00eddicas<\/a> (IIJ) de la Universidad Veracruzana (UV), Ana Lilia Ulloa Cu\u00e9llar se\u00f1al\u00f3 que con las reformas<\/span><span data-contrast=\"none\"> de 1994 se sentaron las bases de una democracia constitucional, <\/span><span data-contrast=\"none\">inici\u00f3<\/span><span data-contrast=\"none\"> el proceso de consolidaci\u00f3n de un <\/span><span data-contrast=\"none\">Poder J<\/span><span data-contrast=\"none\">udicial en transici\u00f3n democr\u00e1tica y los primeros pasos para restablecer la justicia constitucional en M<\/span><span data-contrast=\"none\">\u00e9xico.<\/span><span data-ccp-props=\"{&quot;201341983&quot;:0,&quot;335559739&quot;:0,&quot;335559740&quot;:240}\">\u00a0<\/span><\/p>\n<p><span data-contrast=\"none\">El martes 24 de noviembre, la investigadora a<\/span><span data-contrast=\"none\">dscrita al IIJ particip\u00f3 en la M<\/span><span data-contrast=\"none\">esa 2 \u201cJusticia constitucional, derec<\/span><span data-contrast=\"none\">hos humanos y juicio de amparo\u201d<\/span> <span data-contrast=\"none\">y <\/span><span data-contrast=\"none\">present\u00f3<\/span><span data-contrast=\"none\"> un an\u00e1lisis filos\u00f3fico<\/span><span data-contrast=\"none\"> en torno a estas reformas, destacando que \u201cel Poder Judicial no puede estar oculto, <\/span><span data-contrast=\"none\">invisibilizado<\/span><span data-contrast=\"none\"> o menospreciado\u201d.<\/span><span data-ccp-props=\"{&quot;201341983&quot;:0,&quot;335559739&quot;:0,&quot;335559740&quot;:240}\">\u00a0<\/span><\/p>\n<p><span data-contrast=\"none\">\u00a0<\/span><span data-contrast=\"none\">Expuso que en la \u00e9poca contempor\u00e1nea resulta importante observar que de los poderes Ejecutivo, Legislativo y Judicial, <\/span><span data-contrast=\"none\">este \u00faltimo <\/span><span data-contrast=\"none\">e<\/span><span data-contrast=\"none\">stuvo relegado por alg\u00fan tiempo.<\/span><span data-contrast=\"none\"> \u201c<\/span><span data-contrast=\"none\">H<\/span><span data-contrast=\"none\">asta hace unas d\u00e9cadas, donde permanec\u00eda un ejercicio hegem\u00f3nico y autoritario de poder y reinaba un solo partido pol\u00edtico, los jueces mexicanos trabajaban en un ambiente de debilidad institucional que implicaba una invisibilidad p\u00fablica<\/span><span data-contrast=\"none\">\u201d.<\/span><span data-ccp-props=\"{&quot;201341983&quot;:0,&quot;335559739&quot;:0,&quot;335559740&quot;:240}\">\u00a0<\/span><\/p>\n<p><span data-contrast=\"none\">Record\u00f3 que desde Arist\u00f3teles se vislumbraba la importancia de que el poder no debe radicar en una sola persona o instituci\u00f3n, pero fueron John Locke y Montesquieu quienes teorizaron sobre <\/span><span data-contrast=\"none\">la ya cl\u00e1sica divisi\u00f3n o separaci\u00f3n de poderes. Locke se\u00f1alaba que resulta <\/span><span data-contrast=\"none\">una fuerte tentaci\u00f3n \u201cque las mismas personas que tienen el poder de hacer las leyes, lo te<\/span><span data-contrast=\"none\">ngan tambi\u00e9n para ejecutarlas\u201d.<\/span><span data-ccp-props=\"{&quot;201341983&quot;:0,&quot;335559739&quot;:0,&quot;335559740&quot;:240}\">\u00a0<\/span><\/p>\n<p><span data-contrast=\"none\">De esta manera, la divisi\u00f3n de poderes lleva consigo, entre otras cosas, el desarrollo de la democracia, entendiendo \u00e9sta no s\u00f3lo <\/span><span data-contrast=\"none\">como <\/span><span data-contrast=\"none\">la participaci\u00f3n en las urnas, y con el paso del tiempo esa divisi\u00f3n se fue perfeccionando con otros mecanismos y relaciones entre ellos, pero tambi\u00e9n han tenido momentos de crisis y debilitamiento.<\/span><span data-ccp-props=\"{&quot;201341983&quot;:0,&quot;335559739&quot;:0,&quot;335559740&quot;:240}\">\u00a0<\/span><\/p>\n<p><span data-contrast=\"none\">Las reformas al Poder Judicial de 1994, <\/span><span data-contrast=\"none\">que pretendieron dar al Estado m<\/span><span data-contrast=\"none\">exicano una orientaci\u00f3n marcadamente constitucionalista, <\/span><span data-contrast=\"none\">fueron sobre cinco grandes temas: <\/span><span data-contrast=\"none\">l<\/span><span data-contrast=\"none\">a integraci\u00f3n de la Suprema Corte de Justicia, requisitos, designaci\u00f3n y dura<\/span><span data-contrast=\"none\">ci\u00f3n de los m<\/span><span data-contrast=\"none\">inistros; creaci\u00f3<\/span><span data-contrast=\"none\">n del Consejo de la Judicatura F<\/span><span data-contrast=\"none\">ederal y sus principales caracter\u00edsticas y facultades; la jurisdicci\u00f3n constitucional; el Ministerio P\u00fablico<\/span><span data-contrast=\"none\">,<\/span><span data-contrast=\"none\"> y el Sistema Nacional de Seguridad.<\/span><span data-ccp-props=\"{&quot;201341983&quot;:0,&quot;335559739&quot;:0,&quot;335559740&quot;:240}\">\u00a0<\/span><\/p>\n<p><span data-contrast=\"none\">L<\/span><span data-contrast=\"none\">a investigadora del IIJ consider\u00f3 que \u201cs<\/span><span data-contrast=\"none\">in iniciar el h<\/span><span data-contrast=\"none\">\u00e1<\/span><span data-contrast=\"none\">bito de la responsabilidad, sin una cultura de la legalidad y sin un trabajo serio contra la corrupci\u00f3n en todos los niveles y en todos los espacios, no son de mucha ayuda la reformas por muy buenas que sean<\/span><span data-contrast=\"none\">\u201d.<\/span><span data-ccp-props=\"{&quot;201341983&quot;:0,&quot;335559739&quot;:0,&quot;335559740&quot;:240}\">\u00a0<\/span><\/p>\n<p><span data-contrast=\"none\">El segundo participante de la mesa fue Sergio <\/span><span data-contrast=\"none\">Charbel<\/span><span data-contrast=\"none\"> Olvera Rangel,<\/span><span data-contrast=\"none\"> abogado constitucionalista, profesor titular y Doctorando en la Escuela Libre de Derecho, quien centr\u00f3 su pl\u00e1tica en el juicio de amparo, se\u00f1a<\/span><span data-contrast=\"none\">la<\/span><span data-contrast=\"none\">ndo la evoluci\u00f3n, deficiencias y algunas propuestas sobre el tema.<\/span><span data-ccp-props=\"{&quot;201341983&quot;:0,&quot;335559739&quot;:0,&quot;335559740&quot;:240}\">\u00a0<\/span><\/p>\n<p><span data-contrast=\"none\">Hizo una revisi\u00f3n exhaustiva sobre esta figura de control constitucional mexicano desde dos temporalidades<\/span><span data-contrast=\"none\">:<\/span><span data-contrast=\"none\"> la de 1994, que en su opini\u00f3n contiene una serie de deudas relacionadas con la aplicaci\u00f3n correcta y eficaz de este mecanismo que garantiza, en este caso, los derechos humanos<\/span><span data-contrast=\"none\">;<\/span><span data-contrast=\"none\"> y la <\/span><span data-contrast=\"none\">reforma de 2011 en materia de amparo y la nueva ley de amparo<\/span><span data-contrast=\"none\">,<\/span><span data-contrast=\"none\"> que ajust\u00f3 mecanismos que representaron un avance significativo en materia de acci\u00f3n-omisi\u00f3n, de procedencia de derechos colectivos<\/span><span data-contrast=\"none\">, sin dejar de lado la participaci\u00f3n que tienen los juzgadores de amparo.<\/span><span data-ccp-props=\"{&quot;201341983&quot;:0,&quot;335559739&quot;:0,&quot;335559740&quot;:240}\">\u00a0<\/span><\/p>\n<div id=\"attachment_90814\" style=\"width: 732px\" class=\"wp-caption aligncenter\"><a href=\"https:\/\/www.uv.mx\/prensa\/files\/2020\/11\/251120-Reformas-sentaron-las-bases-1.jpg\"><img aria-describedby=\"caption-attachment-90814\" decoding=\"async\" loading=\"lazy\" class=\"wp-image-90814 size-full\" src=\"https:\/\/www.uv.mx\/prensa\/files\/2020\/11\/251120-Reformas-sentaron-las-bases-1.jpg\" alt=\"\" width=\"722\" height=\"481\" srcset=\"https:\/\/www.uv.mx\/prensa\/files\/2020\/11\/251120-Reformas-sentaron-las-bases-1.jpg 722w, https:\/\/www.uv.mx\/prensa\/files\/2020\/11\/251120-Reformas-sentaron-las-bases-1-300x200.jpg 300w\" sizes=\"(max-width: 722px) 100vw, 722px\" \/><\/a><p id=\"caption-attachment-90814\" class=\"wp-caption-text\">La mesa de an\u00e1lisis form\u00f3 parte del ciclo de conferencias <span data-contrast=\"auto\">\u201c<\/span><span data-contrast=\"none\">A 26 a\u00f1os de la Reforma Constitucional en Materia Judicial (1994)<\/span><span data-contrast=\"none\">\u201d<\/span><\/p><\/div>\n","protected":false},"excerpt":{"rendered":"<p>La integrante del Instituto de Investigaciones Jur\u00eddicas de la UV se\u00f1al\u00f3 que las reformas de 1994 sentaron las bases de la democracia constitucional<\/p>\n","protected":false},"author":1508,"featured_media":90815,"comment_status":"closed","ping_status":"closed","sticky":false,"template":"","format":"standard","meta":[],"categories":[1],"tags":[],"_links":{"self":[{"href":"https:\/\/www.uv.mx\/prensa\/wp-json\/wp\/v2\/posts\/90813"}],"collection":[{"href":"https:\/\/www.uv.mx\/prensa\/wp-json\/wp\/v2\/posts"}],"about":[{"href":"https:\/\/www.uv.mx\/prensa\/wp-json\/wp\/v2\/types\/post"}],"author":[{"embeddable":true,"href":"https:\/\/www.uv.mx\/prensa\/wp-json\/wp\/v2\/users\/1508"}],"replies":[{"embeddable":true,"href":"https:\/\/www.uv.mx\/prensa\/wp-json\/wp\/v2\/comments?post=90813"}],"version-history":[{"count":1,"href":"https:\/\/www.uv.mx\/prensa\/wp-json\/wp\/v2\/posts\/90813\/revisions"}],"predecessor-version":[{"id":90834,"href":"https:\/\/www.uv.mx\/prensa\/wp-json\/wp\/v2\/posts\/90813\/revisions\/90834"}],"wp:featuredmedia":[{"embeddable":true,"href":"https:\/\/www.uv.mx\/prensa\/wp-json\/wp\/v2\/media\/90815"}],"wp:attachment":[{"href":"https:\/\/www.uv.mx\/prensa\/wp-json\/wp\/v2\/media?parent=90813"}],"wp:term":[{"taxonomy":"category","embeddable":true,"href":"https:\/\/www.uv.mx\/prensa\/wp-json\/wp\/v2\/categories?post=90813"},{"taxonomy":"post_tag","embeddable":true,"href":"https:\/\/www.uv.mx\/prensa\/wp-json\/wp\/v2\/tags?post=90813"}],"curies":[{"name":"wp","href":"https:\/\/api.w.org\/{rel}","templated":true}]}}