{"id":90972,"date":"2020-12-02T08:00:49","date_gmt":"2020-12-02T14:00:49","guid":{"rendered":"https:\/\/www.uv.mx\/prensa\/?p=90972"},"modified":"2020-12-02T17:30:36","modified_gmt":"2020-12-02T23:30:36","slug":"un-gran-orgullo-obtener-el-premio-arte-ciencia-luz-2020-francisco-mares-solano","status":"publish","type":"post","link":"https:\/\/www.uv.mx\/prensa\/banner\/un-gran-orgullo-obtener-el-premio-arte-ciencia-luz-2020-francisco-mares-solano\/","title":{"rendered":"Obtener el Premio \u201cArte, Ciencia, Luz\u201d, un gran orgullo: Francisco Mares Solano"},"content":{"rendered":"<ul>\n<li data-leveltext=\"\uf0b7\" data-font=\"Symbol\" data-listid=\"5\" data-aria-posinset=\"1\" data-aria-level=\"1\"><i><span data-contrast=\"auto\">\u201c<\/span><\/i><i><span data-contrast=\"auto\">P<\/span><\/i><i><span data-contrast=\"auto\">roviene de una\u00a0<\/span><\/i><i><span data-contrast=\"auto\">instituci\u00f3n\u00a0<\/span><\/i><i><span data-contrast=\"auto\">que goza<\/span><\/i><i><span data-contrast=\"auto\">\u00a0<\/span><\/i><i><span data-contrast=\"auto\">de gran prestigio<\/span><\/i><i><span data-contrast=\"auto\">\u00a0y abre las puertas para realizar estudios de posgrado en M\u00e9xico o el extranjero<\/span><\/i><i><span data-contrast=\"auto\">\u201d<\/span><\/i><i><span data-contrast=\"auto\">,\u00a0<\/span><\/i><i><span data-contrast=\"auto\">expres\u00f3<\/span><\/i><span data-ccp-props=\"{&quot;201341983&quot;:0,&quot;335559739&quot;:0,&quot;335559740&quot;:240}\">\u00a0<\/span><\/li>\n<li data-leveltext=\"\uf0b7\" data-font=\"Symbol\" data-listid=\"5\" data-aria-posinset=\"2\" data-aria-level=\"1\"><i><span data-contrast=\"auto\">El universitario curs\u00f3\u00a0<\/span><\/i><i><span data-contrast=\"auto\">la\u00a0<\/span><\/i><i><span data-contrast=\"auto\">Licenciatura en<\/span><\/i><i><span data-contrast=\"auto\">\u00a0<\/span><\/i><i><span data-contrast=\"auto\">Ingenier\u00eda de\u00a0<\/span><\/i><span data-contrast=\"auto\">Software<\/span><span data-ccp-props=\"{&quot;201341983&quot;:0,&quot;335559739&quot;:0,&quot;335559740&quot;:240}\">\u00a0<\/span><\/li>\n<\/ul>\n<p><span data-ccp-props=\"{&quot;201341983&quot;:0,&quot;335559739&quot;:0,&quot;335559740&quot;:240}\">\u00a0<\/span><\/p>\n<div id=\"attachment_90975\" style=\"width: 394px\" class=\"wp-caption aligncenter\"><a href=\"https:\/\/www.uv.mx\/prensa\/files\/2020\/12\/021220-PACL-Banner-1-100k.jpg\"><img aria-describedby=\"caption-attachment-90975\" decoding=\"async\" loading=\"lazy\" class=\"wp-image-90975 size-full\" src=\"https:\/\/www.uv.mx\/prensa\/files\/2020\/12\/021220-PACL-Banner-1-100k-e1606922987216.jpg\" alt=\"Francisco Gerardo Mares Solano curs\u00f3 la Licenciatura en Ingenier\u00eda de Software\" width=\"384\" height=\"481\" \/><\/a><p id=\"caption-attachment-90975\" class=\"wp-caption-text\">Francisco Gerardo Mares Solano curs\u00f3 la Licenciatura en Ingenier\u00eda de <em>Software<\/em><\/p><\/div>\n<p>&nbsp;<\/p>\n<p><b><i><span data-contrast=\"auto\">Jos\u00e9 Luis\u00a0<\/span><\/i><\/b><b><i><span data-contrast=\"auto\">Couttolenc<\/span><\/i><\/b><b><i><span data-contrast=\"auto\">\u00a0Soto<\/span><\/i><\/b><span data-ccp-props=\"{&quot;201341983&quot;:0,&quot;335559739&quot;:0,&quot;335559740&quot;:240}\">\u00a0<\/span><\/p>\n<p><b><i><span data-contrast=\"auto\">02<\/span><\/i><\/b><b><i><span data-contrast=\"auto\">\/<\/span><\/i><\/b><b><i><span data-contrast=\"auto\">1<\/span><\/i><\/b><b><i><span data-contrast=\"auto\">2<\/span><\/i><\/b><b><i><span data-contrast=\"auto\">\/2020, Xalapa,\u00a0<\/span><\/i><\/b><b><i><span data-contrast=\"auto\">Ver.-<\/span><\/i><\/b><span data-contrast=\"auto\">\u00a0<\/span><span data-contrast=\"auto\">Para\u00a0<\/span><span data-contrast=\"auto\">Francisco Gerardo Mares Solano<\/span><span data-contrast=\"auto\">\u00a0ser acreedor a<\/span><span data-contrast=\"auto\">l Premio \u201cArte, Ciencia, Luz\u201d 2020 de la Universidad Veracruzana (UV)<\/span><span data-contrast=\"auto\">\u00a0es<\/span><span data-contrast=\"auto\">\u00a0<\/span><span data-contrast=\"auto\">un gran orgullo al provenir de una instituci\u00f3n que goza de gran prestigio y reconoce los avances en investigaci\u00f3n, adem\u00e1s porque abre las puertas para realizar estudios de posgrado en M\u00e9xico o el extranjero.<\/span><span data-ccp-props=\"{&quot;201341983&quot;:0,&quot;335559739&quot;:160,&quot;335559740&quot;:240}\">\u00a0<\/span><\/p>\n<p><span data-contrast=\"auto\">El universitario gan\u00f3 este\u00a0<\/span><span data-contrast=\"auto\">reconocimiento<\/span><span data-contrast=\"auto\">\u00a0en el nivel Licenciatura del\u00a0<\/span><span data-contrast=\"none\">p<\/span><span data-contrast=\"none\">rograma educativo Ingenier\u00eda de\u00a0<\/span><i><span data-contrast=\"none\">Software<\/span><\/i><span data-contrast=\"none\">,\u00a0<\/span><span data-contrast=\"auto\">correspondiente<\/span><span data-contrast=\"auto\">\u00a0<\/span><span data-contrast=\"auto\">a<\/span><span data-contrast=\"auto\">l <a href=\"https:\/\/www.uv.mx\/economicoa\/\" target=\"_blank\" rel=\"noopener noreferrer\">\u00c1rea Acad\u00e9mica Econ\u00f3mico-<\/a><\/span><span data-contrast=\"auto\">Administrativa<\/span><span data-contrast=\"auto\">, con su trabajo\u00a0<\/span><span data-contrast=\"auto\">recepcional<\/span><span data-contrast=\"auto\">\u00a0<\/span><span data-contrast=\"auto\">titulado \u201c<\/span><span data-contrast=\"none\">Sistema para la identificaci\u00f3n de\u00a0<\/span><i><span data-contrast=\"none\">spots<\/span><\/i><span data-contrast=\"none\">\u00a0de prote\u00edna en im\u00e1genes de\u00a0<\/span><span data-contrast=\"none\">Western\u00a0<\/span><span data-contrast=\"none\">Blot<\/span><span data-contrast=\"none\">\u00a0<\/span><span data-contrast=\"none\">de dos dimensiones mediante visi\u00f3n artificial que facilite el diagn\u00f3stico temprano de c\u00e1ncer de mama<\/span><span data-contrast=\"none\">\u201d<\/span><span data-contrast=\"none\">.<\/span><span data-ccp-props=\"{&quot;201341983&quot;:0,&quot;335559731&quot;:708,&quot;335559739&quot;:160,&quot;335559740&quot;:240}\">\u00a0<\/span><\/p>\n<p><span data-contrast=\"none\">Mares Solano atendi\u00f3 la convocatoria expedida por la Universidad Veracruzana para reconocer los trabajos\u00a0<\/span><span data-contrast=\"none\">recepcionales<\/span><span data-contrast=\"none\">\u00a0que se distingan por su relevancia acad\u00e9mica y aportaci\u00f3n al cumplimien<\/span><span data-contrast=\"none\">to de las metas universitarias<\/span><span data-contrast=\"none\">, cuyos\u00a0<\/span><a href=\"https:\/\/www.uv.mx\/secretariaacademica\/files\/2020\/11\/Resultados-PACL-2020.pdf\"><span data-contrast=\"none\">resultados<\/span><\/a><span data-contrast=\"none\">\u00a0<\/span><span data-contrast=\"none\">fueron dados a conocer\u00a0<\/span><span data-contrast=\"none\">el pasado 17 de noviembre.<\/span><span data-ccp-props=\"{&quot;201341983&quot;:0,&quot;335559731&quot;:708,&quot;335559739&quot;:160,&quot;335559740&quot;:240}\">\u00a0<\/span><\/p>\n<p><span data-contrast=\"none\">El galardonado e<\/span><span data-contrast=\"none\">xplic\u00f3 que su\u00a0<\/span><span data-contrast=\"none\">investigaci\u00f3n\u00a0<\/span><span data-contrast=\"none\">forma parte de un proyecto conjunto de la Facultad de Estad\u00edstica e Inform\u00e1tica y el Instituto de Investigaciones Biol\u00f3gicas, que se encuentra ya en el Sistema de Registro y Evaluaci\u00f3n de la Investigaci\u00f3n de la UV<\/span><span data-contrast=\"none\">.<\/span><span data-ccp-props=\"{&quot;201341983&quot;:0,&quot;335559739&quot;:0,&quot;335559740&quot;:240}\">\u00a0<\/span><\/p>\n<p><span data-contrast=\"none\">\u00c9ste, detall\u00f3,\u00a0<\/span><span data-contrast=\"none\">involucr\u00f3 la construcci\u00f3n de una soluci\u00f3n tecnol\u00f3gica que, aplicando t\u00e9cnicas de visi\u00f3n por computadora, auxilia en el an\u00e1lisis y b\u00fasqueda de patrones para identificar prote\u00ednas presentes en pacientes con c\u00e1ncer de mama (<\/span><i><span data-contrast=\"none\">CaMa<\/span><\/i><span data-contrast=\"none\">).<\/span><span data-ccp-props=\"{&quot;201341983&quot;:0,&quot;335559731&quot;:708,&quot;335559739&quot;:0,&quot;335559740&quot;:240}\">\u00a0<\/span><\/p>\n<p><span data-contrast=\"none\">Respecto a<\/span><span data-contrast=\"none\">\u00a0<\/span><span data-contrast=\"none\">qu\u00e9<\/span><span data-contrast=\"none\">\u00a0lo llev\u00f3 a desarrollar este tema, mencion\u00f3 que la enfermedad de\u00a0<\/span><i><span data-contrast=\"none\">CaMa<\/span><\/i><span data-contrast=\"none\">\u00a0se ha constituido como la primera causa de mue<\/span><span data-contrast=\"none\">rte entre las mujeres de M\u00e9xico<\/span><span data-contrast=\"none\">\u00a0\u201cdebido, en parte, a que t\u00e9cnicas usadas comercialmente para su detecci\u00f3n\u00a0<\/span><span data-contrast=\"none\">\u2013<\/span><span data-contrast=\"none\">como<\/span><span data-contrast=\"none\">\u00a0la mamograf\u00eda y el ultrasonido\u2013<\/span><span data-contrast=\"none\">\u00a0requieren que el tumor sea de tama\u00f1o considerable para ser detectado, lo que sucede\u00a0<\/span><span data-contrast=\"none\">cuando la enfermedad se encuentra en estado avanzado<\/span><span data-contrast=\"none\">\u00a0y representa\u00a0<\/span><span data-contrast=\"none\">mayor\u00a0<\/span><span data-contrast=\"none\">riesgo para la paciente\u201d<\/span><span data-contrast=\"none\">.<\/span><span data-ccp-props=\"{&quot;201341983&quot;:0,&quot;335559739&quot;:0,&quot;335559740&quot;:240}\">\u00a0<\/span><\/p>\n<p><span data-contrast=\"none\">Si bien hay\u00a0<\/span><span data-contrast=\"none\">avances en las t\u00e9cnicas para la detecci\u00f3n oportuna del\u00a0<\/span><i><span data-contrast=\"none\">CaMa<\/span><\/i><span data-contrast=\"none\">, como lo es el an\u00e1lisis\u00a0<\/span><span data-contrast=\"none\">mediant<\/span><span data-contrast=\"none\">e im\u00e1genes de Western\u00a0<\/span><span data-contrast=\"none\">Blot<\/span><span data-contrast=\"none\">, existen retos entre los que se encuentran contar con personal capacitado y disminuir los largos tiempos de procesamiento, lo cual se puede lograr con la automatizaci\u00f3n que<\/span><span data-contrast=\"none\">,<\/span><span data-contrast=\"none\">\u00a0adem\u00e1s de reducir tiempos, ofrece resultados consistentes y un nivel de estandarizaci\u00f3n del proceso.<\/span><span data-ccp-props=\"{&quot;201341983&quot;:0,&quot;335559739&quot;:0,&quot;335559740&quot;:240}\">\u00a0<\/span><\/p>\n<p><span data-contrast=\"none\">Para ello, dijo<\/span><span data-contrast=\"none\">,<\/span><span data-contrast=\"none\">\u00a0se dise\u00f1\u00f3 el sistema de c\u00f3mputo para funcionar con im\u00e1genes digitalizadas de dos dimensiones de Western\u00a0<\/span><span data-contrast=\"none\">Blot<\/span><span data-contrast=\"none\">\u00a0en escala de grises, obtenidas bajo un proceso semiestandarizado<\/span><span data-contrast=\"none\">\u00a0y<\/span><span data-contrast=\"none\">\u00a0concret\u00e1ndose requisitos de usabilidad y portabilidad,\u00a0<\/span><span data-contrast=\"none\">adem\u00e1s de que<\/span><span data-contrast=\"none\">\u00a0se opt\u00f3 por usar el lenguaje Java con los\u00a0<\/span><i><span data-contrast=\"none\">frameworks<\/span><\/i><i><span data-contrast=\"none\">\u00a0<\/span><\/i><i><span data-contrast=\"auto\">JavaFX<\/span><\/i><span data-contrast=\"auto\">\u00a0y\u00a0<\/span><i><span data-contrast=\"auto\">OpenCV<\/span><\/i><span data-contrast=\"auto\">.<\/span><span data-ccp-props=\"{&quot;201341983&quot;:0,&quot;335559739&quot;:0,&quot;335559740&quot;:240}\">\u00a0<\/span><\/p>\n<p><span data-contrast=\"auto\">Mencion\u00f3 que en el desarrollo de su trabajo fue importante la asesor\u00eda\u00a0<\/span><span data-contrast=\"auto\">de<\/span><span data-contrast=\"auto\">\u00a0los acad\u00e9micos \u00c1ngel Juan S\u00e1nchez Garc\u00eda y Tania Romo Gonz\u00e1lez Parra.<\/span><span data-ccp-props=\"{&quot;201341983&quot;:0,&quot;335559739&quot;:0,&quot;335559740&quot;:240}\">\u00a0<\/span><\/p>\n<p><span data-contrast=\"auto\">Sobre su perfil ya como profesional, Francisco Gerardo Mares opin\u00f3<\/span><span data-contrast=\"auto\">:<\/span><span data-contrast=\"auto\">\u00a0\u201c<\/span><span data-contrast=\"auto\">E<\/span><span data-contrast=\"auto\">stamos en un momento id\u00f3neo para este tipo de carreras<\/span><span data-contrast=\"auto\">, con mucha tecnolog\u00eda, la gran cantidad de cosas por automatizarse y la falta de profesionales con conocimientos que\u00a0<\/span><span data-contrast=\"auto\">puedan cubrir estas necesidades;<\/span><span data-contrast=\"auto\">\u00a0por todo esto<\/span><span data-contrast=\"auto\">,<\/span><span data-contrast=\"auto\">\u00a0a quienes a\u00fan se est\u00e1n formando profesionalmente<\/span><span data-contrast=\"auto\">\u00a0<\/span><span data-contrast=\"auto\">les pedir\u00eda<\/span><span data-contrast=\"auto\">\u00a0que no se queden solamente con lo que la universidad les proporciona, que investiguen c\u00f3mo se mueve el mundo, que traten de estar siempre a la vanguardia porque les permitir\u00e1 ser m\u00e1s competitivos\u201d.<\/span><span data-ccp-props=\"{&quot;201341983&quot;:0,&quot;335559739&quot;:0,&quot;335559740&quot;:240}\">\u00a0<\/span><\/p>\n","protected":false},"excerpt":{"rendered":"<p>El universitario gan\u00f3 este reconocimiento en el nivel Licenciatura del programa educativo Ingenier\u00eda de <em>Software<\/em>, correspondiente al \u00c1rea Acad\u00e9mica Econ\u00f3mico-Administrativa<\/p>\n","protected":false},"author":1775,"featured_media":90976,"comment_status":"closed","ping_status":"closed","sticky":false,"template":"","format":"standard","meta":[],"categories":[61],"tags":[516,722,723,717,718,724,719,721,720],"_links":{"self":[{"href":"https:\/\/www.uv.mx\/prensa\/wp-json\/wp\/v2\/posts\/90972"}],"collection":[{"href":"https:\/\/www.uv.mx\/prensa\/wp-json\/wp\/v2\/posts"}],"about":[{"href":"https:\/\/www.uv.mx\/prensa\/wp-json\/wp\/v2\/types\/post"}],"author":[{"embeddable":true,"href":"https:\/\/www.uv.mx\/prensa\/wp-json\/wp\/v2\/users\/1775"}],"replies":[{"embeddable":true,"href":"https:\/\/www.uv.mx\/prensa\/wp-json\/wp\/v2\/comments?post=90972"}],"version-history":[{"count":1,"href":"https:\/\/www.uv.mx\/prensa\/wp-json\/wp\/v2\/posts\/90972\/revisions"}],"predecessor-version":[{"id":91022,"href":"https:\/\/www.uv.mx\/prensa\/wp-json\/wp\/v2\/posts\/90972\/revisions\/91022"}],"wp:featuredmedia":[{"embeddable":true,"href":"https:\/\/www.uv.mx\/prensa\/wp-json\/wp\/v2\/media\/90976"}],"wp:attachment":[{"href":"https:\/\/www.uv.mx\/prensa\/wp-json\/wp\/v2\/media?parent=90972"}],"wp:term":[{"taxonomy":"category","embeddable":true,"href":"https:\/\/www.uv.mx\/prensa\/wp-json\/wp\/v2\/categories?post=90972"},{"taxonomy":"post_tag","embeddable":true,"href":"https:\/\/www.uv.mx\/prensa\/wp-json\/wp\/v2\/tags?post=90972"}],"curies":[{"name":"wp","href":"https:\/\/api.w.org\/{rel}","templated":true}]}}