{"id":91264,"date":"2020-12-05T08:00:48","date_gmt":"2020-12-05T14:00:48","guid":{"rendered":"https:\/\/www.uv.mx\/prensa\/?p=91264"},"modified":"2020-12-08T11:20:08","modified_gmt":"2020-12-08T17:20:08","slug":"egresada-realizo-estudio-sobre-uso-de-habitat-del-tursiops-truncatus","status":"publish","type":"post","link":"https:\/\/www.uv.mx\/prensa\/banner\/egresada-realizo-estudio-sobre-uso-de-habitat-del-tursiops-truncatus\/","title":{"rendered":"Egresada realiz\u00f3 estudio sobre uso de h\u00e1bitat del <em>Tursiops truncatus<\/em>"},"content":{"rendered":"<ul>\n<li data-leveltext=\"\uf0b7\" data-font=\"Symbol\" data-listid=\"1\" data-aria-posinset=\"1\" data-aria-level=\"1\"><i><span data-contrast=\"auto\">Pamela Garc\u00eda Aguilar<\/span><\/i><i><span data-contrast=\"auto\">\u00a0eligi\u00f3<\/span><\/i><i><span data-contrast=\"auto\">\u00a0las aguas costeras de Alvarado<\/span><\/i><i><span data-contrast=\"auto\">\u00a0como \u00e1rea de estudio<\/span><\/i><i><span data-contrast=\"auto\">\u00a0de esta especie de delf\u00edn<\/span><\/i><span data-ccp-props=\"{&quot;134233279&quot;:true,&quot;201341983&quot;:0,&quot;335559739&quot;:160,&quot;335559740&quot;:240}\">\u00a0<\/span><\/li>\n<li data-leveltext=\"\uf0b7\" data-font=\"Symbol\" data-listid=\"1\" data-aria-posinset=\"2\" data-aria-level=\"1\"><i><span data-contrast=\"auto\">Con esta investigaci\u00f3n obtuvo\u00a0<\/span><\/i><i><span data-contrast=\"auto\">el\u00a0<\/span><\/i><i><span data-contrast=\"auto\">t\u00edtulo\u00a0<\/span><\/i><i><span data-contrast=\"auto\">de L<\/span><\/i><i><span data-contrast=\"auto\">icenciada en Biolog\u00eda por la Universidad Veracruzana<\/span><\/i><span data-ccp-props=\"{&quot;134233279&quot;:true,&quot;201341983&quot;:0,&quot;335559739&quot;:160,&quot;335559740&quot;:240}\">\u00a0<\/span><\/li>\n<\/ul>\n<p><span data-ccp-props=\"{&quot;201341983&quot;:0,&quot;335559739&quot;:160,&quot;335559740&quot;:240}\">\u00a0<\/span><\/p>\n<div id=\"attachment_91265\" style=\"width: 732px\" class=\"wp-caption aligncenter\"><a href=\"https:\/\/www.uv.mx\/prensa\/files\/2020\/12\/021220-CLAUDIA-EXAMEN-BIOLOGIA-1-100k.jpg\"><img aria-describedby=\"caption-attachment-91265\" decoding=\"async\" loading=\"lazy\" class=\"size-full wp-image-91265\" src=\"https:\/\/www.uv.mx\/prensa\/files\/2020\/12\/021220-CLAUDIA-EXAMEN-BIOLOGIA-1-100k.jpg\" alt=\"Pamela Garc\u00eda Aguilar realiz\u00f3 el estudio \u201cUso del h\u00e1bitat del tursi\u00f3n (Tursiops truncatus) en las aguas costeras de Alvarado\u201d \" width=\"722\" height=\"473\" srcset=\"https:\/\/www.uv.mx\/prensa\/files\/2020\/12\/021220-CLAUDIA-EXAMEN-BIOLOGIA-1-100k.jpg 722w, https:\/\/www.uv.mx\/prensa\/files\/2020\/12\/021220-CLAUDIA-EXAMEN-BIOLOGIA-1-100k-300x197.jpg 300w\" sizes=\"(max-width: 722px) 100vw, 722px\" \/><\/a><p id=\"caption-attachment-91265\" class=\"wp-caption-text\">Pamela Garc\u00eda Aguilar realiz\u00f3 el estudio \u201cUso del h\u00e1bitat del tursi\u00f3n (<em>Tursiops truncatus<\/em>) en las aguas costeras de Alvarado\u201d<\/p><\/div>\n<p>&nbsp;<\/p>\n<p><b><i><span data-contrast=\"auto\">Claudia Peralta V\u00e1zquez<\/span><\/i><\/b><span data-ccp-props=\"{&quot;201341983&quot;:0,&quot;335559739&quot;:160,&quot;335559740&quot;:240}\">\u00a0<\/span><\/p>\n<p><b><i><span data-contrast=\"auto\">0<\/span><\/i><\/b><b><i><span data-contrast=\"auto\">5<\/span><\/i><\/b><b><i><span data-contrast=\"auto\">\/<\/span><\/i><\/b><b><i><span data-contrast=\"auto\">12<\/span><\/i><\/b><b><i><span data-contrast=\"auto\">\/<\/span><\/i><\/b><b><i><span data-contrast=\"auto\">20<\/span><\/i><\/b><b><i><span data-contrast=\"auto\">20<\/span><\/i><\/b><b><i><span data-contrast=\"auto\">, Xalapa,\u00a0<\/span><\/i><\/b><b><i><span data-contrast=\"auto\">Ver.-<\/span><\/i><\/b><b><i><span data-contrast=\"auto\">\u00a0<\/span><\/i><\/b><span data-contrast=\"auto\">Pamela Garc\u00eda Aguilar, egresada de la <a href=\"https:\/\/www.uv.mx\/biologia\/\" target=\"_blank\" rel=\"noopener noreferrer\">Facultad de Biolog\u00eda<\/a> de la Universidad Veracruzana (UV), desarroll\u00f3\u00a0<\/span><span data-contrast=\"auto\">el<\/span><span data-contrast=\"auto\">\u00a0estudio\u00a0<\/span><span data-contrast=\"auto\">\u201c<\/span><span data-contrast=\"auto\">Uso<\/span><b><span data-contrast=\"auto\">\u00a0<\/span><\/b><span data-contrast=\"auto\">de<\/span><span data-contrast=\"auto\">l<\/span><span data-contrast=\"auto\">\u00a0h\u00e1bitat del\u00a0<\/span><span data-contrast=\"auto\">tursi\u00f3n<\/span><span data-contrast=\"auto\">\u00a0<\/span><span data-contrast=\"auto\">(<\/span><i><span data-contrast=\"auto\">Tursiops<\/span><\/i><i><span data-contrast=\"auto\">\u00a0<\/span><\/i><i><span data-contrast=\"auto\">truncatus<\/span><\/i><span data-contrast=\"auto\">)<\/span><span data-contrast=\"auto\">\u00a0en las aguas costeras de Alvarado, Veracruz<\/span><span data-contrast=\"auto\">\u201d<\/span><span data-contrast=\"auto\">, con el cual obtuvo su t\u00edtulo profesional.<\/span><span data-ccp-props=\"{&quot;201341983&quot;:0,&quot;335559739&quot;:160,&quot;335559740&quot;:240}\">\u00a0<\/span><\/p>\n<p><span data-contrast=\"auto\">La exposici\u00f3n del trabajo de tesis se realiz\u00f3 de manera virtual el pasado 16 de octubre, en presencia de\u00a0<\/span><span data-contrast=\"auto\">Eduardo\u00a0<\/span><span data-contrast=\"auto\">Morteo<\/span><span data-contrast=\"auto\">\u00a0Ortiz<\/span><span data-contrast=\"auto\">\u00a0y Christian Alejandro Delf\u00edn Alfonso, director y codirector, respectivamente; as\u00ed como\u00a0<\/span><span data-contrast=\"auto\">de\u00a0<\/span><span data-contrast=\"auto\">Ibiza Mart\u00ednez Serrano<\/span><span data-contrast=\"auto\">\u00a0y\u00a0<\/span><span data-contrast=\"auto\">Gerardo Castro Bobadilla<\/span><span data-contrast=\"auto\">, miembros del jurado calificador.<\/span><span data-ccp-props=\"{&quot;201341983&quot;:0,&quot;335559731&quot;:708,&quot;335559739&quot;:160,&quot;335559740&quot;:240}\">\u00a0<\/span><\/p>\n<p><span data-contrast=\"auto\">El objetivo del estudio fue determinar el uso del h\u00e1bitat de los\u00a0<\/span><span data-contrast=\"auto\">tursiones<\/span><span data-contrast=\"auto\">\u00a0<\/span><span data-contrast=\"auto\">en\u00a0<\/span><span data-contrast=\"auto\">esta regi\u00f3n\u00a0<\/span><span data-contrast=\"auto\">costera<\/span><span data-contrast=\"auto\">, pues parti\u00f3 de la hip\u00f3tesis de que\u00a0<\/span><span data-contrast=\"auto\">presenta diferencias\u00a0espacio<\/span><span data-contrast=\"auto\">&#8211;<\/span><span data-contrast=\"auto\">temporales\u00a0seg\u00fan la actividad que\u00a0<\/span><span data-contrast=\"auto\">\u00e9<\/span><span data-contrast=\"auto\">stos realizan.<\/span><span data-ccp-props=\"{&quot;201341983&quot;:0,&quot;335559731&quot;:708,&quot;335559739&quot;:160,&quot;335559740&quot;:240}\">\u00a0<\/span><\/p>\n<p><span data-contrast=\"auto\">Por ello, busc\u00f3\u00a0<\/span><span data-contrast=\"auto\">identificar y diferenciar los sitios con mayor frecuencia para el desarrollo de cada conducta<\/span><span data-contrast=\"auto\">\u00a0y<\/span><span data-contrast=\"auto\">\u00a0evaluar los cambios anuales del uso del h\u00e1bitat.<\/span><\/p>\n<div id=\"attachment_91270\" style=\"width: 732px\" class=\"wp-caption aligncenter\"><a href=\"https:\/\/www.uv.mx\/prensa\/files\/2020\/12\/021220-EXAMEN-BIOLOGIA-2-100k.jpg\"><img aria-describedby=\"caption-attachment-91270\" decoding=\"async\" loading=\"lazy\" class=\"size-full wp-image-91270\" src=\"https:\/\/www.uv.mx\/prensa\/files\/2020\/12\/021220-EXAMEN-BIOLOGIA-2-100k.jpg\" alt=\"Esta especie marina costera habita en el Golfo de M\u00e9xico \" width=\"722\" height=\"406\" srcset=\"https:\/\/www.uv.mx\/prensa\/files\/2020\/12\/021220-EXAMEN-BIOLOGIA-2-100k.jpg 722w, https:\/\/www.uv.mx\/prensa\/files\/2020\/12\/021220-EXAMEN-BIOLOGIA-2-100k-300x169.jpg 300w\" sizes=\"(max-width: 722px) 100vw, 722px\" \/><\/a><p id=\"caption-attachment-91270\" class=\"wp-caption-text\">Esta especie marina costera habita en el Golfo de M\u00e9xico<\/p><\/div>\n<p><span data-contrast=\"auto\">Inicialmente<\/span><span data-contrast=\"auto\">,<\/span><span data-contrast=\"auto\">\u00a0e<\/span><span data-contrast=\"auto\">xplic\u00f3 que el h\u00e1bitat es<\/span><span data-contrast=\"auto\">\u00a0el \u00e1rea en que una especie desarrolla su ciclo de vida de forma adecuada<\/span><span data-contrast=\"auto\">,<\/span><span data-contrast=\"auto\">\u00a0con base en\u00a0<\/span><span data-contrast=\"auto\">factores bi\u00f3ticos y abi\u00f3ticos.<\/span><span data-contrast=\"auto\">\u00a0<\/span><span data-contrast=\"auto\">Algunos pueden tener<\/span><span data-contrast=\"auto\">\u00a0mayores recursos alimenticios y<\/span><span data-contrast=\"auto\">\u00a0otros ofrecen mayor protecci\u00f3n.<\/span><span data-ccp-props=\"{&quot;201341983&quot;:0,&quot;335559731&quot;:708,&quot;335559739&quot;:160,&quot;335559740&quot;:240}\">\u00a0<\/span><\/p>\n<p><span data-contrast=\"auto\">\u00a0<\/span><span data-contrast=\"auto\">En tanto,\u00a0<\/span><span data-contrast=\"auto\">el uso de h\u00e1bitat es la\u00a0<\/span><span data-contrast=\"auto\">forma en que los organismos\u00a0<\/span><span data-contrast=\"auto\">utilizan<\/span><span data-contrast=\"auto\">\u00a0los recursos en el medio, y c\u00f3mo\u00a0<\/span><span data-contrast=\"auto\">\u00e9<\/span><span data-contrast=\"auto\">stos influyen en su distribuci\u00f3n y abundancia<\/span><span data-contrast=\"auto\">.\u00a0<\/span><span data-contrast=\"auto\">D<\/span><span data-contrast=\"auto\">epende de\u00a0<\/span><span data-contrast=\"auto\">factores geogr\u00e1ficos,\u00a0f\u00edsico-<\/span><span data-contrast=\"auto\">qu\u00edmicos, biol\u00f3gico evolutivos, antr\u00f3picos y\u00a0<\/span><span data-contrast=\"auto\">atr\u00f3picos<\/span><span data-contrast=\"auto\">.<\/span><span data-ccp-props=\"{&quot;201341983&quot;:0,&quot;335559731&quot;:708,&quot;335559739&quot;:160,&quot;335559740&quot;:240}\">\u00a0<\/span><\/p>\n<p><span data-contrast=\"auto\">Los mam\u00edferos marinos se\u00a0<\/span><span data-contrast=\"auto\">dividen en tres \u00f3rdenes: c<\/span><span data-contrast=\"auto\">arn\u00edvoros, sirenios y cet\u00e1ceos.<\/span><span data-ccp-props=\"{&quot;201341983&quot;:0,&quot;335559731&quot;:708,&quot;335559739&quot;:160,&quot;335559740&quot;:240}\">\u00a0<\/span><\/p>\n<p><span data-contrast=\"auto\">Indic\u00f3 que en el<\/span><span data-contrast=\"auto\">\u00a0Golfo de M\u00e9xico se encuentran varias especies de mam\u00edferos marinos, entre ellas el\u00a0<\/span><span data-contrast=\"auto\">tursi\u00f3n<\/span><span data-contrast=\"auto\">,\u00a0<\/span><span data-contrast=\"auto\">un\u00a0<\/span><span data-contrast=\"auto\">depredador tope y por\u00a0<\/span><span data-contrast=\"auto\">lo mismo es considerado como una especie centinela,\u00a0<\/span><span data-contrast=\"auto\">es decir, a<\/span><span data-contrast=\"auto\">que<\/span><span data-contrast=\"auto\">lla que permite evaluar la salud y la productividad del ecosistema ya que es capaz de documentar los cambios que\u00a0<\/span><span data-contrast=\"auto\">existen<\/span><span data-contrast=\"auto\">\u00a0en el ambiente.<\/span><\/p>\n<div id=\"attachment_91266\" style=\"width: 732px\" class=\"wp-caption aligncenter\"><a href=\"https:\/\/www.uv.mx\/prensa\/files\/2020\/12\/021220-CLAUDIA-EXAMEN-BIOLOGIA-3-100k.jpg\"><img aria-describedby=\"caption-attachment-91266\" decoding=\"async\" loading=\"lazy\" class=\"size-full wp-image-91266\" src=\"https:\/\/www.uv.mx\/prensa\/files\/2020\/12\/021220-CLAUDIA-EXAMEN-BIOLOGIA-3-100k.jpg\" alt=\"Eduardo Morteo Ortiz, investigador del Instituto de Investigaciones Biol\u00f3gicas (IIB), dirigi\u00f3 la tesis \" width=\"722\" height=\"473\" srcset=\"https:\/\/www.uv.mx\/prensa\/files\/2020\/12\/021220-CLAUDIA-EXAMEN-BIOLOGIA-3-100k.jpg 722w, https:\/\/www.uv.mx\/prensa\/files\/2020\/12\/021220-CLAUDIA-EXAMEN-BIOLOGIA-3-100k-300x197.jpg 300w\" sizes=\"(max-width: 722px) 100vw, 722px\" \/><\/a><p id=\"caption-attachment-91266\" class=\"wp-caption-text\">Eduardo Morteo Ortiz, investigador del Instituto de Investigaciones Biol\u00f3gicas (IIB), dirigi\u00f3 la tesis<\/p><\/div>\n<p><span data-contrast=\"auto\">Tambi\u00e9n, es<\/span><span data-contrast=\"auto\">\u00a0una especie altamente polim\u00f3rfica,\u00a0<\/span><span data-contrast=\"auto\">lo<\/span><span data-contrast=\"auto\">\u00a0cual<\/span><span data-contrast=\"auto\">\u00a0significa que\u00a0<\/span><span data-contrast=\"auto\">var\u00eda su tama\u00f1o y coloraci\u00f3n por\u00a0<\/span><span data-contrast=\"auto\">su distribuci\u00f3n y alimentaci\u00f3n.<\/span><span data-ccp-props=\"{&quot;201341983&quot;:0,&quot;335559739&quot;:160,&quot;335559740&quot;:240}\">\u00a0<\/span><\/p>\n<p><span data-contrast=\"auto\">Asimismo, se conocen<\/span><span data-contrast=\"auto\">\u00a0dos\u00a0<\/span><span data-contrast=\"auto\">ecotipos<\/span><span data-contrast=\"auto\">: costero y oce\u00e1nico<\/span><span data-contrast=\"auto\">,<\/span><span data-contrast=\"auto\">\u00a0que se d<\/span><span data-contrast=\"auto\">iferenc<\/span><span data-contrast=\"auto\">ian<\/span><span data-contrast=\"auto\">\u00a0por sus h\u00e1bitos\u00a0<\/span><span data-contrast=\"auto\">alimenticios, carga parasitaria y<\/span><span data-contrast=\"auto\">\u00a0<\/span><span data-contrast=\"auto\">craneometr\u00eda.<\/span><span data-ccp-props=\"{&quot;201341983&quot;:0,&quot;335559731&quot;:708,&quot;335559739&quot;:160,&quot;335559740&quot;:240}\">\u00a0<\/span><\/p>\n<p><span data-contrast=\"auto\">En este caso, los<\/span><span data-contrast=\"auto\">\u00a0delfines costeros<\/span><span data-contrast=\"auto\">, similares a los del \u00e1rea de estudio, se c<\/span><span data-contrast=\"auto\">aracterizan por encontrarse dentro de los primeros kil\u00f3metros de la costa.<\/span><span data-ccp-props=\"{&quot;201341983&quot;:0,&quot;335559731&quot;:708,&quot;335559739&quot;:160,&quot;335559740&quot;:240}\">\u00a0<\/span><\/p>\n<p><span data-contrast=\"auto\">Ambos\u00a0<\/span><span data-contrast=\"auto\">ecotipos<\/span><span data-contrast=\"auto\">\u00a0pueden diferenciarse a partir de\u00a0<\/span><span data-contrast=\"auto\">su ecolog\u00eda conductual y uso de h\u00e1bitat porque tienen diferentes h\u00e1bitos alimentic<\/span><span data-contrast=\"auto\">ios, tama\u00f1os, \u00e1reas de conducta;<\/span><span data-contrast=\"auto\">\u00a0adem\u00e1s<\/span><span data-contrast=\"auto\">,<\/span><span data-contrast=\"auto\">\u00a0su distribuci\u00f3n en el medio es distinta.<\/span><span data-ccp-props=\"{&quot;201341983&quot;:0,&quot;335559731&quot;:708,&quot;335559739&quot;:160,&quot;335559740&quot;:240}\">\u00a0<\/span><\/p>\n<p><span data-contrast=\"auto\">Pamela Garc\u00eda coment\u00f3 que el\u00a0<\/span><i><span data-contrast=\"auto\">Tursiops<\/span><\/i><i><span data-contrast=\"auto\">\u00a0<\/span><\/i><i><span data-contrast=\"auto\">truncatus<\/span><\/i><i><span data-contrast=\"auto\">\u00a0<\/span><\/i><span data-contrast=\"auto\">es<\/span><span data-contrast=\"auto\">\u00a0una especie altamente distribuida<\/span><span data-contrast=\"auto\">,<\/span><span data-contrast=\"auto\">\u00a0<\/span><span data-contrast=\"auto\">se encuentra a lo largo de todo el mundo, a excepci\u00f3n de los polos<\/span><span data-contrast=\"auto\">.<\/span><span data-contrast=\"auto\">\u00a0<\/span><span data-contrast=\"auto\">E<\/span><span data-contrast=\"auto\">n<\/span><span data-contrast=\"auto\">\u00a0M\u00e9xico\u00a0<\/span><span data-contrast=\"auto\">se ubica<\/span><span data-contrast=\"auto\">\u00a0en Baja California, Golfo de California, Golfo de M\u00e9xico y el Caribe.<\/span><\/p>\n<div id=\"attachment_91267\" style=\"width: 732px\" class=\"wp-caption aligncenter\"><a href=\"https:\/\/www.uv.mx\/prensa\/files\/2020\/12\/021220-CLAUDIA-EXAMEN-BIOLOGIA-4-100k.jpg\"><img aria-describedby=\"caption-attachment-91267\" decoding=\"async\" loading=\"lazy\" class=\"size-full wp-image-91267\" src=\"https:\/\/www.uv.mx\/prensa\/files\/2020\/12\/021220-CLAUDIA-EXAMEN-BIOLOGIA-4-100k.jpg\" alt=\"El investigador Christian Alejandro Delf\u00edn Alfonso fue el codirector de este trabajo de investigaci\u00f3n \" width=\"722\" height=\"473\" srcset=\"https:\/\/www.uv.mx\/prensa\/files\/2020\/12\/021220-CLAUDIA-EXAMEN-BIOLOGIA-4-100k.jpg 722w, https:\/\/www.uv.mx\/prensa\/files\/2020\/12\/021220-CLAUDIA-EXAMEN-BIOLOGIA-4-100k-300x197.jpg 300w\" sizes=\"(max-width: 722px) 100vw, 722px\" \/><\/a><p id=\"caption-attachment-91267\" class=\"wp-caption-text\">El investigador Christian Alejandro Delf\u00edn Alfonso fue el codirector de este trabajo de investigaci\u00f3n<\/p><\/div>\n<p><span data-contrast=\"auto\">Su presencia es muy<\/span><span data-contrast=\"auto\">\u00a0com\u00fan a lo largo de la costa de Veracruz<\/span><span data-contrast=\"auto\">,<\/span><span data-contrast=\"auto\">\u00a0<\/span><span data-contrast=\"auto\">se han reportado poblaciones re<\/span><span data-contrast=\"auto\">sidentes en Tamiahua,\u00a0<\/span><span data-contrast=\"auto\">Tuxpan, Nautla, Veracruz, y en el \u00e1rea de estudio, Alvarado.<\/span><span data-ccp-props=\"{&quot;201341983&quot;:0,&quot;335559731&quot;:708,&quot;335559739&quot;:160,&quot;335559740&quot;:240}\">\u00a0<\/span><\/p>\n<p><span data-contrast=\"auto\">Por ello,\u00a0<\/span><span data-contrast=\"auto\">desde los a\u00f1os noventa\u00a0<\/span><span data-contrast=\"auto\">e<\/span><span data-contrast=\"auto\">sta \u00faltima zona ha sido un punto clave para\u00a0<\/span><span data-contrast=\"auto\">conocer m\u00e1s sobre los<\/span><span data-contrast=\"auto\">\u00a0<\/span><span data-contrast=\"auto\">tursiones<\/span><span data-contrast=\"auto\">\u00a0en el Golfo de M\u00e9xico<\/span><span data-contrast=\"auto\">,\u00a0<\/span><span data-contrast=\"auto\">pues se\u00a0<\/span><span data-contrast=\"auto\">han registrado\u00a0<\/span><span data-contrast=\"auto\">estudios sobre e<\/span><span data-contrast=\"auto\">colog\u00eda poblacional, distribuci\u00f3n, abundancia, ac\u00fastic<\/span><span data-contrast=\"auto\">a, comportamiento, entre otros.<\/span><span data-ccp-props=\"{&quot;201341983&quot;:0,&quot;335559731&quot;:708,&quot;335559739&quot;:160,&quot;335559740&quot;:240}\">\u00a0<\/span><\/p>\n<p><span data-contrast=\"auto\">Tan s\u00f3<\/span><span data-contrast=\"auto\">lo para esta \u00e1rea se tiene reportada una abundancia considerable y constante de 106 delfines por d\u00eda, lo cual se debe a que hay una alta disponibilidad y cantidad de presas porque es una zona muy productiva.<\/span><span data-ccp-props=\"{&quot;201341983&quot;:0,&quot;335559731&quot;:708,&quot;335559739&quot;:160,&quot;335559740&quot;:240}\">\u00a0<\/span><\/p>\n<p><span data-contrast=\"auto\">Comparti\u00f3 que, como consecuencia del aumento de las actividades humanas en las<\/span><span data-contrast=\"auto\">\u00a0\u00faltimas d\u00e9cadas<\/span><span data-contrast=\"auto\">, se ha modificado el\u00a0<\/span><span data-contrast=\"auto\">h\u00e1bitat y\u00a0<\/span><span data-contrast=\"auto\">otros factores como la\u00a0<\/span><span data-contrast=\"auto\">distribuci\u00f3n y abundancia de presas,\u00a0<\/span><span data-contrast=\"auto\">ya sea por contaminaci\u00f3n, sobreexplotaci\u00f3n<\/span><span data-contrast=\"auto\">\u00a0y por el tr\u00e1nsito marino.<\/span><span data-ccp-props=\"{&quot;201341983&quot;:0,&quot;335559731&quot;:708,&quot;335559739&quot;:160,&quot;335559740&quot;:240}\">\u00a0<\/span><\/p>\n<p><span data-contrast=\"auto\">S<\/span><span data-contrast=\"auto\">ubray\u00f3 que por eso es\u00a0<\/span><span data-contrast=\"auto\">importante conocer el uso del h\u00e1bitat para comprender mejor los aspectos de distribuci\u00f3n, abundancia y comportamiento de los delfines en la zona.<\/span><\/p>\n<div id=\"attachment_91268\" style=\"width: 732px\" class=\"wp-caption aligncenter\"><a href=\"https:\/\/www.uv.mx\/prensa\/files\/2020\/12\/021220-CLAUDIA-EXAMEN-BIOLOGIA-5-100k.jpg\"><img aria-describedby=\"caption-attachment-91268\" decoding=\"async\" loading=\"lazy\" class=\"size-full wp-image-91268\" src=\"https:\/\/www.uv.mx\/prensa\/files\/2020\/12\/021220-CLAUDIA-EXAMEN-BIOLOGIA-5-100k.jpg\" alt=\"Ibiza Mart\u00ednez Serrano, miembro del jurado calificador \" width=\"722\" height=\"473\" srcset=\"https:\/\/www.uv.mx\/prensa\/files\/2020\/12\/021220-CLAUDIA-EXAMEN-BIOLOGIA-5-100k.jpg 722w, https:\/\/www.uv.mx\/prensa\/files\/2020\/12\/021220-CLAUDIA-EXAMEN-BIOLOGIA-5-100k-300x197.jpg 300w\" sizes=\"(max-width: 722px) 100vw, 722px\" \/><\/a><p id=\"caption-attachment-91268\" class=\"wp-caption-text\">Ibiza Mart\u00ednez Serrano, miembro del jurado calificador<\/p><\/div>\n<p><span data-contrast=\"auto\">\u00c9ste puede estar\u00a0<\/span><span data-contrast=\"auto\">influ<\/span><span data-contrast=\"auto\">i<\/span><span data-contrast=\"auto\">do por distintos factores como<\/span><span data-contrast=\"auto\">:<\/span><span data-contrast=\"auto\">\u00a0la disponibilidad de presas, ritmo de depredaci\u00f3n, caracter\u00edsticas del\u00a0<\/span><span data-contrast=\"auto\">medio, impactos antropog\u00e9nicos como el documentado en esta \u00e1rea de estudio<\/span><span data-contrast=\"auto\">:<\/span><span data-contrast=\"auto\">\u00a0el conflicto entre pescadores\u00a0<\/span><span data-contrast=\"auto\">y\u00a0<\/span><span data-contrast=\"auto\">tursiones<\/span><span data-contrast=\"auto\">\u00a0por la competencia de recursos\u00a0<\/span><span data-contrast=\"auto\">(<\/span><span data-contrast=\"auto\">peces<\/span><span data-contrast=\"auto\">)<\/span><span data-contrast=\"auto\">.<\/span><span data-contrast=\"auto\">\u00a0<\/span><span data-contrast=\"auto\">Tambi\u00e9n puede influir el sexo,\u00a0<\/span><span data-contrast=\"auto\">la\u00a0<\/span><span data-contrast=\"auto\">edad y la estructura social.<\/span><span data-ccp-props=\"{&quot;201341983&quot;:0,&quot;335559731&quot;:708,&quot;335559739&quot;:160,&quot;335559740&quot;:240}\">\u00a0<\/span><\/p>\n<p><span data-contrast=\"auto\">Destac\u00f3 que para esta investigaci\u00f3n fueron empleados datos de\u00a0<\/span><span data-contrast=\"auto\">2006 a 2010<\/span><span data-contrast=\"auto\">\u00a0y\u00a0<\/span><span data-contrast=\"auto\">2016 a<\/span><span data-contrast=\"auto\">\u00a02019, colectados por el personal del Laboratorio Veracruzano de Mam\u00edferos Marinos del Instituto de Ciencias Marinas y Pesquer\u00edas\u00a0<\/span><span data-contrast=\"auto\">de la UV.<\/span><span data-ccp-props=\"{&quot;201341983&quot;:0,&quot;335559731&quot;:708,&quot;335559739&quot;:160,&quot;335559740&quot;:240}\">\u00a0<\/span><\/p>\n<p><span data-contrast=\"auto\">Dio a conocer que el 61 por ci<\/span><span data-contrast=\"auto\">ento de los avistamientos (201)<\/span><span data-contrast=\"auto\">\u00a0realizados desde embarcaciones<\/span><span data-contrast=\"auto\">\u00a0<\/span><span data-contrast=\"auto\">se\u00a0<\/span><span data-contrast=\"auto\">hicieron<\/span><span data-contrast=\"auto\">\u00a0de las 10<\/span><span data-contrast=\"auto\">:00<\/span><span data-contrast=\"auto\">\u00a0a la<\/span><span data-contrast=\"auto\">s<\/span><span data-contrast=\"auto\">\u00a01<\/span><span data-contrast=\"auto\">3:00 horas<\/span><span data-contrast=\"auto\">.<\/span><span data-ccp-props=\"{&quot;201341983&quot;:0,&quot;335559731&quot;:708,&quot;335559739&quot;:160,&quot;335559740&quot;:240}\">\u00a0<\/span><\/p>\n<p><span data-contrast=\"auto\">Mencion\u00f3 que el\u00a0<\/span><span data-contrast=\"auto\">estudio se circunscribe a horas de d\u00eda, por lo que es necesario integrar el uso de h\u00e1bitat de los\u00a0<\/span><span data-contrast=\"auto\">tursiones<\/span><span data-contrast=\"auto\">\u00a0en un horario vespertino y\u00a0<\/span><span data-contrast=\"auto\">por la noche<\/span><span data-contrast=\"auto\">.<\/span><\/p>\n<div id=\"attachment_91269\" style=\"width: 732px\" class=\"wp-caption aligncenter\"><a href=\"https:\/\/www.uv.mx\/prensa\/files\/2020\/12\/021220-CLAUDIA-EXAMEN-BIOLOGIA-6-100k.jpg\"><img aria-describedby=\"caption-attachment-91269\" decoding=\"async\" loading=\"lazy\" class=\"size-full wp-image-91269\" src=\"https:\/\/www.uv.mx\/prensa\/files\/2020\/12\/021220-CLAUDIA-EXAMEN-BIOLOGIA-6-100k.jpg\" alt=\"Gerardo Castro Bobadilla, miembro del jurado calificador, estuvo en la presentaci\u00f3n virtual de la tesis \" width=\"722\" height=\"473\" srcset=\"https:\/\/www.uv.mx\/prensa\/files\/2020\/12\/021220-CLAUDIA-EXAMEN-BIOLOGIA-6-100k.jpg 722w, https:\/\/www.uv.mx\/prensa\/files\/2020\/12\/021220-CLAUDIA-EXAMEN-BIOLOGIA-6-100k-300x197.jpg 300w\" sizes=\"(max-width: 722px) 100vw, 722px\" \/><\/a><p id=\"caption-attachment-91269\" class=\"wp-caption-text\">Gerardo Castro Bobadilla, miembro del jurado calificador, estuvo en la presentaci\u00f3n virtual de la tesis<\/p><\/div>\n<p><span data-contrast=\"auto\">\u201c<\/span><span data-contrast=\"auto\">Sabemos que el uso de h\u00e1bitat nocturno puede diferir de las condiciones o del uso del h\u00e1bitat diurno, esto por cambios en las condiciones de luz, mareas, sobre todo en las actividades humanas<\/span><span data-contrast=\"auto\">\u00a0ante la\u00a0<\/span><span data-contrast=\"auto\">ausencia\u00a0<\/span><span data-contrast=\"auto\">d<\/span><span data-contrast=\"auto\">e tr\u00e1nsito de embarcaciones<\/span><span data-contrast=\"auto\">.\u201d<\/span><span data-ccp-props=\"{&quot;201341983&quot;:0,&quot;335559731&quot;:708,&quot;335559739&quot;:160,&quot;335559740&quot;:240}\">\u00a0<\/span><\/p>\n<p><span data-contrast=\"auto\">Por \u00faltimo<\/span><span data-contrast=\"auto\">, resalt\u00f3 que la\u00a0<\/span><span data-contrast=\"auto\">desembocadura de la laguna de Alvarado es una zona clave en el \u00e1rea de estudio debido a sus condiciones\u00a0f\u00edsico<\/span><span data-contrast=\"auto\">-qu\u00edmicas\u00a0y biol\u00f3gicas.<\/span><span data-ccp-props=\"{&quot;201341983&quot;:0,&quot;335559731&quot;:708,&quot;335559739&quot;:160,&quot;335559740&quot;:240}\">\u00a0<\/span><\/p>\n<p><span data-contrast=\"auto\">Adem\u00e1s, n<\/span><span data-contrast=\"auto\">o se observaron cambios significativos en el uso de h\u00e1bitat de los\u00a0<\/span><span data-contrast=\"auto\">tursiones<\/span><span data-contrast=\"auto\">; sin embargo, se\u00a0<\/span><span data-contrast=\"auto\">not\u00f3<\/span><span data-contrast=\"auto\">\u00a0una tendencia gradual de reducci\u00f3n del h\u00e1bitat empleado a trav\u00e9s de los a\u00f1os.<\/span><span data-ccp-props=\"{&quot;201341983&quot;:0,&quot;335559731&quot;:708,&quot;335559739&quot;:160,&quot;335559740&quot;:240}\">\u00a0<\/span><\/p>\n<p><span data-contrast=\"auto\">Tampoco se<\/span><span data-contrast=\"auto\">\u00a0encontraron zonas espec\u00edficas para la realizaci\u00f3n de las actividades registradas por los\u00a0<\/span><span data-contrast=\"auto\">tursiones<\/span><span data-contrast=\"auto\">\u00a0en el \u00e1rea de estudio<\/span><span data-contrast=\"auto\">, por lo que\u00a0<\/span><span data-contrast=\"auto\">se\u00a0<\/span><span data-contrast=\"auto\">requiere<\/span><span data-contrast=\"auto\">n<\/span><span data-contrast=\"auto\">\u00a0estrategias de manejo para reducir impactos negativos hacia los delfines.<\/span><span data-ccp-props=\"{&quot;201341983&quot;:0,&quot;335559731&quot;:708,&quot;335559739&quot;:160,&quot;335559740&quot;:240}\">\u00a0<\/span><\/p>\n","protected":false},"excerpt":{"rendered":"<p>Pamela Garc\u00eda Aguilar, de la Facultad de Biolog\u00eda, realiz\u00f3 la tesis \u201cUso del h\u00e1bitat del tursi\u00f3n (<em>Tursiops truncatus<\/em>) en las aguas costeras de Alvarado, Veracruz\u201d, con la cual obtuvo su t\u00edtulo profesional <\/p>\n","protected":false},"author":1775,"featured_media":91271,"comment_status":"closed","ping_status":"closed","sticky":false,"template":"","format":"standard","meta":[],"categories":[61],"tags":[693,360,147,428,845,847,846,63],"_links":{"self":[{"href":"https:\/\/www.uv.mx\/prensa\/wp-json\/wp\/v2\/posts\/91264"}],"collection":[{"href":"https:\/\/www.uv.mx\/prensa\/wp-json\/wp\/v2\/posts"}],"about":[{"href":"https:\/\/www.uv.mx\/prensa\/wp-json\/wp\/v2\/types\/post"}],"author":[{"embeddable":true,"href":"https:\/\/www.uv.mx\/prensa\/wp-json\/wp\/v2\/users\/1775"}],"replies":[{"embeddable":true,"href":"https:\/\/www.uv.mx\/prensa\/wp-json\/wp\/v2\/comments?post=91264"}],"version-history":[{"count":1,"href":"https:\/\/www.uv.mx\/prensa\/wp-json\/wp\/v2\/posts\/91264\/revisions"}],"predecessor-version":[{"id":91358,"href":"https:\/\/www.uv.mx\/prensa\/wp-json\/wp\/v2\/posts\/91264\/revisions\/91358"}],"wp:featuredmedia":[{"embeddable":true,"href":"https:\/\/www.uv.mx\/prensa\/wp-json\/wp\/v2\/media\/91271"}],"wp:attachment":[{"href":"https:\/\/www.uv.mx\/prensa\/wp-json\/wp\/v2\/media?parent=91264"}],"wp:term":[{"taxonomy":"category","embeddable":true,"href":"https:\/\/www.uv.mx\/prensa\/wp-json\/wp\/v2\/categories?post=91264"},{"taxonomy":"post_tag","embeddable":true,"href":"https:\/\/www.uv.mx\/prensa\/wp-json\/wp\/v2\/tags?post=91264"}],"curies":[{"name":"wp","href":"https:\/\/api.w.org\/{rel}","templated":true}]}}