{"id":91322,"date":"2020-12-07T15:55:28","date_gmt":"2020-12-07T21:55:28","guid":{"rendered":"https:\/\/www.uv.mx\/prensa\/?p=91322"},"modified":"2020-12-07T16:02:30","modified_gmt":"2020-12-07T22:02:30","slug":"uv-impulsa-el-deporte-inclusivo","status":"publish","type":"post","link":"https:\/\/www.uv.mx\/prensa\/deportes\/uv-impulsa-el-deporte-inclusivo\/","title":{"rendered":"UV impulsa el deporte inclusivo"},"content":{"rendered":"<ul>\n<li data-leveltext=\"\uf0b7\" data-font=\"Symbol\" data-listid=\"1\" data-aria-posinset=\"1\" data-aria-level=\"1\"><i><span data-contrast=\"auto\">El maestro Gabriel Figueroa Corona particip\u00f3 en el Primer Foro Internacional Virtual de Inclusi\u00f3n en Educaci\u00f3n Superior<\/span><\/i><span data-ccp-props=\"{&quot;201341983&quot;:0,&quot;335559739&quot;:0,&quot;335559740&quot;:240}\">\u00a0<\/span><\/li>\n<\/ul>\n<p>&nbsp;<\/p>\n<div id=\"attachment_91324\" style=\"width: 860px\" class=\"wp-caption aligncenter\"><a href=\"https:\/\/www.uv.mx\/prensa\/files\/2020\/12\/071220-deporte-inclusivo.jpg\"><img aria-describedby=\"caption-attachment-91324\" decoding=\"async\" loading=\"lazy\" class=\"size-full wp-image-91324\" src=\"https:\/\/www.uv.mx\/prensa\/files\/2020\/12\/071220-deporte-inclusivo.jpg\" alt=\"\" width=\"850\" height=\"481\" srcset=\"https:\/\/www.uv.mx\/prensa\/files\/2020\/12\/071220-deporte-inclusivo.jpg 850w, https:\/\/www.uv.mx\/prensa\/files\/2020\/12\/071220-deporte-inclusivo-300x170.jpg 300w, https:\/\/www.uv.mx\/prensa\/files\/2020\/12\/071220-deporte-inclusivo-768x435.jpg 768w\" sizes=\"(max-width: 850px) 100vw, 850px\" \/><\/a><p id=\"caption-attachment-91324\" class=\"wp-caption-text\">El acad\u00e9mico abord\u00f3 el tema \u201cDeporte inclusivo\u201d<\/p><\/div>\n<p>&nbsp;<\/p>\n<p><b><i><span data-contrast=\"auto\">Santiago Morales O<\/span><\/i><\/b><b><i><span data-contrast=\"auto\">rtiz<\/span><\/i><\/b><span data-ccp-props=\"{&quot;201341983&quot;:0,&quot;335559739&quot;:0,&quot;335559740&quot;:240}\">\u00a0<\/span><\/p>\n<p><b><i><span data-contrast=\"auto\">0<\/span><\/i><\/b><b><i><span data-contrast=\"auto\">7<\/span><\/i><\/b><b><i><span data-contrast=\"auto\">\/12\/20<\/span><\/i><\/b><b><i><span data-contrast=\"auto\">20<\/span><\/i><\/b><b><i><span data-contrast=\"auto\">, Xalapa, Ver.-<\/span><\/i><\/b> <span data-contrast=\"auto\">El <\/span><span data-contrast=\"auto\">acad\u00e9mico <\/span><span data-contrast=\"auto\">Gabriel Figueroa Corona<\/span> <span data-contrast=\"auto\">destac\u00f3<\/span> <span data-contrast=\"auto\">la gran gama de disciplinas deportivas que ofrece la <a href=\"https:\/\/www.uv.mx\/\" target=\"_blank\" rel=\"noopener noreferrer\">Universidad Veracruz<\/a><\/span><span data-contrast=\"auto\">ana a la comunidad en general<\/span><span data-contrast=\"auto\"> y<\/span> <span data-contrast=\"auto\">resalt\u00f3<\/span><span data-contrast=\"auto\"> la importancia del deporte inclusivo, <\/span><span data-contrast=\"auto\">pues \u00e9ste debe permitir <\/span><span data-contrast=\"auto\">la pr\u00e1ctica conjunta de personas con o sin discapacidad<\/span><span data-contrast=\"auto\">.<\/span><span data-ccp-props=\"{&quot;201341983&quot;:0,&quot;335559739&quot;:0,&quot;335559740&quot;:240}\">\u00a0<\/span><\/p>\n<p><span data-contrast=\"auto\">Durante su intervenci\u00f3n en el Primer Foro Internacional Virtual de Inclusi\u00f3n en Educaci\u00f3n Superior, con el tema <\/span><span data-contrast=\"auto\">\u201c<\/span><span data-contrast=\"auto\">Deporte <\/span><span data-contrast=\"auto\">i<\/span><span data-contrast=\"auto\">nclusivo<\/span><span data-contrast=\"auto\">\u201d<\/span><span data-contrast=\"auto\">, el especialista <\/span><span data-contrast=\"auto\">se\u00f1al\u00f3 <\/span><span data-contrast=\"auto\">que \u201cla i<\/span><span data-contrast=\"auto\">nclusi\u00f3n es integrar a <\/span><span data-contrast=\"auto\">todas la<\/span><span data-contrast=\"auto\">s<\/span><span data-contrast=\"auto\"> personas<\/span><span data-contrast=\"auto\"> en la so<\/span><span data-contrast=\"auto\">ciedad, con el objetivo de que <\/span><span data-contrast=\"auto\">puedan participar y contribuir en ella y beneficiarse en este proceso<\/span><span data-contrast=\"auto\">\u201d<\/span><span data-contrast=\"auto\">.<\/span><span data-ccp-props=\"{&quot;201341983&quot;:0,&quot;335559731&quot;:708,&quot;335559739&quot;:0,&quot;335559740&quot;:240}\">\u00a0<\/span><\/p>\n<p><span data-contrast=\"auto\">Figueroa Corona<\/span> <span data-contrast=\"auto\">enfatiz\u00f3 <\/span><span data-contrast=\"auto\">que el d<\/span><span data-contrast=\"auto\">eporte inclusivo<\/span><span data-contrast=\"auto\"> \u201c<\/span><span data-contrast=\"auto\">permit<\/span><span data-contrast=\"auto\">e<\/span><span data-contrast=\"auto\"> la pr\u00e1ctica conjunta de personas con o sin discapacidad<\/span><span data-contrast=\"auto\">, se <\/span><span data-contrast=\"auto\">ajust<\/span><span data-contrast=\"auto\">a <\/span><span data-contrast=\"auto\">a las posibilid<\/span><span data-contrast=\"auto\">ades de los practicantes y mantiene <\/span><span data-contrast=\"auto\">el objetivo de la especialidad deportiva que se trate<\/span><span data-contrast=\"auto\">, <\/span><span data-contrast=\"auto\">a fin de<\/span><span data-contrast=\"auto\"> generalizar la<\/span><span data-contrast=\"auto\"> pr\u00e1ctica de la <\/span><span data-contrast=\"auto\">actividad f\u00edsica <\/span><span data-contrast=\"auto\">pues <\/span><span data-contrast=\"auto\">todo ello <\/span><span data-contrast=\"auto\">p<\/span><span data-contrast=\"auto\">romueve la <\/span><span data-contrast=\"auto\">autosuperaci\u00f3n<\/span><span data-contrast=\"auto\"> y mejora la autoconfianza<\/span><span data-contrast=\"auto\">\u201d.<\/span><span data-ccp-props=\"{&quot;201341983&quot;:0,&quot;335559731&quot;:708,&quot;335559739&quot;:0,&quot;335559740&quot;:240}\">\u00a0<\/span><\/p>\n<p><span data-contrast=\"auto\">Indic\u00f3 que se busca \u201c<\/span><span data-contrast=\"auto\">brindar respuesta<\/span><span data-contrast=\"auto\">s<\/span><span data-contrast=\"auto\"> apropiadas<\/span><span data-contrast=\"auto\"> al amplio espectro<\/span> <span data-contrast=\"auto\">de necesidades de aprendizaje<\/span><span data-contrast=\"auto\">,<\/span><span data-contrast=\"auto\"> tanto en entornos formales como no formales de la educaci\u00f3n<\/span><span data-contrast=\"auto\">\u201d.<\/span><span data-ccp-props=\"{&quot;201341983&quot;:0,&quot;335559731&quot;:708,&quot;335559739&quot;:0,&quot;335559740&quot;:240}\">\u00a0<\/span><\/p>\n<p><span data-contrast=\"auto\">Puso como ejemplo el <\/span><span data-contrast=\"auto\">golb<\/span><span data-contrast=\"auto\">o<\/span><span data-contrast=\"auto\">l<\/span><span data-contrast=\"auto\"> como<\/span><span data-contrast=\"auto\"> deporte paral\u00edmpico <\/span><span data-contrast=\"auto\">creado <\/span><span data-contrast=\"auto\">espec\u00edficamente para personas con discapacidad visual<\/span><span data-contrast=\"auto\">, en el que participan dos equipos de tres jugadores cada uno<\/span><span data-contrast=\"auto\">, <\/span><span data-contrast=\"auto\">pero<\/span> <span data-contrast=\"auto\">tambi\u00e9n lo puede jugar cualquier persona.<\/span><span data-ccp-props=\"{&quot;201341983&quot;:0,&quot;335559731&quot;:708,&quot;335559739&quot;:0,&quot;335559740&quot;:240}\">\u00a0<\/span><\/p>\n<p><span data-contrast=\"auto\">Gabriel <\/span><span data-contrast=\"auto\">Figueroa propuso i<\/span><span data-contrast=\"auto\">ncluir <\/span><span data-contrast=\"auto\">el <\/span><span data-contrast=\"auto\">golb<\/span><span data-contrast=\"auto\">o<\/span><span data-contrast=\"auto\">l<\/span> <span data-contrast=\"auto\">como actividad f\u00edsica recreativa<\/span> <span data-contrast=\"auto\">para toda la comunidad universitaria<\/span><span data-contrast=\"auto\">, con el objetivo de <\/span><span data-contrast=\"auto\">generalizar la pr\u00e1ctica <\/span><span data-contrast=\"auto\">y <\/span><span data-contrast=\"auto\">la <\/span><span data-contrast=\"auto\">actividad f\u00edsica<\/span><span data-contrast=\"auto\">.<\/span><span data-ccp-props=\"{&quot;201341983&quot;:0,&quot;335559731&quot;:708,&quot;335559739&quot;:0,&quot;335559740&quot;:240}\">\u00a0<\/span><\/p>\n","protected":false},"excerpt":{"rendered":"<p>Gabriel Figueroa Corona destac\u00f3 la gama de disciplinas deportivas que ofrece la Universidad Veracruzana a la comunidad en general <\/p>\n","protected":false},"author":1508,"featured_media":91324,"comment_status":"closed","ping_status":"closed","sticky":false,"template":"","format":"standard","meta":[],"categories":[12],"tags":[],"_links":{"self":[{"href":"https:\/\/www.uv.mx\/prensa\/wp-json\/wp\/v2\/posts\/91322"}],"collection":[{"href":"https:\/\/www.uv.mx\/prensa\/wp-json\/wp\/v2\/posts"}],"about":[{"href":"https:\/\/www.uv.mx\/prensa\/wp-json\/wp\/v2\/types\/post"}],"author":[{"embeddable":true,"href":"https:\/\/www.uv.mx\/prensa\/wp-json\/wp\/v2\/users\/1508"}],"replies":[{"embeddable":true,"href":"https:\/\/www.uv.mx\/prensa\/wp-json\/wp\/v2\/comments?post=91322"}],"version-history":[{"count":1,"href":"https:\/\/www.uv.mx\/prensa\/wp-json\/wp\/v2\/posts\/91322\/revisions"}],"predecessor-version":[{"id":91330,"href":"https:\/\/www.uv.mx\/prensa\/wp-json\/wp\/v2\/posts\/91322\/revisions\/91330"}],"wp:featuredmedia":[{"embeddable":true,"href":"https:\/\/www.uv.mx\/prensa\/wp-json\/wp\/v2\/media\/91324"}],"wp:attachment":[{"href":"https:\/\/www.uv.mx\/prensa\/wp-json\/wp\/v2\/media?parent=91322"}],"wp:term":[{"taxonomy":"category","embeddable":true,"href":"https:\/\/www.uv.mx\/prensa\/wp-json\/wp\/v2\/categories?post=91322"},{"taxonomy":"post_tag","embeddable":true,"href":"https:\/\/www.uv.mx\/prensa\/wp-json\/wp\/v2\/tags?post=91322"}],"curies":[{"name":"wp","href":"https:\/\/api.w.org\/{rel}","templated":true}]}}