{"id":91344,"date":"2020-12-07T16:58:42","date_gmt":"2020-12-07T22:58:42","guid":{"rendered":"https:\/\/www.uv.mx\/prensa\/?p=91344"},"modified":"2020-12-08T11:14:58","modified_gmt":"2020-12-08T17:14:58","slug":"aumento-numero-de-patentes-en-la-uv","status":"publish","type":"post","link":"https:\/\/www.uv.mx\/prensa\/general\/aumento-numero-de-patentes-en-la-uv\/","title":{"rendered":"Aument\u00f3 n\u00famero de patentes en la UV"},"content":{"rendered":"<ul>\n<li data-leveltext=\"\uf0b7\" data-font=\"Symbol\" data-listid=\"1\" data-aria-posinset=\"1\" data-aria-level=\"1\"><i><span data-contrast=\"auto\">\u201c<\/span><\/i><i><span data-contrast=\"auto\">Se han registrado 40 solicitudes, obtenido nueve y las seis \u00faltimas en este a\u00f1o de pandemia<\/span><\/i><i><span data-contrast=\"auto\">\u201d<\/span><\/i><i><span data-contrast=\"auto\">, destac\u00f3 la rectora Sara Ladr\u00f3n de Guevara<\/span><\/i><span data-ccp-props=\"{&quot;134233279&quot;:true}\">\u00a0<\/span><\/li>\n<li data-leveltext=\"\uf0b7\" data-font=\"Symbol\" data-listid=\"1\" data-aria-posinset=\"2\" data-aria-level=\"1\"><i><span data-contrast=\"auto\">Son resultado de equipos de trabajo interdisciplinar y de varias regiones universitarias<\/span><\/i><span data-ccp-props=\"{&quot;134233279&quot;:true}\">\u00a0<\/span><\/li>\n<\/ul>\n<p>&nbsp;<\/p>\n<div id=\"attachment_91341\" style=\"width: 732px\" class=\"wp-caption aligncenter\"><a href=\"https:\/\/www.uv.mx\/prensa\/files\/2020\/12\/071220-DAVID-Entrega-de-reconocimientos-a-patentes-1.jpg\"><img aria-describedby=\"caption-attachment-91341\" decoding=\"async\" loading=\"lazy\" class=\"size-full wp-image-91341\" src=\"https:\/\/www.uv.mx\/prensa\/files\/2020\/12\/071220-DAVID-Entrega-de-reconocimientos-a-patentes-1.jpg\" alt=\"\" width=\"722\" height=\"481\" srcset=\"https:\/\/www.uv.mx\/prensa\/files\/2020\/12\/071220-DAVID-Entrega-de-reconocimientos-a-patentes-1.jpg 722w, https:\/\/www.uv.mx\/prensa\/files\/2020\/12\/071220-DAVID-Entrega-de-reconocimientos-a-patentes-1-300x200.jpg 300w\" sizes=\"(max-width: 722px) 100vw, 722px\" \/><\/a><p id=\"caption-attachment-91341\" class=\"wp-caption-text\">Sara Ladr\u00f3n de Guevara, rectora de la UV, entreg\u00f3 reconocimiento a los proyectos que obtuvieron su registro como patentes ante el IMPI<\/p><\/div>\n<p>&nbsp;<\/p>\n<p><b><i><span data-contrast=\"auto\">David Sandoval Rodr\u00edguez<\/span><\/i><\/b><\/p>\n<p><b><i><span data-contrast=\"auto\">07\/12\/20<\/span><\/i><\/b><b><i><span data-contrast=\"auto\">20,<\/span><\/i><\/b><b><i><span data-contrast=\"auto\"> Xalapa, Ver.-<\/span><\/i><\/b><span data-contrast=\"auto\"> La <a href=\"https:\/\/www.uv.mx\/\" target=\"_blank\" rel=\"noopener noreferrer\">Universidad Veracruzana<\/a> (UV) reconoci\u00f3 este lunes <\/span><span data-contrast=\"auto\">a los miembros de su comunidad que han obtenido del Instituto Mexicano de la Propiedad Industrial (IMPI) el registro de una patente<\/span><span data-contrast=\"auto\">, en ceremonia celebrada en la S<\/span><span data-contrast=\"auto\">ala de <\/span><span data-contrast=\"auto\">J<\/span><span data-contrast=\"auto\">untas de la Rector\u00eda y con enlace por la plataforma <\/span><i><span data-contrast=\"auto\">UVZoom<\/span><\/i><span data-contrast=\"auto\"> a las cuatro regiones universitarias.<\/span><span data-ccp-props=\"{}\">\u00a0<\/span><\/p>\n<p><span data-contrast=\"auto\">El evento estuvo encabezado por la rectora Sara Ladr\u00f3n de Guevara, quien <\/span><span data-contrast=\"auto\">subray\u00f3 que las patentes son un indicador de la invenci\u00f3n y la innovaci\u00f3n en las instituciones de educaci\u00f3n <\/span><span data-contrast=\"auto\">superior.<\/span><span data-contrast=\"auto\">\u201cNuestros investigadores tienen las herramientas, la capacidad, formaci\u00f3n y posibilidad, sin duda, de hacer innovaciones que tengan un impacto en el desarrollo regional, nacional e internacional, prueba de ello son los logros que estamos obteniendo\u201d, dijo.<\/span><span data-ccp-props=\"{}\">\u00a0<\/span><\/p>\n<p><span data-contrast=\"auto\">\u201cEl que estemos ahora en 2020 cosechando seis patentes no se hace en un d\u00eda, es un largo trabajar, desde la invenci\u00f3n y el desarrollo de la investigaci\u00f3n que sustenta la patente hasta la tramitolog\u00eda\u201d, agreg\u00f3.<\/span><span data-ccp-props=\"{}\">\u00a0<\/span><\/p>\n<p><span data-contrast=\"auto\">La Rectora <\/span><span data-contrast=\"auto\">subray\u00f3<\/span><span data-contrast=\"auto\"> que \u201cse han registrado 40 propuestas como solicitudes de patentes ante el IMPI, de las cuales nueve hemos logrado en ocho a\u00f1os y de \u00e9sas, seis se lograron en este a\u00f1o de la pandemia\u201d.<\/span><span data-ccp-props=\"{}\">\u00a0<\/span><\/p>\n<p><span data-contrast=\"auto\">Las patentes reconocidas fueron<\/span><span data-contrast=\"auto\">:<\/span><span data-contrast=\"auto\"> \u201cM\u00e9todo para <\/span><span data-contrast=\"auto\">micropropagaci\u00f3n<\/span><span data-contrast=\"auto\"> de <\/span><i><span data-contrast=\"auto\">stevia<\/span><\/i> <i><span data-contrast=\"auto\">ssp<\/span><\/i><span data-contrast=\"auto\">\u201d, a cargo de <\/span><span data-contrast=\"auto\">Lourdes Iglesias Andreu, investigadora del Instituto de Biotecnolog\u00eda <\/span><span data-contrast=\"auto\">y Ecolog\u00eda Aplicada (<em>Inbioteca<\/em>)<\/span><span data-contrast=\"auto\">,<\/span><span data-contrast=\"auto\"> y <\/span><span data-contrast=\"auto\">Marco Antonio Ram\u00edrez Mosqueda<\/span><span data-contrast=\"auto\">,<\/span><span data-contrast=\"auto\"> de la Facultad de Ciencias <\/span><span data-contrast=\"auto\">Biol\u00f3gicas y Agropecuarias; \u201cExtracto purificado con alto contenido en antocianinas a partir de tortilla de ma\u00edz azul y m\u00e9todo para obtenerlo\u201d<\/span><span data-contrast=\"auto\">,<\/span><span data-contrast=\"auto\"> presentado por Rosa Isela Guzm\u00e1n Ger\u00f3nimo<\/span><span data-contrast=\"auto\">,<\/span><span data-contrast=\"auto\"> del Instituto de Ciencias B\u00e1sicas; \u201cDispositivo de monta para colecta de material biol\u00f3gico de semovientes\u201d, presentado por Manuel Espinoza Palencia y Roberto Castilla Tlapa<\/span><span data-contrast=\"auto\">,<\/span><span data-contrast=\"auto\"> de la Facultad de Medicina Veterinaria y Zo<\/span><span data-contrast=\"auto\">otecnia de la regi\u00f3n Veracruz<\/span><span data-contrast=\"auto\">;<\/span><span data-contrast=\"auto\"> \u201cNuevas fases s\u00f3lidas de <\/span><span data-contrast=\"auto\">sulfasalazina<\/span><span data-contrast=\"auto\">\u201d<\/span><span data-contrast=\"auto\">,<\/span><span data-contrast=\"auto\"> por Jorge Guillermo Dom\u00ednguez Ch\u00e1vez y Karina Mondrag\u00f3n V\u00e1squez<\/span><span data-contrast=\"auto\">,<\/span><span data-contrast=\"auto\"> de la Facultad de <\/span><span data-contrast=\"auto\">Bioan\u00e1lisis<\/span><span data-contrast=\"auto\">, regi\u00f3n Veracruz<\/span><span data-contrast=\"auto\">,<\/span><span data-contrast=\"auto\"> y los egresados Jaime Eduardo Troncoso Zurita, Javier Hern\u00e1ndez <\/span><span data-contrast=\"auto\">Illescas<\/span><span data-contrast=\"auto\"> y Mar\u00eda Valeria Morales Arjona.<\/span><span data-ccp-props=\"{}\">\u00a0<\/span><\/p>\n<p><span data-contrast=\"auto\">Tambi\u00e9n se avalaron<\/span><span data-contrast=\"auto\"> l<\/span><span data-contrast=\"auto\">a patente en <\/span><span data-contrast=\"auto\">cotitularidad a nivel nacional \u201cSistema port\u00e1til para la obtenci\u00f3n de im\u00e1genes cerebrales y espinales para la <\/span><span data-contrast=\"auto\">transiluminaci\u00f3n<\/span><span data-contrast=\"auto\"> inal\u00e1mbrica\u201d<\/span><span data-contrast=\"auto\">,<\/span><span data-contrast=\"auto\"> por Agust\u00edn Herrera <\/span><span data-contrast=\"auto\">May<\/span><span data-contrast=\"auto\"> y Jaime Mart\u00ednez Castillo<\/span><span data-contrast=\"auto\">,<\/span><span data-contrast=\"auto\"> del <\/span><span data-contrast=\"auto\">Centro de Investiga<\/span><span data-contrast=\"auto\">ci\u00f3n en Micro y Nanotecnolog\u00eda<\/span><span data-contrast=\"auto\">,<\/span><span data-contrast=\"auto\"> regi\u00f3n Veracruz<\/span><span data-contrast=\"auto\">.<\/span><span data-ccp-props=\"{&quot;335559731&quot;:708}\">\u00a0<\/span><\/p>\n<p>&nbsp;<\/p>\n<div id=\"attachment_91342\" style=\"width: 891px\" class=\"wp-caption aligncenter\"><a href=\"https:\/\/www.uv.mx\/prensa\/files\/2020\/12\/071220-DAVID-Entrega-de-reconocimientos-a-patentes-2.jpg\"><img aria-describedby=\"caption-attachment-91342\" decoding=\"async\" loading=\"lazy\" class=\"size-full wp-image-91342\" src=\"https:\/\/www.uv.mx\/prensa\/files\/2020\/12\/071220-DAVID-Entrega-de-reconocimientos-a-patentes-2.jpg\" alt=\"\" width=\"881\" height=\"481\" srcset=\"https:\/\/www.uv.mx\/prensa\/files\/2020\/12\/071220-DAVID-Entrega-de-reconocimientos-a-patentes-2.jpg 881w, https:\/\/www.uv.mx\/prensa\/files\/2020\/12\/071220-DAVID-Entrega-de-reconocimientos-a-patentes-2-300x164.jpg 300w, https:\/\/www.uv.mx\/prensa\/files\/2020\/12\/071220-DAVID-Entrega-de-reconocimientos-a-patentes-2-768x419.jpg 768w\" sizes=\"(max-width: 881px) 100vw, 881px\" \/><\/a><p id=\"caption-attachment-91342\" class=\"wp-caption-text\"><span class=\"TextRun SCXW267276020 BCX2\" lang=\"ES-MX\" xml:lang=\"ES-MX\" data-contrast=\"auto\"><span class=\"NormalTextRun SCXW267276020 BCX2\">Lourdes Iglesias Andreu, acad\u00e9mica del <\/span><\/span><em><span class=\"TextRun SCXW267276020 BCX2\" lang=\"ES-MX\" xml:lang=\"ES-MX\" data-contrast=\"auto\"><span class=\"NormalTextRun SpellingErrorV2 SCXW267276020 BCX2\">Inbioteca<\/span><\/span><\/em><span class=\"TextRun SCXW267276020 BCX2\" lang=\"ES-MX\" xml:lang=\"ES-MX\" data-contrast=\"auto\"><span class=\"NormalTextRun SCXW267276020 BCX2\">, agradeci\u00f3 el apoyo institucional para la investigaci\u00f3n interdisciplinaria<\/span><\/span><\/p><\/div>\n<p>&nbsp;<\/p>\n<p><span data-contrast=\"auto\">\u201cM\u00e9todo para el control de la roya del caf\u00e9\u201d<\/span><span data-contrast=\"auto\">,<\/span><span data-contrast=\"auto\"> a cargo de Gerardo Alvarado Castillo y Gustavo Celestino Ortiz Ceballos<\/span><span data-contrast=\"auto\">,<\/span><span data-contrast=\"auto\"> de la<\/span><span data-contrast=\"auto\"> Facultad de Ciencias Agr\u00edcolas<\/span><span data-contrast=\"auto\">, <\/span><span data-contrast=\"auto\">e<\/span><span data-contrast=\"auto\">n cotitularidad con el Instituto de Ecolog\u00eda, A.C. (<\/span><i><span data-contrast=\"auto\">Inecol<\/span><\/i><span data-contrast=\"auto\">).<\/span><span data-ccp-props=\"{&quot;335559731&quot;:708}\">\u00a0<\/span><\/p>\n<p><span data-contrast=\"auto\">En representaci\u00f3n <\/span><span data-contrast=\"auto\">de los equipos galardonados, Iglesias Andreu <\/span><span data-contrast=\"auto\">agradeci\u00f3 a las<\/span><span data-contrast=\"auto\"> autoridades universitarias y directivos de las entidades acad\u00e9micas \u201cpor el apoyo recibido y la confianza depositada en nuestro trabajo investigativo a lo largo de este prolongado y dif\u00edcil proceso, y reiterarles nuestro compromiso para seguir impulsando colegiadamente la actividad inventiva\u201d.<\/span><span data-ccp-props=\"{&quot;335559731&quot;:708}\">\u00a0<\/span><\/p>\n<p><span data-contrast=\"auto\">Se\u00f1al\u00f3 que e<\/span><span data-contrast=\"auto\">stas patentes constituyen el fruto del esfuerzo colectivo y el trabajo interdisciplinario de <\/span><span data-contrast=\"auto\">acad\u00e9micos<\/span><span data-contrast=\"auto\"> y estudiantes de varios niveles educativos y <\/span><span data-contrast=\"auto\">entidades de la UV que desde hace a\u00f1os han establecido una sinergia efectiva, promoviendo \u00e1reas de oportunidad para la generaci\u00f3n de una cultura de protecc<\/span><span data-contrast=\"auto\">i\u00f3n de la propiedad intelectual<\/span><span data-contrast=\"auto\">.<\/span><span data-ccp-props=\"{&quot;335559731&quot;:708}\">\u00a0<\/span><\/p>\n<p><span data-contrast=\"auto\">Octavio Ochoa Contreras, secretario de Desarrollo Institucional, brind\u00f3 un resumen <\/span><span data-contrast=\"auto\">del desarrollo de las patentes al interior de la instituci\u00f3n<\/span><span data-contrast=\"auto\">;<\/span> <span data-contrast=\"auto\">enfatiz\u00f3 su crecimiento desde la administraci\u00f3n de 2014<\/span><span data-contrast=\"auto\">,<\/span><span data-contrast=\"auto\"> as\u00ed como el<\/span><span data-contrast=\"auto\"> posicionamiento <\/span><span data-contrast=\"auto\">de la UV <\/span><span data-contrast=\"auto\">a nivel regional <\/span><span data-contrast=\"auto\">c<\/span><span data-contrast=\"auto\">o<\/span><span data-contrast=\"auto\">n su<\/span> <span data-contrast=\"auto\">Oficina de Transferencia de Tecnolog\u00eda<\/span><span data-contrast=\"auto\"> (OTT), <\/span><span data-contrast=\"auto\">adem\u00e1s del reconocimiento del IMPI en 2018 como Centro de <\/span><span data-contrast=\"auto\">Patentamiento<\/span><span data-contrast=\"auto\"> Oficial.<\/span><span data-ccp-props=\"{&quot;335559731&quot;:708}\">\u00a0<\/span><\/p>\n<p><span data-contrast=\"auto\">En la Rector\u00eda estuvieron presentes Magdalena Hern\u00e1ndez Alarc\u00f3n, secretaria Acad\u00e9mica; Salvador Tapia Spinoso, secretario de <\/span><span data-contrast=\"auto\">Administraci\u00f3n y Finanzas; \u00c1ngel Trigos Landa, <\/span><span data-contrast=\"auto\">d<\/span><span data-contrast=\"auto\">irec<\/span><span data-contrast=\"auto\">tor g<\/span><span data-contrast=\"auto\">eneral de Investigaciones; Patricia Arieta Melgarejo, titular de la Direcci\u00f3n General de Vinculaci\u00f3n<\/span><span data-contrast=\"auto\">,<\/span><span data-contrast=\"auto\"> y Raciel Mart\u00ednez G\u00f3mez, titular de la Direcci\u00f3n <\/span><span data-contrast=\"auto\">General <\/span><span data-contrast=\"auto\">de Comunica<\/span><span data-contrast=\"auto\">ci\u00f3n Universitaria<\/span><span data-contrast=\"auto\">.<\/span><span data-ccp-props=\"{&quot;335559731&quot;:708}\">\u00a0<\/span><\/p>\n<p><span data-contrast=\"auto\">P<\/span><span data-contrast=\"auto\">or videoconferencia <\/span><span data-contrast=\"auto\">atendieron la reuni\u00f3n<\/span><span data-contrast=\"auto\">:<\/span><span data-contrast=\"auto\"> los vicerrectores Jos\u00e9 Luis Alan\u00eds M\u00e9ndez<\/span><span data-contrast=\"auto\">,<\/span><span data-contrast=\"auto\"> de la regi\u00f3n Poza Rica-Tuxpan; Jos\u00e9 Eduardo Mart\u00ednez Canales<\/span><span data-contrast=\"auto\">,<\/span><span data-contrast=\"auto\"> de la regi\u00f3n Orizaba-C\u00f3rdoba; Alfonso Gerardo P\u00e9rez Morales<\/span><span data-contrast=\"auto\">, de la regi\u00f3n Veracruz, <\/span><span data-contrast=\"auto\">y <\/span><span data-contrast=\"auto\">Carlos <\/span><span data-contrast=\"auto\">Lamothe<\/span><span data-contrast=\"auto\"> Zavaleta<\/span><span data-contrast=\"auto\">,<\/span> <span data-contrast=\"auto\">de<\/span><span data-contrast=\"auto\"> la regi\u00f3n Coatzacoalcos-Minatitl\u00e1n<\/span><span data-contrast=\"auto\">,<\/span><span data-contrast=\"auto\"> as\u00ed como sus respectivos equipos de trabajo.<\/span><span data-ccp-props=\"{&quot;335559731&quot;:708}\">\u00a0<\/span><\/p>\n<p>&nbsp;<\/p>\n<div id=\"attachment_91343\" style=\"width: 732px\" class=\"wp-caption aligncenter\"><a href=\"https:\/\/www.uv.mx\/prensa\/files\/2020\/12\/071220-DAVID-Entrega-de-reconocimientos-a-patentes-3.jpg\"><img aria-describedby=\"caption-attachment-91343\" decoding=\"async\" loading=\"lazy\" class=\"size-full wp-image-91343\" src=\"https:\/\/www.uv.mx\/prensa\/files\/2020\/12\/071220-DAVID-Entrega-de-reconocimientos-a-patentes-3.jpg\" alt=\"\" width=\"722\" height=\"481\" srcset=\"https:\/\/www.uv.mx\/prensa\/files\/2020\/12\/071220-DAVID-Entrega-de-reconocimientos-a-patentes-3.jpg 722w, https:\/\/www.uv.mx\/prensa\/files\/2020\/12\/071220-DAVID-Entrega-de-reconocimientos-a-patentes-3-300x200.jpg 300w\" sizes=\"(max-width: 722px) 100vw, 722px\" \/><\/a><p id=\"caption-attachment-91343\" class=\"wp-caption-text\">Octavio Ochoa Contreras, secretario de Desarrollo Institucional, recalc\u00f3 el crecimiento exponencial de patentes en la instituci\u00f3n<\/p><\/div>\n","protected":false},"excerpt":{"rendered":"<p>La rectora Sara Ladr\u00f3n de Guevara subray\u00f3 que las patentes son un indicador de la invenci\u00f3n y la innovaci\u00f3n en las instituciones de educaci\u00f3n superior<\/p>\n","protected":false},"author":1508,"featured_media":91340,"comment_status":"closed","ping_status":"closed","sticky":false,"template":"","format":"standard","meta":[],"categories":[1],"tags":[],"_links":{"self":[{"href":"https:\/\/www.uv.mx\/prensa\/wp-json\/wp\/v2\/posts\/91344"}],"collection":[{"href":"https:\/\/www.uv.mx\/prensa\/wp-json\/wp\/v2\/posts"}],"about":[{"href":"https:\/\/www.uv.mx\/prensa\/wp-json\/wp\/v2\/types\/post"}],"author":[{"embeddable":true,"href":"https:\/\/www.uv.mx\/prensa\/wp-json\/wp\/v2\/users\/1508"}],"replies":[{"embeddable":true,"href":"https:\/\/www.uv.mx\/prensa\/wp-json\/wp\/v2\/comments?post=91344"}],"version-history":[{"count":1,"href":"https:\/\/www.uv.mx\/prensa\/wp-json\/wp\/v2\/posts\/91344\/revisions"}],"predecessor-version":[{"id":91355,"href":"https:\/\/www.uv.mx\/prensa\/wp-json\/wp\/v2\/posts\/91344\/revisions\/91355"}],"wp:featuredmedia":[{"embeddable":true,"href":"https:\/\/www.uv.mx\/prensa\/wp-json\/wp\/v2\/media\/91340"}],"wp:attachment":[{"href":"https:\/\/www.uv.mx\/prensa\/wp-json\/wp\/v2\/media?parent=91344"}],"wp:term":[{"taxonomy":"category","embeddable":true,"href":"https:\/\/www.uv.mx\/prensa\/wp-json\/wp\/v2\/categories?post=91344"},{"taxonomy":"post_tag","embeddable":true,"href":"https:\/\/www.uv.mx\/prensa\/wp-json\/wp\/v2\/tags?post=91344"}],"curies":[{"name":"wp","href":"https:\/\/api.w.org\/{rel}","templated":true}]}}