{"id":91372,"date":"2020-12-08T14:08:44","date_gmt":"2020-12-08T20:08:44","guid":{"rendered":"https:\/\/www.uv.mx\/prensa\/?p=91372"},"modified":"2020-12-09T18:30:54","modified_gmt":"2020-12-10T00:30:54","slug":"uv-entrego-estimulos-de-alto-rendimiento-academico","status":"publish","type":"post","link":"https:\/\/www.uv.mx\/prensa\/regiones\/veracruz\/uv-entrego-estimulos-de-alto-rendimiento-academico\/","title":{"rendered":"UV entreg\u00f3 Est\u00edmulos de Alto Rendimiento Acad\u00e9mico"},"content":{"rendered":"<div id=\"attachment_91373\" style=\"width: 732px\" class=\"wp-caption aligncenter\"><a href=\"https:\/\/www.uv.mx\/prensa\/files\/2020\/12\/081220-Veracruz-estimulos-100k.jpg\"><img aria-describedby=\"caption-attachment-91373\" decoding=\"async\" loading=\"lazy\" class=\"size-full wp-image-91373\" src=\"https:\/\/www.uv.mx\/prensa\/files\/2020\/12\/081220-Veracruz-estimulos-100k.jpg\" alt=\"Autoridades universitarias reconocieron a estudiantes que destacaron en los periodos Agosto 2019-Enero 2020 y Febrero-Agosto 2020 \" width=\"722\" height=\"441\" srcset=\"https:\/\/www.uv.mx\/prensa\/files\/2020\/12\/081220-Veracruz-estimulos-100k.jpg 722w, https:\/\/www.uv.mx\/prensa\/files\/2020\/12\/081220-Veracruz-estimulos-100k-300x183.jpg 300w\" sizes=\"(max-width: 722px) 100vw, 722px\" \/><\/a><p id=\"caption-attachment-91373\" class=\"wp-caption-text\">Autoridades universitarias reconocieron a estudiantes que destacaron en los periodos Agosto 2019-Enero 2020 y Febrero-Agosto 2020<\/p><\/div>\n<p>&nbsp;<\/p>\n<p><b><i><span data-contrast=\"none\">0<\/span><\/i><\/b><b><i><span data-contrast=\"none\">8<\/span><\/i><\/b><b><i><span data-contrast=\"none\">\/1<\/span><\/i><\/b><b><i><span data-contrast=\"none\">2<\/span><\/i><\/b><b><i><span data-contrast=\"none\">\/<\/span><\/i><\/b><b><i><span data-contrast=\"none\">20<\/span><\/i><\/b><b><i><span data-contrast=\"none\">20<\/span><\/i><\/b><b><i><span data-contrast=\"none\">,\u00a0<\/span><\/i><\/b><b><i><span data-contrast=\"none\">Veracruz<\/span><\/i><\/b><b><i><span data-contrast=\"none\">, Ver.<\/span><\/i><\/b><b><i><span data-contrast=\"none\">&#8211;<\/span><\/i><\/b><b><i><span data-contrast=\"none\">\u00a0<\/span><\/i><\/b><span data-contrast=\"none\">Estudiantes\u00a0<\/span><span data-contrast=\"none\">de\u00a0<\/span><span data-contrast=\"none\">28 programas educativos<\/span><span data-contrast=\"none\">\u00a0<\/span><span data-contrast=\"none\">de la <a href=\"https:\/\/www.uv.mx\/\" target=\"_blank\" rel=\"noopener noreferrer\">Universidad Veracruzana<\/a> (UV)\u00a0<\/span><span data-contrast=\"none\">recibieron Est<\/span><span data-contrast=\"none\">\u00ed<\/span><span data-contrast=\"none\">mulos de Alto Rendimiento\u00a0<\/span><span data-contrast=\"none\">Acad<\/span><span data-contrast=\"none\">\u00e9mico<\/span><span data-contrast=\"none\">\u00a0<\/span><span data-contrast=\"none\">por<\/span><span data-contrast=\"none\">\u00a0su\u00a0<\/span><span data-contrast=\"none\">alto desempe<\/span><span data-contrast=\"none\">\u00f1<\/span><span data-contrast=\"none\">o\u00a0<\/span><span data-contrast=\"none\">en\u00a0<\/span><span data-contrast=\"none\">los periodos<\/span><span data-contrast=\"none\">\u00a0Agosto 2019<\/span><span data-contrast=\"none\">&#8211;<\/span><span data-contrast=\"none\">E<\/span><span data-contrast=\"none\">nero 2020 y\u00a0<\/span><span data-contrast=\"none\">Febrero<\/span><span data-contrast=\"none\">&#8211;<\/span><span data-contrast=\"none\">A<\/span><span data-contrast=\"none\">gosto 2020.<\/span><span data-ccp-props=\"{}\">\u00a0<\/span><\/p>\n<p><span data-contrast=\"none\">La\u00a0<\/span><span data-contrast=\"none\">ceremonia<\/span><span data-contrast=\"none\">\u00a0<\/span><span data-contrast=\"none\">fue encabezada por\u00a0<\/span><span data-contrast=\"none\">el\u00a0<\/span><span data-contrast=\"none\">vicerrector\u00a0<\/span><span data-contrast=\"none\">Alfonso Gerardo P<\/span><span data-contrast=\"none\">\u00e9<\/span><span data-contrast=\"none\">rez Morales,\u00a0<\/span><span data-contrast=\"none\">quien destac<\/span><span data-contrast=\"none\">\u00f3\u00a0<\/span><span data-contrast=\"none\">el esfuerzo\u00a0<\/span><span data-contrast=\"none\">y\u00a0<\/span><span data-contrast=\"none\">desempe\u00f1o<\/span><span data-contrast=\"none\">\u00a0<\/span><span data-contrast=\"none\">de cada uno de\u00a0<\/span><span data-contrast=\"none\">los estudiantes<\/span><span data-contrast=\"none\">.<\/span><span data-ccp-props=\"{&quot;335559731&quot;:720}\">\u00a0<\/span><\/p>\n<p><span data-contrast=\"none\">En el evento tambi<\/span><span data-contrast=\"none\">\u00e9<\/span><span data-contrast=\"none\">n estuvieron presentes Ulises Gonzalo Aguirre Orozco y Juan Pablo M<\/span><span data-contrast=\"none\">unguia<\/span><span data-contrast=\"none\">\u00a0<\/span><span data-contrast=\"none\">T<\/span><span data-contrast=\"none\">iburcio<\/span><span data-contrast=\"none\">,\u00a0<\/span><span data-contrast=\"none\">s<\/span><span data-contrast=\"none\">ecretarios<\/span><span data-contrast=\"none\">\u00a0<\/span><span data-contrast=\"none\">Acad<\/span><span data-contrast=\"none\">\u00e9<\/span><span data-contrast=\"none\">mico,\u00a0<\/span><span data-contrast=\"none\">y\u00a0<\/span><span data-contrast=\"none\">de\u00a0<\/span><span data-contrast=\"none\">Administraci<\/span><span data-contrast=\"none\">\u00f3<\/span><span data-contrast=\"none\">n y Finanzas, respectivamente,<\/span><span data-contrast=\"none\">\u00a0y<\/span><span data-contrast=\"none\">\u00a0<\/span><span data-contrast=\"none\">Enrique A. Morales Gonz<\/span><span data-contrast=\"none\">\u00e1<\/span><span data-contrast=\"none\">lez<\/span><span data-contrast=\"none\">, coordinador de regional d<\/span><span data-contrast=\"none\">e Posgrado.<\/span><span data-ccp-props=\"{&quot;335559731&quot;:720}\">\u00a0<\/span><\/p>\n<p><span data-contrast=\"none\">De los<\/span><span data-contrast=\"none\">\u00a028 estudiantes\u00a0<\/span><span data-contrast=\"none\">reconocidos<\/span><span data-contrast=\"none\">\u00a0<\/span><span data-contrast=\"none\">acudieron\u00a0<\/span><span data-contrast=\"none\">s\u00f3lo\u00a0<\/span><span data-contrast=\"none\">cinco<\/span><span data-contrast=\"none\">,<\/span><span data-contrast=\"none\">\u00a0<\/span><span data-contrast=\"none\">uno<\/span><span data-contrast=\"none\">\u00a0por\u00a0<\/span><span data-contrast=\"none\">\u00e1<\/span><span data-contrast=\"none\">rea acad<\/span><span data-contrast=\"none\">\u00e9<\/span><span data-contrast=\"none\">mica.<\/span><span data-ccp-props=\"{&quot;335559731&quot;:720}\">\u00a0<\/span><\/p>\n<p><span data-contrast=\"none\">Leticia Naomi Lara S<\/span><span data-contrast=\"none\">\u00e1<\/span><span data-contrast=\"none\">nchez<\/span><span data-contrast=\"none\">,<\/span><span data-contrast=\"none\">\u00a0de Medicina Veterinaria y Zootecnia<\/span><span data-contrast=\"none\">, y representante del\u00a0<\/span><span data-contrast=\"none\">\u00c1<\/span><span data-contrast=\"none\">rea\u00a0<\/span><span data-contrast=\"none\">Biol<\/span><span data-contrast=\"none\">\u00f3<\/span><span data-contrast=\"none\">gico-<\/span><span data-contrast=\"none\">Agropecuaria<\/span><span data-contrast=\"none\">,<\/span><span data-contrast=\"none\">\u00a0mencion<\/span><span data-contrast=\"none\">\u00f3\u00a0<\/span><span data-contrast=\"none\">que aunque fue\u00a0<\/span><span data-contrast=\"none\">un\u00a0<\/span><span data-contrast=\"none\">a<\/span><span data-contrast=\"none\">\u00f1<\/span><span data-contrast=\"none\">o especialmente significativo<\/span><span data-contrast=\"none\">\u00a0para todos,\u00a0<\/span><span data-contrast=\"none\">recibir el est<\/span><span data-contrast=\"none\">\u00ed<\/span><span data-contrast=\"none\">mulo la motivaba a seguir adelante y esforzarse m<\/span><span data-contrast=\"none\">\u00e1<\/span><span data-contrast=\"none\">s en lograr sus objetivos.<\/span><span data-ccp-props=\"{&quot;335559731&quot;:720}\">\u00a0<\/span><\/p>\n<p><span data-contrast=\"none\">Por su parte,\u00a0<\/span><span data-contrast=\"none\">Cristian\u00a0<\/span><span data-contrast=\"none\">Yaret<\/span><span data-contrast=\"none\">\u00a0Estrada Pe<\/span><span data-contrast=\"none\">\u00f1<\/span><span data-contrast=\"none\">a<\/span><span data-contrast=\"none\">,<\/span><span data-contrast=\"none\">\u00a0<\/span><span data-contrast=\"none\">del\u00a0<\/span><span data-contrast=\"none\">programa<\/span><span data-contrast=\"none\">\u00a0educativo<\/span><span data-contrast=\"none\">\u00a0<\/span><span data-contrast=\"none\">de Arquitectura de la Facultad de Ingenier<\/span><span data-contrast=\"none\">\u00ed<\/span><span data-contrast=\"none\">a de la Construcci<\/span><span data-contrast=\"none\">\u00f3<\/span><span data-contrast=\"none\">n y el\u00a0<\/span><span data-contrast=\"none\">H<\/span><span data-contrast=\"none\">\u00e1<\/span><span data-contrast=\"none\">bitat<\/span><span data-contrast=\"none\">,<\/span><span data-contrast=\"none\">\u00a0y representante del\u00a0<\/span><span data-contrast=\"none\">\u00c1<\/span><span data-contrast=\"none\">rea\u00a0<\/span><span data-contrast=\"none\">T<\/span><span data-contrast=\"none\">\u00e9<\/span><span data-contrast=\"none\">cni<\/span><span data-contrast=\"none\">ca, dijo sentirse orgulloso de\u00a0<\/span><span data-contrast=\"none\">conseguir una meta m<\/span><span data-contrast=\"none\">\u00e1<\/span><span data-contrast=\"none\">s.<\/span><span data-ccp-props=\"{}\">\u00a0<\/span><\/p>\n<p><span data-contrast=\"none\">El Est<\/span><span data-contrast=\"none\">\u00ed<\/span><span data-contrast=\"none\">mulo de Alto Rendimiento\u00a0<\/span><span data-contrast=\"none\">Acad<\/span><span data-contrast=\"none\">\u00e9<\/span><span data-contrast=\"none\">mico se otorga a los alumnos con\u00a0<\/span><span data-contrast=\"none\">promedio\u00a0<\/span><span data-contrast=\"none\">igual o mayor a 9.5 en los dos periodos inmediatos anteriores, as<\/span><span data-contrast=\"none\">\u00ed\u00a0<\/span><span data-contrast=\"none\">como haber acreditado<\/span><span data-contrast=\"none\">\u00a0sus experiencias educativas en<\/span><span data-contrast=\"none\">\u00a0car<\/span><span data-contrast=\"none\">\u00e1<\/span><span data-contrast=\"none\">cter de ordinario de primera inscripci\u00f3<\/span><span data-contrast=\"none\">n.<\/span><span data-ccp-props=\"{&quot;335559731&quot;:720}\">\u00a0<\/span><\/p>\n","protected":false},"excerpt":{"rendered":"<p>Se otorga a los alumnos con promedio igual o mayor a 9.5 en los dos periodos inmediatos anteriores<\/p>\n","protected":false},"author":1775,"featured_media":91374,"comment_status":"closed","ping_status":"closed","sticky":false,"template":"","format":"standard","meta":[],"categories":[61,55],"tags":[875,559,506],"_links":{"self":[{"href":"https:\/\/www.uv.mx\/prensa\/wp-json\/wp\/v2\/posts\/91372"}],"collection":[{"href":"https:\/\/www.uv.mx\/prensa\/wp-json\/wp\/v2\/posts"}],"about":[{"href":"https:\/\/www.uv.mx\/prensa\/wp-json\/wp\/v2\/types\/post"}],"author":[{"embeddable":true,"href":"https:\/\/www.uv.mx\/prensa\/wp-json\/wp\/v2\/users\/1775"}],"replies":[{"embeddable":true,"href":"https:\/\/www.uv.mx\/prensa\/wp-json\/wp\/v2\/comments?post=91372"}],"version-history":[{"count":1,"href":"https:\/\/www.uv.mx\/prensa\/wp-json\/wp\/v2\/posts\/91372\/revisions"}],"predecessor-version":[{"id":91485,"href":"https:\/\/www.uv.mx\/prensa\/wp-json\/wp\/v2\/posts\/91372\/revisions\/91485"}],"wp:featuredmedia":[{"embeddable":true,"href":"https:\/\/www.uv.mx\/prensa\/wp-json\/wp\/v2\/media\/91374"}],"wp:attachment":[{"href":"https:\/\/www.uv.mx\/prensa\/wp-json\/wp\/v2\/media?parent=91372"}],"wp:term":[{"taxonomy":"category","embeddable":true,"href":"https:\/\/www.uv.mx\/prensa\/wp-json\/wp\/v2\/categories?post=91372"},{"taxonomy":"post_tag","embeddable":true,"href":"https:\/\/www.uv.mx\/prensa\/wp-json\/wp\/v2\/tags?post=91372"}],"curies":[{"name":"wp","href":"https:\/\/api.w.org\/{rel}","templated":true}]}}