{"id":91384,"date":"2020-12-08T14:45:30","date_gmt":"2020-12-08T20:45:30","guid":{"rendered":"https:\/\/www.uv.mx\/prensa\/?p=91384"},"modified":"2020-12-09T18:26:20","modified_gmt":"2020-12-10T00:26:20","slug":"egresada-uv-realizo-investigacion-sobre-opera-motezuma-de-vivaldi","status":"publish","type":"post","link":"https:\/\/www.uv.mx\/prensa\/banner\/egresada-uv-realizo-investigacion-sobre-opera-motezuma-de-vivaldi\/","title":{"rendered":"Egresada UV realiz\u00f3 investigaci\u00f3n sobre \u00f3pera <em>Motezuma<\/em>, de Vivaldi\u00a0"},"content":{"rendered":"<style type=\"text\/css\">\n  blockquote p { color: #28519b; font-family: helvetica; font-size: 1.6em; }<br \/><\/style>\n<ul>\n<li data-leveltext=\"\uf0b7\" data-font=\"Symbol\" data-listid=\"1\" data-aria-posinset=\"1\" data-aria-level=\"1\"><i><span data-contrast=\"auto\">Laura Elizabeth Esp\u00edndola Mata curs\u00f3 la Maestr\u00eda en Artes Esc\u00e9nicas e hizo estancia en Italia para indagar sobre el tema<\/span><\/i><span data-ccp-props=\"{&quot;134233279&quot;:true,&quot;201341983&quot;:0,&quot;335559739&quot;:160,&quot;335559740&quot;:240}\">\u00a0<\/span><\/li>\n<li data-leveltext=\"\uf0b7\" data-font=\"Symbol\" data-listid=\"1\" data-aria-posinset=\"2\" data-aria-level=\"1\"><i><span data-contrast=\"auto\">La universitaria es una de los ganadores del Premio \u201cArte, Ciencia, Luz\u201d<\/span><\/i><span data-ccp-props=\"{&quot;134233279&quot;:true,&quot;201341983&quot;:0,&quot;335551550&quot;:1,&quot;335551620&quot;:1,&quot;335559685&quot;:720,&quot;335559737&quot;:0,&quot;335559739&quot;:160,&quot;335559740&quot;:240,&quot;335559991&quot;:360}\">\u00a0<\/span><\/li>\n<\/ul>\n<p><span data-ccp-props=\"{&quot;201341983&quot;:0,&quot;335559739&quot;:160,&quot;335559740&quot;:240}\">\u00a0<\/span><\/p>\n<div id=\"attachment_91385\" style=\"width: 732px\" class=\"wp-caption aligncenter\"><a href=\"https:\/\/www.uv.mx\/prensa\/files\/2020\/12\/071220-MOTEZUMA-ARTE.-CIENCIA-Y-LUZ-1.jpg\"><img aria-describedby=\"caption-attachment-91385\" decoding=\"async\" loading=\"lazy\" class=\"size-full wp-image-91385\" src=\"https:\/\/www.uv.mx\/prensa\/files\/2020\/12\/071220-MOTEZUMA-ARTE.-CIENCIA-Y-LUZ-1.jpg\" alt=\"\" width=\"722\" height=\"421\" srcset=\"https:\/\/www.uv.mx\/prensa\/files\/2020\/12\/071220-MOTEZUMA-ARTE.-CIENCIA-Y-LUZ-1.jpg 722w, https:\/\/www.uv.mx\/prensa\/files\/2020\/12\/071220-MOTEZUMA-ARTE.-CIENCIA-Y-LUZ-1-300x175.jpg 300w\" sizes=\"(max-width: 722px) 100vw, 722px\" \/><\/a><p id=\"caption-attachment-91385\" class=\"wp-caption-text\">Laura Elizabeth Mata en el Conservatorio Benedetto Marcello, de Verona<\/p><\/div>\n<p><span data-ccp-props=\"{&quot;201341983&quot;:0,&quot;335559739&quot;:160,&quot;335559740&quot;:240}\">\u00a0<\/span><\/p>\n<blockquote><p><span data-contrast=\"auto\">La universitaria <\/span><span data-contrast=\"auto\">reconoci\u00f3 <\/span><span data-contrast=\"auto\">la UV y <\/span><span data-contrast=\"auto\">a la Rectora<\/span><span data-contrast=\"auto\">,<\/span><span data-contrast=\"auto\"> porque gracias a <\/span><span data-contrast=\"auto\">lo<\/span><span data-contrast=\"auto\">s v\u00ednculos internacionale<\/span><span data-contrast=\"auto\">s de la instituci\u00f3n,<\/span> <span data-contrast=\"auto\">l<\/span><span data-contrast=\"auto\">os<\/span><span data-contrast=\"auto\"> estudiantes pueden desarrollarse profesionalmente en otras <\/span><span data-contrast=\"auto\">partes <\/span><span data-contrast=\"auto\">del mundo<\/span><span data-ccp-props=\"{&quot;201341983&quot;:0,&quot;335559739&quot;:160,&quot;335559740&quot;:240}\">\u00a0<\/span><\/p><\/blockquote>\n<p>&nbsp;<\/p>\n<p><b><i><span data-contrast=\"auto\">Claudia Peralta V\u00e1zquez<\/span><\/i><\/b><span data-ccp-props=\"{&quot;201341983&quot;:0,&quot;335559739&quot;:160,&quot;335559740&quot;:240}\">\u00a0<\/span><\/p>\n<p><b><i><span data-contrast=\"auto\">0<\/span><\/i><\/b><b><i><span data-contrast=\"auto\">8<\/span><\/i><\/b><b><i><span data-contrast=\"auto\">\/<\/span><\/i><\/b><b><i><span data-contrast=\"auto\">12<\/span><\/i><\/b><b><i><span data-contrast=\"auto\">\/<\/span><\/i><\/b><b><i><span data-contrast=\"auto\">20<\/span><\/i><\/b><b><i><span data-contrast=\"auto\">20<\/span><\/i><\/b><b><i><span data-contrast=\"auto\">, Xalapa, Ver.- <\/span><\/i><\/b><span data-contrast=\"auto\">En<\/span><span data-contrast=\"auto\"> la ciudad de Trento, Italia,<\/span> <span data-contrast=\"auto\">donde actualmente radica, <\/span><span data-contrast=\"auto\">Laura Elizabeth Esp\u00edndola Mata<\/span><span data-contrast=\"auto\">, egresada de la Maestr\u00eda de Artes Esc\u00e9nicas de la Universidad Veracruzana (UV), se enter\u00f3 de que hab\u00eda sido ganadora del Premio \u201cArte, Ciencia<\/span><span data-contrast=\"auto\">,<\/span><span data-contrast=\"auto\"> Luz\u201d al mejor trabajo <\/span><span data-contrast=\"auto\">recepcional<\/span><span data-contrast=\"auto\"> por su tesis \u201c<\/span><i><span data-contrast=\"auto\">Motezuma<\/span><\/i><span data-contrast=\"auto\">, libreto de <\/span><span data-contrast=\"auto\">Girolamo<\/span> <span data-contrast=\"auto\">Giusti<\/span><span data-contrast=\"auto\"> y m\u00fasica de Antonio Vivaldi. Fuentes documentales y aspectos esc\u00e9nicos<\/span><span data-contrast=\"auto\">\u201d.<\/span><span data-ccp-props=\"{&quot;201341983&quot;:0,&quot;335559739&quot;:160,&quot;335559740&quot;:240}\">\u00a0<\/span><\/p>\n<p><span data-contrast=\"auto\">El viernes 4 de diciembre, la rectora<\/span><span data-contrast=\"auto\"> Sara Ladr\u00f3n de Guevara<\/span><span data-contrast=\"auto\"> le <\/span><span data-contrast=\"auto\">entreg\u00f3<\/span> <span data-contrast=\"auto\">v\u00eda remota <\/span><span data-contrast=\"auto\">este<\/span><span data-contrast=\"auto\"> reconocimiento<\/span><span data-contrast=\"auto\">, resultado de la pertinencia de <\/span><span data-contrast=\"auto\">su<\/span><span data-contrast=\"auto\"> investigaci\u00f3n<\/span><span data-contrast=\"auto\"> dirigida por Octavio<\/span> <span data-contrast=\"auto\">R<\/span><span data-contrast=\"auto\">ivera <\/span><span data-contrast=\"auto\">K<\/span><span data-contrast=\"auto\">rakowska<\/span><span data-contrast=\"auto\">, <\/span><span data-contrast=\"auto\">la cual surge como <\/span><span data-contrast=\"auto\">una aportaci\u00f3n al conocimiento de la \u00f3pera<\/span> <i><span data-contrast=\"auto\">Motezuma<\/span><\/i><span data-contrast=\"auto\"> desde el enfoque de las artes esc\u00e9nicas, como parte de la riqueza cultural<\/span> <span data-contrast=\"auto\">universal y de la identidad mexicana.<\/span><span data-ccp-props=\"{&quot;201341983&quot;:0,&quot;335559739&quot;:160,&quot;335559740&quot;:240}\">\u00a0<\/span><\/p>\n<p><span data-contrast=\"auto\">Lo que en un principio era para<\/span><span data-contrast=\"auto\"> la joven<\/span><span data-contrast=\"auto\"> cantante egresada de<\/span><span data-contrast=\"auto\"> la <a href=\"https:\/\/www.uv.mx\/musica\/\" target=\"_blank\" rel=\"noopener noreferrer\">Facultad de M\u00fasica<\/a> de la UV<\/span> <span data-contrast=\"auto\">un hecho ficticio proveniente de la <\/span><span data-contrast=\"auto\">novela de Alejo Carpentier<\/span><span data-contrast=\"auto\">,<\/span> <span data-contrast=\"auto\">se convirti\u00f3 en una inquietud pertinaz que la llev\u00f3 a cursar este posgrado<\/span><span data-contrast=\"auto\"> y<\/span><span data-contrast=\"auto\">,<\/span><span data-contrast=\"auto\"> posteriormente<\/span><span data-contrast=\"auto\">,<\/span><span data-contrast=\"auto\"> realizar una estan<\/span><span data-contrast=\"auto\">cia en la Universidad de Trento<\/span><span data-contrast=\"auto\"> pues en M\u00e9xico no hab\u00eda informaci\u00f3n alguna sobre <\/span><span data-contrast=\"auto\">el tema<\/span><span data-contrast=\"auto\">.<\/span><span data-ccp-props=\"{&quot;201341983&quot;:0,&quot;335559739&quot;:160,&quot;335559740&quot;:240}\">\u00a0<\/span><\/p>\n<p><span data-contrast=\"auto\">\u00a0<\/span> <span data-contrast=\"auto\">Relat\u00f3 que e<\/span><span data-contrast=\"auto\">n 2002 se dio la noticia<\/span><span data-contrast=\"auto\"> oficial<\/span><span data-contrast=\"auto\"> a nivel internacional<\/span> <span data-contrast=\"auto\">acerca de su<\/span><span data-contrast=\"auto\"> existencia y<\/span><span data-contrast=\"auto\"> los music\u00f3logos del mundo<\/span><span data-contrast=\"auto\">, <\/span><span data-contrast=\"auto\">de la academia de Vivaldi en Venecia emp<\/span><span data-contrast=\"auto\">ezaron a <\/span><span data-contrast=\"auto\">analizar las partituras.<\/span><span data-ccp-props=\"{&quot;201341983&quot;:0,&quot;335559739&quot;:160,&quot;335559740&quot;:240}\">\u00a0<\/span><\/p>\n<p><span data-contrast=\"auto\">En 2005<\/span><span data-contrast=\"auto\">, <\/span><span data-contrast=\"auto\">en M\u00e9xico<\/span><span data-contrast=\"auto\"> se tuvo por primera vez la noci\u00f3n exacta, por lo que <\/span><span data-contrast=\"auto\">Samuel <\/span><span data-contrast=\"auto\">Mainez<\/span> <span data-contrast=\"auto\">Champion<\/span><span data-contrast=\"auto\">, <\/span><span data-contrast=\"auto\">doctor en <\/span><span data-contrast=\"auto\">E<\/span><span data-contrast=\"auto\">studios Mesoamericanos por la Universidad Nacional Aut\u00f3noma de M\u00e9xico <\/span><span data-contrast=\"auto\">(UNAM), solicit\u00f3 una <\/span><span data-contrast=\"auto\">copia de la m\u00fa<\/span><span data-contrast=\"auto\">sica a la B<\/span><span data-contrast=\"auto\">iblioteca de Berl\u00edn.<\/span><span data-ccp-props=\"{&quot;201341983&quot;:0,&quot;335559731&quot;:708,&quot;335559739&quot;:160,&quot;335559740&quot;:240}\">\u00a0<\/span><\/p>\n<p><span data-contrast=\"auto\">De esta forma se convirti\u00f3 en el <\/span><span data-contrast=\"auto\">primer mexicano que tuvo acceso <\/span><span data-contrast=\"auto\">a la obra<\/span><span data-contrast=\"auto\"> (<\/span><span data-contrast=\"auto\">la cual ya se encuentra digitalizada<\/span><span data-contrast=\"auto\">) <\/span><span data-contrast=\"auto\">y en <\/span><span data-contrast=\"auto\">propone<\/span><span data-contrast=\"auto\">r<\/span><span data-contrast=\"auto\"> una revaloraci\u00f3n del tema mexica,<\/span><span data-contrast=\"auto\"> rehaci\u00e9ndola a una <\/span><span data-contrast=\"auto\">versi\u00f3n <\/span><span data-contrast=\"auto\">postmodernista.<\/span><span data-ccp-props=\"{&quot;201341983&quot;:0,&quot;335559731&quot;:708,&quot;335559739&quot;:160,&quot;335559740&quot;:240}\">\u00a0<\/span><\/p>\n<p><span data-contrast=\"auto\">Con este <\/span><span data-contrast=\"auto\">estudio<\/span><span data-contrast=\"auto\">, Laura Elizabeth es la segunda investigadora en M\u00e9xico en abordar<\/span><span data-contrast=\"auto\">lo<\/span><span data-contrast=\"auto\"> y escribir sobre \u00e9l en castellano.<\/span><span data-ccp-props=\"{&quot;201341983&quot;:0,&quot;335559731&quot;:708,&quot;335559739&quot;:160,&quot;335559740&quot;:240}\">\u00a0<\/span><\/p>\n<p><span data-contrast=\"auto\">Para poder desarrollarlo y concluirlo, en 2017 parti\u00f3 hacia Italia respaldad<\/span><span data-contrast=\"auto\">a<\/span><span data-contrast=\"auto\"> por la UV<\/span> <span data-contrast=\"auto\">\u2013<\/span><span data-contrast=\"auto\">a trav\u00e9s de la Direcci\u00f3n de Relaciones Internacionales (DGRI<\/span><span data-contrast=\"auto\">)<\/span><span data-contrast=\"auto\">\u2013<\/span><span data-contrast=\"auto\">, <\/span><span data-contrast=\"auto\">el Consejo Nacional de Ciencia y Tecnolog\u00eda (<\/span><i><span data-contrast=\"auto\">Conacyt<\/span><\/i><span data-contrast=\"auto\">) y la<\/span><span data-contrast=\"auto\"> beca Erasmus de Excelencia Musical, despu\u00e9s de haber sido aceptada por la Universidad de Trento.<\/span><span data-ccp-props=\"{&quot;201341983&quot;:0,&quot;335559731&quot;:708,&quot;335559739&quot;:160,&quot;335559740&quot;:240}\">\u00a0<\/span><\/p>\n<p><span data-contrast=\"auto\">\u201cSent\u00ed la necesidad de saber m\u00e1s y de moverme porque<\/span><span data-contrast=\"auto\"> en M\u00e9xico no hab\u00eda <\/span><span data-contrast=\"auto\">bibliograf\u00eda de lo que yo buscaba<\/span><span data-contrast=\"auto\">, para m\u00ed <\/span><span data-contrast=\"auto\">era un sue\u00f1o<\/span><span data-contrast=\"auto\">,<\/span><span data-contrast=\"auto\"> pero si no me arriesgaba me iba a quedar ah\u00ed y sab\u00eda que era un gran tema<\/span><span data-contrast=\"auto\">.\u201d<\/span><span data-ccp-props=\"{&quot;201341983&quot;:0,&quot;335559731&quot;:708,&quot;335559739&quot;:160,&quot;335559740&quot;:240}\">\u00a0<\/span><\/p>\n<p><span data-contrast=\"auto\">En esa u<\/span><span data-contrast=\"auto\">niversidad tambi\u00e9n curs\u00f3 las materias de <\/span><span data-contrast=\"auto\">Historia de la Cr\u00edtica del Arte y F<\/span><span data-contrast=\"auto\">ilolog\u00eda Musical, enfocadas<\/span><span data-contrast=\"auto\"> a la m\u00fasica y a la representaci\u00f3n medieval<\/span><span data-contrast=\"auto\">,<\/span><span data-contrast=\"auto\"> y p<\/span><span data-contrast=\"auto\">articip\u00f3 como <\/span><span data-contrast=\"auto\">co<\/span><span data-contrast=\"auto\">-directora<\/span><span data-contrast=\"auto\"> del <\/span><span data-contrast=\"auto\">coro.<\/span><span data-ccp-props=\"{&quot;201341983&quot;:0,&quot;335559731&quot;:708,&quot;335559739&quot;:160,&quot;335559740&quot;:240}\">\u00a0<\/span><\/p>\n<p><span data-ccp-props=\"{&quot;201341983&quot;:0,&quot;335559739&quot;:160,&quot;335559740&quot;:240}\">\u00a0<\/span><\/p>\n<div id=\"attachment_91386\" style=\"width: 732px\" class=\"wp-caption aligncenter\"><a href=\"https:\/\/www.uv.mx\/prensa\/files\/2020\/12\/071220-MOTEZUMA-ARTE.-CIENCIA-Y-LUZ-2.jpg\"><img aria-describedby=\"caption-attachment-91386\" decoding=\"async\" loading=\"lazy\" class=\"size-full wp-image-91386\" src=\"https:\/\/www.uv.mx\/prensa\/files\/2020\/12\/071220-MOTEZUMA-ARTE.-CIENCIA-Y-LUZ-2.jpg\" alt=\"\" width=\"722\" height=\"406\" srcset=\"https:\/\/www.uv.mx\/prensa\/files\/2020\/12\/071220-MOTEZUMA-ARTE.-CIENCIA-Y-LUZ-2.jpg 722w, https:\/\/www.uv.mx\/prensa\/files\/2020\/12\/071220-MOTEZUMA-ARTE.-CIENCIA-Y-LUZ-2-300x169.jpg 300w\" sizes=\"(max-width: 722px) 100vw, 722px\" \/><\/a><p id=\"caption-attachment-91386\" class=\"wp-caption-text\">En la imagen, con el Coro Polif\u00f3nico de Trento, bajo la direcci\u00f3n de Marco Gozzi<\/p><\/div>\n<p>&nbsp;<\/p>\n<p><b><i><span data-contrast=\"auto\">Motezuma<\/span><\/i><\/b><b><span data-contrast=\"auto\"> se estren\u00f3 en 1733 <\/span><\/b><b><span data-contrast=\"auto\">en<\/span><\/b><b><span data-contrast=\"auto\"> Venecia<\/span><\/b><span data-ccp-props=\"{&quot;201341983&quot;:0,&quot;335559739&quot;:160,&quot;335559740&quot;:240}\">\u00a0<\/span><\/p>\n<p><span data-contrast=\"auto\">Por su t\u00edtulo original en italiano, la \u00f3pera<\/span><span data-contrast=\"auto\"> inspirada en el <\/span><span data-contrast=\"auto\">tlatoani de los mexicas en el <\/span><span data-contrast=\"auto\">periodo 1502-1520<\/span><span data-contrast=\"auto\">,<\/span> <span data-contrast=\"auto\">fue estrenada con gran \u00e9xito<\/span> <span data-contrast=\"auto\">en<\/span><span data-contrast=\"auto\"> octubre de 1733<\/span><span data-contrast=\"auto\">,<\/span><span data-contrast=\"auto\"> en el Teatro San <\/span><span data-contrast=\"auto\">\u00c1<\/span><span data-contrast=\"auto\">ngel<\/span><span data-contrast=\"auto\">o<\/span><span data-contrast=\"auto\"> de Venecia<\/span><span data-contrast=\"auto\">. Es una obra de <\/span><span data-contrast=\"auto\">estilo <\/span><span data-contrast=\"auto\">vivaldiano<\/span><span data-contrast=\"auto\">, barroca,<\/span><span data-contrast=\"auto\"> cuyo protagonista<\/span><span data-contrast=\"auto\"> es un bar\u00edtono porque representa la voz fuerte y masculina<\/span><span data-contrast=\"auto\">;<\/span><span data-contrast=\"auto\"> su contraparte es Hern<\/span><span data-contrast=\"auto\">\u00e1n Cort\u00e9<\/span><span data-contrast=\"auto\">s, <\/span><span data-contrast=\"auto\">quien <\/span><span data-contrast=\"auto\">es int<\/span><span data-contrast=\"auto\">erpretado por una mezzosoprano.<\/span><span data-ccp-props=\"{&quot;201341983&quot;:0,&quot;335559739&quot;:160,&quot;335559740&quot;:240}\">\u00a0<\/span><\/p>\n<p><span data-contrast=\"auto\">Se trata de una producci\u00f3n majestuosa con la que Vivaldi retorn\u00f3<\/span><span data-contrast=\"auto\"> al campo musical <\/span><span data-contrast=\"auto\">despu\u00e9s de cinco a\u00f1os de haber permanecido inactivo<\/span><span data-contrast=\"auto\"> debido a una depresi\u00f3n<\/span><span data-contrast=\"auto\">.<\/span><span data-ccp-props=\"{&quot;201341983&quot;:0,&quot;335559731&quot;:708,&quot;335559739&quot;:160,&quot;335559740&quot;:240}\">\u00a0<\/span><\/p>\n<p><span data-contrast=\"auto\">Con base en los datos recabados por <\/span><span data-contrast=\"auto\">Laura Elizabeth <\/span><span data-contrast=\"auto\">Esp\u00edndola Mata<\/span><span data-contrast=\"auto\">,<\/span><span data-contrast=\"auto\"> un<\/span><span data-contrast=\"auto\"> factor que podr\u00eda tenerse en consideraci\u00f3n para conocer las ra\u00edces del libreto es la influencia de los documentos hist\u00f3ricos y el flujo de informaci\u00f3n sobre M\u00e9xico y su conquista que circulaba en Venecia<\/span><span data-contrast=\"auto\">, sobre todo en <\/span><span data-contrast=\"auto\">un libro famoso de esa \u00e9poca llamado <\/span><i><span data-contrast=\"auto\">Los viajes y los viajeros<\/span><\/i><span data-contrast=\"auto\">.<\/span><span data-ccp-props=\"{&quot;201341983&quot;:0,&quot;335559731&quot;:708,&quot;335559739&quot;:160,&quot;335559740&quot;:240}\">\u00a0<\/span><\/p>\n<p><span data-contrast=\"auto\">Lo anterior responde a una d<\/span><span data-contrast=\"auto\">e sus principales interrogantes: <\/span><span data-contrast=\"auto\">\u00bfc\u00f3mo Vivaldi sab\u00eda del emperador mexica?<\/span><span data-ccp-props=\"{&quot;201341983&quot;:0,&quot;335559731&quot;:708,&quot;335559739&quot;:160,&quot;335559740&quot;:240}\">\u00a0<\/span><\/p>\n<p><span data-contrast=\"auto\">Narr\u00f3 que<\/span><span data-contrast=\"auto\">,<\/span> <span data-contrast=\"auto\">en el escenario, <\/span><span data-contrast=\"auto\">la \u00faltima batalla<\/span><span data-contrast=\"auto\"> en Tenochtitlan<\/span><span data-contrast=\"auto\"> se desarroll\u00f3 en agua y torres con fuego, \u201cera una producci\u00f3n majestuosa\u201d,<\/span><span data-contrast=\"auto\"> y aunque no hay registro de cu\u00e1<\/span><span data-contrast=\"auto\">ntos instrumentos <\/span><span data-contrast=\"auto\">conformaban la orquesta, se sabe que la \u00f3pera barroca estilaba entre 16 y 24 m\u00fasicos, <\/span><span data-contrast=\"auto\">seis<\/span><span data-contrast=\"auto\"> y <\/span><span data-contrast=\"auto\">ocho<\/span><span data-contrast=\"auto\"> cantantes, <\/span><span data-contrast=\"auto\">con<\/span><span data-contrast=\"auto\"> una duraci\u00f3n de dos horas aproximadamente.<\/span><span data-ccp-props=\"{&quot;201341983&quot;:0,&quot;335559731&quot;:708,&quot;335559739&quot;:160,&quot;335559740&quot;:240}\">\u00a0<\/span><\/p>\n<p><span data-contrast=\"auto\">\u201cNo se encontr\u00f3 la m\u00fasica completa sino escenas, por el tiempo transcurrido las partituras se carcomieron, hay pedazos de p\u00e1gina que no se ven<\/span><span data-contrast=\"auto\">.<\/span><span data-contrast=\"auto\">\u201d<\/span><span data-ccp-props=\"{&quot;201341983&quot;:0,&quot;335559731&quot;:708,&quot;335559739&quot;:160,&quot;335559740&quot;:240}\">\u00a0<\/span><\/p>\n<p><span data-contrast=\"auto\">Su b\u00fasqueda se centr\u00f3 d\u00eda y noche en <\/span><span data-contrast=\"auto\">archivos hist\u00f3ricos reservados de la Biblioteca Marcia<\/span><span data-contrast=\"auto\">na<\/span><span data-contrast=\"auto\"> d<\/span><span data-contrast=\"auto\">e<\/span><span data-contrast=\"auto\"> Vene<\/span><span data-contrast=\"auto\">c<\/span><span data-contrast=\"auto\">ia,<\/span><span data-contrast=\"auto\"> donde se encuentra el archivo hist\u00f3rico m\u00e1s grande de Europa; <\/span><span data-contrast=\"auto\">en la <\/span><span data-contrast=\"auto\">Bibliot<\/span><span data-contrast=\"auto\">eca <\/span><span data-contrast=\"auto\">SingAkademie<\/span> <span data-contrast=\"auto\">de<\/span><span data-contrast=\"auto\"> Berl<\/span><span data-contrast=\"auto\">\u00ed<\/span><span data-contrast=\"auto\">n<\/span><span data-contrast=\"auto\"> y en el <\/span><span data-contrast=\"auto\">I<\/span><span data-contrast=\"auto\">n<\/span><span data-contrast=\"auto\">stituto Interna<\/span><span data-contrast=\"auto\">cional<\/span> <span data-contrast=\"auto\">de Investigaciones <\/span><span data-contrast=\"auto\">Teatrale<\/span><span data-contrast=\"auto\">s<\/span><span data-contrast=\"auto\"> d<\/span><span data-contrast=\"auto\">e Venec<\/span><span data-contrast=\"auto\">ia<\/span><span data-contrast=\"auto\">,<\/span><span data-contrast=\"auto\"> y en <\/span><span data-contrast=\"auto\">la<\/span> <span data-contrast=\"none\">Biblioteca del Centro de Estudios de Historia del Textil, Vestuario y Perfume del Palazzo <\/span><span data-contrast=\"none\">Mocenigo<\/span><span data-contrast=\"auto\">.<\/span><span data-ccp-props=\"{&quot;201341983&quot;:0,&quot;335559731&quot;:708,&quot;335559739&quot;:160,&quot;335559740&quot;:240}\">\u00a0<\/span><\/p>\n<p><span data-contrast=\"auto\">Para ello, recibi\u00f3 un permiso especial para ingresar a los archivos reservados en Venecia, con tres cartas de recomendaci\u00f3n de la UV, Universidad de Trento y de Marco <\/span><span data-contrast=\"auto\">Uvietta<\/span><span data-contrast=\"auto\">, music\u00f3logo de esta \u00faltima instituci\u00f3n.<\/span><span data-ccp-props=\"{&quot;201341983&quot;:0,&quot;335559731&quot;:708,&quot;335559739&quot;:160,&quot;335559740&quot;:240}\">\u00a0<\/span><\/p>\n<p><span data-contrast=\"auto\">Tambi\u00e9n, recorri\u00f3 m\u00e1s de cuatro veces los museos del Vaticano, viaj\u00f3 a Viena y Berl\u00edn, con tal de hallar todo lo que pudiera dar indicio del porqu\u00e9 Vivaldi hab\u00eda decidido hacer una obra de Moctezuma para el regreso de su carrera.<\/span><span data-ccp-props=\"{&quot;201341983&quot;:0,&quot;335559739&quot;:160,&quot;335559740&quot;:240}\">\u00a0<\/span><\/p>\n<p><span data-contrast=\"auto\">Expuso que lo trascendental de su trabajo no s<\/span><span data-contrast=\"auto\">\u00f3<\/span><span data-contrast=\"auto\">lo es la exposici\u00f3n de documentos hist\u00f3ricos in\u00e9ditos que comprueban la autor\u00eda de un libreto original escrit<\/span><span data-contrast=\"auto\">o<\/span><span data-contrast=\"auto\"> por uno de los genios musicales universales, <\/span><span data-contrast=\"auto\">sino <\/span><span data-contrast=\"auto\">e<\/span><span data-contrast=\"auto\">n<\/span><span data-contrast=\"auto\">tregar un texto en castellano<\/span><span data-contrast=\"auto\">, el cual podr\u00eda catalogarse de los primeros o \u00fanicos<\/span><span data-contrast=\"auto\"> sobre <\/span><span data-contrast=\"auto\">el estudio de la \u00f3pera <\/span><i><span data-contrast=\"auto\">Motezuma<\/span><\/i> <span data-contrast=\"auto\">con un planteamiento musical<\/span><span data-contrast=\"auto\"> y<\/span><span data-contrast=\"auto\"> social<\/span><span data-contrast=\"auto\">.<\/span><span data-ccp-props=\"{&quot;201341983&quot;:0,&quot;335559731&quot;:708,&quot;335559739&quot;:160,&quot;335559740&quot;:240}\">\u00a0<\/span><\/p>\n<p><span data-contrast=\"auto\">Esta informaci\u00f3n la complement\u00f3 con un <\/span><span data-contrast=\"auto\">an\u00e1lisis de la <\/span><span data-contrast=\"auto\">sociolog\u00eda y <\/span><span data-contrast=\"auto\">mentalidad <\/span><span data-contrast=\"auto\">e<\/span><span data-contrast=\"auto\">uropea de la concepci\u00f3n que se ten\u00eda de los mexicanos en ese continente hacia 1700.<\/span><span data-ccp-props=\"{&quot;201341983&quot;:0,&quot;335559731&quot;:708,&quot;335559739&quot;:160,&quot;335559740&quot;:240}\">\u00a0<\/span><\/p>\n<p><span data-contrast=\"auto\">En su t<\/span><span data-contrast=\"auto\">esis<\/span><span data-contrast=\"auto\">,<\/span> <span data-contrast=\"auto\">resalta <\/span><span data-contrast=\"auto\">c\u00f3mo pudo haber sido<\/span><span data-contrast=\"auto\"> la \u00f3pera<\/span><span data-contrast=\"auto\"> desde fuentes hist\u00f3ricas, de grabados de 1700, acerc\u00e1ndose a la vida<\/span><span data-contrast=\"auto\">, al<\/span><span data-contrast=\"auto\"> pensamiento de Vivaldi y a las est\u00e9ticas teatrales de ese momento.<\/span><span data-ccp-props=\"{&quot;201341983&quot;:0,&quot;335559731&quot;:708,&quot;335559739&quot;:160,&quot;335559740&quot;:240}\">\u00a0<\/span><\/p>\n<p><span data-contrast=\"auto\">\u00a0<\/span><span data-contrast=\"auto\">\u201cCuando me dijeron que quer\u00edan nominar mi tesis fue un honor, algo impensable, muy significativo, yo ya estaba contenta con mis resu<\/span><span data-contrast=\"auto\">ltados porque este trabajo no s\u00f3<\/span><span data-contrast=\"auto\">lo llam\u00f3 la atenci\u00f3n de la UV, sino del director del Instituto <\/span><span data-contrast=\"auto\">Vivaldiano<\/span><span data-contrast=\"auto\"> de Venecia, quien me felicit\u00f3 por el texto.<\/span><span data-ccp-props=\"{&quot;201341983&quot;:0,&quot;335559731&quot;:708,&quot;335559739&quot;:160,&quot;335559740&quot;:240}\">\u00a0<\/span><\/p>\n<p><span data-contrast=\"auto\">Por este motivo, <\/span><span data-contrast=\"auto\">reconoci\u00f3<\/span><span data-contrast=\"auto\"> a los maestros <\/span><span data-contrast=\"auto\">y <\/span><span data-contrast=\"auto\">a la Rectora<\/span><span data-contrast=\"auto\"> de la UV <\/span><span data-contrast=\"auto\">por<\/span><span data-contrast=\"auto\">que gracias a las conexiones internacionales los <\/span><span data-contrast=\"auto\">estudiantes <\/span><span data-contrast=\"auto\">pueden desarrollar<\/span><span data-contrast=\"auto\">se profesional y personalmente en otras latitudes del mundo.<\/span><span data-ccp-props=\"{&quot;201341983&quot;:0,&quot;335559731&quot;:708,&quot;335559739&quot;:160,&quot;335559740&quot;:240}\">\u00a0<\/span><\/p>\n<p><span data-contrast=\"auto\">\u201cHaber estudiado en el extranjero, tener este tipo de experiencias nos hacen crecer como personas e inspirar a otras generaciones,<\/span><span data-contrast=\"auto\"> adem\u00e1s de <\/span><span data-contrast=\"auto\">colocarnos en un nivel importan<\/span><span data-contrast=\"auto\">te dentro del estudio del arte.\u201d<\/span><span data-ccp-props=\"{&quot;201341983&quot;:0,&quot;335559731&quot;:708,&quot;335559739&quot;:160,&quot;335559740&quot;:240}\">\u00a0<\/span><\/p>\n<p><span data-ccp-props=\"{&quot;201341983&quot;:0,&quot;335559739&quot;:160,&quot;335559740&quot;:240}\">\u00a0<\/span><\/p>\n<div id=\"attachment_91387\" style=\"width: 424px\" class=\"wp-caption aligncenter\"><a href=\"https:\/\/www.uv.mx\/prensa\/files\/2020\/12\/071220-MOTEZUMA-ARTE.-CIENCIA-Y-LUZ-3.jpg\"><img aria-describedby=\"caption-attachment-91387\" decoding=\"async\" loading=\"lazy\" class=\"wp-image-91387 size-full\" src=\"https:\/\/www.uv.mx\/prensa\/files\/2020\/12\/071220-MOTEZUMA-ARTE.-CIENCIA-Y-LUZ-3-e1607463335677.jpg\" alt=\"\" width=\"414\" height=\"481\" \/><\/a><p id=\"caption-attachment-91387\" class=\"wp-caption-text\">Laura Elizabeth junto al Rector de la Universidad de Trento, Paolo Collini<\/p><\/div>\n","protected":false},"excerpt":{"rendered":"<p>Laura Esp\u00edndola Mata, ganadora del Premio \u201cArte, Ciencia, Luz\u201d, es la segunda investigadora en M\u00e9xico en abordar el tema y escribir sobre ello en castellano\u00a0<\/p>\n","protected":false},"author":1869,"featured_media":91388,"comment_status":"closed","ping_status":"closed","sticky":false,"template":"","format":"standard","meta":[],"categories":[61],"tags":[],"_links":{"self":[{"href":"https:\/\/www.uv.mx\/prensa\/wp-json\/wp\/v2\/posts\/91384"}],"collection":[{"href":"https:\/\/www.uv.mx\/prensa\/wp-json\/wp\/v2\/posts"}],"about":[{"href":"https:\/\/www.uv.mx\/prensa\/wp-json\/wp\/v2\/types\/post"}],"author":[{"embeddable":true,"href":"https:\/\/www.uv.mx\/prensa\/wp-json\/wp\/v2\/users\/1869"}],"replies":[{"embeddable":true,"href":"https:\/\/www.uv.mx\/prensa\/wp-json\/wp\/v2\/comments?post=91384"}],"version-history":[{"count":1,"href":"https:\/\/www.uv.mx\/prensa\/wp-json\/wp\/v2\/posts\/91384\/revisions"}],"predecessor-version":[{"id":91482,"href":"https:\/\/www.uv.mx\/prensa\/wp-json\/wp\/v2\/posts\/91384\/revisions\/91482"}],"wp:featuredmedia":[{"embeddable":true,"href":"https:\/\/www.uv.mx\/prensa\/wp-json\/wp\/v2\/media\/91388"}],"wp:attachment":[{"href":"https:\/\/www.uv.mx\/prensa\/wp-json\/wp\/v2\/media?parent=91384"}],"wp:term":[{"taxonomy":"category","embeddable":true,"href":"https:\/\/www.uv.mx\/prensa\/wp-json\/wp\/v2\/categories?post=91384"},{"taxonomy":"post_tag","embeddable":true,"href":"https:\/\/www.uv.mx\/prensa\/wp-json\/wp\/v2\/tags?post=91384"}],"curies":[{"name":"wp","href":"https:\/\/api.w.org\/{rel}","templated":true}]}}