{"id":91529,"date":"2020-12-10T09:10:59","date_gmt":"2020-12-10T15:10:59","guid":{"rendered":"https:\/\/www.uv.mx\/prensa\/?p=91529"},"modified":"2020-12-10T09:10:59","modified_gmt":"2020-12-10T15:10:59","slug":"violencia-contra-la-mujer-no-se-resuelve-con-leyes-punitivas-adriana-rodriguez","status":"publish","type":"post","link":"https:\/\/www.uv.mx\/prensa\/general\/violencia-contra-la-mujer-no-se-resuelve-con-leyes-punitivas-adriana-rodriguez\/","title":{"rendered":"Violencia contra la mujer no se resuelve con leyes punitivas: Adriana Rodr\u00edguez"},"content":{"rendered":"<ul>\n<li data-leveltext=\"\uf0b7\" data-font=\"Symbol\" data-listid=\"1\" data-aria-posinset=\"1\" data-aria-level=\"1\"><i><span data-contrast=\"none\">Adriana Rodr\u00edguez Barraza, investigadora del Instituto de Investigaciones Psicol\u00f3gicas<\/span><\/i><i><span data-contrast=\"none\">,\u00a0<\/span><\/i><i><span data-contrast=\"none\">d<\/span><\/i><i><span data-contrast=\"none\">ict\u00f3 la ponencia \u201cViolencias hacia las mujeres: entre m\u00e1s sutiles m\u00e1s eficaces\u201d<\/span><\/i><span data-ccp-props=\"{&quot;134233279&quot;:true,&quot;201341983&quot;:0,&quot;335559739&quot;:160,&quot;335559740&quot;:240}\">\u00a0<\/span><\/li>\n<\/ul>\n<p><span data-ccp-props=\"{&quot;201341983&quot;:0,&quot;335559739&quot;:160,&quot;335559740&quot;:240}\">\u00a0<\/span><\/p>\n<div id=\"attachment_91530\" style=\"width: 732px\" class=\"wp-caption aligncenter\"><a href=\"https:\/\/www.uv.mx\/prensa\/files\/2020\/12\/271120-VIOLENCIAS-1-100k.jpg\"><img aria-describedby=\"caption-attachment-91530\" decoding=\"async\" loading=\"lazy\" class=\"size-full wp-image-91530\" src=\"https:\/\/www.uv.mx\/prensa\/files\/2020\/12\/271120-VIOLENCIAS-1-100k.jpg\" alt=\"Adriana Rodr\u00edguez Barraza imparti\u00f3 la ponencia virtual \u201cViolencias hacia las mujeres: entre m\u00e1s sutiles m\u00e1s eficaces\u201d \" width=\"722\" height=\"406\" srcset=\"https:\/\/www.uv.mx\/prensa\/files\/2020\/12\/271120-VIOLENCIAS-1-100k.jpg 722w, https:\/\/www.uv.mx\/prensa\/files\/2020\/12\/271120-VIOLENCIAS-1-100k-300x169.jpg 300w\" sizes=\"(max-width: 722px) 100vw, 722px\" \/><\/a><p id=\"caption-attachment-91530\" class=\"wp-caption-text\">Adriana Rodr\u00edguez Barraza imparti\u00f3 la ponencia virtual \u201cViolencias hacia las mujeres: entre m\u00e1s sutiles m\u00e1s eficaces\u201d<\/p><\/div>\n<p>&nbsp;<\/p>\n<p><b><i><span data-contrast=\"none\">Claudia Peralta V\u00e1zquez<\/span><\/i><\/b><span data-ccp-props=\"{&quot;201341983&quot;:0,&quot;335559739&quot;:160,&quot;335559740&quot;:240}\">\u00a0<\/span><\/p>\n<p><b><i><span data-contrast=\"none\">10<\/span><\/i><\/b><b><i><span data-contrast=\"none\">\/<\/span><\/i><\/b><b><i><span data-contrast=\"none\">1<\/span><\/i><\/b><b><i><span data-contrast=\"none\">2<\/span><\/i><\/b><b><i><span data-contrast=\"none\">\/<\/span><\/i><\/b><b><i><span data-contrast=\"none\">20<\/span><\/i><\/b><b><i><span data-contrast=\"none\">20<\/span><\/i><\/b><b><i><span data-contrast=\"none\">, Xalapa<\/span><\/i><\/b><b><i><span data-contrast=\"none\">,\u00a0<\/span><\/i><\/b><b><i><span data-contrast=\"none\">Ver<\/span><\/i><\/b><b><i><span data-contrast=\"none\">.-<\/span><\/i><\/b><b><i><span data-contrast=\"none\">\u00a0<\/span><\/i><\/b><span data-contrast=\"none\">L<\/span><span data-contrast=\"none\">a violencia<\/span><span data-contrast=\"none\">\u00a0en contra de las mujeres<\/span><span data-contrast=\"none\">\u00a0no se resuelve s\u00f3<\/span><span data-contrast=\"none\">lo con leyes punitivas<\/span><span data-contrast=\"none\">,<\/span><span data-contrast=\"none\">\u00a0sino con cambiar aquellas ideas o creencias que\u00a0<\/span><span data-contrast=\"none\">las<\/span><span data-contrast=\"none\">\u00a0someten a estereotipos que no qu<\/span><span data-contrast=\"none\">i<\/span><span data-contrast=\"none\">ere<\/span><span data-contrast=\"none\">n\u00a0<\/span><span data-contrast=\"none\">y que\u00a0<\/span><span data-contrast=\"none\">las\u00a0<\/span><span data-contrast=\"none\">ponen en riesgo<\/span><span data-contrast=\"none\">, expres\u00f3 Adriana Rodr\u00edguez Barraza, investigadora del Instituto de Investigaciones Psicol\u00f3gicas (IIP) de la Universidad Veracruzana (UV).<\/span><span data-ccp-props=\"{&quot;201341983&quot;:0,&quot;335559739&quot;:160,&quot;335559740&quot;:240}\">\u00a0<\/span><\/p>\n<p><span data-contrast=\"none\">El mi\u00e9rcoles 25 de noviembre, en el mar<\/span><span data-contrast=\"none\">co del D\u00eda Internacional de la E<\/span><span data-contrast=\"none\">liminaci\u00f3n de la\u00a0<\/span><span data-contrast=\"none\">V<\/span><span data-contrast=\"none\">iolencia\u00a0<\/span><span data-contrast=\"none\">C<\/span><span data-contrast=\"none\">ontra la\u00a0<\/span><span data-contrast=\"none\">M<\/span><span data-contrast=\"none\">ujer, imparti\u00f3\u00a0<\/span><span data-contrast=\"none\">por\u00a0<\/span><i><span data-contrast=\"none\">Zoom<\/span><\/i><span data-contrast=\"none\">\u00a0<\/span><span data-contrast=\"none\">la ponencia\u00a0<\/span><span data-contrast=\"none\">\u201cViolencias hacia las mujeres: entre m\u00e1s sutiles m\u00e1s eficaces\u201d<\/span><span data-contrast=\"none\">, a invitaci\u00f3n de la\u00a0<\/span><span data-contrast=\"none\">Facultad de Psicolog\u00eda\u00a0<\/span><span data-contrast=\"none\">regi\u00f3n\u00a0<\/span><span data-contrast=\"none\">Veracruz<\/span><span data-contrast=\"none\">, como parte de las\u00a0<\/span><span data-contrast=\"none\">acciones\u00a0<\/span><span data-contrast=\"none\">propuestas en el Plan de Trabajo de la Unidad de G\u00e9nero para prevenir, sancionar y erradicar la violencia de g\u00e9nero<\/span><span data-contrast=\"none\">.<\/span><span data-ccp-props=\"{&quot;201341983&quot;:0,&quot;335559739&quot;:160,&quot;335559740&quot;:240}\">\u00a0<\/span><\/p>\n<p><span data-contrast=\"none\">L<\/span><span data-contrast=\"none\">a\u00a0<\/span><span data-contrast=\"none\">D<\/span><span data-contrast=\"none\">octora en Antropolog\u00eda Social por la Universidad Aut\u00f3noma de Madrid<\/span><span data-contrast=\"none\">\u00a0<\/span><span data-contrast=\"none\">llam\u00f3 a reflexionar<\/span><span data-contrast=\"none\">, replantear y\u00a0<\/span><span data-contrast=\"none\">transformar esas ideas o creencias, y aprender a\u00a0<\/span><span data-contrast=\"none\">resolver los conflictos sin violencia desde los diversos \u00e1mbitos<\/span><span data-contrast=\"none\">:<\/span><span data-contrast=\"none\">\u00a0familia, escuela y sociedad.<\/span><span data-ccp-props=\"{&quot;201341983&quot;:0,&quot;335559731&quot;:708,&quot;335559739&quot;:160,&quot;335559740&quot;:240}\">\u00a0<\/span><\/p>\n<p><span data-contrast=\"none\">P<\/span><span data-contrast=\"none\">ara dar cuenta de las violencias como fen\u00f3meno complejo<\/span><span data-contrast=\"none\">, cit\u00f3 al soci\u00f3lo<\/span><span data-contrast=\"none\">go noruego Johan Galtung, quien<\/span><span data-contrast=\"none\">\u00a0a trav\u00e9s del\u00a0<\/span><span data-contrast=\"none\">tri<\/span><span data-contrast=\"none\">\u00e1<\/span><span data-contrast=\"none\">ngulo de la violencia<\/span><span data-contrast=\"none\">\u00a0<\/span><span data-contrast=\"none\">explica la din\u00e1mica y manifestaci\u00f3n de<\/span><span data-contrast=\"none\">\u00a0\u00e9sta<\/span><span data-contrast=\"none\">s<\/span><span data-contrast=\"none\">.<\/span><span data-ccp-props=\"{&quot;201341983&quot;:0,&quot;335559731&quot;:708,&quot;335559739&quot;:160,&quot;335559740&quot;:240}\">\u00a0<\/span><\/p>\n<p><span data-contrast=\"none\">Dio a conocer que la de tipo directo es la\u00a0<\/span><span data-contrast=\"none\">m\u00e1s vis<\/span><span data-contrast=\"none\">ible<\/span><span data-contrast=\"none\">\u00a0y menos letal<\/span><span data-contrast=\"none\">,<\/span><span data-contrast=\"none\">\u00a0se da por acci\u00f3n, se identifica un actor y<\/span><span data-contrast=\"none\">\u00a0<\/span><span data-contrast=\"none\">tiene una amplia cobertura medi\u00e1tica<\/span><span data-contrast=\"none\">.<\/span><span data-ccp-props=\"{&quot;201341983&quot;:0,&quot;335559731&quot;:708,&quot;335559739&quot;:160,&quot;335559740&quot;:240}\">\u00a0<\/span><\/p>\n<p><span data-contrast=\"none\">En presencia de autoridades universitarias<\/span><span data-contrast=\"none\">, se\u00f1al\u00f3 que la<\/span><span data-contrast=\"none\">\u00a0violencia cultural tiene que ver con las creencias y los\u00a0<\/span><span data-contrast=\"none\">introyectos<\/span><span data-contrast=\"none\">\u00a0que se toman como verdaderos y configuran nuestro mundo<\/span><span data-contrast=\"none\">.<\/span><span data-ccp-props=\"{&quot;201341983&quot;:0,&quot;335559731&quot;:708,&quot;335559739&quot;:160,&quot;335559740&quot;:240}\">\u00a0<\/span><\/p>\n<p><span data-contrast=\"none\">\u201cPodr\u00eda\u00a0<\/span><span data-contrast=\"none\">equipararse de alg\u00fan modo a la violencia estructural propuesta por\u00a0<\/span><span data-contrast=\"none\">Bordieu<\/span><span data-contrast=\"none\">\u00a0pues encontramos algunos elementos comunes<\/span><span data-contrast=\"none\">.<\/span><span data-contrast=\"none\">\u201d<\/span><span data-ccp-props=\"{&quot;201341983&quot;:0,&quot;335559731&quot;:708,&quot;335559739&quot;:160,&quot;335559740&quot;:240}\">\u00a0<\/span><\/p>\n<p><span data-contrast=\"none\">Por su parte, la violencia e<\/span><span data-contrast=\"none\">structural<\/span><span data-contrast=\"none\">\u00a0se relaciona con el<\/span><span data-contrast=\"none\">\u00a0modo de operar de las instituciones,\u00a0<\/span><span data-contrast=\"none\">est\u00e1\u00a0<\/span><span data-contrast=\"none\">legitimada por el\u00a0<\/span><span data-contrast=\"none\">E<\/span><span data-contrast=\"none\">stado y alimentada por creencias personales<\/span><span data-contrast=\"none\">,<\/span><span data-contrast=\"none\">\u00a0<\/span><span data-contrast=\"none\">no puede identificar<\/span><span data-contrast=\"none\">se<\/span><span data-contrast=\"none\">\u00a0un perpetrador<\/span><span data-contrast=\"none\">.<\/span><span data-ccp-props=\"{&quot;201341983&quot;:0,&quot;335559739&quot;:160,&quot;335559740&quot;:240}\">\u00a0<\/span><\/p>\n<p><span data-contrast=\"none\">Sin embargo, dijo, existe una din\u00e1mica y relaci\u00f3n entre ellas, mientras que la\u00a0<\/span><span data-contrast=\"none\">cultural es casi imperceptible<\/span><span data-contrast=\"none\">, pero<\/span><span data-contrast=\"none\">\u00a0<\/span><span data-contrast=\"none\">puede verse en nuestras relaciones con las dem\u00e1s personas<\/span><span data-contrast=\"none\">.<\/span><span data-ccp-props=\"{&quot;201341983&quot;:0,&quot;335559739&quot;:160,&quot;335559740&quot;:240}\">\u00a0<\/span><\/p>\n<p><span data-contrast=\"none\">En tanto, l<\/span><span data-contrast=\"none\">a violencia directa tiene sus ra<\/span><span data-contrast=\"none\">\u00ed<\/span><span data-contrast=\"none\">ces m\u00e1s profundas en la estructural y la cultural<\/span><span data-contrast=\"none\">,\u00a0<\/span><span data-contrast=\"none\">de ah\u00ed la importancia de atenderlas<\/span><span data-contrast=\"none\">, subray\u00f3 Rodr\u00edguez Barraza.<\/span><span data-ccp-props=\"{&quot;201341983&quot;:0,&quot;335559731&quot;:708,&quot;335559739&quot;:160,&quot;335559740&quot;:240}\">\u00a0<\/span><\/p>\n<p><span data-contrast=\"none\">Todo lo<\/span><span data-contrast=\"none\">\u00a0anterior<\/span><span data-contrast=\"none\">\u00a0puede observarse desde la\u00a0<\/span><span data-contrast=\"none\">atenci\u00f3n m\u00e9dica<\/span><span data-contrast=\"none\">,<\/span><span data-contrast=\"none\">\u00a0donde la mayor\u00eda de\u00a0<\/span><span data-contrast=\"none\">los estudios<\/span><span data-contrast=\"none\">\u00a0no desagregan por sexo<\/span><span data-contrast=\"none\">,<\/span><span data-contrast=\"none\">\u00a0y sin tomar elementos diferenciales los diagn\u00f3sticos no son los m\u00e1s adecuados<\/span><span data-contrast=\"none\">.<\/span><span data-ccp-props=\"{&quot;201341983&quot;:0,&quot;335559731&quot;:708,&quot;335559739&quot;:160,&quot;335559740&quot;:240}\">\u00a0<\/span><\/p>\n<p><span data-contrast=\"none\">\u00a0<\/span><span data-contrast=\"none\">Generalmente,\u00a0<\/span><span data-contrast=\"none\">casi en\u00a0<\/span><span data-contrast=\"none\">autom\u00e1tico<\/span><span data-contrast=\"none\">\u00a0se seda a las mujeres con medicamentos sin atender<\/span><span data-contrast=\"none\">\u00a0realmente los p<\/span><span data-contrast=\"none\">roblemas de salud que presentan<\/span><span data-contrast=\"none\">\u00a0como: presi\u00f3n arterial,\u00a0<\/span><span data-contrast=\"none\">ansiedad<\/span><span data-contrast=\"none\">,<\/span><span data-contrast=\"none\">\u00a0alteraciones del sue\u00f1o y ritmo cardiaco<\/span><span data-contrast=\"none\">, atribuibles a<\/span><span data-contrast=\"none\">\u00a0extenuantes jornadas de trabajo dentro y fuera de casa<\/span><span data-contrast=\"none\">.<\/span><span data-ccp-props=\"{&quot;201341983&quot;:0,&quot;335559731&quot;:708,&quot;335559739&quot;:160,&quot;335559740&quot;:240}\">\u00a0<\/span><\/p>\n<p><span data-contrast=\"none\">Dichos padecimientos tambi\u00e9n se relacionan con la\u00a0<\/span><span data-contrast=\"none\">precariedad laboral<\/span><span data-contrast=\"none\">,<\/span><span data-contrast=\"none\">\u00a0donde\u00a0<\/span><span data-contrast=\"none\">el<\/span><span data-contrast=\"none\">las<\/span><span data-contrast=\"none\">\u00a0<\/span><span data-contrast=\"none\">se encuentran en mayor desventaja que el var\u00f3n<\/span><span data-contrast=\"none\">.<\/span><span data-ccp-props=\"{&quot;201341983&quot;:0,&quot;335559731&quot;:708,&quot;335559739&quot;:160,&quot;335559740&quot;:240}\">\u00a0<\/span><\/p>\n<p><span data-contrast=\"none\">Por rol,<\/span><span data-contrast=\"none\">\u00a0tambi\u00e9n<\/span><span data-contrast=\"none\">\u00a0se les<\/span><span data-contrast=\"none\">\u00a0suele\u00a0<\/span><span data-contrast=\"none\">responsabilizar<\/span><span data-contrast=\"none\">\u00a0<\/span><span data-contrast=\"none\">como \u00fanicas cuidadoras de las personas y c<\/span><span data-contrast=\"none\">a<\/span><span data-contrast=\"none\">usantes de las reacc<\/span><span data-contrast=\"none\">iones violentas de los varones.<\/span><span data-ccp-props=\"{&quot;201341983&quot;:0,&quot;335559731&quot;:708,&quot;335559739&quot;:160,&quot;335559740&quot;:240}\">\u00a0<\/span><\/p>\n<p><span data-contrast=\"none\">La especialista de la UV mencion\u00f3 a la antrop\u00f3loga\u00a0<\/span><span data-contrast=\"none\">Marcela Lagarde<\/span><span data-contrast=\"none\">, quien dice: \u201cS<\/span><span data-contrast=\"none\">e cree que las mujeres y sus cuerpos son de los otros y para los otros<\/span><span data-contrast=\"none\">,<\/span><span data-contrast=\"none\">\u00a0y est\u00e1n a disposici\u00f3n para el cuidado continuo o para ser usados<\/span><span data-contrast=\"none\">\u201d.<\/span><span data-ccp-props=\"{&quot;201341983&quot;:0,&quot;335559731&quot;:708,&quot;335559739&quot;:160,&quot;335559740&quot;:240}\">\u00a0<\/span><\/p>\n<p><span data-contrast=\"none\">De igual modo<\/span><span data-contrast=\"none\">, se refiri\u00f3 a los\u00a0<\/span><span data-contrast=\"none\">estereotipos de g\u00e9nero que atentan\u00a0<\/span><span data-contrast=\"none\">contra\u00a0<\/span><span data-contrast=\"none\">la salud de ni\u00f1as, adolescente<\/span><span data-contrast=\"none\">s<\/span><span data-contrast=\"none\">\u00a0y mujeres<\/span><span data-contrast=\"none\">,<\/span><span data-contrast=\"none\">\u00a0con modelos que no tienen relaci\u00f3n con\u00a0<\/span><span data-contrast=\"none\">la\u00a0<\/span><span data-contrast=\"none\">realidad latinoamericana y oca<\/span><span data-contrast=\"none\">sionan des\u00f3rdenes alimenticios.<\/span><span data-ccp-props=\"{&quot;201341983&quot;:0,&quot;335559731&quot;:708,&quot;335559739&quot;:160,&quot;335559740&quot;:240}\">\u00a0<\/span><\/p>\n<p><span data-contrast=\"none\">\u201c<\/span><span data-contrast=\"none\">Parte de no darnos cuenta de ciertos tipos de violencias tien<\/span><span data-contrast=\"none\">e que ver con la naturalizaci\u00f3n,\u00a0<\/span><span data-contrast=\"none\">a trav\u00e9s de la cual consideramos el ser de determinadas cosas como natural<\/span><span data-contrast=\"none\">.<\/span><span data-contrast=\"none\">\u201d<\/span><span data-ccp-props=\"{&quot;201341983&quot;:0,&quot;335559731&quot;:708,&quot;335559739&quot;:160,&quot;335559740&quot;:240}\">\u00a0<\/span><\/p>\n<p><span data-contrast=\"none\">P<\/span><span data-contrast=\"none\">or ejemplo<\/span><span data-contrast=\"none\">,<\/span><span data-contrast=\"none\">\u00a0<\/span><span data-contrast=\"none\">el caso de\u00a0<\/span><span data-contrast=\"none\">las madres de familia<\/span><span data-contrast=\"none\">\u00a0que no se sientan a comer en la mesa con tal de servirles a los dem\u00e1s; o los programas, canciones y series transmitidas en medios de comunicaci\u00f3n y redes\u00a0<\/span><span data-contrast=\"none\">sociales donde\u00a0<\/span><span data-contrast=\"none\">se normaliza el acoso, la precarizaci\u00f3n laboral, la estigmatizaci\u00f3n por denunciar, la deshumanizaci\u00f3n<\/span><span data-contrast=\"none\">\u00a0que convierte a las\u00a0<\/span><span data-contrast=\"none\">mujeres en objetos,<\/span><span data-contrast=\"none\">\u00a0as\u00ed como<\/span><span data-contrast=\"none\">\u00a0el control de los cuerpos femeninos a trav\u00e9s de la homogenizac<\/span><span data-contrast=\"none\">i\u00f3n de los modelos normativos.<\/span><span data-ccp-props=\"{&quot;201341983&quot;:0,&quot;335559731&quot;:708,&quot;335559739&quot;:160,&quot;335559740&quot;:240}\">\u00a0<\/span><\/p>\n<p><span data-contrast=\"auto\">Finalmente, Adriana Rodr\u00edguez destac\u00f3<\/span><span data-contrast=\"none\">\u00a0cifras del Instituto Nacional de Geograf\u00eda y Estad\u00edstica (<\/span><i><span data-contrast=\"none\">Inegi<\/span><\/i><span data-contrast=\"none\">), las cuales indican que los<\/span><span data-contrast=\"none\">\u00a0principales delitos cometidos en contra de las mujeres son los relacionados con el abuso sexual<\/span><span data-contrast=\"none\">,\u00a0<\/span><span data-contrast=\"none\">42.6<\/span><span data-contrast=\"none\">\u00a0por ciento,<\/span><span data-contrast=\"none\">\u00a0y\u00a0<\/span><span data-contrast=\"none\">violaci\u00f3n<\/span><span data-contrast=\"none\">,<\/span><span data-contrast=\"none\">\u00a037.8<\/span><span data-contrast=\"none\">\u00a0por ciento.<\/span><span data-ccp-props=\"{&quot;201341983&quot;:0,&quot;335559731&quot;:708,&quot;335559739&quot;:160,&quot;335559740&quot;:240}\">\u00a0<\/span><\/p>\n<p><span data-contrast=\"none\">De manera virtual<\/span><span data-contrast=\"none\">\u00a0atendieron<\/span><span data-contrast=\"none\">\u00a0la conferencia: Javier L\u00f3pez Gonz\u00e1lez<\/span><span data-contrast=\"none\">,<\/span><span data-contrast=\"none\">\u00a0direct<\/span><span data-contrast=\"none\">or de la Facultad de Psicolog\u00eda<\/span><span data-contrast=\"none\">\u00a0regi\u00f3n Veracruz; Magali Huerta Rey<\/span><span data-contrast=\"none\">es, secretaria Acad\u00e9mica de la F<\/span><span data-contrast=\"none\">acultad; Vanessa Guti\u00e9rrez\u00a0<\/span><span data-contrast=\"none\">Cotaita<\/span><span data-contrast=\"none\">, representante de la Unidad de G\u00e9nero; Ricardo Flores, coordinador regional de la Unidad de G\u00e9nero; Jes\u00fas Andr\u00e9s Cruz Del \u00c1ngel, consejero alumno; y Ulises Gonzalo Aguirre Orozco, secretario Acad\u00e9mico regional.<\/span><span data-ccp-props=\"{&quot;201341983&quot;:0,&quot;335559731&quot;:708,&quot;335559739&quot;:160,&quot;335559740&quot;:240}\">\u00a0<\/span><\/p>\n","protected":false},"excerpt":{"rendered":"<p>La investigadora llam\u00f3 a reflexionar, replantear y transformar esas ideas o creencias, y aprender a resolver los conflictos sin violencia desde diversos \u00e1mbitos: familia, escuela y sociedad <\/p>\n","protected":false},"author":1775,"featured_media":91530,"comment_status":"closed","ping_status":"closed","sticky":false,"template":"","format":"standard","meta":[],"categories":[1],"tags":[946,947,950,951,957,953,949,948,445,954,955,700,546,956,63,742,945,952],"_links":{"self":[{"href":"https:\/\/www.uv.mx\/prensa\/wp-json\/wp\/v2\/posts\/91529"}],"collection":[{"href":"https:\/\/www.uv.mx\/prensa\/wp-json\/wp\/v2\/posts"}],"about":[{"href":"https:\/\/www.uv.mx\/prensa\/wp-json\/wp\/v2\/types\/post"}],"author":[{"embeddable":true,"href":"https:\/\/www.uv.mx\/prensa\/wp-json\/wp\/v2\/users\/1775"}],"replies":[{"embeddable":true,"href":"https:\/\/www.uv.mx\/prensa\/wp-json\/wp\/v2\/comments?post=91529"}],"version-history":[{"count":1,"href":"https:\/\/www.uv.mx\/prensa\/wp-json\/wp\/v2\/posts\/91529\/revisions"}],"predecessor-version":[{"id":91531,"href":"https:\/\/www.uv.mx\/prensa\/wp-json\/wp\/v2\/posts\/91529\/revisions\/91531"}],"wp:featuredmedia":[{"embeddable":true,"href":"https:\/\/www.uv.mx\/prensa\/wp-json\/wp\/v2\/media\/91530"}],"wp:attachment":[{"href":"https:\/\/www.uv.mx\/prensa\/wp-json\/wp\/v2\/media?parent=91529"}],"wp:term":[{"taxonomy":"category","embeddable":true,"href":"https:\/\/www.uv.mx\/prensa\/wp-json\/wp\/v2\/categories?post=91529"},{"taxonomy":"post_tag","embeddable":true,"href":"https:\/\/www.uv.mx\/prensa\/wp-json\/wp\/v2\/tags?post=91529"}],"curies":[{"name":"wp","href":"https:\/\/api.w.org\/{rel}","templated":true}]}}