{"id":91532,"date":"2020-12-11T08:00:54","date_gmt":"2020-12-11T14:00:54","guid":{"rendered":"https:\/\/www.uv.mx\/prensa\/?p=91532"},"modified":"2020-12-10T10:48:48","modified_gmt":"2020-12-10T16:48:48","slug":"ingenieria-de-software-me-mostro-un-mundo-que-ignoraba-alan-garcia","status":"publish","type":"post","link":"https:\/\/www.uv.mx\/prensa\/banner\/ingenieria-de-software-me-mostro-un-mundo-que-ignoraba-alan-garcia\/","title":{"rendered":"Ingenier\u00eda de <em>Software<\/em> me mostr\u00f3 un mundo que ignoraba: Alan Garc\u00eda\u00a0"},"content":{"rendered":"<ul>\n<li data-leveltext=\"\uf0b7\" data-font=\"Symbol\" data-listid=\"5\" data-aria-posinset=\"1\" data-aria-level=\"1\"><i><span data-contrast=\"auto\">El egresado de la <\/span><\/i><i><span data-contrast=\"auto\">Facultad de Estad\u00edstica e Inform\u00e1tica de la UV <\/span><\/i><i><span data-contrast=\"auto\">tuvo un nivel de desempe\u00f1o sobresaliente <\/span><\/i><i><span data-contrast=\"auto\">en todos los apartados del EGEL-<\/span><\/i><span data-contrast=\"auto\">Ceneval<\/span><span data-ccp-props=\"{}\">\u00a0<\/span><\/li>\n<\/ul>\n<p><span data-ccp-props=\"{}\">\u00a0<\/span><i><\/i><\/p>\n<div id=\"attachment_91533\" style=\"width: 732px\" class=\"wp-caption aligncenter\"><a href=\"https:\/\/www.uv.mx\/prensa\/files\/2020\/12\/091220-CARLOS-Alan-Yoset.jpg\"><img aria-describedby=\"caption-attachment-91533\" decoding=\"async\" loading=\"lazy\" class=\"size-full wp-image-91533\" src=\"https:\/\/www.uv.mx\/prensa\/files\/2020\/12\/091220-CARLOS-Alan-Yoset.jpg\" alt=\"\" width=\"722\" height=\"542\" srcset=\"https:\/\/www.uv.mx\/prensa\/files\/2020\/12\/091220-CARLOS-Alan-Yoset.jpg 722w, https:\/\/www.uv.mx\/prensa\/files\/2020\/12\/091220-CARLOS-Alan-Yoset-300x225.jpg 300w\" sizes=\"(max-width: 722px) 100vw, 722px\" \/><\/a><p id=\"caption-attachment-91533\" class=\"wp-caption-text\">Alan Yoset Garc\u00eda Cruz<\/p><\/div>\n<p><i><\/i><span data-ccp-props=\"{}\"><br \/>\n<\/span><\/p>\n<p><span data-ccp-props=\"{}\">\u00a0<\/span><\/p>\n<p><b><i><span data-contrast=\"auto\">Carlos Hugo Hermida Rosales<\/span><\/i><\/b><span data-ccp-props=\"{}\">\u00a0<\/span><\/p>\n<p><b><i><span data-contrast=\"auto\">11<\/span><\/i><\/b><b><i><span data-contrast=\"auto\">\/12<\/span><\/i><\/b><b><i><span data-contrast=\"auto\">\/2020<\/span><\/i><\/b><b><i><span data-contrast=\"auto\">,<\/span><\/i><\/b> <b><i><span data-contrast=\"auto\">Xalapa, <\/span><\/i><\/b><b><i><span data-contrast=\"auto\">Ver.<\/span><\/i><\/b><b><i><span data-contrast=\"auto\">&#8211;<\/span><\/i><\/b> <span data-contrast=\"auto\">Alan <\/span><span data-contrast=\"auto\">Yoset<\/span><span data-contrast=\"auto\"> Garc\u00eda Cruz<\/span><span data-contrast=\"auto\">, <\/span><span data-contrast=\"auto\">egresado de la Licenciatura en <\/span><span data-contrast=\"auto\">Ingenier\u00eda de <\/span><i><span data-contrast=\"auto\">Software<\/span><\/i><span data-contrast=\"auto\"> de la Facultad de Estad\u00edstica e Inform\u00e1tica <\/span><span data-contrast=\"auto\">(FEI) <\/span><span data-contrast=\"auto\">de la Universidad Veracruzana (UV), <\/span><span data-contrast=\"auto\">tuvo <\/span><span data-contrast=\"auto\">un nivel de desempe\u00f1o sobresaliente en todos los apartados del Examen General para el Egreso de Licenciatura (EGEL) del Centro Nacional para la Evaluaci\u00f3n de la Educaci\u00f3n Superior (<\/span><i><span data-contrast=\"auto\">Ceneval<\/span><\/i><span data-contrast=\"auto\">).<\/span><span data-ccp-props=\"{}\">\u00a0<\/span><\/p>\n<p><span data-contrast=\"auto\">El joven<\/span><span data-contrast=\"auto\">,<\/span><span data-contrast=\"auto\"> qu<\/span><span data-contrast=\"auto\">i<\/span><span data-contrast=\"auto\">e<\/span><span data-contrast=\"auto\">n<\/span> <span data-contrast=\"auto\">ingres\u00f3 a la UV en 2015 y <\/span><span data-contrast=\"auto\">actualmente realiza su servicio social en el Instituto de Salud P\u00fablica, <\/span><span data-contrast=\"auto\">comparti\u00f3 <\/span><span data-contrast=\"auto\">que <\/span><span data-contrast=\"auto\">comenz\u00f3 a formarse<\/span><span data-contrast=\"auto\"> en el rubro de la computaci\u00f3n durante su adolescencia, ya que cuando cursaba la educaci\u00f3n secundaria tuvo un peque\u00f1o percance en el \u00e1mbito.<\/span><span data-ccp-props=\"{&quot;335559731&quot;:708}\">\u00a0<\/span><\/p>\n<p><span data-contrast=\"auto\">Relat\u00f3 que una profesora le pidi\u00f3 realizar una exp<\/span><span data-contrast=\"auto\">osici\u00f3n en <\/span><i><span data-contrast=\"auto\">Power<\/span><\/i><i><span data-contrast=\"auto\">Point<\/span><\/i><span data-contrast=\"auto\"> y cuando pas\u00f3 al frente no supo c\u00f3mo cambiar las dispositivas ya que jam\u00e1s hab\u00eda tenido contacto con una computadora.<\/span><span data-ccp-props=\"{&quot;335559731&quot;:708}\">\u00a0<\/span><\/p>\n<p><span data-contrast=\"auto\">\u201c<\/span><span data-contrast=\"auto\">Me qued<\/span><span data-contrast=\"auto\">\u00e9<\/span><span data-contrast=\"auto\"> paralizado<\/span><span data-contrast=\"auto\"> frente a todo el grupo<\/span><span data-contrast=\"auto\"> y un compa\u00f1ero me tuvo que ayudar<\/span><span data-contrast=\"auto\">\u201d, coment\u00f3.\u00a0<\/span><span data-ccp-props=\"{&quot;335559731&quot;:708}\">\u00a0<\/span><\/p>\n<p><span data-contrast=\"auto\">Mencion\u00f3 que a ra\u00edz de eso vio que necesitaba aprender computaci\u00f3n, lo que le llev\u00f3 a realizar un par de diplomados<\/span><span data-contrast=\"auto\"> en una escuela particular<\/span><span data-contrast=\"auto\">, <\/span><span data-contrast=\"auto\">que le introdujeron en esta rama del conocimiento.\u00a0<\/span><span data-ccp-props=\"{&quot;335559731&quot;:708}\">\u00a0<\/span><\/p>\n<p><span data-contrast=\"auto\">A\u00f1adi\u00f3 que posteriormente estudi\u00f3 el bachillerato en el CBT<\/span><span data-contrast=\"auto\">IS<\/span><span data-contrast=\"auto\"> 165 ubicado en Coatepec, donde adquiri\u00f3 conocimient<\/span><span data-contrast=\"auto\">os en inform\u00e1tica y supo que \u00e9se<\/span><span data-contrast=\"auto\"> era el camino que deseaba seguir.\u00a0<\/span><span data-ccp-props=\"{&quot;335559731&quot;:708}\">\u00a0<\/span><\/p>\n<p><span data-contrast=\"auto\">C<\/span><span data-contrast=\"auto\">uando ingres\u00f3 a la Licenciatura en Ingenier\u00eda de <\/span><i><span data-contrast=\"auto\">Softwar<\/span><\/i><i><span data-contrast=\"auto\">e<\/span><\/i><span data-contrast=\"auto\"> cre<\/span><span data-contrast=\"auto\">y\u00f3 <\/span><span data-contrast=\"auto\">que se dedicar\u00eda a realizar programas todo el d\u00eda, pero descubri\u00f3 que no era as\u00ed.\u00a0<\/span><span data-ccp-props=\"{&quot;335559731&quot;:708}\">\u00a0<\/span><\/p>\n<p><span data-contrast=\"auto\">Poco a poco se percat\u00f3 de que <\/span><span data-contrast=\"auto\">en esta carrera universitaria se estudia la aplicaci\u00f3n de metodolog\u00edas y mecanismos de ingenier\u00eda para el desarrollo de aplicaciones,<\/span> <span data-contrast=\"auto\">y se analizan los requisitos y necesidades de las personas que las utilizar\u00e1n.\u00a0<\/span><span data-ccp-props=\"{&quot;335559731&quot;:708}\">\u00a0<\/span><\/p>\n<p><span data-contrast=\"auto\">\u201cEsta realidad me gust\u00f3 m\u00e1s, ya que sobrepas\u00f3 mis expectativas y me abri\u00f3 la visi\u00f3n a un mundo que ignoraba\u201d, <\/span><span data-contrast=\"auto\">enfatiz\u00f3.<\/span><span data-ccp-props=\"{&quot;335559731&quot;:708}\">\u00a0<\/span><\/p>\n<p><span data-contrast=\"auto\">E<\/span><span data-contrast=\"auto\">l EGEL<\/span><span data-contrast=\"auto\">, continu\u00f3,<\/span><span data-contrast=\"auto\"> no le pareci\u00f3 dif\u00edcil en ninguna forma<\/span><span data-contrast=\"auto\">,<\/span><span data-contrast=\"auto\"> incluso algunos ex\u00e1menes que present\u00f3 durante su carrera universitaria le resultaron m\u00e1s complicados.<\/span><span data-ccp-props=\"{&quot;335559731&quot;:708}\">\u00a0<\/span><\/p>\n<p><span data-contrast=\"auto\">Para Alan <\/span><span data-contrast=\"auto\">haber obtenido desempe\u00f1o sobresalient<\/span><span data-contrast=\"auto\">e<\/span><span data-contrast=\"auto\"> habla de la gran calidad que tuvo <\/span><span data-contrast=\"auto\">en <\/span><span data-contrast=\"auto\">la formaci\u00f3n que adquiri\u00f3 en la FEI, y del excelente nivel de<\/span><span data-contrast=\"auto\">l<\/span><span data-contrast=\"auto\"> personal acad\u00e9mico.\u00a0<\/span><span data-ccp-props=\"{&quot;335559731&quot;:708}\">\u00a0<\/span><\/p>\n<p><span data-contrast=\"auto\">\u201cLa Licenciatura en <\/span><span data-contrast=\"auto\">Ingenier\u00eda de <\/span><i><span data-contrast=\"auto\">Software<\/span><\/i><span data-contrast=\"auto\"> cuenta con un programa muy completo que se encuentra muy bien dise\u00f1ado\u201d, asever\u00f3.\u00a0<\/span><span data-ccp-props=\"{&quot;335559731&quot;:708}\">\u00a0<\/span><\/p>\n<p><span data-contrast=\"auto\">M<\/span><span data-contrast=\"auto\">encion\u00f3 que <\/span><span data-contrast=\"auto\">en<\/span><span data-contrast=\"auto\"> el Instituto de Salud P\u00fablica dise\u00f1\u00f3 una aplicaci\u00f3n \u00fatil para brindar seguimiento a las labores que estudiantes<\/span><span data-contrast=\"auto\">,<\/span><span data-contrast=\"auto\"> inte<\/span><span data-contrast=\"auto\">rnos, pasantes y residentes de M<\/span><span data-contrast=\"auto\">edicina realizan en diversas unidades <\/span><span data-contrast=\"auto\">m\u00e9dicas.<\/span><span data-ccp-props=\"{&quot;335559731&quot;:708}\">\u00a0<\/span><\/p>\n<p><span data-contrast=\"auto\">Por <\/span><span data-contrast=\"auto\">\u00faltimo<\/span><span data-contrast=\"auto\">,<\/span><span data-contrast=\"auto\"> comparti\u00f3 que<\/span><span data-contrast=\"auto\"> sus planes a corto plazo son <\/span><span data-contrast=\"auto\">postularse <\/span><span data-contrast=\"auto\">para una vacante dentro de una <\/span><span data-contrast=\"auto\">organizaci\u00f3n <\/span><span data-contrast=\"auto\">que se dedique al desarrollo de <\/span><i><span data-contrast=\"auto\">software<\/span><\/i><span data-contrast=\"auto\">, para <\/span><span data-contrast=\"auto\">adquirir experiencia y posteriormente fundar su propia empresa.\u00a0<\/span><\/p>\n","protected":false},"excerpt":{"rendered":"<p>El egresado de la Facultad de Estad\u00edstica e Inform\u00e1tica de la UV tuvo un nivel de desempe\u00f1o sobresaliente en todos los apartados del EGEL-<em>Ceneval<\/em>\u00a0<\/p>\n","protected":false},"author":1869,"featured_media":91534,"comment_status":"closed","ping_status":"closed","sticky":false,"template":"","format":"standard","meta":[],"categories":[61],"tags":[],"_links":{"self":[{"href":"https:\/\/www.uv.mx\/prensa\/wp-json\/wp\/v2\/posts\/91532"}],"collection":[{"href":"https:\/\/www.uv.mx\/prensa\/wp-json\/wp\/v2\/posts"}],"about":[{"href":"https:\/\/www.uv.mx\/prensa\/wp-json\/wp\/v2\/types\/post"}],"author":[{"embeddable":true,"href":"https:\/\/www.uv.mx\/prensa\/wp-json\/wp\/v2\/users\/1869"}],"replies":[{"embeddable":true,"href":"https:\/\/www.uv.mx\/prensa\/wp-json\/wp\/v2\/comments?post=91532"}],"version-history":[{"count":1,"href":"https:\/\/www.uv.mx\/prensa\/wp-json\/wp\/v2\/posts\/91532\/revisions"}],"predecessor-version":[{"id":91535,"href":"https:\/\/www.uv.mx\/prensa\/wp-json\/wp\/v2\/posts\/91532\/revisions\/91535"}],"wp:featuredmedia":[{"embeddable":true,"href":"https:\/\/www.uv.mx\/prensa\/wp-json\/wp\/v2\/media\/91534"}],"wp:attachment":[{"href":"https:\/\/www.uv.mx\/prensa\/wp-json\/wp\/v2\/media?parent=91532"}],"wp:term":[{"taxonomy":"category","embeddable":true,"href":"https:\/\/www.uv.mx\/prensa\/wp-json\/wp\/v2\/categories?post=91532"},{"taxonomy":"post_tag","embeddable":true,"href":"https:\/\/www.uv.mx\/prensa\/wp-json\/wp\/v2\/tags?post=91532"}],"curies":[{"name":"wp","href":"https:\/\/api.w.org\/{rel}","templated":true}]}}