{"id":91549,"date":"2020-12-10T14:56:37","date_gmt":"2020-12-10T20:56:37","guid":{"rendered":"https:\/\/www.uv.mx\/prensa\/?p=91549"},"modified":"2020-12-10T14:56:37","modified_gmt":"2020-12-10T20:56:37","slug":"continuan-en-la-uv-mesas-de-trabajo-entre-rectoria-y-fesapauv","status":"publish","type":"post","link":"https:\/\/www.uv.mx\/prensa\/banner\/continuan-en-la-uv-mesas-de-trabajo-entre-rectoria-y-fesapauv\/","title":{"rendered":"Contin\u00faan en la UV mesas de trabajo entre Rector\u00eda y <em>Fesapauv<\/em>\u00a0"},"content":{"rendered":"<ul>\n<li data-leveltext=\"\uf0b7\" data-font=\"Symbol\" data-listid=\"1\" data-aria-posinset=\"1\" data-aria-level=\"1\"><i><span data-contrast=\"auto\">\u201c<\/span><\/i><i><span data-contrast=\"auto\">Se revisaron<\/span><\/i><i><span data-contrast=\"auto\"> 517 casos de inter\u00e9s de cara a la negociaci\u00f3n, 381 de los cuales ya han sido atendidos<\/span><\/i><i><span data-contrast=\"auto\">\u201d<\/span><\/i><i><span data-contrast=\"auto\">: Salvador Tapia, secretar<\/span><\/i><i><span data-contrast=\"auto\">io de Administraci\u00f3n y Finanzas<\/span><\/i><span data-ccp-props=\"{&quot;134233279&quot;:true}\">\u00a0<\/span><\/li>\n<li data-leveltext=\"\uf0b7\" data-font=\"Symbol\" data-listid=\"1\" data-aria-posinset=\"2\" data-aria-level=\"1\"><i><span data-contrast=\"auto\">La secretaria acad\u00e9mica, Magdalena Hern\u00e1ndez, destac\u00f3 la gran disposici\u00f3n de las partes para resolver los casos y establecer el di\u00e1logo<\/span><\/i><i><span data-contrast=\"auto\"> que lleve a acuerdos ben\u00e9ficos<\/span><\/i><span data-ccp-props=\"{&quot;134233279&quot;:true}\">\u00a0<\/span><\/li>\n<\/ul>\n<p><span data-ccp-props=\"{}\">\u00a0<\/span><span data-ccp-props=\"{}\">\u00a0<\/span><\/p>\n<div id=\"attachment_91539\" style=\"width: 732px\" class=\"wp-caption aligncenter\"><a href=\"https:\/\/www.uv.mx\/prensa\/files\/2020\/12\/101220-Fesapauv-1.jpg\"><img aria-describedby=\"caption-attachment-91539\" decoding=\"async\" loading=\"lazy\" class=\"size-full wp-image-91539\" src=\"https:\/\/www.uv.mx\/prensa\/files\/2020\/12\/101220-Fesapauv-1.jpg\" alt=\"\" width=\"722\" height=\"478\" srcset=\"https:\/\/www.uv.mx\/prensa\/files\/2020\/12\/101220-Fesapauv-1.jpg 722w, https:\/\/www.uv.mx\/prensa\/files\/2020\/12\/101220-Fesapauv-1-300x199.jpg 300w\" sizes=\"(max-width: 722px) 100vw, 722px\" \/><\/a><p id=\"caption-attachment-91539\" class=\"wp-caption-text\">Se llev\u00f3 a efecto la segunda mesa de trabajo de cara al proceso de negociaciones UV-Fesapauv 2021<\/p><\/div>\n<p><i><\/i><span data-ccp-props=\"{}\"><br \/>\n<\/span><\/p>\n<p><span data-ccp-props=\"{}\">\u00a0<\/span><\/p>\n<p><b><i><span data-contrast=\"auto\">Edgar Onofre<\/span><\/i><\/b><span data-ccp-props=\"{}\">\u00a0<\/span><\/p>\n<p><b><i><span data-contrast=\"auto\">10\/12\/<\/span><\/i><\/b><b><i><span data-contrast=\"auto\">2020\/ Xalapa,<\/span><\/i><\/b> <b><i><span data-contrast=\"auto\">Ver.-<\/span><\/i><\/b> <span data-contrast=\"auto\">La administraci\u00f3n de la Universidad Veracruzana (UV) y el Sindicato del Personal Acad\u00e9mico de esta casa de estudios (<\/span><i><span data-contrast=\"auto\">Fesapauv<\/span><\/i><span data-contrast=\"auto\">) <\/span><span data-contrast=\"auto\">efectuaron hoy la segunda mesa d<\/span><span data-contrast=\"auto\">e trabajo de cara al proceso <\/span><span data-contrast=\"auto\">de negociaciones 202<\/span><span data-contrast=\"auto\">1.\u00a0<\/span><span data-ccp-props=\"{}\">\u00a0<\/span><\/p>\n<p><span data-contrast=\"auto\">Esta nueva <\/span><span data-contrast=\"auto\">reuni\u00f3n<\/span><span data-contrast=\"auto\"> fue <\/span><span data-contrast=\"auto\">encabezada por Magdalena Hern\u00e1ndez Alarc\u00f3n<\/span><span data-contrast=\"auto\"> y <\/span><span data-contrast=\"auto\">Salvador Tapia\u202fSpinoso,<\/span><span data-contrast=\"auto\"> titulares de la Secretar\u00eda Acad\u00e9mica y la Secretar\u00eda de Administraci<\/span><span data-contrast=\"auto\">\u00f3n y Finanzas, respectivamente.<\/span><span data-ccp-props=\"{&quot;335559731&quot;:708}\">\u00a0<\/span><\/p>\n<p><span data-contrast=\"auto\">Por parte del <\/span><span data-contrast=\"auto\">Sindicato del Personal Acad\u00e9mico<\/span><span data-contrast=\"auto\"> participaron de forma presencial <\/span><span data-contrast=\"auto\">Enrique Levet Gorozpe<\/span><span data-contrast=\"auto\">, <\/span><span data-contrast=\"auto\">Eduardo Huerta Cort\u00e9s<\/span><span data-contrast=\"auto\">, <\/span><span data-contrast=\"auto\">Restituto<\/span><span data-contrast=\"auto\"> Lara Faticati<\/span><span data-contrast=\"auto\">, <\/span><span data-contrast=\"auto\">Gustavo Mendoza Gonz\u00e1lez y Arturo Hinojosa Loya<\/span><span data-contrast=\"auto\">; en tanto<\/span><span data-contrast=\"auto\">, <\/span><span data-contrast=\"auto\">los comit\u00e9s regionales se unieron a la sesi\u00f3n mediante <\/span><span data-contrast=\"auto\">plataforma de videoconferencia.<\/span><span data-ccp-props=\"{&quot;335559731&quot;:708}\">\u00a0<\/span><\/p>\n<p><span data-contrast=\"auto\">El titular de la SAF <\/span><span data-contrast=\"auto\">inici\u00f3<\/span><span data-contrast=\"auto\"> la mesa de trabajo informando sobre el estado que guardan los casos de inter\u00e9s de cara a la negociaci\u00f3n. Explic\u00f3 que de un global acumulado de 517 casos de las cinco regiones universitarias, clasificados \u00e9stos en laborales, financ<\/span><span data-contrast=\"auto\">ieros y acad\u00e9micos, 381<\/span><span data-contrast=\"auto\"> ya han sido atendidos a la fecha y 136 se encuentran<\/span><span data-contrast=\"auto\"> en tr\u00e1mite.<\/span><span data-ccp-props=\"{&quot;335559731&quot;:708}\">\u00a0<\/span><\/p>\n<p><span data-contrast=\"auto\">Explic\u00f3 tambi\u00e9n que el estado de los mismos al d\u00eda de hoy se reporta tanto a las entidades de adscripci\u00f3n de los trabajadores <\/span><span data-contrast=\"auto\">acad\u00e9micos, como a las regiones universitarias que corresponda y al comit\u00e9 estatal de <\/span><i><span data-contrast=\"auto\">Fesapauv<\/span><\/i><span data-contrast=\"auto\">.\u00a0<\/span><span data-ccp-props=\"{&quot;335559731&quot;:708}\">\u00a0<\/span><\/p>\n<p><span data-contrast=\"auto\">Por su parte, Ma<\/span><span data-contrast=\"auto\">gdalena Hern\u00e1ndez resalt<\/span><span data-contrast=\"auto\">\u00f3 la gran disposici\u00f3n tanto del sindicato como de la administraci\u00f3n universitaria en turno para atender inquietudes, resolver demandas y establecer el di\u00e1logo necesario que lleve a acuerdos ben\u00e9ficos para esta casa de estudios.<\/span><span data-ccp-props=\"{}\">\u00a0<\/span><\/p>\n<p><span data-contrast=\"auto\">La <\/span><span data-contrast=\"auto\">mesa de trabajo cont\u00f3 tambi\u00e9n con el apoyo <\/span><span data-contrast=\"auto\">presencial <\/span><span data-contrast=\"auto\">de<\/span><span data-contrast=\"auto\"> Julio C\u00e9sar Cruz, en representaci\u00f3n del secretario de Desarrollo Institucional, Octavio Ochoa<\/span><span data-contrast=\"auto\"> Contreras<\/span><span data-contrast=\"auto\">; Evangelina Murcia<\/span><span data-contrast=\"auto\"> Villag\u00f3mez<\/span><span data-contrast=\"auto\">, directora general de Recursos Humanos; Eric Galindo<\/span><span data-contrast=\"auto\"> Mej\u00eda<\/span><span data-contrast=\"auto\">, director general de Recurs<\/span><span data-contrast=\"auto\">os Financieros; el coordinador A<\/span><span data-contrast=\"auto\">cad\u00e9mico <\/span><span data-contrast=\"auto\">Abigael<\/span> <span data-contrast=\"auto\">Xilot<\/span><span data-contrast=\"auto\"> S\u00e1nchez<\/span><span data-contrast=\"auto\">, y las directoras Guadalupe Perea <\/span><span data-contrast=\"auto\">Contreras <\/span><span data-contrast=\"auto\">y Rain Rojas<\/span><span data-contrast=\"auto\"> Molina<\/span><span data-contrast=\"auto\">.\u00a0<\/span><span data-ccp-props=\"{&quot;335559731&quot;:708}\">\u00a0<\/span><\/p>\n<p><span data-contrast=\"auto\">Mediante videoconfe<\/span><span data-contrast=\"auto\">rencia se unieron<\/span><span data-contrast=\"auto\"> los directores generales de \u00e1rea<\/span><span data-contrast=\"auto\">s<\/span><span data-contrast=\"auto\"> acad\u00e9mica<\/span><span data-contrast=\"auto\">s<\/span><span data-contrast=\"auto\"> de la Universidad: Miguel Flores<\/span><span data-contrast=\"auto\"> Covarrubias<\/span><span data-contrast=\"auto\">, Domingo Canales<\/span><span data-contrast=\"auto\"> Espinosa<\/span><span data-contrast=\"auto\">, Pedro Guti\u00e9rrez<\/span><span data-contrast=\"auto\"> Aguilar<\/span><span data-contrast=\"auto\">, Jos\u00e9 Luis Mart\u00ednez<\/span><span data-contrast=\"auto\"> Su\u00e1rez<\/span><span data-contrast=\"auto\">, Arturo Bocardo <\/span><span data-contrast=\"auto\">Valle <\/span><span data-contrast=\"auto\">y Eduardo Gasca<\/span><span data-contrast=\"auto\"> Herrera<\/span><span data-contrast=\"auto\">, adem\u00e1s de los directivos Liliana Betancourt<\/span> <span data-contrast=\"auto\">Trevedhan<\/span><span data-contrast=\"auto\">, Jos\u00e9 <\/span><span data-contrast=\"auto\">Rigoberto <\/span><span data-contrast=\"auto\">Gabriel Arg<\/span><span data-contrast=\"auto\">\u00fc<\/span><span data-contrast=\"auto\">elles<\/span><span data-contrast=\"auto\">, Miguel Sosa<\/span><span data-contrast=\"auto\"> Ruiz<\/span><span data-contrast=\"auto\">, \u00c1ngel Trigos<\/span><span data-contrast=\"auto\"> Landa<\/span><span data-contrast=\"auto\">, Maribel Barra<\/span><span data-contrast=\"auto\">da<\/span><span data-contrast=\"auto\">s<\/span><span data-contrast=\"auto\"> Landa<\/span><span data-contrast=\"auto\">, <\/span><span data-contrast=\"auto\">Rafael Alcal\u00e1<\/span><span data-contrast=\"auto\"> Hinojosa y Roc\u00edo Salado P\u00e9rez.<\/span><span data-ccp-props=\"{&quot;335559731&quot;:708}\">\u00a0<\/span><\/p>\n<p><span data-contrast=\"auto\">La <\/span><a href=\"https:\/\/www.uv.mx\/prensa\/banner\/iniciaron-negociaciones-entre-la-uv-y-fesapauv\/\"><span data-contrast=\"none\">primera sesi\u00f3n de trabajo<\/span><\/a><span data-contrast=\"auto\"> se llev\u00f3 a efecto en noviembre de este a\u00f1o<\/span> <span data-contrast=\"auto\">y entonces el secretar<\/span><span data-contrast=\"auto\">i<\/span><span data-contrast=\"auto\">o general E<\/span><span data-contrast=\"auto\">jecutivo de <\/span><i><span data-contrast=\"auto\">Fesapauv<\/span><\/i><span data-contrast=\"auto\">, Enrique <\/span><span data-contrast=\"auto\">Levet<\/span><span data-contrast=\"auto\">, r<\/span><span data-contrast=\"auto\">econoci\u00f3 el buen di\u00e1logo que ha caracterizado a la presente administraci\u00f3n para escuchar sus demandas<\/span><span data-contrast=\"auto\">.\u00a0<\/span><span data-ccp-props=\"{&quot;335559731&quot;:708}\">\u00a0<\/span><\/p>\n<p><span data-ccp-props=\"{}\">\u00a0<\/span><\/p>\n<div id=\"attachment_91540\" style=\"width: 732px\" class=\"wp-caption aligncenter\"><a href=\"https:\/\/www.uv.mx\/prensa\/files\/2020\/12\/101220-Fesapauv-2.jpg\"><img aria-describedby=\"caption-attachment-91540\" decoding=\"async\" loading=\"lazy\" class=\"size-full wp-image-91540\" src=\"https:\/\/www.uv.mx\/prensa\/files\/2020\/12\/101220-Fesapauv-2.jpg\" alt=\"\" width=\"722\" height=\"478\" srcset=\"https:\/\/www.uv.mx\/prensa\/files\/2020\/12\/101220-Fesapauv-2.jpg 722w, https:\/\/www.uv.mx\/prensa\/files\/2020\/12\/101220-Fesapauv-2-300x199.jpg 300w\" sizes=\"(max-width: 722px) 100vw, 722px\" \/><\/a><p id=\"caption-attachment-91540\" class=\"wp-caption-text\">Los secretarios universitarios Magdalena Hern\u00e1ndez Alarc\u00f3n y Salvador Tapia\u202fSpinoso encabezaron la mesa de trabajo<\/p><\/div>\n","protected":false},"excerpt":{"rendered":"<p>\u201cSe revisaron 517 casos de inter\u00e9s de cara a la negociaci\u00f3n, 381 de los cuales ya han sido atendidos\u201d: Salvador Tapia, secretario de Administraci\u00f3n y Finanzas\u00a0<\/p>\n","protected":false},"author":1869,"featured_media":91538,"comment_status":"closed","ping_status":"closed","sticky":false,"template":"","format":"standard","meta":[],"categories":[61],"tags":[],"_links":{"self":[{"href":"https:\/\/www.uv.mx\/prensa\/wp-json\/wp\/v2\/posts\/91549"}],"collection":[{"href":"https:\/\/www.uv.mx\/prensa\/wp-json\/wp\/v2\/posts"}],"about":[{"href":"https:\/\/www.uv.mx\/prensa\/wp-json\/wp\/v2\/types\/post"}],"author":[{"embeddable":true,"href":"https:\/\/www.uv.mx\/prensa\/wp-json\/wp\/v2\/users\/1869"}],"replies":[{"embeddable":true,"href":"https:\/\/www.uv.mx\/prensa\/wp-json\/wp\/v2\/comments?post=91549"}],"version-history":[{"count":1,"href":"https:\/\/www.uv.mx\/prensa\/wp-json\/wp\/v2\/posts\/91549\/revisions"}],"predecessor-version":[{"id":91550,"href":"https:\/\/www.uv.mx\/prensa\/wp-json\/wp\/v2\/posts\/91549\/revisions\/91550"}],"wp:featuredmedia":[{"embeddable":true,"href":"https:\/\/www.uv.mx\/prensa\/wp-json\/wp\/v2\/media\/91538"}],"wp:attachment":[{"href":"https:\/\/www.uv.mx\/prensa\/wp-json\/wp\/v2\/media?parent=91549"}],"wp:term":[{"taxonomy":"category","embeddable":true,"href":"https:\/\/www.uv.mx\/prensa\/wp-json\/wp\/v2\/categories?post=91549"},{"taxonomy":"post_tag","embeddable":true,"href":"https:\/\/www.uv.mx\/prensa\/wp-json\/wp\/v2\/tags?post=91549"}],"curies":[{"name":"wp","href":"https:\/\/api.w.org\/{rel}","templated":true}]}}