{"id":91551,"date":"2020-12-10T15:17:46","date_gmt":"2020-12-10T21:17:46","guid":{"rendered":"https:\/\/www.uv.mx\/prensa\/?p=91551"},"modified":"2020-12-10T15:17:46","modified_gmt":"2020-12-10T21:17:46","slug":"uv-cumplio-en-2020-con-100-por-ciento-de-obligaciones-de-datos-personales","status":"publish","type":"post","link":"https:\/\/www.uv.mx\/prensa\/banner\/uv-cumplio-en-2020-con-100-por-ciento-de-obligaciones-de-datos-personales\/","title":{"rendered":"UV cumpli\u00f3 en 2020 con 100 por ciento de obligaciones de datos personales\u00a0"},"content":{"rendered":"<ul>\n<li data-leveltext=\"\uf0b7\" data-font=\"Symbol\" data-listid=\"5\" data-aria-posinset=\"1\" data-aria-level=\"1\"><i><span data-contrast=\"none\">El<\/span><\/i><i><span data-contrast=\"none\"> cumplimiento <\/span><\/i><i><span data-contrast=\"none\">fue <\/span><\/i><i><span data-contrast=\"none\">determinad<\/span><\/i><i><span data-contrast=\"none\">a<\/span><\/i><i><span data-contrast=\"none\"> por el IVAI<\/span><\/i><i><span data-contrast=\"none\">,<\/span><\/i><i><span data-contrast=\"none\"> a trav\u00e9s <\/span><\/i><i><span data-contrast=\"none\">del acta de acuerdo ODG\/SE-89\/25\/11\/2020<\/span><\/i><span data-ccp-props=\"{}\">\u00a0<\/span><\/li>\n<\/ul>\n<p><span data-ccp-props=\"{}\">\u00a0<\/span><i><\/i><\/p>\n<div id=\"attachment_91553\" style=\"width: 651px\" class=\"wp-caption aligncenter\"><a href=\"https:\/\/www.uv.mx\/prensa\/files\/2020\/12\/101220Cumplimiento-obligaciones-IVAI.jpg\"><img aria-describedby=\"caption-attachment-91553\" decoding=\"async\" loading=\"lazy\" class=\"size-full wp-image-91553\" src=\"https:\/\/www.uv.mx\/prensa\/files\/2020\/12\/101220Cumplimiento-obligaciones-IVAI.jpg\" alt=\"\" width=\"641\" height=\"481\" srcset=\"https:\/\/www.uv.mx\/prensa\/files\/2020\/12\/101220Cumplimiento-obligaciones-IVAI.jpg 641w, https:\/\/www.uv.mx\/prensa\/files\/2020\/12\/101220Cumplimiento-obligaciones-IVAI-300x225.jpg 300w\" sizes=\"(max-width: 641px) 100vw, 641px\" \/><\/a><p id=\"caption-attachment-91553\" class=\"wp-caption-text\">La Universidad repiti\u00f3 el porcentaje obtenido en la revisi\u00f3n de 2019<\/p><\/div>\n<p><span data-ccp-props=\"{}\">\u00a0<\/span><\/p>\n<p><span data-ccp-props=\"{}\">\u00a0<\/span><\/p>\n<p><b><i><span data-contrast=\"none\">Carlos Hugo Hermida Rosales<\/span><\/i><\/b><span data-ccp-props=\"{}\">\u00a0<\/span><\/p>\n<p><b><i><span data-contrast=\"none\">10\/12<\/span><\/i><\/b><b><i><span data-contrast=\"none\">\/2020<\/span><\/i><\/b><b><i><span data-contrast=\"none\">,<\/span><\/i><\/b> <b><i><span data-contrast=\"none\">Xalapa, <\/span><\/i><\/b><b><i><span data-contrast=\"none\">Ver.<\/span><\/i><\/b><b><i><span data-contrast=\"none\">&#8211;<\/span><\/i><\/b> <span data-contrast=\"none\">El <\/span><span data-contrast=\"none\">pleno del\u202fInstituto Veracruzano de Acceso a la <\/span><span data-contrast=\"none\">Informaci\u00f3n<\/span><span data-contrast=\"none\"> y <\/span><span data-contrast=\"none\">Protecci\u00f3n<\/span><span data-contrast=\"none\"> de Datos Personales\u202f(IVAI)<\/span><span data-contrast=\"none\"> determin\u00f3<\/span><span data-contrast=\"none\">,<\/span><span data-contrast=\"none\"> a trav\u00e9s del acta de acuerdo ODG\/SE-89\/25\/11\/2020<\/span><span data-contrast=\"none\">,<\/span> <span data-contrast=\"none\">que la Universidad Veracruzana <\/span><span data-contrast=\"none\">(<\/span><span data-contrast=\"none\">UV)<\/span> <span data-contrast=\"none\">cumpli\u00f3 con el 100 por ciento de las <\/span><span data-contrast=\"none\">o<\/span><span data-contrast=\"none\">bligaciones en <\/span><span data-contrast=\"none\">m<\/span><span data-contrast=\"none\">ateria de <\/span><span data-contrast=\"none\">d<\/span><span data-contrast=\"none\">atos <\/span><span data-contrast=\"none\">p<\/span><span data-contrast=\"none\">ersonales<\/span><span data-contrast=\"none\">,<\/span><span data-contrast=\"none\"> resultado de la revisi\u00f3n efectuada en 2020.<\/span><span data-ccp-props=\"{}\">\u00a0<\/span><\/p>\n<p><span data-contrast=\"none\">La<\/span><span data-contrast=\"none\"> determinaci\u00f3n<\/span><span data-contrast=\"none\">, con fecha del 25 de noviembre de este a\u00f1o,<\/span> <span data-contrast=\"none\">se suma a la <\/span><a href=\"https:\/\/www.uv.mx\/prensa\/banner\/uv-cumplio-con-el-100-por-ciento-de-obligaciones-en-materia-de-datos-personales\/\"><span data-contrast=\"none\">anteriormente otorgada <\/span><span data-contrast=\"none\">en diciembre 2019<\/span><\/a> <span data-contrast=\"none\">por el organismo aut\u00f3nomo citado<\/span><span data-contrast=\"none\">, <\/span><span data-contrast=\"none\">cuando<\/span><span data-contrast=\"none\"> la UV tambi\u00e9n <\/span><span data-contrast=\"none\">logr\u00f3<\/span><span data-contrast=\"none\"> esta meta.<\/span><span data-ccp-props=\"{&quot;335559731&quot;:708}\">\u00a0<\/span><\/p>\n<p><span data-contrast=\"none\">La Ley de Protecci\u00f3n de D<\/span><span data-contrast=\"none\">atos Personales en Posesi\u00f3n de S<\/span><span data-contrast=\"none\">ujetos Obligados para el Estado de Veracruz, tiene por <\/span><span data-contrast=\"none\">misi\u00f3n<\/span><span data-contrast=\"none\"> esclarecer las bases, principios y procedimientos para tutelar y garantizar el derecho que tiene toda persona <\/span><span data-contrast=\"none\">a la protecci\u00f3n de sus datos personales en posesi\u00f3n de los sujetos obligados.<\/span><span data-ccp-props=\"{&quot;335559731&quot;:708}\">\u00a0<\/span><\/p>\n<p><span data-contrast=\"none\">Entre sus objetivos est\u00e1 <\/span><span data-contrast=\"none\">proteger los datos personales en posesi\u00f3n de cualquier autoridad, entidad, \u00f3rg<\/span><span data-contrast=\"none\">ano y organismo de los poderes E<\/span><span data-contrast=\"none\">jecutivo, <\/span><span data-contrast=\"none\">L<\/span><span data-contrast=\"none\">egislativo y <\/span><span data-contrast=\"none\">J<\/span><span data-contrast=\"none\">udicial, \u00f3rganos aut\u00f3nomos, ayuntamientos, partidos pol\u00edticos, fide<\/span><span data-contrast=\"none\">icomisos y fondos p\u00fablicos del E<\/span><span data-contrast=\"none\">stado, con la finalidad de regular su debido tratamiento, seg\u00fan la <\/span><span data-contrast=\"none\">F<\/span><span data-contrast=\"none\">racci\u00f3n II del <\/span><span data-contrast=\"none\">A<\/span><span data-contrast=\"none\">rt\u00edculo 2.<\/span><span data-ccp-props=\"{&quot;335559731&quot;:708}\">\u00a0<\/span><\/p>\n<p><span data-contrast=\"none\">Adem\u00e1s de establecer los mecanismos para garantizar el cumplimiento y la efectiva aplicaci\u00f3n de las medidas de apremio p<\/span><span data-contrast=\"none\">revistas en esta ley, seg\u00fan la F<\/span><span data-contrast=\"none\">racci\u00f3n V del mismo art\u00edculo.<\/span><span data-ccp-props=\"{&quot;335559731&quot;:708}\">\u00a0<\/span><\/p>\n<p><span data-contrast=\"none\">De conformidad con la ley de la materia<\/span><span data-contrast=\"none\">,<\/span><span data-contrast=\"none\"> son sujetos obligados a cumplir con sus disposiciones cualquier autoridad, dependencia, entidad, \u00f3rg<\/span><span data-contrast=\"none\">ano y organismo de los poderes E<\/span><span data-contrast=\"none\">jecutivo, <\/span><span data-contrast=\"none\">L<\/span><span data-contrast=\"none\">egislativo y <\/span><span data-contrast=\"none\">J<\/span><span data-contrast=\"none\">udicial, ayuntamientos, \u00f3rganos, organismos aut\u00f3nomos, tribunales administrativos, fideicomisos y fondos p\u00fablicos<\/span><span data-contrast=\"none\">,<\/span><span data-contrast=\"none\"> entre otros, que lleven a cabo tratamientos de datos personales.<\/span><span data-ccp-props=\"{&quot;335559731&quot;:708}\">\u00a0<\/span><\/p>\n<p><span data-contrast=\"none\">Esta ley indica<\/span><span data-contrast=\"none\">:<\/span><span data-contrast=\"none\"> \u201c<\/span><span data-contrast=\"none\">E<\/span><span data-contrast=\"none\">n todo tratamiento de datos personales que efect\u00fae el responsable deber\u00e1 observar los principios de licitud, <\/span><span data-contrast=\"none\">finalidad, lealtad, consentimiento, calidad, proporcionalidad, informaci\u00f3n, <\/span><span data-contrast=\"none\">y responsabilidad en el tratamiento de los datos personales\u201d.<\/span><span data-ccp-props=\"{&quot;335559731&quot;:708}\">\u00a0<\/span><\/p>\n<p><span data-contrast=\"none\">Tambi\u00e9n<\/span><span data-contrast=\"none\">:<\/span><span data-contrast=\"none\"> \u201cDeber\u00e1 sujetarse a las facultades o atribuciones que la normatividad aplicable le confiera y estar justificado por finalidades concretas, l\u00edcitas, expl\u00edcitas y leg\u00edtimas, relacionadas con las atribuciones que la normatividad aplicable les confiera\u201d.\u00a0<\/span><span data-ccp-props=\"{&quot;335559731&quot;:708}\">\u00a0<\/span><\/p>\n<p><span data-contrast=\"none\">Entre las obligaciones que la UV debe cumplir est\u00e1n<\/span><span data-contrast=\"none\">: elaborar al IVAI un informe<\/span><span data-contrast=\"none\"> anual del ejercicio anterior sobre las obligaciones previstas en la ley<\/span><span data-contrast=\"none\">;<\/span><span data-contrast=\"none\"> informar de la creaci\u00f3n, modificaci\u00f3n y supresi\u00f3n <\/span><span data-contrast=\"none\">de sistemas de datos personales;<\/span><span data-contrast=\"none\"> y establecer y vigilar su registro en posesi\u00f3n de los responsables.\u00a0<\/span><span data-ccp-props=\"{&quot;335559731&quot;:708}\">\u00a0<\/span><\/p>\n<p><span data-contrast=\"none\">As\u00ed como impulsar la implementaci\u00f3n y mantenimiento de un <\/span><span data-contrast=\"none\">sistema de gesti\u00f3n de seguridad;<\/span><span data-contrast=\"none\"> y promover la adopci\u00f3n de est\u00e1ndares nacionales e internacionales, y buenas <\/span><span data-contrast=\"none\">pr\u00e1cticas<\/span><span data-contrast=\"none\"> en la materia.<\/span><\/p>\n","protected":false},"excerpt":{"rendered":"<p>La determinaci\u00f3n del 25 de noviembre de este a\u00f1o, otorgada por el IVAI, se suma a la de diciembre de 2019, cuando la UV tambi\u00e9n logr\u00f3 esta meta<\/p>\n","protected":false},"author":1869,"featured_media":91552,"comment_status":"closed","ping_status":"closed","sticky":false,"template":"","format":"standard","meta":[],"categories":[61],"tags":[],"_links":{"self":[{"href":"https:\/\/www.uv.mx\/prensa\/wp-json\/wp\/v2\/posts\/91551"}],"collection":[{"href":"https:\/\/www.uv.mx\/prensa\/wp-json\/wp\/v2\/posts"}],"about":[{"href":"https:\/\/www.uv.mx\/prensa\/wp-json\/wp\/v2\/types\/post"}],"author":[{"embeddable":true,"href":"https:\/\/www.uv.mx\/prensa\/wp-json\/wp\/v2\/users\/1869"}],"replies":[{"embeddable":true,"href":"https:\/\/www.uv.mx\/prensa\/wp-json\/wp\/v2\/comments?post=91551"}],"version-history":[{"count":1,"href":"https:\/\/www.uv.mx\/prensa\/wp-json\/wp\/v2\/posts\/91551\/revisions"}],"predecessor-version":[{"id":91554,"href":"https:\/\/www.uv.mx\/prensa\/wp-json\/wp\/v2\/posts\/91551\/revisions\/91554"}],"wp:featuredmedia":[{"embeddable":true,"href":"https:\/\/www.uv.mx\/prensa\/wp-json\/wp\/v2\/media\/91552"}],"wp:attachment":[{"href":"https:\/\/www.uv.mx\/prensa\/wp-json\/wp\/v2\/media?parent=91551"}],"wp:term":[{"taxonomy":"category","embeddable":true,"href":"https:\/\/www.uv.mx\/prensa\/wp-json\/wp\/v2\/categories?post=91551"},{"taxonomy":"post_tag","embeddable":true,"href":"https:\/\/www.uv.mx\/prensa\/wp-json\/wp\/v2\/tags?post=91551"}],"curies":[{"name":"wp","href":"https:\/\/api.w.org\/{rel}","templated":true}]}}