{"id":91783,"date":"2020-12-22T08:00:13","date_gmt":"2020-12-22T14:00:13","guid":{"rendered":"https:\/\/www.uv.mx\/prensa\/?p=91783"},"modified":"2020-12-17T15:46:31","modified_gmt":"2020-12-17T21:46:31","slug":"ballet-folklorico-uv-45-anos-de-difundir-la-cultura-mexicana","status":"publish","type":"post","link":"https:\/\/www.uv.mx\/prensa\/banner\/ballet-folklorico-uv-45-anos-de-difundir-la-cultura-mexicana\/","title":{"rendered":"Ballet Folkl\u00f3rico UV, 45 a\u00f1os de difundir la cultura mexicana\u00a0"},"content":{"rendered":"<ul>\n<li data-leveltext=\"\uf0b7\" data-font=\"Symbol\" data-listid=\"5\" data-aria-posinset=\"1\" data-aria-level=\"1\"><i><span data-contrast=\"auto\">Esta agrupaci\u00f3n fue fundada en 1975 por Miguel V\u00e9lez Arceo<\/span><\/i><span data-ccp-props=\"{}\">\u00a0<\/span><\/li>\n<li data-leveltext=\"\uf0b7\" data-font=\"Symbol\" data-listid=\"5\" data-aria-posinset=\"2\" data-aria-level=\"1\"><i><span data-contrast=\"auto\">Se ha presentado en los principales foros de M\u00e9xico y el extranjero, en los que ha recibido diversos premios y reconocimientos<\/span><\/i><span data-ccp-props=\"{}\">\u00a0<\/span><\/li>\n<\/ul>\n<p><span data-ccp-props=\"{}\">\u00a0<\/span><\/p>\n<div id=\"attachment_91785\" style=\"width: 732px\" class=\"wp-caption aligncenter\"><a href=\"https:\/\/www.uv.mx\/prensa\/files\/2020\/12\/221220-Ballet-1.jpg\"><img aria-describedby=\"caption-attachment-91785\" decoding=\"async\" loading=\"lazy\" class=\"size-full wp-image-91785\" src=\"https:\/\/www.uv.mx\/prensa\/files\/2020\/12\/221220-Ballet-1.jpg\" alt=\"\" width=\"722\" height=\"360\" srcset=\"https:\/\/www.uv.mx\/prensa\/files\/2020\/12\/221220-Ballet-1.jpg 722w, https:\/\/www.uv.mx\/prensa\/files\/2020\/12\/221220-Ballet-1-300x150.jpg 300w\" sizes=\"(max-width: 722px) 100vw, 722px\" \/><\/a><p id=\"caption-attachment-91785\" class=\"wp-caption-text\">En sus presentaciones, el Ballet Folkl\u00f3rico recrea las fiestas de diversos pueblos<\/p><\/div>\n<p><span data-ccp-props=\"{}\">\u00a0<\/span><\/p>\n<p><b><i><span data-contrast=\"auto\">Carlos Hugo Hermida Rosales<\/span><\/i><\/b><span data-ccp-props=\"{}\">\u00a0<\/span><\/p>\n<p><b><i><span data-contrast=\"auto\">22<\/span><\/i><\/b><b><i><span data-contrast=\"auto\">\/12<\/span><\/i><\/b><b><i><span data-contrast=\"auto\">\/202<\/span><\/i><\/b><b><i><span data-contrast=\"auto\">0<\/span><\/i><\/b><b><i><span data-contrast=\"auto\">,<\/span><\/i><\/b> <b><i><span data-contrast=\"auto\">Xalapa, Ver.<\/span><\/i><\/b><b><i><span data-contrast=\"auto\">&#8211;<\/span><\/i><\/b> <span data-contrast=\"auto\">A 45 a\u00f1os de su fundaci\u00f3n<\/span><span data-contrast=\"auto\"> a iniciativa de Miguel V\u00e9lez Arceo, el Ballet Folkl\u00f3rico de la Universidad Veracruzana (UV) continua con la labor de rescatar, conservar y difundir la danza folkl\u00f3rica estatal, nacional y de varios pa\u00edses de Latinoam\u00e9rica.\u00a0<\/span><span data-ccp-props=\"{}\">\u00a0<\/span><\/p>\n<p><span data-contrast=\"auto\">Esta agrupaci\u00f3n<\/span> <span data-contrast=\"auto\">se ha presentado en los principales foros de M\u00e9xico y en recintos en el extranjero<\/span><span data-contrast=\"auto\">, en los que ha recibido premios y reconocimientos gracias a sus montajes esc\u00e9nicos que reflejan las fiestas religiosas y sociales de diversos pueblos, con un despliegue de color y movimiento que trae detr\u00e1s un gran trabajo de investigaci\u00f3n.<\/span><span data-contrast=\"auto\">\u00a0<\/span><span data-ccp-props=\"{&quot;335559731&quot;:708}\">\u00a0<\/span><\/p>\n<p><span data-contrast=\"auto\">Julio C\u00e9sar Flores Prado, <\/span><span data-contrast=\"auto\">director del Ballet Folkl\u00f3rico, declar\u00f3 que esta agrupaci\u00f3n proyecta la cultura y difunde <\/span><span data-contrast=\"auto\">la riqueza danc\u00edstica de M\u00e9xico<\/span><span data-contrast=\"auto\">, <\/span><span data-contrast=\"auto\">y a la par <\/span><span data-contrast=\"auto\">realiza un trabajo de gesti\u00f3n y promoci\u00f3n constante muy fuerte, sin <\/span><span data-contrast=\"auto\">perder<\/span><span data-contrast=\"auto\"> su calidad e identidad.<\/span><span data-ccp-props=\"{&quot;335559731&quot;:708}\">\u00a0<\/span><\/p>\n<p><span data-contrast=\"auto\">\u201c<\/span><span data-contrast=\"auto\">Quienes la integramos <\/span><span data-contrast=\"auto\">siempre buscamos <\/span><span data-contrast=\"auto\">realizar<\/span><span data-contrast=\"auto\"> un gran papel para dejar en alto el nombre de la UV\u201d, enfatiz\u00f3.\u00a0<\/span><span data-ccp-props=\"{&quot;335559731&quot;:708}\">\u00a0<\/span><\/p>\n<p><span data-contrast=\"auto\">Tras manifestar que <\/span><span data-contrast=\"auto\">dirigir <\/span><span data-contrast=\"auto\">l<\/span><span data-contrast=\"auto\">a agrupaci\u00f3n<\/span><span data-contrast=\"auto\"> \u2013<\/span><span data-contrast=\"auto\">a la que pertenece desde hace 27 a\u00f1os<\/span><span data-contrast=\"auto\">\u2013<\/span> <span data-contrast=\"auto\">representa un honor, <\/span><span data-contrast=\"auto\">mencion\u00f3 que marcar una l\u00ednea en <\/span><span data-contrast=\"auto\">su histori<\/span><span data-contrast=\"auto\">a no es f\u00e1cil, ya que cont\u00f3 con grandes <\/span><span data-contrast=\"auto\">maestros<\/span><span data-contrast=\"auto\">:<\/span> <span data-contrast=\"auto\">\u201cSer\u00eda necesario realizar algo muy trascendental para igualar la labor de Miguel V\u00e9lez Arceo y \u00c1ngel Ciro Silvestre\u201d, enunci\u00f3.<\/span><span data-ccp-props=\"{&quot;335559731&quot;:708}\">\u00a0<\/span><\/p>\n<p><span data-contrast=\"auto\">Explic\u00f3 <\/span><span data-contrast=\"auto\">que en su gesti\u00f3n como director<\/span><span data-contrast=\"auto\"> ha recuperado programas art\u00edsticos de V\u00e9lez Arceo que no se realizaban desde hace mucho tiempo, y que traen detr\u00e1s la historia completa de una compa\u00f1\u00eda<\/span><span data-contrast=\"auto\">,<\/span><span data-contrast=\"auto\"> un grupo de producci\u00f3n<\/span><span data-contrast=\"auto\"> y de los artistas que ejecutaron estas obras.\u00a0<\/span><span data-ccp-props=\"{&quot;335559731&quot;:708}\">\u00a0<\/span><\/p>\n<p><span data-contrast=\"auto\">\u201cEs fundamental que el Ballet Folkl\u00f3rico de la UV preserve su acervo cultural, ya que representa la vida y profesi\u00f3n de muchas personas a lo largo de 30 o 40 a\u00f1os\u201d<\/span><span data-contrast=\"auto\">, declar\u00f3.\u00a0<\/span><span data-ccp-props=\"{&quot;335559731&quot;:708}\">\u00a0<\/span><\/p>\n<p><span data-contrast=\"auto\">Flores Prado coment\u00f3 que aunque nadie va a ocupar el lugar de V\u00e9lez Arceo<\/span><span data-contrast=\"auto\">,<\/span><span data-contrast=\"auto\"> ya que cada director cuenta con una identidad<\/span><span data-contrast=\"auto\">,<\/span><span data-contrast=\"auto\"> criterio y manera particular de ver las cosas, espera proyectar obras <\/span><span data-contrast=\"auto\">con<\/span><span data-contrast=\"auto\"> su visi\u00f3n para brindar un discurso diferente<\/span><span data-contrast=\"auto\"> a la agrupaci\u00f3n art\u00edstica.\u00a0<\/span><span data-ccp-props=\"{&quot;335559731&quot;:708}\">\u00a0<\/span><\/p>\n<p><span data-contrast=\"auto\">Enfatiz\u00f3 que espera que el p\u00fablico pueda percibi<\/span><span data-contrast=\"auto\">r que el Ballet Folkl\u00f3rico no s\u00f3<\/span><span data-contrast=\"auto\">lo abarca presentaci\u00f3n de coreograf\u00edas, sino la preservaci\u00f3n de acervo cultural, <\/span><span data-contrast=\"auto\">todo ello respaldado por<\/span><span data-contrast=\"auto\"> un gran equipo de producci\u00f3n.\u00a0<\/span><span data-ccp-props=\"{&quot;335559731&quot;:708}\">\u00a0<\/span><\/p>\n<p><span data-contrast=\"auto\">Mencion\u00f3 que como director buscar\u00e1 innovar, diversificar, presentar investigaciones y aportar un discurso diferente para que la agrupaci\u00f3n pueda tener versatilidad.\u00a0<\/span><span data-ccp-props=\"{&quot;335559731&quot;:708}\">\u00a0<\/span><\/p>\n<p><span data-contrast=\"auto\">\u201cDurante mi gesti\u00f3n fomento la armon\u00eda<\/span><span data-contrast=\"auto\"> con<\/span><span data-contrast=\"auto\"> el objetivo de desarrollar el arte, <\/span><span data-contrast=\"auto\">lo<\/span><span data-contrast=\"auto\"> dem\u00e1s llegar\u00e1 por a\u00f1adidura\u201d, concluy\u00f3.\u00a0<\/span><span data-ccp-props=\"{&quot;335559731&quot;:708}\">\u00a0<\/span><\/p>\n<p><span data-ccp-props=\"{}\">\u00a0<\/span><\/p>\n<div id=\"attachment_91786\" style=\"width: 732px\" class=\"wp-caption aligncenter\"><a href=\"https:\/\/www.uv.mx\/prensa\/files\/2020\/12\/221220-Ballet-2.jpg\"><img aria-describedby=\"caption-attachment-91786\" decoding=\"async\" loading=\"lazy\" class=\"size-full wp-image-91786\" src=\"https:\/\/www.uv.mx\/prensa\/files\/2020\/12\/221220-Ballet-2.jpg\" alt=\"\" width=\"722\" height=\"481\" srcset=\"https:\/\/www.uv.mx\/prensa\/files\/2020\/12\/221220-Ballet-2.jpg 722w, https:\/\/www.uv.mx\/prensa\/files\/2020\/12\/221220-Ballet-2-300x200.jpg 300w\" sizes=\"(max-width: 722px) 100vw, 722px\" \/><\/a><p id=\"caption-attachment-91786\" class=\"wp-caption-text\">Los miembros del ballet han puesto en alto el nombre de la UV<\/p><\/div>\n","protected":false},"excerpt":{"rendered":"<p>\u201cEs fundamental que el ballet preserve su acervo cultural, ya que representa la vida y profesi\u00f3n de muchas personas a lo largo de 30 o 40 a\u00f1os\u201d: Julio C\u00e9sar Flores Prado\u00a0<\/p>\n","protected":false},"author":1869,"featured_media":91784,"comment_status":"closed","ping_status":"closed","sticky":false,"template":"","format":"standard","meta":[],"categories":[61],"tags":[],"_links":{"self":[{"href":"https:\/\/www.uv.mx\/prensa\/wp-json\/wp\/v2\/posts\/91783"}],"collection":[{"href":"https:\/\/www.uv.mx\/prensa\/wp-json\/wp\/v2\/posts"}],"about":[{"href":"https:\/\/www.uv.mx\/prensa\/wp-json\/wp\/v2\/types\/post"}],"author":[{"embeddable":true,"href":"https:\/\/www.uv.mx\/prensa\/wp-json\/wp\/v2\/users\/1869"}],"replies":[{"embeddable":true,"href":"https:\/\/www.uv.mx\/prensa\/wp-json\/wp\/v2\/comments?post=91783"}],"version-history":[{"count":1,"href":"https:\/\/www.uv.mx\/prensa\/wp-json\/wp\/v2\/posts\/91783\/revisions"}],"predecessor-version":[{"id":91881,"href":"https:\/\/www.uv.mx\/prensa\/wp-json\/wp\/v2\/posts\/91783\/revisions\/91881"}],"wp:featuredmedia":[{"embeddable":true,"href":"https:\/\/www.uv.mx\/prensa\/wp-json\/wp\/v2\/media\/91784"}],"wp:attachment":[{"href":"https:\/\/www.uv.mx\/prensa\/wp-json\/wp\/v2\/media?parent=91783"}],"wp:term":[{"taxonomy":"category","embeddable":true,"href":"https:\/\/www.uv.mx\/prensa\/wp-json\/wp\/v2\/categories?post=91783"},{"taxonomy":"post_tag","embeddable":true,"href":"https:\/\/www.uv.mx\/prensa\/wp-json\/wp\/v2\/tags?post=91783"}],"curies":[{"name":"wp","href":"https:\/\/api.w.org\/{rel}","templated":true}]}}