{"id":91789,"date":"2020-12-23T08:00:21","date_gmt":"2020-12-23T14:00:21","guid":{"rendered":"https:\/\/www.uv.mx\/prensa\/?p=91789"},"modified":"2020-12-16T18:55:43","modified_gmt":"2020-12-17T00:55:43","slug":"campana-apadrina-una-carta-desde-casa-continua-hasta-el-15-de-enero","status":"publish","type":"post","link":"https:\/\/www.uv.mx\/prensa\/banner\/campana-apadrina-una-carta-desde-casa-continua-hasta-el-15-de-enero\/","title":{"rendered":"Campa\u00f1a \u201cApadrina una carta desde casa\u201d contin\u00faa hasta el 15 de enero\u00a0"},"content":{"rendered":"<ul>\n<li data-leveltext=\"\uf0b7\" data-font=\"Symbol\" data-listid=\"5\" data-aria-posinset=\"1\" data-aria-level=\"1\"><i><span data-contrast=\"auto\">A trav\u00e9s de esta iniciativa<\/span><\/i><i><span data-contrast=\"auto\">,<\/span><\/i><i><span data-contrast=\"auto\"> el Voluntariado UV <\/span><\/i><i><span data-contrast=\"auto\">entregar\u00e1 bicicletas a ni\u00f1os que habitan en comunidades vulnerables<\/span><\/i><i><span data-contrast=\"auto\">,<\/span><\/i><i><span data-contrast=\"auto\"> con motivo del <\/span><\/i><i><span data-contrast=\"auto\">D<\/span><\/i><i><span data-contrast=\"auto\">\u00eda de <\/span><\/i><i><span data-contrast=\"auto\">R<\/span><\/i><i><span data-contrast=\"auto\">eyes<\/span><\/i><span data-ccp-props=\"{}\">\u00a0<\/span><\/li>\n<li data-leveltext=\"\uf0b7\" data-font=\"Symbol\" data-listid=\"5\" data-aria-posinset=\"2\" data-aria-level=\"1\"><i><span data-contrast=\"auto\">Los interesados en participar pueden realizar una transferencia bancaria durante todo el periodo vacacional<\/span><\/i><i><span data-contrast=\"auto\">\u00a0<\/span><\/i><span data-ccp-props=\"{}\">\u00a0<\/span><\/li>\n<\/ul>\n<p><span data-ccp-props=\"{}\">\u00a0<\/span><i><\/i><\/p>\n<div id=\"attachment_89074\" style=\"width: 732px\" class=\"wp-caption aligncenter\"><a href=\"https:\/\/www.uv.mx\/prensa\/files\/2020\/10\/212020-Voluntariado-UV-2-100k.jpg\"><img aria-describedby=\"caption-attachment-89074\" decoding=\"async\" loading=\"lazy\" class=\"size-full wp-image-89074\" src=\"https:\/\/www.uv.mx\/prensa\/files\/2020\/10\/212020-Voluntariado-UV-2-100k.jpg\" alt=\"La campa\u00f1a \u201cApadrina una carta\u201d ha beneficiado a m\u00e1s de tres mil ni\u00f1os\" width=\"722\" height=\"542\" srcset=\"https:\/\/www.uv.mx\/prensa\/files\/2020\/10\/212020-Voluntariado-UV-2-100k.jpg 722w, https:\/\/www.uv.mx\/prensa\/files\/2020\/10\/212020-Voluntariado-UV-2-100k-300x225.jpg 300w\" sizes=\"(max-width: 722px) 100vw, 722px\" \/><\/a><p id=\"caption-attachment-89074\" class=\"wp-caption-text\"><span data-contrast=\"auto\">A<\/span><span data-contrast=\"auto\"> trav\u00e9s de las campa\u00f1as \u201cApadrina una carta\u201d y \u201cDona un juguete\u201d, el Voluntariado UV ha beneficiado a miles de <\/span><span data-contrast=\"auto\">ni<\/span><span data-contrast=\"auto\">\u00f1os<\/span><span data-ccp-props=\"{}\">\u00a0<\/span><\/p><\/div>\n<p><span data-ccp-props=\"{}\">\u00a0<\/span><\/p>\n<p><span data-ccp-props=\"{}\">\u00a0<\/span><\/p>\n<p><b><i><span data-contrast=\"auto\">Carlos Hugo Hermida Rosales<\/span><\/i><\/b><span data-ccp-props=\"{}\">\u00a0<\/span><\/p>\n<p><b><i><span data-contrast=\"auto\">23<\/span><\/i><\/b><b><i><span data-contrast=\"auto\">\/12<\/span><\/i><\/b><b><i><span data-contrast=\"auto\">\/2020<\/span><\/i><\/b><b><i><span data-contrast=\"auto\">,<\/span><\/i><\/b> <b><i><span data-contrast=\"auto\">Xalapa, <\/span><\/i><\/b><b><i><span data-contrast=\"auto\">Ver.<\/span><\/i><\/b><b><i><span data-contrast=\"auto\">&#8211;<\/span><\/i><\/b> <span data-contrast=\"auto\">La campa\u00f1a <\/span><span data-contrast=\"auto\">\u201cApadrina una carta desde casa\u201d<\/span><span data-contrast=\"auto\">,<\/span><span data-contrast=\"auto\"> a trav\u00e9s de la cual el Voluntariado de la Universidad Veracruzana (UV) entregar\u00e1 bicicletas a ni\u00f1os que habitan en comunida<\/span><span data-contrast=\"auto\">des vulnerables, con motivo del D<\/span><span data-contrast=\"auto\">\u00eda de <\/span><span data-contrast=\"auto\">R<\/span><span data-contrast=\"auto\">eyes, continuar\u00e1 hasta el 15 de enero, fecha l\u00edmite en que los padrinos pueden realizar sus aportaciones monetarias.<\/span><span data-ccp-props=\"{}\">\u00a0<\/span><\/p>\n<p><span data-contrast=\"auto\">Elia Beltr\u00e1n Coronel,<\/span><span data-contrast=\"auto\"> presidenta del Voluntariado UV, <\/span><span data-contrast=\"auto\">explic\u00f3 que debido a la<\/span> <span data-contrast=\"auto\">contingencia\u202fprovocada\u202fpor la pandemia de Covid-19, esta\u202fvez\u202flos ni\u00f1os no redactaron cartas en las\u202fque indi<\/span><span data-contrast=\"auto\">can<\/span><span data-contrast=\"auto\">\u202flos\u202fregalos que desean recibir,\u202f<\/span><span data-contrast=\"auto\">y que en su lugar<\/span><span data-contrast=\"auto\"> a todos los peque\u00f1os beneficiados se les entrega<\/span><span data-contrast=\"auto\">r\u00e1<\/span><span data-contrast=\"auto\"> una bicicleta.<\/span><span data-contrast=\"auto\">\u00a0<\/span><span data-ccp-props=\"{&quot;335559731&quot;:708}\">\u00a0<\/span><\/p>\n<p><span data-contrast=\"auto\">Coment\u00f3 que durante todo el periodo vacacional los interesados pueden realizar una transferencia electr\u00f3nica, y el recurso <\/span><span data-contrast=\"auto\">recaudado se ir\u00e1 a un fondo com\u00fan que servir\u00e1 para comprar<\/span><span data-contrast=\"auto\">las y<\/span> <span data-contrast=\"auto\">beneficiar<\/span><span data-contrast=\"auto\"> a los ni\u00f1os de las comunidades UV<\/span><span data-contrast=\"auto\">.<\/span><span data-ccp-props=\"{&quot;335559731&quot;:708}\">\u00a0<\/span><\/p>\n<p><span data-contrast=\"auto\">\u201cL<\/span><span data-contrast=\"auto\">as donaciones pueden <\/span><span data-contrast=\"auto\">realizarse en montos de 300, 500, 800 y mil pesos<\/span><span data-contrast=\"auto\">\u201d, puntualiz\u00f3.<\/span><span data-ccp-props=\"{&quot;335559731&quot;:708}\">\u00a0<\/span><\/p>\n<p><span data-contrast=\"auto\">Mencion\u00f3 que las personas que donen 300 pesos recibir\u00e1n una constancia de agradecimiento;\u202fquienes\u202faporten 500,\u202fobtendr\u00e1n un\u202f<\/span><span data-contrast=\"auto\">cubrebocas<\/span><span data-contrast=\"auto\">\u202fimpreso; a\u202fquienes cooperen 800,\u202fse les otorgar\u00e1 un\u202f<\/span><span data-contrast=\"auto\">cubrebocas<\/span><span data-contrast=\"auto\">\u202fimpreso y un porta-<\/span><span data-contrast=\"auto\">cubrebocas<\/span><span data-contrast=\"auto\">\u202fbordado, y a quien lo haga con mil\u202fpesos,\u202frecibir\u00e1 un\u202f<\/span><span data-contrast=\"auto\">cubrebocas<\/span><span data-contrast=\"auto\">\u202fy porta-<\/span><span data-contrast=\"auto\">cubrebocas<\/span><span data-contrast=\"auto\">\u202fbordados.\u202f<\/span><span data-ccp-props=\"{&quot;335559731&quot;:708}\">\u00a0<\/span><\/p>\n<p><span data-contrast=\"auto\">Explic\u00f3 que quienes realicen su aportaci\u00f3n a trav\u00e9s de una transferencia bancaria durante el periodo vacacional, <\/span><span data-contrast=\"auto\">pueden pasar a recoger su <\/span><span data-contrast=\"auto\">cubrebocas<\/span><span data-contrast=\"auto\"> a partir del <\/span><span data-contrast=\"auto\">7<\/span><span data-contrast=\"auto\"> de enero al m\u00f3dulo que el <\/span><span data-contrast=\"auto\">V<\/span><span data-contrast=\"auto\">oluntariado tiene<\/span><span data-contrast=\"auto\"> en<\/span><span data-contrast=\"auto\"> el edificio de <\/span><span data-contrast=\"auto\">R<\/span><span data-contrast=\"auto\">ector\u00eda, ubicado en la unidad central de la UV, de 9:00 a 15:00 horas.<\/span><span data-ccp-props=\"{&quot;335559731&quot;:708}\">\u00a0<\/span><\/p>\n<p><span data-contrast=\"auto\">Desde hace varios a\u00f1os<\/span><span data-contrast=\"auto\">,<\/span><span data-contrast=\"auto\"> a trav\u00e9s de las campa\u00f1as \u201cApadrina una cart<\/span><span data-contrast=\"auto\">a\u201d y \u201cDona un juguete\u201d<\/span><span data-contrast=\"auto\"> el Voluntariado UV ha beneficiado a miles de peque\u00f1os que habitan en comunidades vulnerables cerca<\/span><span data-contrast=\"auto\">nas a las cinco regiones de la U<\/span><span data-contrast=\"auto\">niversidad; adem\u00e1s de juguetes, los ni\u00f1os han recibido ropa, calzado e incluso \u00fatiles escolares.\u00a0<\/span><span data-ccp-props=\"{&quot;335559731&quot;:708}\">\u00a0<\/span><\/p>\n<p><span data-contrast=\"auto\">En esta ocasi\u00f3n las bicicletas servir\u00e1n a los peque\u00f1os para trasladarse a sus escuelas, ya que algunos de ellos viven alejados de las localidades en que se encuentran.<\/span><span data-ccp-props=\"{&quot;335559731&quot;:708}\">\u00a0<\/span><\/p>\n<p><span data-contrast=\"auto\">Los datos bancarios para depositar o realizar una transfer<\/span><span data-contrast=\"auto\">encia a la cuenta bancaria del V<\/span><span data-contrast=\"auto\">oluntariado est\u00e1n disponibles en su <\/span><a href=\"https:\/\/www.uv.mx\/voluntariado\/\"><span data-contrast=\"none\">sitio<\/span> <i><span data-contrast=\"none\">web<\/span><\/i><\/a><span data-contrast=\"auto\"> y en su p\u00e1gina de <\/span><a href=\"https:\/\/www.facebook.com\/uvvoluntariado\"><i><span data-contrast=\"none\">Facebo<\/span><\/i><i><span data-contrast=\"none\">o<\/span><\/i><i><span data-contrast=\"none\">k<\/span><\/i><\/a><span data-contrast=\"auto\">.<\/span><span data-ccp-props=\"{&quot;335559731&quot;:708}\">\u00a0<\/span><\/p>\n<p><span data-ccp-props=\"{}\">\u00a0<\/span><\/p>\n<div id=\"attachment_91790\" style=\"width: 732px\" class=\"wp-caption aligncenter\"><a href=\"https:\/\/www.uv.mx\/prensa\/files\/2020\/12\/231220-Apadrina-una-carta-2.jpg\"><img aria-describedby=\"caption-attachment-91790\" decoding=\"async\" loading=\"lazy\" class=\"size-full wp-image-91790\" src=\"https:\/\/www.uv.mx\/prensa\/files\/2020\/12\/231220-Apadrina-una-carta-2.jpg\" alt=\"\" width=\"722\" height=\"558\" \/><\/a><p id=\"caption-attachment-91790\" class=\"wp-caption-text\">Los padrinos pueden realizar una transferencia desde casa<\/p><\/div>\n","protected":false},"excerpt":{"rendered":"<p>Quienes realicen su aportaci\u00f3n durante el periodo vacacional, podr\u00e1n recoger su cubrebocas de obsequio a partir del 7 de enero de 2021, en el m\u00f3dulo de Rector\u00eda\u00a0<\/p>\n","protected":false},"author":1869,"featured_media":89464,"comment_status":"closed","ping_status":"closed","sticky":false,"template":"","format":"standard","meta":[],"categories":[61],"tags":[],"_links":{"self":[{"href":"https:\/\/www.uv.mx\/prensa\/wp-json\/wp\/v2\/posts\/91789"}],"collection":[{"href":"https:\/\/www.uv.mx\/prensa\/wp-json\/wp\/v2\/posts"}],"about":[{"href":"https:\/\/www.uv.mx\/prensa\/wp-json\/wp\/v2\/types\/post"}],"author":[{"embeddable":true,"href":"https:\/\/www.uv.mx\/prensa\/wp-json\/wp\/v2\/users\/1869"}],"replies":[{"embeddable":true,"href":"https:\/\/www.uv.mx\/prensa\/wp-json\/wp\/v2\/comments?post=91789"}],"version-history":[{"count":1,"href":"https:\/\/www.uv.mx\/prensa\/wp-json\/wp\/v2\/posts\/91789\/revisions"}],"predecessor-version":[{"id":91791,"href":"https:\/\/www.uv.mx\/prensa\/wp-json\/wp\/v2\/posts\/91789\/revisions\/91791"}],"wp:featuredmedia":[{"embeddable":true,"href":"https:\/\/www.uv.mx\/prensa\/wp-json\/wp\/v2\/media\/89464"}],"wp:attachment":[{"href":"https:\/\/www.uv.mx\/prensa\/wp-json\/wp\/v2\/media?parent=91789"}],"wp:term":[{"taxonomy":"category","embeddable":true,"href":"https:\/\/www.uv.mx\/prensa\/wp-json\/wp\/v2\/categories?post=91789"},{"taxonomy":"post_tag","embeddable":true,"href":"https:\/\/www.uv.mx\/prensa\/wp-json\/wp\/v2\/tags?post=91789"}],"curies":[{"name":"wp","href":"https:\/\/api.w.org\/{rel}","templated":true}]}}