{"id":91804,"date":"2020-12-19T08:00:27","date_gmt":"2020-12-19T14:00:27","guid":{"rendered":"https:\/\/www.uv.mx\/prensa\/?p=91804"},"modified":"2021-01-08T11:50:57","modified_gmt":"2021-01-08T17:50:57","slug":"corrupcion-problema-multifactorial-arraigado-en-mexico","status":"publish","type":"post","link":"https:\/\/www.uv.mx\/prensa\/general\/corrupcion-problema-multifactorial-arraigado-en-mexico\/","title":{"rendered":"Corrupci\u00f3n, problema multifactorial arraigado en M\u00e9xico"},"content":{"rendered":"<ul>\n<li data-leveltext=\"\uf0b7\" data-font=\"Symbol\" data-listid=\"7\" data-aria-posinset=\"1\" data-aria-level=\"1\"><i><span data-contrast=\"auto\">Si se quiere un sistema anticorrupci\u00f3n eficaz, es necesario<\/span><\/i><i><span data-contrast=\"auto\">\u00a0<\/span><\/i><i><span data-contrast=\"auto\">fortalecer la autonom\u00eda de los \u00f3rganos integrantes del<\/span><\/i><i><span data-contrast=\"auto\">\u00a0<\/span><\/i><i><span data-contrast=\"auto\">C<\/span><\/i><i><span data-contrast=\"auto\">omit\u00e9\u00a0<\/span><\/i><i><span data-contrast=\"auto\">C<\/span><\/i><i><span data-contrast=\"auto\">oordinado<\/span><\/i><i><span data-contrast=\"auto\">r como eje toral:\u00a0<\/span><\/i><i><span data-contrast=\"auto\">i<\/span><\/i><i><span data-contrast=\"auto\">nvestigador<\/span><\/i><span data-ccp-props=\"{&quot;201341983&quot;:0,&quot;335559739&quot;:0,&quot;335559740&quot;:240}\">\u00a0<\/span><\/li>\n<\/ul>\n<p><span data-ccp-props=\"{&quot;201341983&quot;:0,&quot;335559739&quot;:0,&quot;335559740&quot;:240}\">\u00a0<\/span><\/p>\n<div id=\"attachment_91805\" style=\"width: 732px\" class=\"wp-caption aligncenter\"><a href=\"https:\/\/www.uv.mx\/prensa\/files\/2020\/12\/191220-Mesa-de-analisis-100k.jpg\"><img aria-describedby=\"caption-attachment-91805\" decoding=\"async\" loading=\"lazy\" class=\"size-full wp-image-91805\" src=\"https:\/\/www.uv.mx\/prensa\/files\/2020\/12\/191220-Mesa-de-analisis-100k.jpg\" alt=\"El Instituto de Investigaciones Jur\u00eddicas llev\u00f3 a cabo la mesa de an\u00e1lisis \u201cBalance del modelo de combate a la corrupci\u00f3n en M\u00e9xico; avances y retos\u201d \" width=\"722\" height=\"410\" srcset=\"https:\/\/www.uv.mx\/prensa\/files\/2020\/12\/191220-Mesa-de-analisis-100k.jpg 722w, https:\/\/www.uv.mx\/prensa\/files\/2020\/12\/191220-Mesa-de-analisis-100k-300x170.jpg 300w\" sizes=\"(max-width: 722px) 100vw, 722px\" \/><\/a><p id=\"caption-attachment-91805\" class=\"wp-caption-text\">El Instituto de Investigaciones Jur\u00eddicas llev\u00f3 a cabo la mesa de an\u00e1lisis \u201cBalance del modelo de combate a la corrupci\u00f3n en M\u00e9xico; avances y retos\u201d<\/p><\/div>\n<p>&nbsp;<\/p>\n<p><b><i><span data-contrast=\"auto\">Jos\u00e9 Luis\u00a0<\/span><\/i><\/b><b><i><span data-contrast=\"auto\">Couttolenc<\/span><\/i><\/b><b><i><span data-contrast=\"auto\">\u00a0Soto<\/span><\/i><\/b><span data-ccp-props=\"{&quot;201341983&quot;:0,&quot;335559739&quot;:0,&quot;335559740&quot;:240}\">\u00a0<\/span><\/p>\n<p><b><i><span data-contrast=\"auto\">1<\/span><\/i><\/b><b><i><span data-contrast=\"auto\">9<\/span><\/i><\/b><b><i><span data-contrast=\"auto\">\/12\/2020, Xalapa,\u00a0<\/span><\/i><\/b><b><i><span data-contrast=\"auto\">Ver.-<\/span><\/i><\/b><span data-contrast=\"auto\">\u00a0<\/span><span data-contrast=\"auto\">E<\/span><span data-contrast=\"auto\">n el marco de<\/span><span data-contrast=\"auto\">l<\/span><span data-contrast=\"auto\">\u00a0<\/span><span data-contrast=\"auto\">D\u00eda Internacional Contra la Corrupci\u00f3n,\u00a0<\/span><span data-contrast=\"auto\">que se festeja el\u00a0<\/span><span data-contrast=\"auto\">9 de diciembre<\/span><span data-contrast=\"auto\">,<\/span><span data-contrast=\"auto\">\u00a0<\/span><span data-contrast=\"auto\">el <a href=\"https:\/\/www.uv.mx\/iij\/\" target=\"_blank\" rel=\"noopener\">Instituto de Investigaciones Jur\u00eddicas<\/a> (IIJ) de la Universidad Veracruzana (UV) realiz\u00f3<\/span><span data-contrast=\"auto\">\u00a0<\/span><span data-contrast=\"auto\">e<\/span><span data-contrast=\"auto\">l 11 de diciembre<\/span><span data-contrast=\"auto\">\u00a0<\/span><span data-contrast=\"auto\">la mesa de an\u00e1lisis\u00a0<\/span><span data-contrast=\"auto\">\u201cBalance del modelo de combate a la corrupci\u00f3n en M\u00e9xico; avances y retos\u201d<\/span><span data-contrast=\"auto\">, con la participaci\u00f3n de expertos en la materia.<\/span><span data-ccp-props=\"{&quot;134233117&quot;:true,&quot;134233118&quot;:true,&quot;201341983&quot;:0,&quot;335559740&quot;:240}\">\u00a0<\/span><\/p>\n<p><span data-contrast=\"auto\">Carlos Antonio V\u00e1zquez Azuara, investigador adscrito al IIJ, se\u00f1al\u00f3 que la corrupci\u00f3n es un problema multifactorial sumamente arraigado en M\u00e9xico<\/span><span data-contrast=\"auto\">\u00a0y con la llegada de la reforma a<\/span><span data-contrast=\"auto\">l Sistema Nacional Anticorrupci\u00f3n (SNA)<\/span><span data-contrast=\"auto\">,<\/span><span data-contrast=\"auto\">\u00a0en 2015<\/span><span data-contrast=\"auto\">,<\/span><span data-contrast=\"auto\">\u00a0se empezaron<\/span><span data-contrast=\"auto\">\u00a0a taladrar<\/span><span data-contrast=\"auto\">\u00a0las leyes reglamentarias<\/span><span data-contrast=\"auto\">\u00a0con leyes secundarias que<\/span><span data-contrast=\"auto\">\u00a0iniciaron los cambios visualizados en tres grandes esferas: penal, administrativos y la estructura particular del ente<\/span><span data-contrast=\"auto\">,<\/span><span data-contrast=\"auto\">\u00a0que tendr\u00eda como finalidad coadyuvar con pol\u00edticas p\u00fablicas para proponer y establecer acciones concretas.<\/span><span data-ccp-props=\"{&quot;134233117&quot;:true,&quot;134233118&quot;:true,&quot;201341983&quot;:0,&quot;335559740&quot;:240}\">\u00a0<\/span><\/p>\n<p><span data-contrast=\"auto\">Destac\u00f3 que si se quiere contar con un SNA eficaz es necesario fortalecer la autonom\u00eda\u00a0<\/span><span data-contrast=\"auto\">de los \u00f3rganos que integran el C<\/span><span data-contrast=\"auto\">omit\u00e9\u00a0<\/span><span data-contrast=\"auto\">C<\/span><span data-contrast=\"auto\">oordinador que se constituye como el eje toral, dado que en la medida en que la autonom\u00eda de estos \u00f3rganos sea real y certera, las decisiones que se tomen al interior podr\u00e1n tener un curso lo m\u00e1s alejado posible de los intereses del poder central<\/span><span data-contrast=\"auto\">.<\/span><span data-ccp-props=\"{&quot;134233117&quot;:true,&quot;134233118&quot;:true,&quot;201341983&quot;:0,&quot;335559740&quot;:240}\">\u00a0<\/span><\/p>\n<p><span data-contrast=\"auto\">\u201c<\/span><span data-contrast=\"auto\">E<\/span><span data-contrast=\"auto\">s una consecuencia l\u00f3gica, porque el ojo no tiene posibilidades de mirarse a<\/span><span data-contrast=\"auto\">\u00a0<\/span><span data-contrast=\"auto\">s\u00ed mismo<\/span><span data-contrast=\"auto\">, nadie puede ser juez y parte.\u201d<\/span><\/p>\n<p><b><span data-contrast=\"auto\">La corrupci\u00f3n ya no se limita a lo medi\u00e1tico<\/span><\/b><span data-ccp-props=\"{&quot;134233117&quot;:true,&quot;134233118&quot;:true,&quot;201341983&quot;:0,&quot;335559740&quot;:240}\"><br \/>\n<\/span><span data-contrast=\"auto\">Jos\u00e9 Guadalupe Altamirano Castro,\u00a0<\/span><span data-contrast=\"auto\">p<\/span><span data-contrast=\"auto\">residente de la Academia de la Funci\u00f3n P\u00fablica e integrante del Comit\u00e9 de Participaci\u00f3n Ciudadana del Sistema Estatal Anticorrupci\u00f3n, mencion\u00f3 que el actual modelo de combate a la corrupci\u00f3n es visto desde diferentes perspectivas<\/span><span data-contrast=\"auto\">:<\/span><span data-contrast=\"auto\">\u00a0una por parte de quienes est\u00e1n fuera del sistema y otra, por la participaci\u00f3n ciudadana que lo hace con una visi\u00f3n distinta.<\/span><span data-ccp-props=\"{&quot;134233117&quot;:true,&quot;134233118&quot;:true,&quot;201341983&quot;:0,&quot;335559740&quot;:240}\">\u00a0<\/span><\/p>\n<p><span data-contrast=\"auto\">Dijo que la forma de comprender la corrupci\u00f3n ya no s\u00f3lo se limita a lo que medi\u00e1ticamente se observa, \u201ces decir, a la disposici\u00f3n de los recursos p\u00fablicos\u201d, ahora lleva a reflexionar que lo que deber\u00eda ser p\u00fablico (una licitaci\u00f3n, compra o designaci\u00f3n de alg\u00fan funcionario) pas\u00f3 al \u00e1mbito de lo privado, y a partir de ello se han constituido diversas instituciones para<\/span><span data-contrast=\"auto\">\u00a0que esto deje de ser privado.<\/span><span data-ccp-props=\"{&quot;134233117&quot;:true,&quot;134233118&quot;:true,&quot;201341983&quot;:0,&quot;335559740&quot;:240}\">\u00a0<\/span><\/p>\n<p><span data-contrast=\"auto\">Record\u00f3 que en los periodos de los expresidentes Felipe Calder\u00f3n Hinojosa y Enrique Pe\u00f1a Nieto se ensayaron dos modelos, el Programa Nacional Anticorrupci\u00f3n (2008<\/span><span data-contrast=\"auto\">)<\/span><span data-contrast=\"auto\">\u00a0y la Comisi\u00f3n Nacio<\/span><span data-contrast=\"auto\">nal Anticorrupci\u00f3n (2012) como \u00f3<\/span><span data-contrast=\"auto\">rgano\u00a0<\/span><span data-contrast=\"auto\">c<\/span><span data-contrast=\"auto\">olegiado\u00a0<\/span><span data-contrast=\"auto\">a<\/span><span data-contrast=\"auto\">ut\u00f3nomo con el que se buscaba la desaparici\u00f3n de la Secretar\u00eda de la Funci\u00f3n P\u00fablica, lo que no ocurri\u00f3<\/span><span data-contrast=\"auto\">.<\/span><span data-ccp-props=\"{&quot;134233117&quot;:true,&quot;134233118&quot;:true,&quot;201341983&quot;:0,&quot;335559740&quot;:240}\">\u00a0<\/span><\/p>\n<p><span data-contrast=\"auto\">Posteriormente se pas\u00f3\u00a0<\/span><span data-contrast=\"auto\">al Sistema Nacional Anticorrupci\u00f3n que obedeci\u00f3 a tres factores: la\u00a0<\/span><span data-contrast=\"auto\">presi\u00f3n de asociaciones civiles<\/span><span data-contrast=\"auto\">;<\/span><span data-contrast=\"auto\">\u00a0<\/span><span data-contrast=\"auto\">la\u00a0<\/span><span data-contrast=\"auto\">presi\u00f3n\u00a0<\/span><span data-contrast=\"auto\">de los acad\u00e9micos organizados que p<\/span><span data-contrast=\"auto\">ugn\u00f3 por la L<\/span><span data-contrast=\"auto\">ey 3 de 3, con una visibilidad medi\u00e1tica\u00a0<\/span><span data-contrast=\"auto\">de casos de corrupci\u00f3n como la C<\/span><span data-contrast=\"auto\">asa\u00a0<\/span><span data-contrast=\"auto\">B<\/span><span data-contrast=\"auto\">lanca,\u00a0<\/span><span data-contrast=\"auto\">Odebrecht<\/span><span data-contrast=\"auto\">\u00a0y\u00a0<\/span><i><span data-contrast=\"auto\">Pemex<\/span><\/i><span data-contrast=\"auto\">;\u00a0<\/span><span data-contrast=\"auto\">y<\/span><span data-contrast=\"auto\">\u00a0la indignaci\u00f3n empresarial.<\/span><span data-ccp-props=\"{&quot;134233117&quot;:true,&quot;134233118&quot;:true,&quot;201341983&quot;:0,&quot;335559731&quot;:708,&quot;335559740&quot;:240}\">\u00a0<\/span><\/p>\n<p><span data-contrast=\"auto\">M\u00e1s adelante dio a conocer que los\u00a0<\/span><span data-contrast=\"auto\">c<\/span><span data-contrast=\"auto\">omit\u00e9s Coordinador\u00a0<\/span><span data-contrast=\"auto\">y el de Participaci\u00f3n Ciudadana<\/span><span data-contrast=\"auto\">\u00a0<\/span><span data-contrast=\"auto\">dise\u00f1aron la Gu\u00eda de Denuncia Ciudadana como herramienta\u00a0<\/span><span data-contrast=\"auto\">orientadora\u00a0<\/span><span data-contrast=\"auto\">para la presentaci\u00f3n de una denuncia o queja<\/span><span data-contrast=\"auto\">;<\/span><span data-contrast=\"auto\">\u00a0<\/span><span data-contrast=\"auto\">tambi\u00e9n\u00a0<\/span><span data-contrast=\"auto\">presentaron dos propuestas de iniciativa de ley, una con impacto nacional relacionada con una<\/span><span data-contrast=\"auto\">\u00a0reforma a la Ley del S<\/span><span data-contrast=\"auto\">istema\u00a0<\/span><span data-contrast=\"auto\">Nacional\u00a0<\/span><span data-contrast=\"auto\">Anticorrupci\u00f3n, y otra para delinear el tema del \u00e1mbito municipal, a fin de fortalecer el papel del ciudadano en el sistema y\u00a0<\/span><span data-contrast=\"auto\">lograr resultados a corto plazo.<\/span><span data-ccp-props=\"{&quot;134233117&quot;:true,&quot;134233118&quot;:true,&quot;201341983&quot;:0,&quot;335559740&quot;:240}\">\u00a0<\/span><\/p>\n<p><span data-contrast=\"auto\">En la mesa de an\u00e1lisis intervinieron tambi\u00e9n las hermanas Karla Paola y Alicia Corina Garc\u00eda Moyano Romero,\u00a0<\/span><span data-contrast=\"auto\">quienes<\/span><span data-contrast=\"auto\">\u00a0presentaron un panorama general de lo que repres<\/span><span data-contrast=\"auto\">enta la estructur<\/span><span data-contrast=\"auto\">a del combate a la corrupci\u00f3n.<\/span><span data-ccp-props=\"{&quot;134233117&quot;:true,&quot;134233118&quot;:true,&quot;201341983&quot;:0,&quot;335559740&quot;:240}\">\u00a0<\/span><\/p>\n","protected":false},"excerpt":{"rendered":"<p>El Instituto de Investigaciones Jur\u00eddicas llev\u00f3 a cabo la mesa de an\u00e1lisis \u201cBalance del modelo de combate a la corrupci\u00f3n en M\u00e9xico; avances y retos\u201d <\/p>\n","protected":false},"author":1775,"featured_media":91805,"comment_status":"closed","ping_status":"closed","sticky":false,"template":"","format":"standard","meta":[],"categories":[1],"tags":[1066,1064,593,592,1065],"_links":{"self":[{"href":"https:\/\/www.uv.mx\/prensa\/wp-json\/wp\/v2\/posts\/91804"}],"collection":[{"href":"https:\/\/www.uv.mx\/prensa\/wp-json\/wp\/v2\/posts"}],"about":[{"href":"https:\/\/www.uv.mx\/prensa\/wp-json\/wp\/v2\/types\/post"}],"author":[{"embeddable":true,"href":"https:\/\/www.uv.mx\/prensa\/wp-json\/wp\/v2\/users\/1775"}],"replies":[{"embeddable":true,"href":"https:\/\/www.uv.mx\/prensa\/wp-json\/wp\/v2\/comments?post=91804"}],"version-history":[{"count":1,"href":"https:\/\/www.uv.mx\/prensa\/wp-json\/wp\/v2\/posts\/91804\/revisions"}],"predecessor-version":[{"id":92082,"href":"https:\/\/www.uv.mx\/prensa\/wp-json\/wp\/v2\/posts\/91804\/revisions\/92082"}],"wp:featuredmedia":[{"embeddable":true,"href":"https:\/\/www.uv.mx\/prensa\/wp-json\/wp\/v2\/media\/91805"}],"wp:attachment":[{"href":"https:\/\/www.uv.mx\/prensa\/wp-json\/wp\/v2\/media?parent=91804"}],"wp:term":[{"taxonomy":"category","embeddable":true,"href":"https:\/\/www.uv.mx\/prensa\/wp-json\/wp\/v2\/categories?post=91804"},{"taxonomy":"post_tag","embeddable":true,"href":"https:\/\/www.uv.mx\/prensa\/wp-json\/wp\/v2\/tags?post=91804"}],"curies":[{"name":"wp","href":"https:\/\/api.w.org\/{rel}","templated":true}]}}