{"id":91840,"date":"2020-12-18T08:00:20","date_gmt":"2020-12-18T14:00:20","guid":{"rendered":"https:\/\/www.uv.mx\/prensa\/?p=91840"},"modified":"2021-01-08T11:32:54","modified_gmt":"2021-01-08T17:32:54","slug":"academicos-y-funcionarios-analizaron-la-relacion-entre-china-y-alc","status":"publish","type":"post","link":"https:\/\/www.uv.mx\/prensa\/banner\/academicos-y-funcionarios-analizaron-la-relacion-entre-china-y-alc\/","title":{"rendered":"Acad\u00e9micos y funcionarios analizaron la relaci\u00f3n entre China y ALC\u00a0"},"content":{"rendered":"<ul>\n<li data-leveltext=\"\uf0b7\" data-font=\"Symbol\" data-listid=\"1\" data-aria-posinset=\"1\" data-aria-level=\"1\"><i><span data-contrast=\"auto\">F<\/span><\/i><i><span data-contrast=\"auto\">ortalec<\/span><\/i><i><span data-contrast=\"auto\">er<\/span><\/i><i><span data-contrast=\"auto\"> v\u00ednculo<\/span><\/i><i><span data-contrast=\"auto\">s entre los pueblos de ambas regiones<\/span><\/i><i><span data-contrast=\"auto\"> es <\/span><\/i><i><span data-contrast=\"auto\">fundamental para su<\/span><\/i><i><span data-contrast=\"auto\">perar el impacto de la pandemia<\/span><\/i><span data-ccp-props=\"{&quot;134233279&quot;:true,&quot;201341983&quot;:0,&quot;335559739&quot;:160,&quot;335559740&quot;:240}\">\u00a0<\/span><\/li>\n<li data-leveltext=\"\uf0b7\" data-font=\"Symbol\" data-listid=\"1\" data-aria-posinset=\"2\" data-aria-level=\"1\"><i><span data-contrast=\"auto\">Las universidades <\/span><\/i><i><span data-contrast=\"auto\">son <\/span><\/i><i><span data-contrast=\"auto\">estrat\u00e9gicas en la etapa posterior a la <\/span><\/i><i><span data-contrast=\"auto\">Covid<\/span><\/i><i><span data-contrast=\"auto\">-19<\/span><\/i><span data-ccp-props=\"{&quot;134233279&quot;:true,&quot;201341983&quot;:0,&quot;335559739&quot;:160,&quot;335559740&quot;:240}\">\u00a0<\/span><\/li>\n<\/ul>\n<p><span data-ccp-props=\"{&quot;201341983&quot;:0,&quot;335551550&quot;:1,&quot;335551620&quot;:1,&quot;335559739&quot;:160,&quot;335559740&quot;:240}\">\u00a0<\/span><b><i><\/i><\/b><\/p>\n<div id=\"attachment_91845\" style=\"width: 371px\" class=\"wp-caption aligncenter\"><a href=\"https:\/\/www.uv.mx\/prensa\/files\/2020\/12\/181220-Simposio-1-1.jpg\"><img aria-describedby=\"caption-attachment-91845\" decoding=\"async\" loading=\"lazy\" class=\"size-full wp-image-91845\" src=\"https:\/\/www.uv.mx\/prensa\/files\/2020\/12\/181220-Simposio-1-1.jpg\" alt=\"\" width=\"361\" height=\"481\" srcset=\"https:\/\/www.uv.mx\/prensa\/files\/2020\/12\/181220-Simposio-1-1.jpg 361w, https:\/\/www.uv.mx\/prensa\/files\/2020\/12\/181220-Simposio-1-1-225x300.jpg 225w\" sizes=\"(max-width: 361px) 100vw, 361px\" \/><\/a><p id=\"caption-attachment-91845\" class=\"wp-caption-text\">Esteban Zottele con Xu Shicheng<\/p><\/div>\n<p><span data-ccp-props=\"{&quot;201341983&quot;:0,&quot;335551550&quot;:1,&quot;335551620&quot;:1,&quot;335559739&quot;:160,&quot;335559740&quot;:240}\">\u00a0<\/span><\/p>\n<p><span data-ccp-props=\"{&quot;201341983&quot;:0,&quot;335551550&quot;:1,&quot;335551620&quot;:1,&quot;335559739&quot;:160,&quot;335559740&quot;:240}\">\u00a0<\/span><\/p>\n<p><b><i><span data-contrast=\"auto\">Miriam S\u00e1nchez <\/span><\/i><\/b><b><i><span data-contrast=\"auto\">y <\/span><\/i><\/b><b><i><span data-contrast=\"auto\">Claudia M\u00e9ndez<\/span><\/i><\/b><span data-ccp-props=\"{&quot;201341983&quot;:0,&quot;335559739&quot;:160,&quot;335559740&quot;:240}\">\u00a0<\/span><\/p>\n<p><b><i><span data-contrast=\"auto\">1<\/span><\/i><\/b><b><i><span data-contrast=\"auto\">8<\/span><\/i><\/b><b><i><span data-contrast=\"auto\">\/12\/2020, Xalapa, <\/span><\/i><\/b><b><i><span data-contrast=\"auto\">Ver.-<\/span><\/i><\/b> <span data-contrast=\"auto\">L<\/span><span data-contrast=\"auto\">a Universidad Veracruzana<\/span><span data-contrast=\"auto\"> (UV)<\/span><span data-contrast=\"auto\"> tuvo presencia en el <\/span><span data-contrast=\"auto\">Simposio Internacional \u201cChina-AL-C <\/span><span data-contrast=\"auto\">people-to-people<\/span> <span data-contrast=\"auto\">exchange<\/span><span data-contrast=\"auto\"> in <\/span><span data-contrast=\"auto\">the<\/span> <span data-contrast=\"auto\">post-coronavirus<\/span><span data-contrast=\"auto\"> era\u201d, a trav\u00e9s del<\/span> <span data-contrast=\"auto\"><a href=\"https:\/\/www.uv.mx\/chinaveracruz\/\" target=\"_blank\" rel=\"noopener\">Centro de Estudios China-Veracruz<\/a> (<\/span><i><span data-contrast=\"auto\">Cechiver<\/span><\/i><span data-contrast=\"auto\">) y de su representante en dicha naci\u00f3n, <\/span><span data-contrast=\"auto\">lo cual <\/span><span data-contrast=\"auto\">abon\u00f3 al di\u00e1logo establecido por cerca de 100 acad\u00e9micos procedentes de Espa\u00f1a, China, Cuba, M\u00e9xico, Brasil, Costa Rica, Venezuela y Argentina.<\/span><span data-ccp-props=\"{&quot;201341983&quot;:0,&quot;335559739&quot;:160,&quot;335559740&quot;:240}\">\u00a0<\/span><\/p>\n<p><span data-contrast=\"auto\">El evento se desarroll\u00f3 l<\/span><span data-contrast=\"auto\">os d\u00edas 11 y <\/span><span data-contrast=\"auto\">12 de diciembre <\/span><span data-contrast=\"auto\">y fue<\/span><span data-contrast=\"auto\"> organizado por la Universidad Normal de Jiangsu con sede en la ciudad de Xuzhou<\/span><span data-contrast=\"auto\">, China<\/span><span data-contrast=\"auto\">.<\/span><span data-ccp-props=\"{&quot;201341983&quot;:0,&quot;335559731&quot;:708,&quot;335559739&quot;:160,&quot;335559740&quot;:240}\">\u00a0<\/span><\/p>\n<p><span data-contrast=\"auto\">L<\/span><span data-contrast=\"auto\">os participantes coincidieron en la necesidad de fortalecer las relaciones multilaterales para revertir <\/span><span data-contrast=\"auto\">los impactos negativos que est\u00e1<\/span><span data-contrast=\"auto\"> ocasionando la Covid-19.<\/span><span data-ccp-props=\"{&quot;201341983&quot;:0,&quot;335559731&quot;:708,&quot;335559739&quot;:160,&quot;335559740&quot;:240}\">\u00a0<\/span><\/p>\n<p><span data-contrast=\"auto\">E<\/span><span data-contrast=\"auto\">l profesor<\/span> <span data-contrast=\"auto\">Xu<\/span> <span data-contrast=\"auto\">Shicheng<\/span><span data-contrast=\"auto\">, miembro honorario de la A<\/span><span data-contrast=\"auto\">cademia de Ciencias Sociales de China<\/span><span data-contrast=\"auto\">,<\/span><span data-contrast=\"auto\"> dijo que su pa\u00eds desea profundizar la cooperaci\u00f3n con sus pares de Am\u00e9rica Latina <\/span><span data-contrast=\"auto\">(AL)<\/span> <span data-contrast=\"auto\">y el Caribe<\/span><span data-contrast=\"auto\">;<\/span><span data-contrast=\"auto\"> agreg\u00f3 <\/span><span data-contrast=\"auto\">que<\/span><span data-contrast=\"auto\">,<\/span><span data-contrast=\"auto\"> en ese sentido<\/span><span data-contrast=\"auto\">,<\/span><span data-contrast=\"auto\"> China envi\u00f3 materiales y asesor\u00eda t\u00e9cnica <\/span><span data-contrast=\"auto\">a un gran n\u00famero de pa\u00edses de Latinoam\u00e9rica <\/span><span data-contrast=\"auto\">para enfrentar la epidemia.<\/span><span data-ccp-props=\"{&quot;201341983&quot;:0,&quot;335559731&quot;:708,&quot;335559739&quot;:160,&quot;335559740&quot;:240}\">\u00a0<\/span><\/p>\n<p><span data-contrast=\"auto\">En tanto<\/span><span data-contrast=\"auto\"> Esteban <\/span><span data-contrast=\"auto\">Zottele<\/span><span data-contrast=\"auto\">,<\/span> <span data-contrast=\"auto\">representante de la <\/span><span data-contrast=\"auto\">UV en China, <\/span><span data-contrast=\"auto\">desarrol<\/span><span data-contrast=\"auto\">l<\/span><span data-contrast=\"auto\">\u00f3<\/span><span data-contrast=\"auto\"> el tema<\/span> <span data-contrast=\"auto\">\u201c<\/span><span data-contrast=\"none\">Competencia intercultural: e<\/span><span data-contrast=\"none\">n la b\u00fasqueda del mutuo entendimiento entre Am\u00e9rica Latina y China <\/span><span data-contrast=\"none\">post<\/span><span data-contrast=\"none\">&#8211;<\/span><span data-contrast=\"none\">pandemia<\/span><span data-contrast=\"none\">\u201d.<\/span><span data-ccp-props=\"{&quot;201341983&quot;:0,&quot;335559731&quot;:708,&quot;335559739&quot;:160,&quot;335559740&quot;:240}\">\u00a0<\/span><\/p>\n<p>&nbsp;<\/p>\n<div id=\"attachment_91843\" style=\"width: 732px\" class=\"wp-caption aligncenter\"><a href=\"https:\/\/www.uv.mx\/prensa\/files\/2020\/12\/181220-Simposio-2.jpg\"><img aria-describedby=\"caption-attachment-91843\" decoding=\"async\" loading=\"lazy\" class=\"size-full wp-image-91843\" src=\"https:\/\/www.uv.mx\/prensa\/files\/2020\/12\/181220-Simposio-2.jpg\" alt=\"\" width=\"722\" height=\"481\" srcset=\"https:\/\/www.uv.mx\/prensa\/files\/2020\/12\/181220-Simposio-2.jpg 722w, https:\/\/www.uv.mx\/prensa\/files\/2020\/12\/181220-Simposio-2-300x200.jpg 300w\" sizes=\"(max-width: 722px) 100vw, 722px\" \/><\/a><p id=\"caption-attachment-91843\" class=\"wp-caption-text\">Presentaci\u00f3n de Esteban Zottele<\/p><\/div>\n<p>&nbsp;<\/p>\n<p><span data-contrast=\"none\">Dijo <\/span><span data-contrast=\"none\">que<\/span> <span data-contrast=\"none\">la <\/span><span data-contrast=\"none\">Covid<\/span><span data-contrast=\"none\">-19 ha generado una nueva situaci\u00f3n econ\u00f3mica y social que exige un mayor esfuerzo de las instituciones <\/span><span data-contrast=\"none\">educativas<\/span><span data-contrast=\"none\">, gobiernos y empresas. La sociedad civil demanda que estas instituciones brinden respuesta a los problemas de desempleo, pobreza extrema y la p\u00e9rdida de micro, peque\u00f1as y medianas empresas.<\/span><span data-ccp-props=\"{&quot;201341983&quot;:0,&quot;335559731&quot;:708,&quot;335559739&quot;:160,&quot;335559740&quot;:240}\">\u00a0<\/span><\/p>\n<p><span data-contrast=\"none\">Agreg\u00f3 que l<\/span><span data-contrast=\"none\">a competencia intercultural ser\u00e1 un factor que prom<\/span><span data-contrast=\"none\">over\u00e1 mayor entendimiento entre <\/span><span data-contrast=\"none\">Am\u00e9rica Latina y el Caribe con China.<\/span> <span data-contrast=\"auto\">Por tal raz\u00f3n consider\u00f3 la importancia de <\/span><span data-contrast=\"auto\">profundizar las relaciones interculturales<\/span><span data-contrast=\"auto\">: <\/span><span data-contrast=\"auto\">el mayor conocimiento de<\/span><span data-contrast=\"auto\"> las experiencia<\/span><span data-contrast=\"auto\">s sociales de China y de AL<\/span><span data-contrast=\"auto\">C<\/span> <span data-contrast=\"auto\">es fundamental<\/span><span data-contrast=\"auto\"> para <\/span><span data-contrast=\"auto\">fortalecer <\/span><span data-contrast=\"auto\">los<\/span><span data-contrast=\"auto\"> distintos campos de cooperaci\u00f3n incluyendo<\/span><span data-contrast=\"auto\">,<\/span><span data-contrast=\"auto\"> entre otros<\/span><span data-contrast=\"auto\">,<\/span><span data-contrast=\"auto\"> los relacionados con la salud, el turismo, el intercambio comercial y muy espec\u00edficamente la movilidad de las personas.<\/span> <span data-contrast=\"auto\">En esa tarea las instituciones acad\u00e9micas deber\u00e1n ejercer un papel protag\u00f3nico.<\/span><span data-ccp-props=\"{&quot;201341983&quot;:0,&quot;335559731&quot;:708,&quot;335559739&quot;:160,&quot;335559740&quot;:240}\">\u00a0<\/span><\/p>\n<p><span data-contrast=\"auto\">Li Jing Z<\/span><span data-contrast=\"auto\">hang<\/span><span data-contrast=\"auto\">,<\/span> <span data-contrast=\"auto\">quien fuera<\/span> <span data-contrast=\"auto\">vice<\/span><span data-contrast=\"auto\">canciller de la Rep\u00fablica Popular de China<\/span><span data-contrast=\"auto\">,<\/span><span data-contrast=\"auto\"> se\u00f1al\u00f3 que reforzar el di\u00e1logo y la cooperaci\u00f3n a nivel de la sociedad civil y la participaci\u00f3n de los j\u00f3venes son aspectos fundamentales para la gobernanza global y para favorecer <\/span><span data-contrast=\"auto\">el intercambio pueblo a pueblo.<\/span><span data-ccp-props=\"{&quot;201341983&quot;:0,&quot;335559731&quot;:708,&quot;335559739&quot;:160,&quot;335559740&quot;:240}\">\u00a0<\/span><\/p>\n<p><span data-contrast=\"auto\">E<\/span><span data-contrast=\"auto\">n la sesi\u00f3n<\/span> <span data-contrast=\"auto\">inaugural<\/span><span data-contrast=\"auto\">, e<\/span><span data-contrast=\"auto\">l coordinador de<\/span><span data-contrast=\"auto\">l<\/span> <i><span data-contrast=\"auto\">Cechiver<\/span><\/i><span data-contrast=\"auto\">, An\u00edbal <\/span><span data-contrast=\"auto\">Carlos <\/span><span data-contrast=\"auto\">Zottele<\/span><span data-contrast=\"auto\">,<\/span><span data-contrast=\"auto\"> salud\u00f3 el esfuerzo de la Un<\/span><span data-contrast=\"auto\">iversidad Normal de <\/span><span data-contrast=\"auto\">Jaingsu<\/span><span data-contrast=\"auto\">, instituci\u00f3n que<\/span> <span data-contrast=\"auto\">desde 2019 est\u00e1 vinculada con la U<\/span><span data-contrast=\"auto\">niversidad <\/span><span data-contrast=\"auto\">V<\/span><span data-contrast=\"auto\">eracruzana<\/span><span data-contrast=\"auto\"> mediante la firma de un convenio de parte de las m\u00e1ximas autoridades, y destac\u00f3 la capacidad de convocatoria y la pertinencia de los temas puestos a consideraci\u00f3n<\/span><span data-contrast=\"auto\">.<\/span><span data-ccp-props=\"{&quot;201341983&quot;:0,&quot;335559731&quot;:708,&quot;335559739&quot;:160,&quot;335559740&quot;:240}\">\u00a0<\/span><\/p>\n<p><span data-contrast=\"auto\">S<\/span><span data-contrast=\"auto\">e\u00f1al<\/span><span data-contrast=\"auto\">\u00f3 <\/span><span data-contrast=\"auto\">que las conclusiones del <\/span><span data-contrast=\"auto\">s<\/span><span data-contrast=\"auto\">imposio ser\u00e1n una referencia de utilidad para las dif\u00edciles tareas que se avecinan, con el objetivo de revertir el gran impacto negativo provocado por esta expe<\/span><span data-contrast=\"auto\">riencia in\u00e9dita a nivel global.<\/span><span data-ccp-props=\"{&quot;201341983&quot;:0,&quot;335559731&quot;:708,&quot;335559739&quot;:160,&quot;335559740&quot;:240}\">\u00a0<\/span><\/p>\n<div id=\"attachment_91844\" style=\"width: 732px\" class=\"wp-caption aligncenter\"><a href=\"https:\/\/www.uv.mx\/prensa\/files\/2020\/12\/181220-Simposio-3.jpg\"><img aria-describedby=\"caption-attachment-91844\" decoding=\"async\" loading=\"lazy\" class=\"size-full wp-image-91844\" src=\"https:\/\/www.uv.mx\/prensa\/files\/2020\/12\/181220-Simposio-3.jpg\" alt=\"\" width=\"722\" height=\"481\" srcset=\"https:\/\/www.uv.mx\/prensa\/files\/2020\/12\/181220-Simposio-3.jpg 722w, https:\/\/www.uv.mx\/prensa\/files\/2020\/12\/181220-Simposio-3-300x200.jpg 300w\" sizes=\"(max-width: 722px) 100vw, 722px\" \/><\/a><p id=\"caption-attachment-91844\" class=\"wp-caption-text\">An\u00edbal Carlos Zottele en el acto inaugural<\/p><\/div>\n","protected":false},"excerpt":{"rendered":"<p>El profesor Xu Shicheng, miembro honorario de la Academia de Ciencias Sociales de China, dijo que su pa\u00eds desea profundizar la cooperaci\u00f3n con sus pares de Am\u00e9rica Latina y el Caribe\u00a0<\/p>\n","protected":false},"author":1869,"featured_media":91841,"comment_status":"closed","ping_status":"closed","sticky":false,"template":"","format":"standard","meta":[],"categories":[61],"tags":[],"_links":{"self":[{"href":"https:\/\/www.uv.mx\/prensa\/wp-json\/wp\/v2\/posts\/91840"}],"collection":[{"href":"https:\/\/www.uv.mx\/prensa\/wp-json\/wp\/v2\/posts"}],"about":[{"href":"https:\/\/www.uv.mx\/prensa\/wp-json\/wp\/v2\/types\/post"}],"author":[{"embeddable":true,"href":"https:\/\/www.uv.mx\/prensa\/wp-json\/wp\/v2\/users\/1869"}],"replies":[{"embeddable":true,"href":"https:\/\/www.uv.mx\/prensa\/wp-json\/wp\/v2\/comments?post=91840"}],"version-history":[{"count":1,"href":"https:\/\/www.uv.mx\/prensa\/wp-json\/wp\/v2\/posts\/91840\/revisions"}],"predecessor-version":[{"id":92072,"href":"https:\/\/www.uv.mx\/prensa\/wp-json\/wp\/v2\/posts\/91840\/revisions\/92072"}],"wp:featuredmedia":[{"embeddable":true,"href":"https:\/\/www.uv.mx\/prensa\/wp-json\/wp\/v2\/media\/91841"}],"wp:attachment":[{"href":"https:\/\/www.uv.mx\/prensa\/wp-json\/wp\/v2\/media?parent=91840"}],"wp:term":[{"taxonomy":"category","embeddable":true,"href":"https:\/\/www.uv.mx\/prensa\/wp-json\/wp\/v2\/categories?post=91840"},{"taxonomy":"post_tag","embeddable":true,"href":"https:\/\/www.uv.mx\/prensa\/wp-json\/wp\/v2\/tags?post=91840"}],"curies":[{"name":"wp","href":"https:\/\/api.w.org\/{rel}","templated":true}]}}