{"id":91847,"date":"2020-12-19T08:00:13","date_gmt":"2020-12-19T14:00:13","guid":{"rendered":"https:\/\/www.uv.mx\/prensa\/?p=91847"},"modified":"2021-01-08T11:51:42","modified_gmt":"2021-01-08T17:51:42","slug":"egresados-uv-apoyan-combate-al-sars-cov-2","status":"publish","type":"post","link":"https:\/\/www.uv.mx\/prensa\/ciencia\/egresados-uv-apoyan-combate-al-sars-cov-2\/","title":{"rendered":"Egresados UV apoyan combate al SARS-CoV-2\u00a0"},"content":{"rendered":"<ul>\n<li data-leveltext=\"\uf0b7\" data-font=\"Symbol\" data-listid=\"2\" data-aria-posinset=\"1\" data-aria-level=\"1\"><i><span data-contrast=\"none\">Monserrat Mac\u00edas busc\u00f3 una posici\u00f3n en el Centro Universitario de los Altos en Jalisco, en la Universidad de Guadalajara<\/span><\/i><span data-ccp-props=\"{&quot;134233279&quot;:true}\">\u00a0<\/span><\/li>\n<li data-leveltext=\"\uf0b7\" data-font=\"Symbol\" data-listid=\"2\" data-aria-posinset=\"2\" data-aria-level=\"1\"><i><span data-contrast=\"none\">Rafael Guti\u00e9rrez se sum\u00f3 al equipo m\u00e9dico que se encuentra en la primera l\u00ednea de atenci\u00f3n a pacientes con Covid-19 en el Hospital de Alta Especialidad en Veracruz<\/span><\/i><span data-ccp-props=\"{&quot;134233279&quot;:true}\">\u00a0<\/span><\/li>\n<li data-leveltext=\"\uf0b7\" data-font=\"Symbol\" data-listid=\"2\" data-aria-posinset=\"3\" data-aria-level=\"1\"><i><span data-contrast=\"none\">Mariana Jim\u00e9nez realiza trabajo de laboratorio directamente vinculado con el <\/span><\/i><i><span data-contrast=\"none\">SARS-CoV-2 en el <\/span><\/i><span data-contrast=\"none\">INER<\/span><span data-ccp-props=\"{&quot;134233279&quot;:true,&quot;335551550&quot;:1,&quot;335551620&quot;:1,&quot;335559685&quot;:720,&quot;335559737&quot;:0,&quot;335559740&quot;:259,&quot;335559991&quot;:360}\">\u00a0<\/span><\/li>\n<\/ul>\n<p><span data-ccp-props=\"{}\">\u00a0<\/span><\/p>\n<div id=\"attachment_91848\" style=\"width: 732px\" class=\"wp-caption aligncenter\"><a href=\"https:\/\/www.uv.mx\/prensa\/files\/2020\/12\/191220-EgresadosCice-COVID.jpg\"><img aria-describedby=\"caption-attachment-91848\" decoding=\"async\" loading=\"lazy\" class=\"size-full wp-image-91848\" src=\"https:\/\/www.uv.mx\/prensa\/files\/2020\/12\/191220-EgresadosCice-COVID.jpg\" alt=\"\" width=\"722\" height=\"252\" srcset=\"https:\/\/www.uv.mx\/prensa\/files\/2020\/12\/191220-EgresadosCice-COVID.jpg 722w, https:\/\/www.uv.mx\/prensa\/files\/2020\/12\/191220-EgresadosCice-COVID-300x105.jpg 300w\" sizes=\"(max-width: 722px) 100vw, 722px\" \/><\/a><p id=\"caption-attachment-91848\" class=\"wp-caption-text\">Monserrat Mac\u00edas, Rafael Guti\u00e9rrez y Mariana Jim\u00e9nez trabajan en distintos puntos del pa\u00eds apoyando en la atenci\u00f3n de las necesidades derivadas de la pandemia por SARS-CoV-2<\/p><\/div>\n<p><i><\/i><span data-ccp-props=\"{}\"><br \/>\n<\/span><\/p>\n<p><span data-ccp-props=\"{}\">\u00a0<\/span><\/p>\n<p><b><i><span data-contrast=\"none\">Elizabeth V\u00e1zquez<\/span><\/i><\/b><span data-ccp-props=\"{}\">\u00a0<\/span><\/p>\n<p><b><i><span data-contrast=\"none\">19<\/span><\/i><\/b><b><i><span data-contrast=\"none\">\/12\/2020, Xalapa, <\/span><\/i><\/b><b><i><span data-contrast=\"none\">Ver.-<\/span><\/i><\/b> <span data-contrast=\"none\">La <a href=\"https:\/\/www.uv.mx\/\" target=\"_blank\" rel=\"noopener\">Universidad Veracruzana<\/a><\/span><span data-contrast=\"none\"> (UV)<\/span> <span data-contrast=\"none\">forma en sus aulas a<\/span><span data-contrast=\"none\"> j\u00f3venes profesionales que no vacilan ante el llamado de su vocaci\u00f3n de servicio<\/span><span data-contrast=\"none\">. <\/span><span data-contrast=\"none\">Tr<\/span><span data-contrast=\"none\">es <\/span><span data-contrast=\"none\">de ellos <\/span><span data-contrast=\"none\">egresa<\/span><span data-contrast=\"none\">ron<\/span> <span data-contrast=\"none\">este a\u00f1o <\/span><span data-contrast=\"none\">del Doctorado en Investigaciones Cerebrales <\/span><span data-contrast=\"none\">y<\/span><span data-contrast=\"none\">, sin dudarlo, se han comprometido a ofrecer su fuerza de trabajo y conocimientos para hacer frente a la pandemia <\/span><span data-contrast=\"none\">causada por el <\/span><span data-contrast=\"none\">SARS-CoV-2<\/span><span data-contrast=\"none\">.<\/span><span data-ccp-props=\"{}\">\u00a0<\/span><\/p>\n<p><span data-contrast=\"none\">Monserrat Mac\u00edas Carballo, Rafael Guti\u00e9rrez P\u00e9rez y Mariana Jim\u00e9nez Buend\u00eda<\/span><span data-contrast=\"none\"> decidieron hacer una pausa <\/span><span data-contrast=\"none\">para dar los \u00faltimos pasos que los llevar\u00edan a obtener su grado de <\/span><span data-contrast=\"none\">D<\/span><span data-contrast=\"none\">octor en <\/span><span data-contrast=\"none\">I<\/span><span data-contrast=\"none\">nvestigaci\u00f3n y, en un ejercicio de responsabilidad social, atender la convocatoria que a nivel nacional se hizo a todos los profesionales del \u00e1rea de salud para ocuparse de las diversas necesidades derivadas de la actual contingencia.<\/span><span data-ccp-props=\"{&quot;335559731&quot;:708}\">\u00a0<\/span><\/p>\n<p><span data-ccp-props=\"{}\">\u00a0<\/span><\/p>\n<p><b><span data-contrast=\"none\">Acceder a la educaci\u00f3n para ayudar a los dem\u00e1s<\/span><\/b><span data-ccp-props=\"{}\">\u00a0<\/span><\/p>\n<p><span data-contrast=\"none\">Monserrat<\/span><span data-contrast=\"none\"> Mac\u00edas <\/span><span data-contrast=\"none\">busc\u00f3 una posici\u00f3n en e<\/span><span data-contrast=\"none\">l Centro Universitario de los Altos en Jalisco<\/span><span data-contrast=\"none\">,<\/span> <span data-contrast=\"none\">en<\/span><span data-contrast=\"none\"> la Universidad de Guadalajara<\/span><span data-contrast=\"none\">, cuyo laboratorio ha sido designado como centro de diagn\u00f3stico <\/span><span data-contrast=\"none\">Covid<\/span><span data-contrast=\"none\">-19 para la regi\u00f3n y en donde se realizan diariamente <\/span><span data-contrast=\"none\">numerosas<\/span><span data-contrast=\"none\"> pruebas con este fin. Una actividad que tambi\u00e9n comparte con tareas de docencia e investigaci\u00f3n.<\/span><span data-ccp-props=\"{}\">\u00a0<\/span><\/p>\n<p><span data-contrast=\"none\">Respecto a lo que la impuls\u00f3 a sumarse a esta labor, mencion\u00f3 que el hecho de haber <\/span><span data-contrast=\"none\">recibido toda <\/span><span data-contrast=\"none\">su<\/span><span data-contrast=\"none\"> formaci\u00f3n profesional <\/span><span data-contrast=\"none\">en <\/span><span data-contrast=\"none\">una instituci\u00f3n p\u00fablica<\/span> <span data-contrast=\"none\">le permiti\u00f3<\/span> <span data-contrast=\"none\">\u201c<\/span><span data-contrast=\"none\">reconocer <\/span><span data-contrast=\"none\">que el verdadero sentido de <\/span><span data-contrast=\"none\">hacer una carrera acad\u00e9mica<\/span> <span data-contrast=\"none\">es<\/span><span data-contrast=\"none\">t\u00e1 en<\/span> <span data-contrast=\"none\">contar con<\/span> <span data-contrast=\"none\">el conocimiento, la actitud y las<\/span><span data-contrast=\"none\"> capacidad<\/span><span data-contrast=\"none\">es<\/span><span data-contrast=\"none\"> para responder <\/span><span data-contrast=\"none\">de la manera m\u00e1s eficiente <\/span><span data-contrast=\"none\">cuando se nos necesita<\/span><span data-contrast=\"none\">\u201d<\/span><span data-contrast=\"none\">.<\/span><span data-ccp-props=\"{}\">\u00a0<\/span><\/p>\n<p><span data-ccp-props=\"{}\">\u00a0<\/span><\/p>\n<p><b><span data-contrast=\"none\">Participando en la primera l\u00ednea de atenci\u00f3n a pacientes con <\/span><\/b><b><span data-contrast=\"none\">Covid<\/span><\/b><b><span data-contrast=\"none\">-19<\/span><\/b><span data-ccp-props=\"{}\">\u00a0<\/span><\/p>\n<p><span data-contrast=\"none\">Por su parte, <\/span><span data-contrast=\"none\">Rafael Guti\u00e9rrez se sum<\/span><span data-contrast=\"none\">\u00f3 <\/span><span data-contrast=\"none\">al equipo <\/span><span data-contrast=\"none\">m\u00e9dico que se encuentra en la primera l\u00ednea de atenci\u00f3n a pacientes con <\/span><span data-contrast=\"none\">Covid<\/span><span data-contrast=\"none\">-19 en el Hospital de Alta Especialidad en Veracruz<\/span><span data-contrast=\"none\">, el m\u00e1s grande del sector p\u00fablico en el estado.<\/span><span data-ccp-props=\"{}\">\u00a0<\/span><\/p>\n<p><span data-contrast=\"none\">Sobre <\/span><span data-contrast=\"none\">su decisi\u00f3n de asumir el riesgo y las responsabilidades que una circunstancia como la actual demandan<\/span><span data-contrast=\"none\">,<\/span><span data-contrast=\"none\"> dijo que<\/span> <span data-contrast=\"none\">su <\/span><span data-contrast=\"none\">perfil como<\/span><span data-contrast=\"none\"> m\u00e9dico<\/span><span data-contrast=\"none\"> siempre le inclinar\u00e1 <\/span><span data-contrast=\"none\">a participar en toda acci\u00f3n dirigida a<\/span><span data-contrast=\"none\"> la preservaci\u00f3n de la salud desde <\/span><span data-contrast=\"none\">c<\/span><span data-contrast=\"none\">u<\/span><span data-contrast=\"none\">alquier<\/span><span data-contrast=\"none\"> frente posible.<\/span><span data-ccp-props=\"{&quot;335559731&quot;:708}\">\u00a0<\/span><\/p>\n<p><span data-contrast=\"none\">Fue <\/span><span data-contrast=\"none\">ese mismo objetivo<\/span><span data-contrast=\"none\"> el que le llev\u00f3 a <\/span><span data-contrast=\"none\">estudiar un posgrado en ciencia b\u00e1sica en el Centro de Investigaciones Cerebrales (<\/span><span data-contrast=\"none\">actualmente<\/span> <span data-contrast=\"none\">transformado en <\/span><span data-contrast=\"none\">i<\/span><span data-contrast=\"none\">nstituto) y el <\/span><span data-contrast=\"none\">que le<\/span><span data-contrast=\"none\"> impuls<\/span><span data-contrast=\"none\">a<\/span><span data-contrast=\"none\"> a colocar<\/span><span data-contrast=\"none\">s<\/span><span data-contrast=\"none\">e <\/span><span data-contrast=\"none\">ahora <\/span><span data-contrast=\"none\">en el lugar <\/span><span data-contrast=\"none\">de<\/span> <span data-contrast=\"none\">los hechos<\/span><span data-contrast=\"none\"> \u201cno s\u00f3<\/span><span data-contrast=\"none\">lo para contribuir a subsanar algunas de las necesidades inmediatas, sino para estar en el contexto en el que se generan las preguntas que dan origen a problemas de investigaci\u00f3n\u201d, <\/span><span data-contrast=\"none\">afirm\u00f3.<\/span><span data-ccp-props=\"{&quot;335559731&quot;:708}\">\u00a0<\/span><\/p>\n<p><span data-ccp-props=\"{}\">\u00a0<\/span><\/p>\n<p><b><span data-contrast=\"none\">Trabajo de investigaci\u00f3n en el INER<\/span><\/b><span data-ccp-props=\"{}\">\u00a0<\/span><\/p>\n<p><span data-contrast=\"none\">Desde el Departamento de <\/span><span data-contrast=\"none\">M<\/span><span data-contrast=\"none\">icrobiolog\u00eda y <\/span><span data-contrast=\"none\">E<\/span><span data-contrast=\"none\">pidemiolog\u00eda del Instituto Nacional de Enfermedades Respiratorias <\/span><span data-contrast=\"none\">(INER) <\/span><span data-contrast=\"none\">de la Ciudad de M\u00e9xico,<\/span><span data-contrast=\"none\"> uno de los centros de salud de mayor prestigio del pa\u00eds,<\/span><span data-contrast=\"none\"> Mariana Jim\u00e9nez <\/span><span data-contrast=\"none\">realiza <\/span><span data-contrast=\"none\">trabajo de laboratorio<\/span><span data-contrast=\"none\"> directamente vinculado con el <\/span><span data-contrast=\"none\">SARS-CoV-2<\/span><span data-contrast=\"none\">, lo que le ha permitido <\/span><span data-contrast=\"none\">no s\u00f3<\/span><span data-contrast=\"none\">lo atender <\/span><span data-contrast=\"none\">labores<\/span> <span data-contrast=\"none\">urgentes<\/span><span data-contrast=\"none\"> derivadas de la atenci\u00f3n a pacientes <\/span><span data-contrast=\"none\">con<\/span> <span data-contrast=\"none\">Covid<\/span><span data-contrast=\"none\">-19<\/span><span data-contrast=\"none\">, sino <\/span><span data-contrast=\"none\">proponer dos protocolos de investigaci\u00f3n que ya est\u00e1n en curso.<\/span><span data-ccp-props=\"{}\">\u00a0<\/span><\/p>\n<p><span data-contrast=\"none\">\u201cHan sido largas jornadas con el estr\u00e9s propio de un hospital<\/span><span data-contrast=\"none\"> de este nivel<\/span><span data-contrast=\"none\">, pero he aprendido mucho<\/span><span data-contrast=\"none\">; desde <\/span><span data-contrast=\"none\">cosas t\u00e9cnicas como la<\/span><span data-contrast=\"none\"> evoluci<\/span><span data-contrast=\"none\">\u00f3n de<\/span><span data-contrast=\"none\"> la enfermedad debido a los cambios en el virus, <\/span><span data-contrast=\"none\">hasta <\/span><span data-contrast=\"none\">valores imprescindibles como el<\/span><span data-contrast=\"none\"> trabajo en equipo<\/span><span data-contrast=\"none\">. Gracias a mis compa\u00f1eros m\u00e9dicos y al jefe del laboratorio he logrado entender y avanzar en muchos temas, pero definitivamente la<\/span><span data-contrast=\"none\">s<\/span><span data-contrast=\"none\"> base<\/span><span data-contrast=\"none\">s<\/span> <span data-contrast=\"none\">para mi desempe\u00f1o <\/span><span data-contrast=\"none\">la<\/span><span data-contrast=\"none\">s<\/span><span data-contrast=\"none\"> obtuve <\/span><span data-contrast=\"none\">en el<\/span><span data-contrast=\"none\"> doctorado\u201d<\/span><span data-contrast=\"none\">, se\u00f1al\u00f3 la investigadora<\/span><span data-contrast=\"none\">.<\/span><span data-ccp-props=\"{&quot;335559731&quot;:708}\">\u00a0<\/span><\/p>\n<p><span data-contrast=\"none\">Su <\/span><span data-contrast=\"none\">labor<\/span><span data-contrast=\"none\"> le ha valido ser incluida en <\/span><span data-contrast=\"none\">\u201cEl muro de agradecimiento\u201d, <\/span><span data-contrast=\"none\">recientemente develado en el INER como un gesto de agradecimi<\/span><span data-contrast=\"none\">e<\/span><span data-contrast=\"none\">nto a todos aquellos que se encuentran <\/span><span data-contrast=\"none\">trabajando en ese espacio para atender a los afectados por <\/span><span data-contrast=\"none\">Covid<\/span><span data-contrast=\"none\">-19.<\/span><span data-ccp-props=\"{&quot;335559731&quot;:708}\">\u00a0<\/span><\/p>\n","protected":false},"excerpt":{"rendered":"<p>Doctorantes en investigaciones cerebrales hacen labor m\u00e9dica en distintos puntos del pa\u00eds\u00a0<\/p>\n","protected":false},"author":1869,"featured_media":91849,"comment_status":"closed","ping_status":"closed","sticky":false,"template":"","format":"standard","meta":[],"categories":[45,61],"tags":[],"_links":{"self":[{"href":"https:\/\/www.uv.mx\/prensa\/wp-json\/wp\/v2\/posts\/91847"}],"collection":[{"href":"https:\/\/www.uv.mx\/prensa\/wp-json\/wp\/v2\/posts"}],"about":[{"href":"https:\/\/www.uv.mx\/prensa\/wp-json\/wp\/v2\/types\/post"}],"author":[{"embeddable":true,"href":"https:\/\/www.uv.mx\/prensa\/wp-json\/wp\/v2\/users\/1869"}],"replies":[{"embeddable":true,"href":"https:\/\/www.uv.mx\/prensa\/wp-json\/wp\/v2\/comments?post=91847"}],"version-history":[{"count":1,"href":"https:\/\/www.uv.mx\/prensa\/wp-json\/wp\/v2\/posts\/91847\/revisions"}],"predecessor-version":[{"id":92083,"href":"https:\/\/www.uv.mx\/prensa\/wp-json\/wp\/v2\/posts\/91847\/revisions\/92083"}],"wp:featuredmedia":[{"embeddable":true,"href":"https:\/\/www.uv.mx\/prensa\/wp-json\/wp\/v2\/media\/91849"}],"wp:attachment":[{"href":"https:\/\/www.uv.mx\/prensa\/wp-json\/wp\/v2\/media?parent=91847"}],"wp:term":[{"taxonomy":"category","embeddable":true,"href":"https:\/\/www.uv.mx\/prensa\/wp-json\/wp\/v2\/categories?post=91847"},{"taxonomy":"post_tag","embeddable":true,"href":"https:\/\/www.uv.mx\/prensa\/wp-json\/wp\/v2\/tags?post=91847"}],"curies":[{"name":"wp","href":"https:\/\/api.w.org\/{rel}","templated":true}]}}