{"id":91855,"date":"2020-12-20T08:00:21","date_gmt":"2020-12-20T14:00:21","guid":{"rendered":"https:\/\/www.uv.mx\/prensa\/?p=91855"},"modified":"2020-12-17T17:28:44","modified_gmt":"2020-12-17T23:28:44","slug":"el-derecho-nos-involucra-a-todos-arnaldo-platas-martinez","status":"publish","type":"post","link":"https:\/\/www.uv.mx\/prensa\/general\/el-derecho-nos-involucra-a-todos-arnaldo-platas-martinez\/","title":{"rendered":"El Derecho nos involucra a todos: Arnaldo Platas Mart\u00ednez"},"content":{"rendered":"<style type=\"text\/css\">\n  blockquote p { color: #28519b; font-family: helvetica; font-size: 1.4em; }<br \/><\/style>\n<ul>\n<li data-leveltext=\"\uf0b7\" data-font=\"Symbol\" data-listid=\"7\" data-aria-posinset=\"1\" data-aria-level=\"1\"><i><span data-contrast=\"auto\">El especialista en Filosof\u00eda del Derecho particip\u00f3 el martes 15 de diciembre en el Coloquio \u201c100 a\u00f1os de la Facultad de Derecho\u201d<\/span><\/i><span data-ccp-props=\"{&quot;201341983&quot;:0,&quot;335559739&quot;:0,&quot;335559740&quot;:240}\">\u00a0<\/span><\/li>\n<\/ul>\n<p><span data-ccp-props=\"{&quot;201341983&quot;:0,&quot;335559739&quot;:0,&quot;335559740&quot;:240}\">\u00a0<\/span><\/p>\n<div id=\"attachment_91882\" style=\"width: 732px\" class=\"wp-caption aligncenter\"><a href=\"https:\/\/www.uv.mx\/prensa\/files\/2020\/12\/201220-Facultad-de-Derecho-100k.jpg\"><img aria-describedby=\"caption-attachment-91882\" decoding=\"async\" loading=\"lazy\" class=\"size-full wp-image-91882\" src=\"https:\/\/www.uv.mx\/prensa\/files\/2020\/12\/201220-Facultad-de-Derecho-100k.jpg\" alt=\"Arnaldo Platas Mart\u00ednez, investigador del Instituto de Investigaciones Jur\u00eddicas \" width=\"722\" height=\"436\" srcset=\"https:\/\/www.uv.mx\/prensa\/files\/2020\/12\/201220-Facultad-de-Derecho-100k.jpg 722w, https:\/\/www.uv.mx\/prensa\/files\/2020\/12\/201220-Facultad-de-Derecho-100k-300x181.jpg 300w\" sizes=\"(max-width: 722px) 100vw, 722px\" \/><\/a><p id=\"caption-attachment-91882\" class=\"wp-caption-text\">Arnaldo Platas Mart\u00ednez, investigador del Instituto de Investigaciones Jur\u00eddicas<\/p><\/div>\n<p>&nbsp;<\/p>\n<blockquote><p><span data-contrast=\"none\">Platas Mart\u00ednez subray\u00f3 que en todas las ocasiones la ley no es suficiente, por lo que es necesaria la articulaci\u00f3n de seres humanos en funci\u00f3n de las instituciones jur\u00eddicas, lo que hizo vital el nacimiento de la Escuela de Derecho<\/span><span data-ccp-props=\"{&quot;201341983&quot;:0,&quot;335559739&quot;:0,&quot;335559740&quot;:240}\">\u00a0<\/span><\/p><\/blockquote>\n<p><span data-ccp-props=\"{&quot;201341983&quot;:0,&quot;335559739&quot;:0,&quot;335559740&quot;:240}\">\u00a0<\/span><\/p>\n<p><b><i><span data-contrast=\"auto\">Jos\u00e9 Luis\u00a0<\/span><\/i><\/b><b><i><span data-contrast=\"auto\">Couttolenc<\/span><\/i><\/b><b><i><span data-contrast=\"auto\">\u00a0Soto<\/span><\/i><\/b><span data-ccp-props=\"{&quot;201341983&quot;:0,&quot;335559739&quot;:0,&quot;335559740&quot;:240}\">\u00a0<\/span><\/p>\n<p><b><i><span data-contrast=\"auto\">20<\/span><\/i><\/b><b><i><span data-contrast=\"auto\">\/<\/span><\/i><\/b><b><i><span data-contrast=\"auto\">1<\/span><\/i><\/b><b><i><span data-contrast=\"auto\">2<\/span><\/i><\/b><b><i><span data-contrast=\"auto\">\/2020, Xalapa,\u00a0Ver.-<\/span><\/i><\/b><span data-contrast=\"auto\">\u00a0Arnaldo Platas Mart\u00ednez,\u00a0<\/span><span data-contrast=\"auto\">de<\/span><span data-contrast=\"auto\">l Instituto de Investigaciones Jur\u00eddicas (IIJ) de la Universidad Veracruzana (UV),\u00a0<\/span><span data-contrast=\"auto\">consider\u00f3<\/span><span data-contrast=\"auto\">\u00a0que posicionar a la Facultad de Derecho como un elemento central dentro de la sociedad veracruzana\u00a0<\/span><span data-contrast=\"auto\">no es producto de\u00a0<\/span><span data-contrast=\"auto\">la<\/span><span data-contrast=\"auto\">\u00a0<\/span><span data-contrast=\"auto\">subjetividad<\/span><span data-contrast=\"auto\">,\u00a0<\/span><span data-contrast=\"auto\">pues se trata de<\/span><span data-contrast=\"auto\">\u00a0una instituci\u00f3n que hizo pensar en funci\u00f3n de las normas jur\u00eddicas dialogadas y aplicadas por sus egresados.<\/span><span data-ccp-props=\"{&quot;201341983&quot;:0,&quot;335559739&quot;:0,&quot;335559740&quot;:240}\">\u00a0<\/span><\/p>\n<p><span data-contrast=\"auto\">El especialista en Filosof\u00eda del Derecho particip\u00f3<\/span><span data-contrast=\"auto\">\u00a0el martes 15 de diciembre<\/span><span data-contrast=\"auto\">\u00a0en el Coloquio \u201c100 a\u00f1os de la Facultad de Derecho\u201d<\/span><span data-contrast=\"auto\">\u00a0<\/span><span data-contrast=\"auto\">y<\/span><span data-contrast=\"auto\">\u00a0habl\u00f3 de la historia de\u00a0<\/span><span data-contrast=\"auto\">esa entidad acad\u00e9mica<\/span><span data-contrast=\"auto\">\u00a0en funci\u00f3n de c\u00f3mo concebir lo jur\u00eddico en un mundo que ha cambiado de 1920 a la fecha, y ofrecer a la vez \u201cuna aproximaci\u00f3n a la historia de la mentalidad jur\u00eddica desarrollada desde ese\u00a0<\/span><span data-contrast=\"auto\">momento hasta los \u00faltimos d\u00edas\u201d.<\/span><span data-ccp-props=\"{&quot;201341983&quot;:0,&quot;335559739&quot;:0,&quot;335559740&quot;:240}\">\u00a0<\/span><\/p>\n<p><span data-contrast=\"auto\">P<\/span><span data-contrast=\"auto\">recis<\/span><span data-contrast=\"auto\">\u00f3\u00a0<\/span><span data-contrast=\"auto\">que no se trataba de una revisi\u00f3n exhaustiva,\u00a0<\/span><span data-contrast=\"auto\">sino \u00fanicamente\u00a0<\/span><span data-contrast=\"auto\">de\u00a0<\/span><span data-contrast=\"auto\">aproximaciones.<\/span><span data-contrast=\"auto\">\u00a0<\/span><span data-contrast=\"auto\">Indic\u00f3 que si bien es cierto que los datos son importantes, tambi\u00e9n es significativo el planteamiento que deben hacer los propios actores que pululan en los diferentes espacios de lo jur\u00eddico, puesto que \u201ctodo es derecho y\u00a0<\/span><span data-contrast=\"auto\">de una u otra forma<\/span><span data-contrast=\"auto\">\u00a0<\/span><span data-contrast=\"auto\">todos estamos vinculados a<\/span><span data-contrast=\"auto\">\u00a0\u00e9<\/span><span data-contrast=\"auto\">l, y en ocasiones la negaci\u00f3n es otra forma de adhesi\u00f3n al\u00a0<\/span><span data-contrast=\"auto\">d<\/span><span data-contrast=\"auto\">erecho\u201d.<\/span><span data-ccp-props=\"{&quot;201341983&quot;:0,&quot;335559739&quot;:0,&quot;335559740&quot;:240}\">\u00a0<\/span><\/p>\n<p><span data-contrast=\"auto\">O<\/span><span data-contrast=\"auto\">pin\u00f3\u00a0<\/span><span data-contrast=\"auto\">que\u00a0<\/span><span data-contrast=\"auto\">1920 marc\u00f3 el inicio de una etapa diferente en la relaci\u00f3n entre la Escuela de Derecho y la sociedad veracruzana<\/span><span data-contrast=\"auto\">; si bien<\/span><span data-contrast=\"auto\">\u00a0la Escuela de Leyes data del siglo XIX<\/span><span data-contrast=\"auto\">,<\/span><span data-contrast=\"auto\">\u00a0<\/span><span data-contrast=\"auto\">l<\/span><span data-contrast=\"auto\">o<\/span><span data-contrast=\"auto\">\u00a0cierto es que a partir de ese a\u00f1o se establec<\/span><span data-contrast=\"auto\">i\u00f3<\/span><span data-contrast=\"auto\">\u00a0una relaci\u00f3n s\u00f3lida en el entorno social de la instituci\u00f3n.<\/span><span data-ccp-props=\"{&quot;201341983&quot;:0,&quot;335559739&quot;:0,&quot;335559740&quot;:240}\">\u00a0<\/span><\/p>\n<p><span data-contrast=\"auto\">Dijo que ese momento tuvo diversas vertientes como la forma de entender el derecho desde una doble perspectiva: como una experiencia funcional, racional y acad\u00e9mica<\/span><span data-contrast=\"auto\">, y<\/span><span data-contrast=\"auto\">\u00a0como la idea de que el derecho es un transformador de la din\u00e1mica social<\/span><span data-contrast=\"auto\">.<\/span><span data-ccp-props=\"{&quot;201341983&quot;:0,&quot;335559739&quot;:0,&quot;335559740&quot;:240}\">\u00a0<\/span><\/p>\n<p><span data-contrast=\"auto\">Refiri\u00f3 que\u00a0<\/span><span data-contrast=\"none\">e<\/span><span data-contrast=\"none\">l viejo r\u00e9gimen sepultado por las constituciones de 1917, tanto la federal como la veracruzana, hizo de la ley una\u00a0<\/span><span data-contrast=\"none\">referencia lejana y apartada de la voluntad general<\/span><span data-contrast=\"none\">, que\u00a0<\/span><span data-contrast=\"none\">se enquist\u00f3 en la idea de la ley como un referente lejano y aplicado en funci\u00f3n de los intereses de clase<\/span><span data-contrast=\"none\">, que con<\/span><span data-contrast=\"none\">\u00a0<\/span><span data-contrast=\"none\">l<\/span><span data-contrast=\"none\">a revoluci\u00f3n iniciada en 1910 reconstruy\u00f3 tanto el tejido social como la mentalidad en\u00a0<\/span><span data-contrast=\"none\">torno<\/span><span data-contrast=\"none\">\u00a0de la ley.<\/span><span data-ccp-props=\"{&quot;201341983&quot;:0,&quot;335559739&quot;:0,&quot;335559740&quot;:240}\">\u00a0<\/span><\/p>\n<p><span data-contrast=\"none\">No obstante,\u00a0<\/span><span data-contrast=\"none\">Platas Mart\u00ednez subray\u00f3 que en todas las ocasiones la ley no es suficiente, por lo que es necesaria la articulaci\u00f3n de seres humanos en funci\u00f3n de las instituciones jur\u00eddicas, lo que hizo vital el nacimiento de la\u00a0<\/span><span data-contrast=\"none\">E<\/span><span data-contrast=\"none\">scuela de\u00a0<\/span><span data-contrast=\"none\">D<\/span><span data-contrast=\"none\">erecho.<\/span><span data-ccp-props=\"{&quot;201341983&quot;:0,&quot;335559739&quot;:0,&quot;335559740&quot;:240}\">\u00a0<\/span><\/p>\n<p><span data-contrast=\"none\">Dijo que h<\/span><span data-contrast=\"none\">acer\u00a0<\/span><span data-contrast=\"none\">una hi<\/span><span data-contrast=\"none\">storia de la F<\/span><span data-contrast=\"none\">acultad de\u00a0<\/span><span data-contrast=\"none\">D<\/span><span data-contrast=\"none\">erecho con datos enlazados entre s\u00ed a la vieja usanza del positivismo hist\u00f3rico<\/span><span data-contrast=\"none\">,<\/span><span data-contrast=\"none\">\u00a0poco deja<\/span><span data-contrast=\"none\">\u00a0en el inconsciente colectivo de la sociedad veracruzana<\/span><span data-contrast=\"none\">, pero<\/span><span data-contrast=\"none\">\u00a0<\/span><span data-contrast=\"none\">l<\/span><span data-contrast=\"none\">a<\/span><span data-contrast=\"none\">\u00a0<\/span><span data-contrast=\"none\">s<\/span><span data-contrast=\"none\">uma de datos, cifras<\/span><span data-contrast=\"none\">\u00a0y<\/span><span data-contrast=\"none\">\u00a0an\u00e9cdotas<\/span><span data-contrast=\"none\">\u00a0son<\/span><span data-contrast=\"none\">\u00a0elementos importantes para hacer una historia de una instituci\u00f3n centenaria,\u00a0<\/span><span data-contrast=\"none\">s\u00f3lo<\/span><span data-contrast=\"none\">\u00a0es necesario vincularlos directamente a la manera de pensar y de<\/span><span data-contrast=\"none\">\u00a0<\/span><span data-contrast=\"none\">plantear a sus egresados<\/span><span data-contrast=\"none\">,<\/span><span data-contrast=\"none\">\u00a0particularmente la forma de entender al derecho en diferentes momentos de esas generaciones.<\/span><span data-ccp-props=\"{&quot;201341983&quot;:0,&quot;335559739&quot;:0,&quot;335559740&quot;:240}\">\u00a0<\/span><\/p>\n","protected":false},"excerpt":{"rendered":"<p>\u201cPosicionar a la Facultad de Derecho como un elemento central dentro de la sociedad veracruzana no es producto de la subjetividad\u201d, consider\u00f3 el investigador <\/p>\n","protected":false},"author":1775,"featured_media":91882,"comment_status":"closed","ping_status":"closed","sticky":false,"template":"","format":"standard","meta":[],"categories":[1],"tags":[1048,1115,1047,524,1117,593,592,807,1116],"_links":{"self":[{"href":"https:\/\/www.uv.mx\/prensa\/wp-json\/wp\/v2\/posts\/91855"}],"collection":[{"href":"https:\/\/www.uv.mx\/prensa\/wp-json\/wp\/v2\/posts"}],"about":[{"href":"https:\/\/www.uv.mx\/prensa\/wp-json\/wp\/v2\/types\/post"}],"author":[{"embeddable":true,"href":"https:\/\/www.uv.mx\/prensa\/wp-json\/wp\/v2\/users\/1775"}],"replies":[{"embeddable":true,"href":"https:\/\/www.uv.mx\/prensa\/wp-json\/wp\/v2\/comments?post=91855"}],"version-history":[{"count":1,"href":"https:\/\/www.uv.mx\/prensa\/wp-json\/wp\/v2\/posts\/91855\/revisions"}],"predecessor-version":[{"id":91887,"href":"https:\/\/www.uv.mx\/prensa\/wp-json\/wp\/v2\/posts\/91855\/revisions\/91887"}],"wp:featuredmedia":[{"embeddable":true,"href":"https:\/\/www.uv.mx\/prensa\/wp-json\/wp\/v2\/media\/91882"}],"wp:attachment":[{"href":"https:\/\/www.uv.mx\/prensa\/wp-json\/wp\/v2\/media?parent=91855"}],"wp:term":[{"taxonomy":"category","embeddable":true,"href":"https:\/\/www.uv.mx\/prensa\/wp-json\/wp\/v2\/categories?post=91855"},{"taxonomy":"post_tag","embeddable":true,"href":"https:\/\/www.uv.mx\/prensa\/wp-json\/wp\/v2\/tags?post=91855"}],"curies":[{"name":"wp","href":"https:\/\/api.w.org\/{rel}","templated":true}]}}